{"id":49936,"date":"2019-04-22T20:00:41","date_gmt":"2019-04-22T20:00:41","guid":{"rendered":"https:\/\/copealcoi.es\/?p=49936"},"modified":"2019-04-22T20:00:41","modified_gmt":"2019-04-22T20:00:41","slug":"la-mare-de-deu-recorre-el-casco-antiguo-de-cocentaina-en-la-solemne-procesion","status":"publish","type":"post","link":"https:\/\/www.copealcoy.es\/es\/la-mare-de-deu-recorre-el-casco-antiguo-de-cocentaina-en-la-solemne-procesion\/","title":{"rendered":"La Mare de D\u00e9u recorre el casco antiguo de Cocentaina en la Solemne Procesi\u00f3n"},"content":{"rendered":"<p style=\"text-align: justify;\">La climatolog\u00eda <strong>ha dado una tregua esta tarde<\/strong> a Cocentaina y se ha podido desarrollar con normalidad<strong> la Solemne Procesi\u00f3n<\/strong> de la Mare de D\u00e9u del Miracle en el <strong>d\u00eda grande<\/strong> de las fiestas de la patrona contestana.<\/p>\n<p style=\"text-align: justify;\">El acto ha dado comienzo a las s<strong>iete de la tarde<\/strong> desde<strong> la iglesia de Santa Mar\u00eda<\/strong> y en el mismo han participado de nuevo <strong>centenares de vecinos de la localidad<\/strong> ataviados con los trajes t\u00edpicos de maseros y contestana. En esta ocasi\u00f3n, y a diferencia del traslado matinal, <strong>los ramos de flores han sido sustituidos por cirios<\/strong>; un hecho que ha aportado m\u00e1s solemnidad si cabe a este <strong>nuevo recorrido de la Mareta<\/strong> por las calles de la Villa Condal. El desfile procesional ha incluido tambi\u00e9n <strong>la presencia de los Mayordomos y las Camareras<\/strong> as\u00ed como <strong>los Condes y Moss\u00e9n del 2019<\/strong>, el matrimonio que ha recibido el <strong>Homenaje a los Mayores<\/strong>, el <strong>Pregonero<\/strong>, la autora del<strong> cartel<\/strong> y el <strong>suplicante<\/strong>.<\/p>\n<p style=\"text-align: justify;\">La Mare de D\u00e9u del Miracle, portada ya en su trono andas, ha ocupado <strong>una posici\u00f3n central en la Procesi\u00f3n<\/strong> a los sones de las marchas interpretadas por el <strong>Ateneu Musical<\/strong>. La patrona de Cocentaina ha recibido, una vez m\u00e1s, <strong>aplausos y v\u00edtores<\/strong> al mismo tiempo que han sido muchos los que<strong> se han emocionado<\/strong> al tenerla de nuevo delante. La Junta de la P\u00eda Uni\u00f3n, presidida por <strong>Reis Pascual y Cristian Barrachina<\/strong>, as\u00ed como la Corporaci\u00f3n Municipal,\u00a0<strong>encabezada por la alcaldesa Mireia Estepa<\/strong>; han cerrado la comitiva en la que tambi\u00e9n han tomado parte <strong>la Uni\u00f3n Musical Contestana y la Colla Mal Passet<\/strong>.<\/p>\n<p style=\"text-align: justify;\">Pasadas las nueve de la noche <strong>ha llegado la Mare de D\u00e9u del Miracle a la iglesia de Santa Mar\u00eda<\/strong> donde ha sido recibida con el<strong> volteo de las campanas<\/strong> y el<strong> disparo de una traca<\/strong>. En el interior del templo Monse\u00f1or <strong>Juan Antonio Reig Pla<\/strong>, Obispo de Alcal\u00e1 de Henares y natural de Cocentaina, ha pronunciado<strong> una oraci\u00f3n<\/strong> para culminar la procesi\u00f3n.<\/p>\n<p style=\"text-align: justify;\">El D\u00eda de la Mare de D\u00e9u del Miracle <strong>finalizar\u00e1 con la Misa de la Juventud<\/strong>, a las 23:00h, y tras esta <strong>ser\u00e1 expuesto el Sant\u00edsimo Sacramento<\/strong> junto a la Mareta con <strong>turnos de vela en la parroquia<\/strong> durante toda la noche y madrugada.<\/p>\n<p style=\"text-align: justify;\"><strong>Los actos siguen este martes 23 de abril<\/strong><\/p>\n<p style=\"text-align: justify;\">La programaci\u00f3n de las Fiestas Patronales sigue este martes con <strong>la Misa de la Hermandad Sacerdotal<\/strong> a las once de la ma\u00f1ana mientras que a las 17:00h ser\u00e1 el turno de <strong>la Eucarist\u00eda de Enfermos e Impedidos<\/strong>. A todos ellos <strong>se les dar\u00e1 a besar el icono de la Virgen del Milagro<\/strong> al finalizar el acto. Posteriormente, a las 19:30h, se oficiar\u00e1 el Triduo predicado por <strong>Don Ernesto Brot\u00f3ns Tena<\/strong> y la jornada acabar\u00e1 con <strong>la Elecci\u00f3n de las Camareras y los Mayordomos del 2020<\/strong>.<\/p>\n","protected":false},"excerpt":{"rendered":"<p>La climatolog\u00eda ha dado una tregua esta tarde a Cocentaina y se ha podido desarrollar con normalidad la Solemne Procesi\u00f3n&#8230;<\/p>\n","protected":false},"author":1,"featured_media":49938,"comment_status":"open","ping_status":"open","sticky":false,"template":"","format":"standard","meta":{"footnotes":""},"categories":[98,75],"tags":[5455,132,1397,8569,8570],"class_list":["post-49936","post","type-post","status-publish","format-standard","has-post-thumbnail","hentry","category-comarcas","category-noticias","tag-casco-antiguo","tag-cocentaina","tag-mare-de-deu","tag-recorre","tag-solemne-procesion"],"yoast_head":"<!-- This site is optimized with the Yoast SEO plugin v27.3 - https:\/\/yoast.com\/product\/yoast-seo-wordpress\/ -->\n<title>La Mare de D\u00e9u recorre el casco antiguo de Cocentaina en la Solemne Procesi\u00f3n - COPE Alcoy<\/title>\n<meta name=\"robots\" content=\"index, follow, max-snippet:-1, max-image-preview:large, max-video-preview:-1\" \/>\n<link rel=\"canonical\" href=\"https:\/\/www.copealcoy.es\/es\/la-mare-de-deu-recorre-el-casco-antiguo-de-cocentaina-en-la-solemne-procesion\/\" \/>\n<meta property=\"og:locale\" content=\"es_ES\" \/>\n<meta property=\"og:type\" content=\"article\" \/>\n<meta property=\"og:title\" content=\"La Mare de D\u00e9u recorre el casco antiguo de Cocentaina en la Solemne Procesi\u00f3n - COPE Alcoy\" \/>\n<meta property=\"og:description\" content=\"La climatolog\u00eda ha dado una tregua esta tarde a Cocentaina y se ha podido desarrollar con normalidad la Solemne Procesi\u00f3n...\" \/>\n<meta property=\"og:url\" content=\"https:\/\/www.copealcoy.es\/es\/la-mare-de-deu-recorre-el-casco-antiguo-de-cocentaina-en-la-solemne-procesion\/\" \/>\n<meta property=\"og:site_name\" content=\"COPE Alcoy\" \/>\n<meta property=\"article:published_time\" content=\"2019-04-22T20:00:41+00:00\" \/>\n<meta property=\"og:image\" content=\"https:\/\/www.copealcoy.es\/wp-content\/uploads\/2019\/04\/IMG_7141-e1555963358313-1-scaled.jpg\" \/>\n\t<meta property=\"og:image:width\" content=\"2560\" \/>\n\t<meta property=\"og:image:height\" content=\"1476\" \/>\n\t<meta property=\"og:image:type\" content=\"image\/jpeg\" \/>\n<meta name=\"author\" content=\"Cope Alcoy\" \/>\n<meta name=\"twitter:label1\" content=\"Escrito por\" \/>\n\t<meta name=\"twitter:data1\" content=\"Cope Alcoy\" \/>\n\t<meta name=\"twitter:label2\" content=\"Tiempo de lectura\" \/>\n\t<meta name=\"twitter:data2\" content=\"2 minutos\" \/>\n<script type=\"application\/ld+json\" class=\"yoast-schema-graph\">{\"@context\":\"https:\\\/\\\/schema.org\",\"@graph\":[{\"@type\":\"Article\",\"@id\":\"https:\\\/\\\/www.copealcoy.es\\\/es\\\/la-mare-de-deu-recorre-el-casco-antiguo-de-cocentaina-en-la-solemne-procesion\\\/#article\",\"isPartOf\":{\"@id\":\"https:\\\/\\\/www.copealcoy.es\\\/es\\\/la-mare-de-deu-recorre-el-casco-antiguo-de-cocentaina-en-la-solemne-procesion\\\/\"},\"author\":{\"name\":\"Cope Alcoy\",\"@id\":\"https:\\\/\\\/www.copealcoy.es\\\/es\\\/#\\\/schema\\\/person\\\/e777c87fa024e57d40170af9df39882c\"},\"headline\":\"La Mare de D\u00e9u recorre el casco antiguo de Cocentaina en la Solemne Procesi\u00f3n\",\"datePublished\":\"2019-04-22T20:00:41+00:00\",\"mainEntityOfPage\":{\"@id\":\"https:\\\/\\\/www.copealcoy.es\\\/es\\\/la-mare-de-deu-recorre-el-casco-antiguo-de-cocentaina-en-la-solemne-procesion\\\/\"},\"wordCount\":510,\"commentCount\":0,\"image\":{\"@id\":\"https:\\\/\\\/www.copealcoy.es\\\/es\\\/la-mare-de-deu-recorre-el-casco-antiguo-de-cocentaina-en-la-solemne-procesion\\\/#primaryimage\"},\"thumbnailUrl\":\"https:\\\/\\\/www.copealcoy.es\\\/wp-content\\\/uploads\\\/2019\\\/04\\\/IMG_7141-e1555963358313-1-scaled.jpg\",\"keywords\":[\"casco antiguo\",\"Cocentaina\",\"Mare de D\u00e9u\",\"recorre\",\"Solemne Procesi\u00f3n\"],\"articleSection\":[\"Comarcas\",\"Noticias\"],\"inLanguage\":\"es\"},{\"@type\":\"WebPage\",\"@id\":\"https:\\\/\\\/www.copealcoy.es\\\/es\\\/la-mare-de-deu-recorre-el-casco-antiguo-de-cocentaina-en-la-solemne-procesion\\\/\",\"url\":\"https:\\\/\\\/www.copealcoy.es\\\/es\\\/la-mare-de-deu-recorre-el-casco-antiguo-de-cocentaina-en-la-solemne-procesion\\\/\",\"name\":\"La Mare de D\u00e9u recorre el casco antiguo de Cocentaina en la Solemne Procesi\u00f3n - COPE Alcoy\",\"isPartOf\":{\"@id\":\"https:\\\/\\\/www.copealcoy.es\\\/es\\\/#website\"},\"primaryImageOfPage\":{\"@id\":\"https:\\\/\\\/www.copealcoy.es\\\/es\\\/la-mare-de-deu-recorre-el-casco-antiguo-de-cocentaina-en-la-solemne-procesion\\\/#primaryimage\"},\"image\":{\"@id\":\"https:\\\/\\\/www.copealcoy.es\\\/es\\\/la-mare-de-deu-recorre-el-casco-antiguo-de-cocentaina-en-la-solemne-procesion\\\/#primaryimage\"},\"thumbnailUrl\":\"https:\\\/\\\/www.copealcoy.es\\\/wp-content\\\/uploads\\\/2019\\\/04\\\/IMG_7141-e1555963358313-1-scaled.jpg\",\"datePublished\":\"2019-04-22T20:00:41+00:00\",\"author\":{\"@id\":\"https:\\\/\\\/www.copealcoy.es\\\/es\\\/#\\\/schema\\\/person\\\/e777c87fa024e57d40170af9df39882c\"},\"breadcrumb\":{\"@id\":\"https:\\\/\\\/www.copealcoy.es\\\/es\\\/la-mare-de-deu-recorre-el-casco-antiguo-de-cocentaina-en-la-solemne-procesion\\\/#breadcrumb\"},\"inLanguage\":\"es\",\"potentialAction\":[{\"@type\":\"ReadAction\",\"target\":[\"https:\\\/\\\/www.copealcoy.es\\\/es\\\/la-mare-de-deu-recorre-el-casco-antiguo-de-cocentaina-en-la-solemne-procesion\\\/\"]}]},{\"@type\":\"ImageObject\",\"inLanguage\":\"es\",\"@id\":\"https:\\\/\\\/www.copealcoy.es\\\/es\\\/la-mare-de-deu-recorre-el-casco-antiguo-de-cocentaina-en-la-solemne-procesion\\\/#primaryimage\",\"url\":\"https:\\\/\\\/www.copealcoy.es\\\/wp-content\\\/uploads\\\/2019\\\/04\\\/IMG_7141-e1555963358313-1-scaled.jpg\",\"contentUrl\":\"https:\\\/\\\/www.copealcoy.es\\\/wp-content\\\/uploads\\\/2019\\\/04\\\/IMG_7141-e1555963358313-1-scaled.jpg\",\"width\":2560,\"height\":1476,\"caption\":\"La Procesi\u00f3n a su llegada a la iglesia de Santa Mar\u00eda \\\/ Foto: G. Pascual\"},{\"@type\":\"BreadcrumbList\",\"@id\":\"https:\\\/\\\/www.copealcoy.es\\\/es\\\/la-mare-de-deu-recorre-el-casco-antiguo-de-cocentaina-en-la-solemne-procesion\\\/#breadcrumb\",\"itemListElement\":[{\"@type\":\"ListItem\",\"position\":1,\"name\":\"Portada\",\"item\":\"https:\\\/\\\/www.copealcoy.es\\\/es\\\/\"},{\"@type\":\"ListItem\",\"position\":2,\"name\":\"La Mare de D\u00e9u recorre el casco antiguo de Cocentaina en la Solemne Procesi\u00f3n\"}]},{\"@type\":\"WebSite\",\"@id\":\"https:\\\/\\\/www.copealcoy.es\\\/es\\\/#website\",\"url\":\"https:\\\/\\\/www.copealcoy.es\\\/es\\\/\",\"name\":\"COPE Alcoy\",\"description\":\"Emisora COPE de radio local con emisi\u00f3n online. Pont de Sant Jordi 8-10 03803 Alcoy\",\"potentialAction\":[{\"@type\":\"SearchAction\",\"target\":{\"@type\":\"EntryPoint\",\"urlTemplate\":\"https:\\\/\\\/www.copealcoy.es\\\/es\\\/?s={search_term_string}\"},\"query-input\":{\"@type\":\"PropertyValueSpecification\",\"valueRequired\":true,\"valueName\":\"search_term_string\"}}],\"inLanguage\":\"es\"},{\"@type\":\"Person\",\"@id\":\"https:\\\/\\\/www.copealcoy.es\\\/es\\\/#\\\/schema\\\/person\\\/e777c87fa024e57d40170af9df39882c\",\"name\":\"Cope Alcoy\",\"image\":{\"@type\":\"ImageObject\",\"inLanguage\":\"es\",\"@id\":\"https:\\\/\\\/secure.gravatar.com\\\/avatar\\\/bb65d0283347e303893ba14f0692005417c1e0e690a325a4c5d8bb2b3943ee14?s=96&d=mm&r=g\",\"url\":\"https:\\\/\\\/secure.gravatar.com\\\/avatar\\\/bb65d0283347e303893ba14f0692005417c1e0e690a325a4c5d8bb2b3943ee14?s=96&d=mm&r=g\",\"contentUrl\":\"https:\\\/\\\/secure.gravatar.com\\\/avatar\\\/bb65d0283347e303893ba14f0692005417c1e0e690a325a4c5d8bb2b3943ee14?s=96&d=mm&r=g\",\"caption\":\"Cope Alcoy\"}}]}<\/script>\n<!-- \/ Yoast SEO plugin. -->","yoast_head_json":{"title":"La Mare de D\u00e9u recorre el casco antiguo de Cocentaina en la Solemne Procesi\u00f3n - COPE Alcoy","robots":{"index":"index","follow":"follow","max-snippet":"max-snippet:-1","max-image-preview":"max-image-preview:large","max-video-preview":"max-video-preview:-1"},"canonical":"https:\/\/www.copealcoy.es\/es\/la-mare-de-deu-recorre-el-casco-antiguo-de-cocentaina-en-la-solemne-procesion\/","og_locale":"es_ES","og_type":"article","og_title":"La Mare de D\u00e9u recorre el casco antiguo de Cocentaina en la Solemne Procesi\u00f3n - COPE Alcoy","og_description":"La climatolog\u00eda ha dado una tregua esta tarde a Cocentaina y se ha podido desarrollar con normalidad la Solemne Procesi\u00f3n...","og_url":"https:\/\/www.copealcoy.es\/es\/la-mare-de-deu-recorre-el-casco-antiguo-de-cocentaina-en-la-solemne-procesion\/","og_site_name":"COPE Alcoy","article_published_time":"2019-04-22T20:00:41+00:00","og_image":[{"width":2560,"height":1476,"url":"https:\/\/www.copealcoy.es\/wp-content\/uploads\/2019\/04\/IMG_7141-e1555963358313-1-scaled.jpg","type":"image\/jpeg"}],"author":"Cope Alcoy","twitter_misc":{"Escrito por":"Cope Alcoy","Tiempo de lectura":"2 minutos"},"schema":{"@context":"https:\/\/schema.org","@graph":[{"@type":"Article","@id":"https:\/\/www.copealcoy.es\/es\/la-mare-de-deu-recorre-el-casco-antiguo-de-cocentaina-en-la-solemne-procesion\/#article","isPartOf":{"@id":"https:\/\/www.copealcoy.es\/es\/la-mare-de-deu-recorre-el-casco-antiguo-de-cocentaina-en-la-solemne-procesion\/"},"author":{"name":"Cope Alcoy","@id":"https:\/\/www.copealcoy.es\/es\/#\/schema\/person\/e777c87fa024e57d40170af9df39882c"},"headline":"La Mare de D\u00e9u recorre el casco antiguo de Cocentaina en la Solemne Procesi\u00f3n","datePublished":"2019-04-22T20:00:41+00:00","mainEntityOfPage":{"@id":"https:\/\/www.copealcoy.es\/es\/la-mare-de-deu-recorre-el-casco-antiguo-de-cocentaina-en-la-solemne-procesion\/"},"wordCount":510,"commentCount":0,"image":{"@id":"https:\/\/www.copealcoy.es\/es\/la-mare-de-deu-recorre-el-casco-antiguo-de-cocentaina-en-la-solemne-procesion\/#primaryimage"},"thumbnailUrl":"https:\/\/www.copealcoy.es\/wp-content\/uploads\/2019\/04\/IMG_7141-e1555963358313-1-scaled.jpg","keywords":["casco antiguo","Cocentaina","Mare de D\u00e9u","recorre","Solemne Procesi\u00f3n"],"articleSection":["Comarcas","Noticias"],"inLanguage":"es"},{"@type":"WebPage","@id":"https:\/\/www.copealcoy.es\/es\/la-mare-de-deu-recorre-el-casco-antiguo-de-cocentaina-en-la-solemne-procesion\/","url":"https:\/\/www.copealcoy.es\/es\/la-mare-de-deu-recorre-el-casco-antiguo-de-cocentaina-en-la-solemne-procesion\/","name":"La Mare de D\u00e9u recorre el casco antiguo de Cocentaina en la Solemne Procesi\u00f3n - COPE Alcoy","isPartOf":{"@id":"https:\/\/www.copealcoy.es\/es\/#website"},"primaryImageOfPage":{"@id":"https:\/\/www.copealcoy.es\/es\/la-mare-de-deu-recorre-el-casco-antiguo-de-cocentaina-en-la-solemne-procesion\/#primaryimage"},"image":{"@id":"https:\/\/www.copealcoy.es\/es\/la-mare-de-deu-recorre-el-casco-antiguo-de-cocentaina-en-la-solemne-procesion\/#primaryimage"},"thumbnailUrl":"https:\/\/www.copealcoy.es\/wp-content\/uploads\/2019\/04\/IMG_7141-e1555963358313-1-scaled.jpg","datePublished":"2019-04-22T20:00:41+00:00","author":{"@id":"https:\/\/www.copealcoy.es\/es\/#\/schema\/person\/e777c87fa024e57d40170af9df39882c"},"breadcrumb":{"@id":"https:\/\/www.copealcoy.es\/es\/la-mare-de-deu-recorre-el-casco-antiguo-de-cocentaina-en-la-solemne-procesion\/#breadcrumb"},"inLanguage":"es","potentialAction":[{"@type":"ReadAction","target":["https:\/\/www.copealcoy.es\/es\/la-mare-de-deu-recorre-el-casco-antiguo-de-cocentaina-en-la-solemne-procesion\/"]}]},{"@type":"ImageObject","inLanguage":"es","@id":"https:\/\/www.copealcoy.es\/es\/la-mare-de-deu-recorre-el-casco-antiguo-de-cocentaina-en-la-solemne-procesion\/#primaryimage","url":"https:\/\/www.copealcoy.es\/wp-content\/uploads\/2019\/04\/IMG_7141-e1555963358313-1-scaled.jpg","contentUrl":"https:\/\/www.copealcoy.es\/wp-content\/uploads\/2019\/04\/IMG_7141-e1555963358313-1-scaled.jpg","width":2560,"height":1476,"caption":"La Procesi\u00f3n a su llegada a la iglesia de Santa Mar\u00eda \/ Foto: G. Pascual"},{"@type":"BreadcrumbList","@id":"https:\/\/www.copealcoy.es\/es\/la-mare-de-deu-recorre-el-casco-antiguo-de-cocentaina-en-la-solemne-procesion\/#breadcrumb","itemListElement":[{"@type":"ListItem","position":1,"name":"Portada","item":"https:\/\/www.copealcoy.es\/es\/"},{"@type":"ListItem","position":2,"name":"La Mare de D\u00e9u recorre el casco antiguo de Cocentaina en la Solemne Procesi\u00f3n"}]},{"@type":"WebSite","@id":"https:\/\/www.copealcoy.es\/es\/#website","url":"https:\/\/www.copealcoy.es\/es\/","name":"COPE Alcoy","description":"Emisora COPE de radio local con emisi\u00f3n online. Pont de Sant Jordi 8-10 03803 Alcoy","potentialAction":[{"@type":"SearchAction","target":{"@type":"EntryPoint","urlTemplate":"https:\/\/www.copealcoy.es\/es\/?s={search_term_string}"},"query-input":{"@type":"PropertyValueSpecification","valueRequired":true,"valueName":"search_term_string"}}],"inLanguage":"es"},{"@type":"Person","@id":"https:\/\/www.copealcoy.es\/es\/#\/schema\/person\/e777c87fa024e57d40170af9df39882c","name":"Cope Alcoy","image":{"@type":"ImageObject","inLanguage":"es","@id":"https:\/\/secure.gravatar.com\/avatar\/bb65d0283347e303893ba14f0692005417c1e0e690a325a4c5d8bb2b3943ee14?s=96&d=mm&r=g","url":"https:\/\/secure.gravatar.com\/avatar\/bb65d0283347e303893ba14f0692005417c1e0e690a325a4c5d8bb2b3943ee14?s=96&d=mm&r=g","contentUrl":"https:\/\/secure.gravatar.com\/avatar\/bb65d0283347e303893ba14f0692005417c1e0e690a325a4c5d8bb2b3943ee14?s=96&d=mm&r=g","caption":"Cope Alcoy"}}]}},"_links":{"self":[{"href":"https:\/\/www.copealcoy.es\/es\/wp-json\/wp\/v2\/posts\/49936","targetHints":{"allow":["GET"]}}],"collection":[{"href":"https:\/\/www.copealcoy.es\/es\/wp-json\/wp\/v2\/posts"}],"about":[{"href":"https:\/\/www.copealcoy.es\/es\/wp-json\/wp\/v2\/types\/post"}],"author":[{"embeddable":true,"href":"https:\/\/www.copealcoy.es\/es\/wp-json\/wp\/v2\/users\/1"}],"replies":[{"embeddable":true,"href":"https:\/\/www.copealcoy.es\/es\/wp-json\/wp\/v2\/comments?post=49936"}],"version-history":[{"count":0,"href":"https:\/\/www.copealcoy.es\/es\/wp-json\/wp\/v2\/posts\/49936\/revisions"}],"wp:featuredmedia":[{"embeddable":true,"href":"https:\/\/www.copealcoy.es\/es\/wp-json\/wp\/v2\/media\/49938"}],"wp:attachment":[{"href":"https:\/\/www.copealcoy.es\/es\/wp-json\/wp\/v2\/media?parent=49936"}],"wp:term":[{"taxonomy":"category","embeddable":true,"href":"https:\/\/www.copealcoy.es\/es\/wp-json\/wp\/v2\/categories?post=49936"},{"taxonomy":"post_tag","embeddable":true,"href":"https:\/\/www.copealcoy.es\/es\/wp-json\/wp\/v2\/tags?post=49936"}],"curies":[{"name":"wp","href":"https:\/\/api.w.org\/{rel}","templated":true}]}}