{"id":49916,"date":"2019-04-22T10:12:44","date_gmt":"2019-04-22T10:12:44","guid":{"rendered":"https:\/\/copealcoi.es\/?p=49916"},"modified":"2019-04-22T10:12:44","modified_gmt":"2019-04-22T10:12:44","slug":"la-lluvia-no-puede-con-499-anos-de-devocion-a-la-mareta","status":"publish","type":"post","link":"https:\/\/www.copealcoy.es\/es\/la-lluvia-no-puede-con-499-anos-de-devocion-a-la-mareta\/","title":{"rendered":"La lluvia no puede con 499 a\u00f1os de devoci\u00f3n a la Mareta"},"content":{"rendered":"<p style=\"text-align: justify;\">Cocentaina ha celebrado en este <strong>Lunes de Pascua<\/strong>, 22 de abril, el<strong> d\u00eda grande de sus Fiestas Patronales<\/strong> en honor a<strong> la Mare de D\u00e9u del Miracle<\/strong>. Los festejos <strong>se han atrasado<\/strong> este a\u00f1o debido a <strong>la tard\u00eda Semana Santa<\/strong> y despu\u00e9s de que la festividad de la Mareta, <strong>que tiene lugar el 19 de abril<\/strong>, cayera en el calendario del 2019 en <strong>Viernes Santo<\/strong>.<\/p>\n<p style=\"text-align: justify;\">Las <strong>intensas lluvias<\/strong> de la tarde-noche del Domingo de Resurrecci\u00f3n impidieron que <strong>las hogueras<\/strong> que <strong>simbolizan las 27 l\u00e1grimas derramadas por el icono de la Mare de D\u00e9u<\/strong>, mientras el sacerdote Moss\u00e9n Onofre Satorre celebraba la Misa en la capilla de Sant Antonio Abad del Palau Comtal aquel 19 de abril de 1520, <strong>ardieran en la Plaza del Pla<\/strong> tal y como es habitual en <strong>la v\u00edspera del d\u00eda de la patrona<\/strong>. Si que se celebraron con normalidad <strong>las V\u00edsperas<\/strong> en el Monasterio de las Clarisas y <strong>la posterior Serenata<\/strong>.<\/p>\n<p style=\"text-align: justify;\">La ma\u00f1ana del D\u00eda de la Mare de D\u00e9u <strong>ha amanecido todav\u00eda con viento y lluvia<\/strong>, eso s\u00ed m\u00e1s fina, y con el<strong> disparo de las 27 salvas<\/strong> en recuerdo del <strong>milagro de la Mareta<\/strong> mientras sonaban <strong>las campanas<\/strong> de todas las iglesias de la Villa Condal. A la misma hora se ha celebrado <strong>la Santa Misa Matinal<\/strong> en el Monasterio y posteriormente se ha desarrollado <strong>el \u00a0rezo del \u00c1ngelus<\/strong> en la citada Capilla de San Antonio Abad. Si que se ha suspendido <strong>el pasacalles matinal<\/strong> que recorre las calles contestanas por el trayecto de la Diana para recoger a los protagonistas de esta Fiesta.<\/p>\n<p style=\"text-align: justify;\">A las 10 en punto y mientras ta\u00f1\u00eda con fuerza la singular &#8216;Campaneta de les Monges&#8217;, sin casi apenas lluvia, <strong>ha salido el cuadro de la Mare de D\u00e9u del Miracle desde su iglesia<\/strong> bajo palio y <strong>arropado por centenares de vecinos<\/strong> ataviados con el traje t\u00edpico de contestana y de masero. Los <strong>mayordomos y las camareras<\/strong> de este a\u00f1o han arropado a la Mareta a su paso por las calles del casco antiguo junto a l<strong>as notas de la m\u00fasica tradicional interpretada por la &#8216;Colla Mal Passet&#8217;<\/strong>. Tambi\u00e9n han ocupado una posici\u00f3n destacada en la comitiva <strong>los Condes y Moss\u00e9n<\/strong> de este a\u00f1o, un papel que desempe\u00f1an <strong>\u00c1lvaro Le\u00f3n Gilabert, Lucas Mir\u00f3 Campos y Luc\u00eda Catal\u00e1 White<\/strong>; respectivamente.<\/p>\n<p style=\"text-align: justify;\">La Mare de D\u00e9u del Miracle <strong>ha sido recibida con aplausos as\u00ed como v\u00edtores<\/strong> a su llegada a la iglesia de Santa Mar\u00eda y all\u00ed, visiblemente emocionado, <strong>Rub\u00e9n Cervera Gasc\u00f3 ha recitado La S\u00faplica<\/strong> escrita en 1958 por <strong>el Cronista Oficial de la Vila Francisco Ma\u00edquez i Canet<\/strong> \u00a0&#8220;<em>he podido hablarle directamente a la Virgen como un contestano m\u00e1s y me he sentido muy arropado por todo el pueblo, mis amigos, la familia e incluso los compa\u00f1eros de los medios de comunicaci\u00f3n. Much\u00edsimas gracias a todos<\/em>&#8220;, afirmaba en COPE ALCOY el protagonista al finalizar el acto.<\/p>\n<audio class=\"wp-audio-shortcode\" id=\"audio-49916-1\" preload=\"none\" style=\"width: 100%;\" controls=\"controls\"><source type=\"audio\/mpeg\" src=\"https:\/\/copealcoi.es\/wp-content\/uploads\/2019\/04\/S\u00faplica-Mareta-2019.mp3?_=1\" \/><a href=\"https:\/\/copealcoi.es\/wp-content\/uploads\/2019\/04\/S\u00faplica-Mareta-2019.mp3\">https:\/\/copealcoi.es\/wp-content\/uploads\/2019\/04\/S\u00faplica-Mareta-2019.mp3<\/a><\/audio>\n<p style=\"text-align: justify;\">Se\u00f1alar que la ma\u00f1ana ha seguido con <strong>la Ofrenda Floral<\/strong>, <strong>la Misa Mayor<\/strong>, oficiada por <strong>Monse\u00f1or Juan Antonio Reig Pla<\/strong> y cantada por el<strong> Cor de Cambra Discantus<\/strong>, y el <strong>Homenaje a los Mayores<\/strong> que ha reca\u00eddo en el matrimonio formado por <strong>Paqui Briva y Ernesto Ferr\u00e1ndiz<\/strong>. \u00a0La climatolog\u00eda tambi\u00e9n ha llevado a <strong>suspender la Masclet\u00e0<\/strong> prevista para el mediod\u00eda en El Pla y en estos momentos est\u00e1 en el aire la celebraci\u00f3n de La <strong>Procesi\u00f3n General<\/strong> de la tarde.<\/p>\n","protected":false},"excerpt":{"rendered":"<p>Cocentaina ha celebrado en este Lunes de Pascua, 22 de abril, el d\u00eda grande de sus Fiestas Patronales en honor&#8230;<\/p>\n","protected":false},"author":1,"featured_media":49920,"comment_status":"open","ping_status":"open","sticky":false,"template":"","format":"standard","meta":{"footnotes":""},"categories":[97,98,75,125],"tags":[8562,2891,8256,864,8563],"class_list":["post-49916","post","type-post","status-publish","format-standard","has-post-thumbnail","hentry","category-alcoy","category-comarcas","category-noticias","category-portada","tag-499-anos","tag-devocion","tag-la-lluvia","tag-mareta","tag-no-puede"],"yoast_head":"<!-- This site is optimized with the Yoast SEO plugin v27.3 - https:\/\/yoast.com\/product\/yoast-seo-wordpress\/ -->\n<title>La lluvia no puede con 499 a\u00f1os de devoci\u00f3n a la Mareta - COPE Alcoy<\/title>\n<meta name=\"robots\" content=\"index, follow, max-snippet:-1, max-image-preview:large, max-video-preview:-1\" \/>\n<link rel=\"canonical\" href=\"https:\/\/www.copealcoy.es\/es\/la-lluvia-no-puede-con-499-anos-de-devocion-a-la-mareta\/\" \/>\n<meta property=\"og:locale\" content=\"es_ES\" \/>\n<meta property=\"og:type\" content=\"article\" \/>\n<meta property=\"og:title\" content=\"La lluvia no puede con 499 a\u00f1os de devoci\u00f3n a la Mareta - COPE Alcoy\" \/>\n<meta property=\"og:description\" content=\"Cocentaina ha celebrado en este Lunes de Pascua, 22 de abril, el d\u00eda grande de sus Fiestas Patronales en honor...\" \/>\n<meta property=\"og:url\" content=\"https:\/\/www.copealcoy.es\/es\/la-lluvia-no-puede-con-499-anos-de-devocion-a-la-mareta\/\" \/>\n<meta property=\"og:site_name\" content=\"COPE Alcoy\" \/>\n<meta property=\"article:published_time\" content=\"2019-04-22T10:12:44+00:00\" \/>\n<meta property=\"og:image\" content=\"https:\/\/www.copealcoy.es\/wp-content\/uploads\/2019\/04\/Mareta-1.jpg\" \/>\n\t<meta property=\"og:image:width\" content=\"660\" \/>\n\t<meta property=\"og:image:height\" content=\"330\" \/>\n\t<meta property=\"og:image:type\" content=\"image\/jpeg\" \/>\n<meta name=\"author\" content=\"Cope Alcoy\" \/>\n<meta name=\"twitter:label1\" content=\"Escrito por\" \/>\n\t<meta name=\"twitter:data1\" content=\"Cope Alcoy\" \/>\n\t<meta name=\"twitter:label2\" content=\"Tiempo de lectura\" \/>\n\t<meta name=\"twitter:data2\" content=\"3 minutos\" \/>\n<script type=\"application\/ld+json\" class=\"yoast-schema-graph\">{\"@context\":\"https:\\\/\\\/schema.org\",\"@graph\":[{\"@type\":\"Article\",\"@id\":\"https:\\\/\\\/www.copealcoy.es\\\/es\\\/la-lluvia-no-puede-con-499-anos-de-devocion-a-la-mareta\\\/#article\",\"isPartOf\":{\"@id\":\"https:\\\/\\\/www.copealcoy.es\\\/es\\\/la-lluvia-no-puede-con-499-anos-de-devocion-a-la-mareta\\\/\"},\"author\":{\"name\":\"Cope Alcoy\",\"@id\":\"https:\\\/\\\/www.copealcoy.es\\\/es\\\/#\\\/schema\\\/person\\\/e777c87fa024e57d40170af9df39882c\"},\"headline\":\"La lluvia no puede con 499 a\u00f1os de devoci\u00f3n a la Mareta\",\"datePublished\":\"2019-04-22T10:12:44+00:00\",\"mainEntityOfPage\":{\"@id\":\"https:\\\/\\\/www.copealcoy.es\\\/es\\\/la-lluvia-no-puede-con-499-anos-de-devocion-a-la-mareta\\\/\"},\"wordCount\":619,\"commentCount\":0,\"image\":{\"@id\":\"https:\\\/\\\/www.copealcoy.es\\\/es\\\/la-lluvia-no-puede-con-499-anos-de-devocion-a-la-mareta\\\/#primaryimage\"},\"thumbnailUrl\":\"https:\\\/\\\/www.copealcoy.es\\\/wp-content\\\/uploads\\\/2019\\\/04\\\/Mareta-1.jpg\",\"keywords\":[\"499 a\u00f1os\",\"devoci\u00f3n\",\"La lluvia\",\"Mareta\",\"no puede\"],\"articleSection\":[\"Alcoy\",\"Comarcas\",\"Noticias\",\"Portada\"],\"inLanguage\":\"es\"},{\"@type\":\"WebPage\",\"@id\":\"https:\\\/\\\/www.copealcoy.es\\\/es\\\/la-lluvia-no-puede-con-499-anos-de-devocion-a-la-mareta\\\/\",\"url\":\"https:\\\/\\\/www.copealcoy.es\\\/es\\\/la-lluvia-no-puede-con-499-anos-de-devocion-a-la-mareta\\\/\",\"name\":\"La lluvia no puede con 499 a\u00f1os de devoci\u00f3n a la Mareta - COPE Alcoy\",\"isPartOf\":{\"@id\":\"https:\\\/\\\/www.copealcoy.es\\\/es\\\/#website\"},\"primaryImageOfPage\":{\"@id\":\"https:\\\/\\\/www.copealcoy.es\\\/es\\\/la-lluvia-no-puede-con-499-anos-de-devocion-a-la-mareta\\\/#primaryimage\"},\"image\":{\"@id\":\"https:\\\/\\\/www.copealcoy.es\\\/es\\\/la-lluvia-no-puede-con-499-anos-de-devocion-a-la-mareta\\\/#primaryimage\"},\"thumbnailUrl\":\"https:\\\/\\\/www.copealcoy.es\\\/wp-content\\\/uploads\\\/2019\\\/04\\\/Mareta-1.jpg\",\"datePublished\":\"2019-04-22T10:12:44+00:00\",\"author\":{\"@id\":\"https:\\\/\\\/www.copealcoy.es\\\/es\\\/#\\\/schema\\\/person\\\/e777c87fa024e57d40170af9df39882c\"},\"breadcrumb\":{\"@id\":\"https:\\\/\\\/www.copealcoy.es\\\/es\\\/la-lluvia-no-puede-con-499-anos-de-devocion-a-la-mareta\\\/#breadcrumb\"},\"inLanguage\":\"es\",\"potentialAction\":[{\"@type\":\"ReadAction\",\"target\":[\"https:\\\/\\\/www.copealcoy.es\\\/es\\\/la-lluvia-no-puede-con-499-anos-de-devocion-a-la-mareta\\\/\"]}]},{\"@type\":\"ImageObject\",\"inLanguage\":\"es\",\"@id\":\"https:\\\/\\\/www.copealcoy.es\\\/es\\\/la-lluvia-no-puede-con-499-anos-de-devocion-a-la-mareta\\\/#primaryimage\",\"url\":\"https:\\\/\\\/www.copealcoy.es\\\/wp-content\\\/uploads\\\/2019\\\/04\\\/Mareta-1.jpg\",\"contentUrl\":\"https:\\\/\\\/www.copealcoy.es\\\/wp-content\\\/uploads\\\/2019\\\/04\\\/Mareta-1.jpg\",\"width\":660,\"height\":330,\"caption\":\"La Mareta ha sido llevada a Santa Mar\u00eda bajo palio \\\/ Foto: Gabriel Pascual\"},{\"@type\":\"BreadcrumbList\",\"@id\":\"https:\\\/\\\/www.copealcoy.es\\\/es\\\/la-lluvia-no-puede-con-499-anos-de-devocion-a-la-mareta\\\/#breadcrumb\",\"itemListElement\":[{\"@type\":\"ListItem\",\"position\":1,\"name\":\"Portada\",\"item\":\"https:\\\/\\\/www.copealcoy.es\\\/es\\\/\"},{\"@type\":\"ListItem\",\"position\":2,\"name\":\"La lluvia no puede con 499 a\u00f1os de devoci\u00f3n a la Mareta\"}]},{\"@type\":\"WebSite\",\"@id\":\"https:\\\/\\\/www.copealcoy.es\\\/es\\\/#website\",\"url\":\"https:\\\/\\\/www.copealcoy.es\\\/es\\\/\",\"name\":\"COPE Alcoy\",\"description\":\"Emisora COPE de radio local con emisi\u00f3n online. Pont de Sant Jordi 8-10 03803 Alcoy\",\"potentialAction\":[{\"@type\":\"SearchAction\",\"target\":{\"@type\":\"EntryPoint\",\"urlTemplate\":\"https:\\\/\\\/www.copealcoy.es\\\/es\\\/?s={search_term_string}\"},\"query-input\":{\"@type\":\"PropertyValueSpecification\",\"valueRequired\":true,\"valueName\":\"search_term_string\"}}],\"inLanguage\":\"es\"},{\"@type\":\"Person\",\"@id\":\"https:\\\/\\\/www.copealcoy.es\\\/es\\\/#\\\/schema\\\/person\\\/e777c87fa024e57d40170af9df39882c\",\"name\":\"Cope Alcoy\",\"image\":{\"@type\":\"ImageObject\",\"inLanguage\":\"es\",\"@id\":\"https:\\\/\\\/secure.gravatar.com\\\/avatar\\\/bb65d0283347e303893ba14f0692005417c1e0e690a325a4c5d8bb2b3943ee14?s=96&d=mm&r=g\",\"url\":\"https:\\\/\\\/secure.gravatar.com\\\/avatar\\\/bb65d0283347e303893ba14f0692005417c1e0e690a325a4c5d8bb2b3943ee14?s=96&d=mm&r=g\",\"contentUrl\":\"https:\\\/\\\/secure.gravatar.com\\\/avatar\\\/bb65d0283347e303893ba14f0692005417c1e0e690a325a4c5d8bb2b3943ee14?s=96&d=mm&r=g\",\"caption\":\"Cope Alcoy\"}}]}<\/script>\n<!-- \/ Yoast SEO plugin. -->","yoast_head_json":{"title":"La lluvia no puede con 499 a\u00f1os de devoci\u00f3n a la Mareta - COPE Alcoy","robots":{"index":"index","follow":"follow","max-snippet":"max-snippet:-1","max-image-preview":"max-image-preview:large","max-video-preview":"max-video-preview:-1"},"canonical":"https:\/\/www.copealcoy.es\/es\/la-lluvia-no-puede-con-499-anos-de-devocion-a-la-mareta\/","og_locale":"es_ES","og_type":"article","og_title":"La lluvia no puede con 499 a\u00f1os de devoci\u00f3n a la Mareta - COPE Alcoy","og_description":"Cocentaina ha celebrado en este Lunes de Pascua, 22 de abril, el d\u00eda grande de sus Fiestas Patronales en honor...","og_url":"https:\/\/www.copealcoy.es\/es\/la-lluvia-no-puede-con-499-anos-de-devocion-a-la-mareta\/","og_site_name":"COPE Alcoy","article_published_time":"2019-04-22T10:12:44+00:00","og_image":[{"width":660,"height":330,"url":"https:\/\/www.copealcoy.es\/wp-content\/uploads\/2019\/04\/Mareta-1.jpg","type":"image\/jpeg"}],"author":"Cope Alcoy","twitter_misc":{"Escrito por":"Cope Alcoy","Tiempo de lectura":"3 minutos"},"schema":{"@context":"https:\/\/schema.org","@graph":[{"@type":"Article","@id":"https:\/\/www.copealcoy.es\/es\/la-lluvia-no-puede-con-499-anos-de-devocion-a-la-mareta\/#article","isPartOf":{"@id":"https:\/\/www.copealcoy.es\/es\/la-lluvia-no-puede-con-499-anos-de-devocion-a-la-mareta\/"},"author":{"name":"Cope Alcoy","@id":"https:\/\/www.copealcoy.es\/es\/#\/schema\/person\/e777c87fa024e57d40170af9df39882c"},"headline":"La lluvia no puede con 499 a\u00f1os de devoci\u00f3n a la Mareta","datePublished":"2019-04-22T10:12:44+00:00","mainEntityOfPage":{"@id":"https:\/\/www.copealcoy.es\/es\/la-lluvia-no-puede-con-499-anos-de-devocion-a-la-mareta\/"},"wordCount":619,"commentCount":0,"image":{"@id":"https:\/\/www.copealcoy.es\/es\/la-lluvia-no-puede-con-499-anos-de-devocion-a-la-mareta\/#primaryimage"},"thumbnailUrl":"https:\/\/www.copealcoy.es\/wp-content\/uploads\/2019\/04\/Mareta-1.jpg","keywords":["499 a\u00f1os","devoci\u00f3n","La lluvia","Mareta","no puede"],"articleSection":["Alcoy","Comarcas","Noticias","Portada"],"inLanguage":"es"},{"@type":"WebPage","@id":"https:\/\/www.copealcoy.es\/es\/la-lluvia-no-puede-con-499-anos-de-devocion-a-la-mareta\/","url":"https:\/\/www.copealcoy.es\/es\/la-lluvia-no-puede-con-499-anos-de-devocion-a-la-mareta\/","name":"La lluvia no puede con 499 a\u00f1os de devoci\u00f3n a la Mareta - COPE Alcoy","isPartOf":{"@id":"https:\/\/www.copealcoy.es\/es\/#website"},"primaryImageOfPage":{"@id":"https:\/\/www.copealcoy.es\/es\/la-lluvia-no-puede-con-499-anos-de-devocion-a-la-mareta\/#primaryimage"},"image":{"@id":"https:\/\/www.copealcoy.es\/es\/la-lluvia-no-puede-con-499-anos-de-devocion-a-la-mareta\/#primaryimage"},"thumbnailUrl":"https:\/\/www.copealcoy.es\/wp-content\/uploads\/2019\/04\/Mareta-1.jpg","datePublished":"2019-04-22T10:12:44+00:00","author":{"@id":"https:\/\/www.copealcoy.es\/es\/#\/schema\/person\/e777c87fa024e57d40170af9df39882c"},"breadcrumb":{"@id":"https:\/\/www.copealcoy.es\/es\/la-lluvia-no-puede-con-499-anos-de-devocion-a-la-mareta\/#breadcrumb"},"inLanguage":"es","potentialAction":[{"@type":"ReadAction","target":["https:\/\/www.copealcoy.es\/es\/la-lluvia-no-puede-con-499-anos-de-devocion-a-la-mareta\/"]}]},{"@type":"ImageObject","inLanguage":"es","@id":"https:\/\/www.copealcoy.es\/es\/la-lluvia-no-puede-con-499-anos-de-devocion-a-la-mareta\/#primaryimage","url":"https:\/\/www.copealcoy.es\/wp-content\/uploads\/2019\/04\/Mareta-1.jpg","contentUrl":"https:\/\/www.copealcoy.es\/wp-content\/uploads\/2019\/04\/Mareta-1.jpg","width":660,"height":330,"caption":"La Mareta ha sido llevada a Santa Mar\u00eda bajo palio \/ Foto: Gabriel Pascual"},{"@type":"BreadcrumbList","@id":"https:\/\/www.copealcoy.es\/es\/la-lluvia-no-puede-con-499-anos-de-devocion-a-la-mareta\/#breadcrumb","itemListElement":[{"@type":"ListItem","position":1,"name":"Portada","item":"https:\/\/www.copealcoy.es\/es\/"},{"@type":"ListItem","position":2,"name":"La lluvia no puede con 499 a\u00f1os de devoci\u00f3n a la Mareta"}]},{"@type":"WebSite","@id":"https:\/\/www.copealcoy.es\/es\/#website","url":"https:\/\/www.copealcoy.es\/es\/","name":"COPE Alcoy","description":"Emisora COPE de radio local con emisi\u00f3n online. Pont de Sant Jordi 8-10 03803 Alcoy","potentialAction":[{"@type":"SearchAction","target":{"@type":"EntryPoint","urlTemplate":"https:\/\/www.copealcoy.es\/es\/?s={search_term_string}"},"query-input":{"@type":"PropertyValueSpecification","valueRequired":true,"valueName":"search_term_string"}}],"inLanguage":"es"},{"@type":"Person","@id":"https:\/\/www.copealcoy.es\/es\/#\/schema\/person\/e777c87fa024e57d40170af9df39882c","name":"Cope Alcoy","image":{"@type":"ImageObject","inLanguage":"es","@id":"https:\/\/secure.gravatar.com\/avatar\/bb65d0283347e303893ba14f0692005417c1e0e690a325a4c5d8bb2b3943ee14?s=96&d=mm&r=g","url":"https:\/\/secure.gravatar.com\/avatar\/bb65d0283347e303893ba14f0692005417c1e0e690a325a4c5d8bb2b3943ee14?s=96&d=mm&r=g","contentUrl":"https:\/\/secure.gravatar.com\/avatar\/bb65d0283347e303893ba14f0692005417c1e0e690a325a4c5d8bb2b3943ee14?s=96&d=mm&r=g","caption":"Cope Alcoy"}}]}},"_links":{"self":[{"href":"https:\/\/www.copealcoy.es\/es\/wp-json\/wp\/v2\/posts\/49916","targetHints":{"allow":["GET"]}}],"collection":[{"href":"https:\/\/www.copealcoy.es\/es\/wp-json\/wp\/v2\/posts"}],"about":[{"href":"https:\/\/www.copealcoy.es\/es\/wp-json\/wp\/v2\/types\/post"}],"author":[{"embeddable":true,"href":"https:\/\/www.copealcoy.es\/es\/wp-json\/wp\/v2\/users\/1"}],"replies":[{"embeddable":true,"href":"https:\/\/www.copealcoy.es\/es\/wp-json\/wp\/v2\/comments?post=49916"}],"version-history":[{"count":0,"href":"https:\/\/www.copealcoy.es\/es\/wp-json\/wp\/v2\/posts\/49916\/revisions"}],"wp:featuredmedia":[{"embeddable":true,"href":"https:\/\/www.copealcoy.es\/es\/wp-json\/wp\/v2\/media\/49920"}],"wp:attachment":[{"href":"https:\/\/www.copealcoy.es\/es\/wp-json\/wp\/v2\/media?parent=49916"}],"wp:term":[{"taxonomy":"category","embeddable":true,"href":"https:\/\/www.copealcoy.es\/es\/wp-json\/wp\/v2\/categories?post=49916"},{"taxonomy":"post_tag","embeddable":true,"href":"https:\/\/www.copealcoy.es\/es\/wp-json\/wp\/v2\/tags?post=49916"}],"curies":[{"name":"wp","href":"https:\/\/api.w.org\/{rel}","templated":true}]}}