{"id":49865,"date":"2019-04-20T12:54:19","date_gmt":"2019-04-20T12:54:19","guid":{"rendered":"https:\/\/copealcoi.es\/?p=49865"},"modified":"2019-04-20T12:54:19","modified_gmt":"2019-04-20T12:54:19","slug":"el-temporal-modifica-la-procesion-de-els-xiulitets","status":"publish","type":"post","link":"https:\/\/www.copealcoy.es\/es\/el-temporal-modifica-la-procesion-de-els-xiulitets\/","title":{"rendered":"La &#8216;Procesi\u00f3n dels Xiulitets&#8217; pasa al interior de la iglesia por el temporal"},"content":{"rendered":"<p style=\"text-align: justify;\">El <strong>temporal de lluvia<\/strong> que est\u00e1 azotando a <strong>las comarcas del Comtat y de l&#8217;Alcoi\u00e0<\/strong> durante esta Semana Santa est\u00e1 obligando a <strong>modificar los diferentes actos festivos<\/strong> previstos para estos d\u00edas en la gran mayor\u00eda de poblaciones.<\/p>\n<p style=\"text-align: justify;\"><strong>&#8216;Xiulitets&#8217; dentro de la iglesia en Alcoy\u00a0<\/strong><\/p>\n<p style=\"text-align: justify;\">En <strong>Alcoy<\/strong> <strong>se suspende<\/strong> el castillo de fuegos artificlaes de &#8216;La Despert\u00e0&#8217; y la <strong>procesi\u00f3n de &#8216;Els Xiulitets&#8217;<\/strong> por la calle. El Encuentro entre Cristo Resucitado y la Virgen Mar\u00eda <strong>se producir\u00e1 en el interior de la iglesia de San Mauro y San Francisco<\/strong> mientras que al finalizar se celebrar\u00e1 la Misa de Pascua. Los <strong>botijos de barro<\/strong>, de los que se han elaborado m\u00e1s de dos mil, <strong>ser\u00e1n repartidos a las puertas del templo<\/strong>. Respecto a <strong>La Gloria<\/strong> ma\u00f1ana a las 08:30h se har\u00e1<strong> una reuni\u00f3n<\/strong> para adoptar la decisi\u00f3n final. Por el momento <strong>queda suspendida &#8216;La Masclet\u00e0&#8217;<\/strong> prevista para el mediod\u00eda y se mantiene <strong>en el orden previsto<\/strong> La Gloria en los hospitales.<\/p>\n<p style=\"text-align: justify;\"><strong>Cocentaina suspende el Encuentro Glorioso<\/strong><\/p>\n<p style=\"text-align: justify;\">En <strong>Cocentaina<\/strong> la Junta Central de Cofrad\u00edas de la Semana Santa <strong>ha decidido suspender el Encuentro Glorioso<\/strong> entre San Juan, La Dolorosa y Cristo Resucitado que se ten\u00eda que llevar a cabo <strong>en El Pla<\/strong> a la una de la madrugada. Se mantienen <strong>las Vigilias Pascuales<\/strong> en cada templo y al finalizar las mismas, en torno a la 1:00h, <strong>habr\u00e1 una chocolatada en El Patronat<\/strong> para culminar estos d\u00edas. Respecto a las <strong>Fiestas de la Mare de D\u00e9u del Miracle<\/strong> el programa se mantiene tal y como est\u00e1 previsto a la espera de la evoluci\u00f3n de la climatolog\u00eda.<\/p>\n<p style=\"text-align: justify;\"><strong>Banyeres modifica la &#8216;Baix\u00e0&#8217; de Sant Jordi<\/strong><\/p>\n<p style=\"text-align: justify;\">En <strong>Banyeres de Mariola<\/strong> ma\u00f1ana <strong>se bajar\u00e1 a Sant Jordi<\/strong> desde su ermita sin bandas de m\u00fasica y a las puertas de la iglesia de Santa Mar\u00eda <strong>ser\u00e1 depositado en las andas<\/strong> para ser introducido en el templo. El Lunes de Pascua, si llueve, la iglesia abrir\u00e1 de 10:30h a 12:00h para que todos los que lo deseen acudan all\u00ed a depositar sus ramos en <strong>la Ofrenda Floral<\/strong>. Dentro del templo se rezar\u00e1 tambi\u00e9n <strong>el \u00c1ngelus<\/strong> y se har\u00e1 el<strong> Concurso de Bandas de M\u00fasica<\/strong>. Domingo por la tarde, con una previsi\u00f3n del tiempo m\u00e1s aproximada, <strong>se adoptar\u00e1 una decisi\u00f3n<\/strong> respecto al resto de actos. Indicar que tambi\u00e9n este S\u00e1bado Santo<strong> se realizar\u00e1 el Encuentro Glorioso<\/strong> dentro de la iglesia.<\/p>\n<p style=\"text-align: justify;\">Recordar que <strong>en Benilloba se ha suspendido el &#8216;Mercat Tradicional&#8217; de Semana Santa<\/strong> y <strong>en Muro no se har\u00e1 la discom\u00f3vil<\/strong> organizada para despu\u00e9s de la &#8216;Entraeta de Pascua&#8217; convocada para ma\u00f1ana por la noche.<\/p>\n","protected":false},"excerpt":{"rendered":"<p>El temporal de lluvia que est\u00e1 azotando a las comarcas del Comtat y de l&#8217;Alcoi\u00e0 durante esta Semana Santa est\u00e1&#8230;<\/p>\n","protected":false},"author":1,"featured_media":30763,"comment_status":"open","ping_status":"open","sticky":false,"template":"","format":"standard","meta":{"footnotes":""},"categories":[97,75,125],"tags":[6389,1256,8143,8550],"class_list":["post-49865","post","type-post","status-publish","format-standard","has-post-thumbnail","hentry","category-alcoy","category-noticias","category-portada","tag-iglesia","tag-interior","tag-pasa","tag-procesion-dels-xiulitets"],"yoast_head":"<!-- This site is optimized with the Yoast SEO plugin v27.3 - https:\/\/yoast.com\/product\/yoast-seo-wordpress\/ -->\n<title>La &#039;Procesi\u00f3n dels Xiulitets&#039; pasa al interior de la iglesia por el temporal - COPE Alcoy<\/title>\n<meta name=\"robots\" content=\"index, follow, max-snippet:-1, max-image-preview:large, max-video-preview:-1\" \/>\n<link rel=\"canonical\" href=\"https:\/\/www.copealcoy.es\/es\/el-temporal-modifica-la-procesion-de-els-xiulitets\/\" \/>\n<meta property=\"og:locale\" content=\"es_ES\" \/>\n<meta property=\"og:type\" content=\"article\" \/>\n<meta property=\"og:title\" content=\"La &#039;Procesi\u00f3n dels Xiulitets&#039; pasa al interior de la iglesia por el temporal - COPE Alcoy\" \/>\n<meta property=\"og:description\" content=\"El temporal de lluvia que est\u00e1 azotando a las comarcas del Comtat y de l&#8217;Alcoi\u00e0 durante esta Semana Santa est\u00e1...\" \/>\n<meta property=\"og:url\" content=\"https:\/\/www.copealcoy.es\/es\/el-temporal-modifica-la-procesion-de-els-xiulitets\/\" \/>\n<meta property=\"og:site_name\" content=\"COPE Alcoy\" \/>\n<meta property=\"article:published_time\" content=\"2019-04-20T12:54:19+00:00\" \/>\n<meta property=\"og:image\" content=\"https:\/\/www.copealcoy.es\/wp-content\/uploads\/2017\/04\/17798976_10213106250719032_7870358687219869387_n-e1492331057689.jpg\" \/>\n\t<meta property=\"og:image:width\" content=\"960\" \/>\n\t<meta property=\"og:image:height\" content=\"520\" \/>\n\t<meta property=\"og:image:type\" content=\"image\/jpeg\" \/>\n<meta name=\"author\" content=\"Cope Alcoy\" \/>\n<meta name=\"twitter:label1\" content=\"Escrito por\" \/>\n\t<meta name=\"twitter:data1\" content=\"Cope Alcoy\" \/>\n\t<meta name=\"twitter:label2\" content=\"Tiempo de lectura\" \/>\n\t<meta name=\"twitter:data2\" content=\"2 minutos\" \/>\n<script type=\"application\/ld+json\" class=\"yoast-schema-graph\">{\"@context\":\"https:\\\/\\\/schema.org\",\"@graph\":[{\"@type\":\"Article\",\"@id\":\"https:\\\/\\\/www.copealcoy.es\\\/es\\\/el-temporal-modifica-la-procesion-de-els-xiulitets\\\/#article\",\"isPartOf\":{\"@id\":\"https:\\\/\\\/www.copealcoy.es\\\/es\\\/el-temporal-modifica-la-procesion-de-els-xiulitets\\\/\"},\"author\":{\"name\":\"Cope Alcoy\",\"@id\":\"https:\\\/\\\/www.copealcoy.es\\\/es\\\/#\\\/schema\\\/person\\\/e777c87fa024e57d40170af9df39882c\"},\"headline\":\"La &#8216;Procesi\u00f3n dels Xiulitets&#8217; pasa al interior de la iglesia por el temporal\",\"datePublished\":\"2019-04-20T12:54:19+00:00\",\"mainEntityOfPage\":{\"@id\":\"https:\\\/\\\/www.copealcoy.es\\\/es\\\/el-temporal-modifica-la-procesion-de-els-xiulitets\\\/\"},\"wordCount\":468,\"commentCount\":0,\"image\":{\"@id\":\"https:\\\/\\\/www.copealcoy.es\\\/es\\\/el-temporal-modifica-la-procesion-de-els-xiulitets\\\/#primaryimage\"},\"thumbnailUrl\":\"https:\\\/\\\/www.copealcoy.es\\\/wp-content\\\/uploads\\\/2017\\\/04\\\/17798976_10213106250719032_7870358687219869387_n-e1492331057689.jpg\",\"keywords\":[\"iglesia\",\"interior\",\"pasa\",\"Procesi\u00f3n dels Xiulitets\"],\"articleSection\":[\"Alcoy\",\"Noticias\",\"Portada\"],\"inLanguage\":\"es\"},{\"@type\":\"WebPage\",\"@id\":\"https:\\\/\\\/www.copealcoy.es\\\/es\\\/el-temporal-modifica-la-procesion-de-els-xiulitets\\\/\",\"url\":\"https:\\\/\\\/www.copealcoy.es\\\/es\\\/el-temporal-modifica-la-procesion-de-els-xiulitets\\\/\",\"name\":\"La 'Procesi\u00f3n dels Xiulitets' pasa al interior de la iglesia por el temporal - COPE Alcoy\",\"isPartOf\":{\"@id\":\"https:\\\/\\\/www.copealcoy.es\\\/es\\\/#website\"},\"primaryImageOfPage\":{\"@id\":\"https:\\\/\\\/www.copealcoy.es\\\/es\\\/el-temporal-modifica-la-procesion-de-els-xiulitets\\\/#primaryimage\"},\"image\":{\"@id\":\"https:\\\/\\\/www.copealcoy.es\\\/es\\\/el-temporal-modifica-la-procesion-de-els-xiulitets\\\/#primaryimage\"},\"thumbnailUrl\":\"https:\\\/\\\/www.copealcoy.es\\\/wp-content\\\/uploads\\\/2017\\\/04\\\/17798976_10213106250719032_7870358687219869387_n-e1492331057689.jpg\",\"datePublished\":\"2019-04-20T12:54:19+00:00\",\"author\":{\"@id\":\"https:\\\/\\\/www.copealcoy.es\\\/es\\\/#\\\/schema\\\/person\\\/e777c87fa024e57d40170af9df39882c\"},\"breadcrumb\":{\"@id\":\"https:\\\/\\\/www.copealcoy.es\\\/es\\\/el-temporal-modifica-la-procesion-de-els-xiulitets\\\/#breadcrumb\"},\"inLanguage\":\"es\",\"potentialAction\":[{\"@type\":\"ReadAction\",\"target\":[\"https:\\\/\\\/www.copealcoy.es\\\/es\\\/el-temporal-modifica-la-procesion-de-els-xiulitets\\\/\"]}]},{\"@type\":\"ImageObject\",\"inLanguage\":\"es\",\"@id\":\"https:\\\/\\\/www.copealcoy.es\\\/es\\\/el-temporal-modifica-la-procesion-de-els-xiulitets\\\/#primaryimage\",\"url\":\"https:\\\/\\\/www.copealcoy.es\\\/wp-content\\\/uploads\\\/2017\\\/04\\\/17798976_10213106250719032_7870358687219869387_n-e1492331057689.jpg\",\"contentUrl\":\"https:\\\/\\\/www.copealcoy.es\\\/wp-content\\\/uploads\\\/2017\\\/04\\\/17798976_10213106250719032_7870358687219869387_n-e1492331057689.jpg\",\"width\":960,\"height\":520,\"caption\":\"Las im\u00e1genes de Cristo Resucitado y la Virgen Mar\u00eda han recorrido las calles del Centro de Alcoy \\\/ Foto: R. Llopis\"},{\"@type\":\"BreadcrumbList\",\"@id\":\"https:\\\/\\\/www.copealcoy.es\\\/es\\\/el-temporal-modifica-la-procesion-de-els-xiulitets\\\/#breadcrumb\",\"itemListElement\":[{\"@type\":\"ListItem\",\"position\":1,\"name\":\"Portada\",\"item\":\"https:\\\/\\\/www.copealcoy.es\\\/es\\\/\"},{\"@type\":\"ListItem\",\"position\":2,\"name\":\"La &#8216;Procesi\u00f3n dels Xiulitets&#8217; pasa al interior de la iglesia por el temporal\"}]},{\"@type\":\"WebSite\",\"@id\":\"https:\\\/\\\/www.copealcoy.es\\\/es\\\/#website\",\"url\":\"https:\\\/\\\/www.copealcoy.es\\\/es\\\/\",\"name\":\"COPE Alcoy\",\"description\":\"Emisora COPE de radio local con emisi\u00f3n online. Pont de Sant Jordi 8-10 03803 Alcoy\",\"potentialAction\":[{\"@type\":\"SearchAction\",\"target\":{\"@type\":\"EntryPoint\",\"urlTemplate\":\"https:\\\/\\\/www.copealcoy.es\\\/es\\\/?s={search_term_string}\"},\"query-input\":{\"@type\":\"PropertyValueSpecification\",\"valueRequired\":true,\"valueName\":\"search_term_string\"}}],\"inLanguage\":\"es\"},{\"@type\":\"Person\",\"@id\":\"https:\\\/\\\/www.copealcoy.es\\\/es\\\/#\\\/schema\\\/person\\\/e777c87fa024e57d40170af9df39882c\",\"name\":\"Cope Alcoy\",\"image\":{\"@type\":\"ImageObject\",\"inLanguage\":\"es\",\"@id\":\"https:\\\/\\\/secure.gravatar.com\\\/avatar\\\/bb65d0283347e303893ba14f0692005417c1e0e690a325a4c5d8bb2b3943ee14?s=96&d=mm&r=g\",\"url\":\"https:\\\/\\\/secure.gravatar.com\\\/avatar\\\/bb65d0283347e303893ba14f0692005417c1e0e690a325a4c5d8bb2b3943ee14?s=96&d=mm&r=g\",\"contentUrl\":\"https:\\\/\\\/secure.gravatar.com\\\/avatar\\\/bb65d0283347e303893ba14f0692005417c1e0e690a325a4c5d8bb2b3943ee14?s=96&d=mm&r=g\",\"caption\":\"Cope Alcoy\"}}]}<\/script>\n<!-- \/ Yoast SEO plugin. -->","yoast_head_json":{"title":"La 'Procesi\u00f3n dels Xiulitets' pasa al interior de la iglesia por el temporal - COPE Alcoy","robots":{"index":"index","follow":"follow","max-snippet":"max-snippet:-1","max-image-preview":"max-image-preview:large","max-video-preview":"max-video-preview:-1"},"canonical":"https:\/\/www.copealcoy.es\/es\/el-temporal-modifica-la-procesion-de-els-xiulitets\/","og_locale":"es_ES","og_type":"article","og_title":"La 'Procesi\u00f3n dels Xiulitets' pasa al interior de la iglesia por el temporal - COPE Alcoy","og_description":"El temporal de lluvia que est\u00e1 azotando a las comarcas del Comtat y de l&#8217;Alcoi\u00e0 durante esta Semana Santa est\u00e1...","og_url":"https:\/\/www.copealcoy.es\/es\/el-temporal-modifica-la-procesion-de-els-xiulitets\/","og_site_name":"COPE Alcoy","article_published_time":"2019-04-20T12:54:19+00:00","og_image":[{"width":960,"height":520,"url":"https:\/\/www.copealcoy.es\/wp-content\/uploads\/2017\/04\/17798976_10213106250719032_7870358687219869387_n-e1492331057689.jpg","type":"image\/jpeg"}],"author":"Cope Alcoy","twitter_misc":{"Escrito por":"Cope Alcoy","Tiempo de lectura":"2 minutos"},"schema":{"@context":"https:\/\/schema.org","@graph":[{"@type":"Article","@id":"https:\/\/www.copealcoy.es\/es\/el-temporal-modifica-la-procesion-de-els-xiulitets\/#article","isPartOf":{"@id":"https:\/\/www.copealcoy.es\/es\/el-temporal-modifica-la-procesion-de-els-xiulitets\/"},"author":{"name":"Cope Alcoy","@id":"https:\/\/www.copealcoy.es\/es\/#\/schema\/person\/e777c87fa024e57d40170af9df39882c"},"headline":"La &#8216;Procesi\u00f3n dels Xiulitets&#8217; pasa al interior de la iglesia por el temporal","datePublished":"2019-04-20T12:54:19+00:00","mainEntityOfPage":{"@id":"https:\/\/www.copealcoy.es\/es\/el-temporal-modifica-la-procesion-de-els-xiulitets\/"},"wordCount":468,"commentCount":0,"image":{"@id":"https:\/\/www.copealcoy.es\/es\/el-temporal-modifica-la-procesion-de-els-xiulitets\/#primaryimage"},"thumbnailUrl":"https:\/\/www.copealcoy.es\/wp-content\/uploads\/2017\/04\/17798976_10213106250719032_7870358687219869387_n-e1492331057689.jpg","keywords":["iglesia","interior","pasa","Procesi\u00f3n dels Xiulitets"],"articleSection":["Alcoy","Noticias","Portada"],"inLanguage":"es"},{"@type":"WebPage","@id":"https:\/\/www.copealcoy.es\/es\/el-temporal-modifica-la-procesion-de-els-xiulitets\/","url":"https:\/\/www.copealcoy.es\/es\/el-temporal-modifica-la-procesion-de-els-xiulitets\/","name":"La 'Procesi\u00f3n dels Xiulitets' pasa al interior de la iglesia por el temporal - COPE Alcoy","isPartOf":{"@id":"https:\/\/www.copealcoy.es\/es\/#website"},"primaryImageOfPage":{"@id":"https:\/\/www.copealcoy.es\/es\/el-temporal-modifica-la-procesion-de-els-xiulitets\/#primaryimage"},"image":{"@id":"https:\/\/www.copealcoy.es\/es\/el-temporal-modifica-la-procesion-de-els-xiulitets\/#primaryimage"},"thumbnailUrl":"https:\/\/www.copealcoy.es\/wp-content\/uploads\/2017\/04\/17798976_10213106250719032_7870358687219869387_n-e1492331057689.jpg","datePublished":"2019-04-20T12:54:19+00:00","author":{"@id":"https:\/\/www.copealcoy.es\/es\/#\/schema\/person\/e777c87fa024e57d40170af9df39882c"},"breadcrumb":{"@id":"https:\/\/www.copealcoy.es\/es\/el-temporal-modifica-la-procesion-de-els-xiulitets\/#breadcrumb"},"inLanguage":"es","potentialAction":[{"@type":"ReadAction","target":["https:\/\/www.copealcoy.es\/es\/el-temporal-modifica-la-procesion-de-els-xiulitets\/"]}]},{"@type":"ImageObject","inLanguage":"es","@id":"https:\/\/www.copealcoy.es\/es\/el-temporal-modifica-la-procesion-de-els-xiulitets\/#primaryimage","url":"https:\/\/www.copealcoy.es\/wp-content\/uploads\/2017\/04\/17798976_10213106250719032_7870358687219869387_n-e1492331057689.jpg","contentUrl":"https:\/\/www.copealcoy.es\/wp-content\/uploads\/2017\/04\/17798976_10213106250719032_7870358687219869387_n-e1492331057689.jpg","width":960,"height":520,"caption":"Las im\u00e1genes de Cristo Resucitado y la Virgen Mar\u00eda han recorrido las calles del Centro de Alcoy \/ Foto: R. Llopis"},{"@type":"BreadcrumbList","@id":"https:\/\/www.copealcoy.es\/es\/el-temporal-modifica-la-procesion-de-els-xiulitets\/#breadcrumb","itemListElement":[{"@type":"ListItem","position":1,"name":"Portada","item":"https:\/\/www.copealcoy.es\/es\/"},{"@type":"ListItem","position":2,"name":"La &#8216;Procesi\u00f3n dels Xiulitets&#8217; pasa al interior de la iglesia por el temporal"}]},{"@type":"WebSite","@id":"https:\/\/www.copealcoy.es\/es\/#website","url":"https:\/\/www.copealcoy.es\/es\/","name":"COPE Alcoy","description":"Emisora COPE de radio local con emisi\u00f3n online. Pont de Sant Jordi 8-10 03803 Alcoy","potentialAction":[{"@type":"SearchAction","target":{"@type":"EntryPoint","urlTemplate":"https:\/\/www.copealcoy.es\/es\/?s={search_term_string}"},"query-input":{"@type":"PropertyValueSpecification","valueRequired":true,"valueName":"search_term_string"}}],"inLanguage":"es"},{"@type":"Person","@id":"https:\/\/www.copealcoy.es\/es\/#\/schema\/person\/e777c87fa024e57d40170af9df39882c","name":"Cope Alcoy","image":{"@type":"ImageObject","inLanguage":"es","@id":"https:\/\/secure.gravatar.com\/avatar\/bb65d0283347e303893ba14f0692005417c1e0e690a325a4c5d8bb2b3943ee14?s=96&d=mm&r=g","url":"https:\/\/secure.gravatar.com\/avatar\/bb65d0283347e303893ba14f0692005417c1e0e690a325a4c5d8bb2b3943ee14?s=96&d=mm&r=g","contentUrl":"https:\/\/secure.gravatar.com\/avatar\/bb65d0283347e303893ba14f0692005417c1e0e690a325a4c5d8bb2b3943ee14?s=96&d=mm&r=g","caption":"Cope Alcoy"}}]}},"_links":{"self":[{"href":"https:\/\/www.copealcoy.es\/es\/wp-json\/wp\/v2\/posts\/49865","targetHints":{"allow":["GET"]}}],"collection":[{"href":"https:\/\/www.copealcoy.es\/es\/wp-json\/wp\/v2\/posts"}],"about":[{"href":"https:\/\/www.copealcoy.es\/es\/wp-json\/wp\/v2\/types\/post"}],"author":[{"embeddable":true,"href":"https:\/\/www.copealcoy.es\/es\/wp-json\/wp\/v2\/users\/1"}],"replies":[{"embeddable":true,"href":"https:\/\/www.copealcoy.es\/es\/wp-json\/wp\/v2\/comments?post=49865"}],"version-history":[{"count":0,"href":"https:\/\/www.copealcoy.es\/es\/wp-json\/wp\/v2\/posts\/49865\/revisions"}],"wp:featuredmedia":[{"embeddable":true,"href":"https:\/\/www.copealcoy.es\/es\/wp-json\/wp\/v2\/media\/30763"}],"wp:attachment":[{"href":"https:\/\/www.copealcoy.es\/es\/wp-json\/wp\/v2\/media?parent=49865"}],"wp:term":[{"taxonomy":"category","embeddable":true,"href":"https:\/\/www.copealcoy.es\/es\/wp-json\/wp\/v2\/categories?post=49865"},{"taxonomy":"post_tag","embeddable":true,"href":"https:\/\/www.copealcoy.es\/es\/wp-json\/wp\/v2\/tags?post=49865"}],"curies":[{"name":"wp","href":"https:\/\/api.w.org\/{rel}","templated":true}]}}