{"id":49800,"date":"2019-04-18T09:26:12","date_gmt":"2019-04-18T09:26:12","guid":{"rendered":"https:\/\/copealcoi.es\/?p=49800"},"modified":"2019-04-18T09:26:12","modified_gmt":"2019-04-18T09:26:12","slug":"la-climatologia-obliga-a-benilloba-a-suspender-su-mercat-tradicional","status":"publish","type":"post","link":"https:\/\/www.copealcoy.es\/es\/la-climatologia-obliga-a-benilloba-a-suspender-su-mercat-tradicional\/","title":{"rendered":"La climatolog\u00eda obliga a Benilloba a suspender su &#8216;Mercat Tradicional&#8217;"},"content":{"rendered":"<p style=\"text-align: justify;\">El <strong>Ayuntamiento de Benilloba<\/strong> ha decidido suspender el<strong> XV Mercado Tradicional de Semana Santa<\/strong>, previsto para el <strong>Viernes y S\u00e1bado Santo<\/strong>, ante las <strong>previsiones meteorol\u00f3gicas<\/strong> que apuntan a <strong>lluvias intensas y persistentes<\/strong> para ambas jornadas. Los comerciantes y el Consistorio, de mutuo acuerdo, <strong>han tomado este acuerdo<\/strong> debido a que la gran mayor\u00eda de actividades se desarrollan al aire libre.<\/p>\n<p style=\"text-align: justify;\">No obstante <strong>se mantienen propuestas<\/strong> como el espect\u00e1culo de m\u00fasica y magia<strong> &#8216;Somnium&#8217;<\/strong> que tendr\u00e1 lugar en el Auditorio ma\u00f1ana a las 17 horas as\u00ed como el <strong>&#8216;Contacontes de La Bruiza Xocolata&#8217;<\/strong> organizado para el s\u00e1bado a la misma hora de la tarde.<\/p>\n","protected":false},"excerpt":{"rendered":"<p>El Ayuntamiento de Benilloba ha decidido suspender el XV Mercado Tradicional de Semana Santa, previsto para el Viernes y S\u00e1bado&#8230;<\/p>\n","protected":false},"author":1,"featured_media":40689,"comment_status":"open","ping_status":"open","sticky":false,"template":"","format":"standard","meta":{"footnotes":""},"categories":[98,75],"tags":[2039,745,7283],"class_list":["post-49800","post","type-post","status-publish","format-standard","has-post-thumbnail","hentry","category-comarcas","category-noticias","tag-mercado-tradicional","tag-semana-santa","tag-suspende"],"yoast_head":"<!-- This site is optimized with the Yoast SEO plugin v27.3 - https:\/\/yoast.com\/product\/yoast-seo-wordpress\/ -->\n<title>La climatolog\u00eda obliga a Benilloba a suspender su &#039;Mercat Tradicional&#039; - COPE Alcoy<\/title>\n<meta name=\"robots\" content=\"index, follow, max-snippet:-1, max-image-preview:large, max-video-preview:-1\" \/>\n<link rel=\"canonical\" href=\"https:\/\/www.copealcoy.es\/es\/la-climatologia-obliga-a-benilloba-a-suspender-su-mercat-tradicional\/\" \/>\n<meta property=\"og:locale\" content=\"es_ES\" \/>\n<meta property=\"og:type\" content=\"article\" \/>\n<meta property=\"og:title\" content=\"La climatolog\u00eda obliga a Benilloba a suspender su &#039;Mercat Tradicional&#039; - COPE Alcoy\" \/>\n<meta property=\"og:description\" content=\"El Ayuntamiento de Benilloba ha decidido suspender el XV Mercado Tradicional de Semana Santa, previsto para el Viernes y S\u00e1bado...\" \/>\n<meta property=\"og:url\" content=\"https:\/\/www.copealcoy.es\/es\/la-climatologia-obliga-a-benilloba-a-suspender-su-mercat-tradicional\/\" \/>\n<meta property=\"og:site_name\" content=\"COPE Alcoy\" \/>\n<meta property=\"article:published_time\" content=\"2019-04-18T09:26:12+00:00\" \/>\n<meta property=\"og:image\" content=\"https:\/\/www.copealcoy.es\/wp-content\/uploads\/2018\/03\/29595127_1308180485992100_8163835246598583482_n-e1522411095645.jpg\" \/>\n\t<meta property=\"og:image:width\" content=\"960\" \/>\n\t<meta property=\"og:image:height\" content=\"556\" \/>\n\t<meta property=\"og:image:type\" content=\"image\/jpeg\" \/>\n<meta name=\"author\" content=\"Cope Alcoy\" \/>\n<meta name=\"twitter:label1\" content=\"Escrito por\" \/>\n\t<meta name=\"twitter:data1\" content=\"Cope Alcoy\" \/>\n\t<meta name=\"twitter:label2\" content=\"Tiempo de lectura\" \/>\n\t<meta name=\"twitter:data2\" content=\"1 minuto\" \/>\n<script type=\"application\/ld+json\" class=\"yoast-schema-graph\">{\"@context\":\"https:\\\/\\\/schema.org\",\"@graph\":[{\"@type\":\"Article\",\"@id\":\"https:\\\/\\\/www.copealcoy.es\\\/es\\\/la-climatologia-obliga-a-benilloba-a-suspender-su-mercat-tradicional\\\/#article\",\"isPartOf\":{\"@id\":\"https:\\\/\\\/www.copealcoy.es\\\/es\\\/la-climatologia-obliga-a-benilloba-a-suspender-su-mercat-tradicional\\\/\"},\"author\":{\"name\":\"Cope Alcoy\",\"@id\":\"https:\\\/\\\/www.copealcoy.es\\\/es\\\/#\\\/schema\\\/person\\\/e777c87fa024e57d40170af9df39882c\"},\"headline\":\"La climatolog\u00eda obliga a Benilloba a suspender su &#8216;Mercat Tradicional&#8217;\",\"datePublished\":\"2019-04-18T09:26:12+00:00\",\"mainEntityOfPage\":{\"@id\":\"https:\\\/\\\/www.copealcoy.es\\\/es\\\/la-climatologia-obliga-a-benilloba-a-suspender-su-mercat-tradicional\\\/\"},\"wordCount\":120,\"commentCount\":0,\"image\":{\"@id\":\"https:\\\/\\\/www.copealcoy.es\\\/es\\\/la-climatologia-obliga-a-benilloba-a-suspender-su-mercat-tradicional\\\/#primaryimage\"},\"thumbnailUrl\":\"https:\\\/\\\/www.copealcoy.es\\\/wp-content\\\/uploads\\\/2018\\\/03\\\/29595127_1308180485992100_8163835246598583482_n-e1522411095645.jpg\",\"keywords\":[\"Mercado Tradicional\",\"Semana Santa\",\"suspende\"],\"articleSection\":[\"Comarcas\",\"Noticias\"],\"inLanguage\":\"es\"},{\"@type\":\"WebPage\",\"@id\":\"https:\\\/\\\/www.copealcoy.es\\\/es\\\/la-climatologia-obliga-a-benilloba-a-suspender-su-mercat-tradicional\\\/\",\"url\":\"https:\\\/\\\/www.copealcoy.es\\\/es\\\/la-climatologia-obliga-a-benilloba-a-suspender-su-mercat-tradicional\\\/\",\"name\":\"La climatolog\u00eda obliga a Benilloba a suspender su 'Mercat Tradicional' - COPE Alcoy\",\"isPartOf\":{\"@id\":\"https:\\\/\\\/www.copealcoy.es\\\/es\\\/#website\"},\"primaryImageOfPage\":{\"@id\":\"https:\\\/\\\/www.copealcoy.es\\\/es\\\/la-climatologia-obliga-a-benilloba-a-suspender-su-mercat-tradicional\\\/#primaryimage\"},\"image\":{\"@id\":\"https:\\\/\\\/www.copealcoy.es\\\/es\\\/la-climatologia-obliga-a-benilloba-a-suspender-su-mercat-tradicional\\\/#primaryimage\"},\"thumbnailUrl\":\"https:\\\/\\\/www.copealcoy.es\\\/wp-content\\\/uploads\\\/2018\\\/03\\\/29595127_1308180485992100_8163835246598583482_n-e1522411095645.jpg\",\"datePublished\":\"2019-04-18T09:26:12+00:00\",\"author\":{\"@id\":\"https:\\\/\\\/www.copealcoy.es\\\/es\\\/#\\\/schema\\\/person\\\/e777c87fa024e57d40170af9df39882c\"},\"breadcrumb\":{\"@id\":\"https:\\\/\\\/www.copealcoy.es\\\/es\\\/la-climatologia-obliga-a-benilloba-a-suspender-su-mercat-tradicional\\\/#breadcrumb\"},\"inLanguage\":\"es\",\"potentialAction\":[{\"@type\":\"ReadAction\",\"target\":[\"https:\\\/\\\/www.copealcoy.es\\\/es\\\/la-climatologia-obliga-a-benilloba-a-suspender-su-mercat-tradicional\\\/\"]}]},{\"@type\":\"ImageObject\",\"inLanguage\":\"es\",\"@id\":\"https:\\\/\\\/www.copealcoy.es\\\/es\\\/la-climatologia-obliga-a-benilloba-a-suspender-su-mercat-tradicional\\\/#primaryimage\",\"url\":\"https:\\\/\\\/www.copealcoy.es\\\/wp-content\\\/uploads\\\/2018\\\/03\\\/29595127_1308180485992100_8163835246598583482_n-e1522411095645.jpg\",\"contentUrl\":\"https:\\\/\\\/www.copealcoy.es\\\/wp-content\\\/uploads\\\/2018\\\/03\\\/29595127_1308180485992100_8163835246598583482_n-e1522411095645.jpg\",\"width\":960,\"height\":556,\"caption\":\"El Mercado ha abierto sus puertas esta ma\u00f1ana \\\/ Foto: Gabriel Pascual\"},{\"@type\":\"BreadcrumbList\",\"@id\":\"https:\\\/\\\/www.copealcoy.es\\\/es\\\/la-climatologia-obliga-a-benilloba-a-suspender-su-mercat-tradicional\\\/#breadcrumb\",\"itemListElement\":[{\"@type\":\"ListItem\",\"position\":1,\"name\":\"Portada\",\"item\":\"https:\\\/\\\/www.copealcoy.es\\\/es\\\/\"},{\"@type\":\"ListItem\",\"position\":2,\"name\":\"La climatolog\u00eda obliga a Benilloba a suspender su &#8216;Mercat Tradicional&#8217;\"}]},{\"@type\":\"WebSite\",\"@id\":\"https:\\\/\\\/www.copealcoy.es\\\/es\\\/#website\",\"url\":\"https:\\\/\\\/www.copealcoy.es\\\/es\\\/\",\"name\":\"COPE Alcoy\",\"description\":\"Emisora COPE de radio local con emisi\u00f3n online. Pont de Sant Jordi 8-10 03803 Alcoy\",\"potentialAction\":[{\"@type\":\"SearchAction\",\"target\":{\"@type\":\"EntryPoint\",\"urlTemplate\":\"https:\\\/\\\/www.copealcoy.es\\\/es\\\/?s={search_term_string}\"},\"query-input\":{\"@type\":\"PropertyValueSpecification\",\"valueRequired\":true,\"valueName\":\"search_term_string\"}}],\"inLanguage\":\"es\"},{\"@type\":\"Person\",\"@id\":\"https:\\\/\\\/www.copealcoy.es\\\/es\\\/#\\\/schema\\\/person\\\/e777c87fa024e57d40170af9df39882c\",\"name\":\"Cope Alcoy\",\"image\":{\"@type\":\"ImageObject\",\"inLanguage\":\"es\",\"@id\":\"https:\\\/\\\/secure.gravatar.com\\\/avatar\\\/bb65d0283347e303893ba14f0692005417c1e0e690a325a4c5d8bb2b3943ee14?s=96&d=mm&r=g\",\"url\":\"https:\\\/\\\/secure.gravatar.com\\\/avatar\\\/bb65d0283347e303893ba14f0692005417c1e0e690a325a4c5d8bb2b3943ee14?s=96&d=mm&r=g\",\"contentUrl\":\"https:\\\/\\\/secure.gravatar.com\\\/avatar\\\/bb65d0283347e303893ba14f0692005417c1e0e690a325a4c5d8bb2b3943ee14?s=96&d=mm&r=g\",\"caption\":\"Cope Alcoy\"}}]}<\/script>\n<!-- \/ Yoast SEO plugin. -->","yoast_head_json":{"title":"La climatolog\u00eda obliga a Benilloba a suspender su 'Mercat Tradicional' - COPE Alcoy","robots":{"index":"index","follow":"follow","max-snippet":"max-snippet:-1","max-image-preview":"max-image-preview:large","max-video-preview":"max-video-preview:-1"},"canonical":"https:\/\/www.copealcoy.es\/es\/la-climatologia-obliga-a-benilloba-a-suspender-su-mercat-tradicional\/","og_locale":"es_ES","og_type":"article","og_title":"La climatolog\u00eda obliga a Benilloba a suspender su 'Mercat Tradicional' - COPE Alcoy","og_description":"El Ayuntamiento de Benilloba ha decidido suspender el XV Mercado Tradicional de Semana Santa, previsto para el Viernes y S\u00e1bado...","og_url":"https:\/\/www.copealcoy.es\/es\/la-climatologia-obliga-a-benilloba-a-suspender-su-mercat-tradicional\/","og_site_name":"COPE Alcoy","article_published_time":"2019-04-18T09:26:12+00:00","og_image":[{"width":960,"height":556,"url":"https:\/\/www.copealcoy.es\/wp-content\/uploads\/2018\/03\/29595127_1308180485992100_8163835246598583482_n-e1522411095645.jpg","type":"image\/jpeg"}],"author":"Cope Alcoy","twitter_misc":{"Escrito por":"Cope Alcoy","Tiempo de lectura":"1 minuto"},"schema":{"@context":"https:\/\/schema.org","@graph":[{"@type":"Article","@id":"https:\/\/www.copealcoy.es\/es\/la-climatologia-obliga-a-benilloba-a-suspender-su-mercat-tradicional\/#article","isPartOf":{"@id":"https:\/\/www.copealcoy.es\/es\/la-climatologia-obliga-a-benilloba-a-suspender-su-mercat-tradicional\/"},"author":{"name":"Cope Alcoy","@id":"https:\/\/www.copealcoy.es\/es\/#\/schema\/person\/e777c87fa024e57d40170af9df39882c"},"headline":"La climatolog\u00eda obliga a Benilloba a suspender su &#8216;Mercat Tradicional&#8217;","datePublished":"2019-04-18T09:26:12+00:00","mainEntityOfPage":{"@id":"https:\/\/www.copealcoy.es\/es\/la-climatologia-obliga-a-benilloba-a-suspender-su-mercat-tradicional\/"},"wordCount":120,"commentCount":0,"image":{"@id":"https:\/\/www.copealcoy.es\/es\/la-climatologia-obliga-a-benilloba-a-suspender-su-mercat-tradicional\/#primaryimage"},"thumbnailUrl":"https:\/\/www.copealcoy.es\/wp-content\/uploads\/2018\/03\/29595127_1308180485992100_8163835246598583482_n-e1522411095645.jpg","keywords":["Mercado Tradicional","Semana Santa","suspende"],"articleSection":["Comarcas","Noticias"],"inLanguage":"es"},{"@type":"WebPage","@id":"https:\/\/www.copealcoy.es\/es\/la-climatologia-obliga-a-benilloba-a-suspender-su-mercat-tradicional\/","url":"https:\/\/www.copealcoy.es\/es\/la-climatologia-obliga-a-benilloba-a-suspender-su-mercat-tradicional\/","name":"La climatolog\u00eda obliga a Benilloba a suspender su 'Mercat Tradicional' - COPE Alcoy","isPartOf":{"@id":"https:\/\/www.copealcoy.es\/es\/#website"},"primaryImageOfPage":{"@id":"https:\/\/www.copealcoy.es\/es\/la-climatologia-obliga-a-benilloba-a-suspender-su-mercat-tradicional\/#primaryimage"},"image":{"@id":"https:\/\/www.copealcoy.es\/es\/la-climatologia-obliga-a-benilloba-a-suspender-su-mercat-tradicional\/#primaryimage"},"thumbnailUrl":"https:\/\/www.copealcoy.es\/wp-content\/uploads\/2018\/03\/29595127_1308180485992100_8163835246598583482_n-e1522411095645.jpg","datePublished":"2019-04-18T09:26:12+00:00","author":{"@id":"https:\/\/www.copealcoy.es\/es\/#\/schema\/person\/e777c87fa024e57d40170af9df39882c"},"breadcrumb":{"@id":"https:\/\/www.copealcoy.es\/es\/la-climatologia-obliga-a-benilloba-a-suspender-su-mercat-tradicional\/#breadcrumb"},"inLanguage":"es","potentialAction":[{"@type":"ReadAction","target":["https:\/\/www.copealcoy.es\/es\/la-climatologia-obliga-a-benilloba-a-suspender-su-mercat-tradicional\/"]}]},{"@type":"ImageObject","inLanguage":"es","@id":"https:\/\/www.copealcoy.es\/es\/la-climatologia-obliga-a-benilloba-a-suspender-su-mercat-tradicional\/#primaryimage","url":"https:\/\/www.copealcoy.es\/wp-content\/uploads\/2018\/03\/29595127_1308180485992100_8163835246598583482_n-e1522411095645.jpg","contentUrl":"https:\/\/www.copealcoy.es\/wp-content\/uploads\/2018\/03\/29595127_1308180485992100_8163835246598583482_n-e1522411095645.jpg","width":960,"height":556,"caption":"El Mercado ha abierto sus puertas esta ma\u00f1ana \/ Foto: Gabriel Pascual"},{"@type":"BreadcrumbList","@id":"https:\/\/www.copealcoy.es\/es\/la-climatologia-obliga-a-benilloba-a-suspender-su-mercat-tradicional\/#breadcrumb","itemListElement":[{"@type":"ListItem","position":1,"name":"Portada","item":"https:\/\/www.copealcoy.es\/es\/"},{"@type":"ListItem","position":2,"name":"La climatolog\u00eda obliga a Benilloba a suspender su &#8216;Mercat Tradicional&#8217;"}]},{"@type":"WebSite","@id":"https:\/\/www.copealcoy.es\/es\/#website","url":"https:\/\/www.copealcoy.es\/es\/","name":"COPE Alcoy","description":"Emisora COPE de radio local con emisi\u00f3n online. Pont de Sant Jordi 8-10 03803 Alcoy","potentialAction":[{"@type":"SearchAction","target":{"@type":"EntryPoint","urlTemplate":"https:\/\/www.copealcoy.es\/es\/?s={search_term_string}"},"query-input":{"@type":"PropertyValueSpecification","valueRequired":true,"valueName":"search_term_string"}}],"inLanguage":"es"},{"@type":"Person","@id":"https:\/\/www.copealcoy.es\/es\/#\/schema\/person\/e777c87fa024e57d40170af9df39882c","name":"Cope Alcoy","image":{"@type":"ImageObject","inLanguage":"es","@id":"https:\/\/secure.gravatar.com\/avatar\/bb65d0283347e303893ba14f0692005417c1e0e690a325a4c5d8bb2b3943ee14?s=96&d=mm&r=g","url":"https:\/\/secure.gravatar.com\/avatar\/bb65d0283347e303893ba14f0692005417c1e0e690a325a4c5d8bb2b3943ee14?s=96&d=mm&r=g","contentUrl":"https:\/\/secure.gravatar.com\/avatar\/bb65d0283347e303893ba14f0692005417c1e0e690a325a4c5d8bb2b3943ee14?s=96&d=mm&r=g","caption":"Cope Alcoy"}}]}},"_links":{"self":[{"href":"https:\/\/www.copealcoy.es\/es\/wp-json\/wp\/v2\/posts\/49800","targetHints":{"allow":["GET"]}}],"collection":[{"href":"https:\/\/www.copealcoy.es\/es\/wp-json\/wp\/v2\/posts"}],"about":[{"href":"https:\/\/www.copealcoy.es\/es\/wp-json\/wp\/v2\/types\/post"}],"author":[{"embeddable":true,"href":"https:\/\/www.copealcoy.es\/es\/wp-json\/wp\/v2\/users\/1"}],"replies":[{"embeddable":true,"href":"https:\/\/www.copealcoy.es\/es\/wp-json\/wp\/v2\/comments?post=49800"}],"version-history":[{"count":0,"href":"https:\/\/www.copealcoy.es\/es\/wp-json\/wp\/v2\/posts\/49800\/revisions"}],"wp:featuredmedia":[{"embeddable":true,"href":"https:\/\/www.copealcoy.es\/es\/wp-json\/wp\/v2\/media\/40689"}],"wp:attachment":[{"href":"https:\/\/www.copealcoy.es\/es\/wp-json\/wp\/v2\/media?parent=49800"}],"wp:term":[{"taxonomy":"category","embeddable":true,"href":"https:\/\/www.copealcoy.es\/es\/wp-json\/wp\/v2\/categories?post=49800"},{"taxonomy":"post_tag","embeddable":true,"href":"https:\/\/www.copealcoy.es\/es\/wp-json\/wp\/v2\/tags?post=49800"}],"curies":[{"name":"wp","href":"https:\/\/api.w.org\/{rel}","templated":true}]}}