{"id":49780,"date":"2019-04-18T07:49:11","date_gmt":"2019-04-18T07:49:11","guid":{"rendered":"https:\/\/copealcoi.es\/?p=49780"},"modified":"2019-04-18T07:49:11","modified_gmt":"2019-04-18T07:49:11","slug":"alcoy-se-adentra-en-la-semana-santa-con-el-via-crucis","status":"publish","type":"post","link":"https:\/\/www.copealcoy.es\/es\/alcoy-se-adentra-en-la-semana-santa-con-el-via-crucis\/","title":{"rendered":"Alcoy se adentra en la Semana Santa con el V\u00eda Crucis"},"content":{"rendered":"<p style=\"text-align: justify;\">Alcoy ya vive con intensidad <strong>los d\u00edas centrales de la Semana Santa<\/strong> despu\u00e9s de que en la noche de ayer, <strong>Mi\u00e9rcoles Santo<\/strong>, tuviese lugar el <strong>solemne V\u00eda Crucis<\/strong> por las calles del Centro de la ciudad.<\/p>\n<p style=\"text-align: justify;\">La actividad arranc\u00f3 a \u00faltima hora de la tarde con la celebraci\u00f3n de <strong>una misa solemne<\/strong> en <strong>la iglesia de San Mauro y San Francisco<\/strong> mientras que al finalizar el oficio religioso se produjo <strong>la salida de la imagen de Cristo Crucificado<\/strong>. El <strong>sonido de los tambores<\/strong> marc\u00f3 el paso de esta singular procesi\u00f3n que incluy\u00f3 <strong>el rezo de las catorce estaciones del V\u00eda Crucis<\/strong> por la Plaza Ram\u00f3n y Cajal, la calle San Nicol\u00e1s, la Plaza de Espa\u00f1a y la calle Mayor. Hay que destacar que cada una de ellas estuvo situada en <strong>los estandartes<\/strong> estrenados a\u00f1os atr\u00e1s por <strong>la Cofrad\u00eda del Cristo Yacente y Nuestra Se\u00f1ora de los Dolores<\/strong>, unos banderines que fueron portados <strong>por los penitentes<\/strong> ataviados con su correspondiente h\u00e1bito.<\/p>\n<p style=\"text-align: justify;\">El V\u00eda Crucis <strong>finaliz\u00f3 en la iglesia de Santa Mar\u00eda<\/strong> y discurri\u00f3 en silencio bajo la solemnidad propia de estos d\u00edas de Pasi\u00f3n.<\/p>\n<p><strong>Procesiones y actos religiosos a partir de hoy<\/strong><\/p>\n<p style=\"text-align: justify;\">La <strong>programaci\u00f3n de la Semana Santa Alcoyana<\/strong> seguir\u00e1 hoy, <strong>Jueves Santo<\/strong>, con la celebraci\u00f3n de la <strong>Misa de la Cena del Se\u00f1or<\/strong> en cada templo y la <strong>Procesi\u00f3n del Silencio<\/strong> a partir de las nueve de la noche por las calles de la Zona Alta. Ma\u00f1ana habr\u00e1 varios <strong>V\u00eda Crucis<\/strong> y tras los <strong>Oficios de la Pasi\u00f3n<\/strong> comenzar\u00e1 <strong>la Procesi\u00f3n del Santo Entierro<\/strong> desde la iglesia de Santa Mar\u00eda a las ocho de la noche con la participaci\u00f3n de todas las cofrad\u00edas de la ciudad. El <strong>S\u00e1bado Santo<\/strong> ser\u00e1 el turno de <strong>la Vigilia Pascual<\/strong> y el <strong>Domingo de Pascua<\/strong> el Encuentro entre Cristo Resucitado y la Virgen Mar\u00eda, la matinal <strong>Procesi\u00f3n de &#8216;Els Xiulitets&#8217;<\/strong>, culminar\u00e1n la Semana Santa para dar paso a La Festa.<\/p>\n","protected":false},"excerpt":{"rendered":"<p>Alcoy ya vive con intensidad los d\u00edas centrales de la Semana Santa despu\u00e9s de que en la noche de ayer,&#8230;<\/p>\n","protected":false},"author":1,"featured_media":49781,"comment_status":"open","ping_status":"open","sticky":false,"template":"","format":"standard","meta":{"footnotes":""},"categories":[97,78,75,125],"tags":[1494,5830,745,2043],"class_list":["post-49780","post","type-post","status-publish","format-standard","has-post-thumbnail","hentry","category-alcoy","category-fiestaycultura","category-noticias","category-portada","tag-alcoy","tag-se-adentra","tag-semana-santa","tag-via-crucis"],"yoast_head":"<!-- This site is optimized with the Yoast SEO plugin v27.3 - https:\/\/yoast.com\/product\/yoast-seo-wordpress\/ -->\n<title>Alcoy se adentra en la Semana Santa con el V\u00eda Crucis - COPE Alcoy<\/title>\n<meta name=\"robots\" content=\"index, follow, max-snippet:-1, max-image-preview:large, max-video-preview:-1\" \/>\n<link rel=\"canonical\" href=\"https:\/\/www.copealcoy.es\/es\/alcoy-se-adentra-en-la-semana-santa-con-el-via-crucis\/\" \/>\n<meta property=\"og:locale\" content=\"es_ES\" \/>\n<meta property=\"og:type\" content=\"article\" \/>\n<meta property=\"og:title\" content=\"Alcoy se adentra en la Semana Santa con el V\u00eda Crucis - COPE Alcoy\" \/>\n<meta property=\"og:description\" content=\"Alcoy ya vive con intensidad los d\u00edas centrales de la Semana Santa despu\u00e9s de que en la noche de ayer,...\" \/>\n<meta property=\"og:url\" content=\"https:\/\/www.copealcoy.es\/es\/alcoy-se-adentra-en-la-semana-santa-con-el-via-crucis\/\" \/>\n<meta property=\"og:site_name\" content=\"COPE Alcoy\" \/>\n<meta property=\"article:published_time\" content=\"2019-04-18T07:49:11+00:00\" \/>\n<meta property=\"og:image\" content=\"https:\/\/www.copealcoy.es\/wp-content\/uploads\/2019\/04\/57262737_686978705090743_7932703071275057152_n-1.jpg\" \/>\n\t<meta property=\"og:image:width\" content=\"960\" \/>\n\t<meta property=\"og:image:height\" content=\"720\" \/>\n\t<meta property=\"og:image:type\" content=\"image\/jpeg\" \/>\n<meta name=\"author\" content=\"Cope Alcoy\" \/>\n<meta name=\"twitter:label1\" content=\"Escrito por\" \/>\n\t<meta name=\"twitter:data1\" content=\"Cope Alcoy\" \/>\n\t<meta name=\"twitter:label2\" content=\"Tiempo de lectura\" \/>\n\t<meta name=\"twitter:data2\" content=\"2 minutos\" \/>\n<script type=\"application\/ld+json\" class=\"yoast-schema-graph\">{\"@context\":\"https:\\\/\\\/schema.org\",\"@graph\":[{\"@type\":\"Article\",\"@id\":\"https:\\\/\\\/www.copealcoy.es\\\/es\\\/alcoy-se-adentra-en-la-semana-santa-con-el-via-crucis\\\/#article\",\"isPartOf\":{\"@id\":\"https:\\\/\\\/www.copealcoy.es\\\/es\\\/alcoy-se-adentra-en-la-semana-santa-con-el-via-crucis\\\/\"},\"author\":{\"name\":\"Cope Alcoy\",\"@id\":\"https:\\\/\\\/www.copealcoy.es\\\/es\\\/#\\\/schema\\\/person\\\/e777c87fa024e57d40170af9df39882c\"},\"headline\":\"Alcoy se adentra en la Semana Santa con el V\u00eda Crucis\",\"datePublished\":\"2019-04-18T07:49:11+00:00\",\"mainEntityOfPage\":{\"@id\":\"https:\\\/\\\/www.copealcoy.es\\\/es\\\/alcoy-se-adentra-en-la-semana-santa-con-el-via-crucis\\\/\"},\"wordCount\":362,\"commentCount\":0,\"image\":{\"@id\":\"https:\\\/\\\/www.copealcoy.es\\\/es\\\/alcoy-se-adentra-en-la-semana-santa-con-el-via-crucis\\\/#primaryimage\"},\"thumbnailUrl\":\"https:\\\/\\\/www.copealcoy.es\\\/wp-content\\\/uploads\\\/2019\\\/04\\\/57262737_686978705090743_7932703071275057152_n-1.jpg\",\"keywords\":[\"Alcoy\",\"se adentra\",\"Semana Santa\",\"V\u00eda Crucis\"],\"articleSection\":[\"Alcoy\",\"Fiesta y Cultura\",\"Noticias\",\"Portada\"],\"inLanguage\":\"es\"},{\"@type\":\"WebPage\",\"@id\":\"https:\\\/\\\/www.copealcoy.es\\\/es\\\/alcoy-se-adentra-en-la-semana-santa-con-el-via-crucis\\\/\",\"url\":\"https:\\\/\\\/www.copealcoy.es\\\/es\\\/alcoy-se-adentra-en-la-semana-santa-con-el-via-crucis\\\/\",\"name\":\"Alcoy se adentra en la Semana Santa con el V\u00eda Crucis - COPE Alcoy\",\"isPartOf\":{\"@id\":\"https:\\\/\\\/www.copealcoy.es\\\/es\\\/#website\"},\"primaryImageOfPage\":{\"@id\":\"https:\\\/\\\/www.copealcoy.es\\\/es\\\/alcoy-se-adentra-en-la-semana-santa-con-el-via-crucis\\\/#primaryimage\"},\"image\":{\"@id\":\"https:\\\/\\\/www.copealcoy.es\\\/es\\\/alcoy-se-adentra-en-la-semana-santa-con-el-via-crucis\\\/#primaryimage\"},\"thumbnailUrl\":\"https:\\\/\\\/www.copealcoy.es\\\/wp-content\\\/uploads\\\/2019\\\/04\\\/57262737_686978705090743_7932703071275057152_n-1.jpg\",\"datePublished\":\"2019-04-18T07:49:11+00:00\",\"author\":{\"@id\":\"https:\\\/\\\/www.copealcoy.es\\\/es\\\/#\\\/schema\\\/person\\\/e777c87fa024e57d40170af9df39882c\"},\"breadcrumb\":{\"@id\":\"https:\\\/\\\/www.copealcoy.es\\\/es\\\/alcoy-se-adentra-en-la-semana-santa-con-el-via-crucis\\\/#breadcrumb\"},\"inLanguage\":\"es\",\"potentialAction\":[{\"@type\":\"ReadAction\",\"target\":[\"https:\\\/\\\/www.copealcoy.es\\\/es\\\/alcoy-se-adentra-en-la-semana-santa-con-el-via-crucis\\\/\"]}]},{\"@type\":\"ImageObject\",\"inLanguage\":\"es\",\"@id\":\"https:\\\/\\\/www.copealcoy.es\\\/es\\\/alcoy-se-adentra-en-la-semana-santa-con-el-via-crucis\\\/#primaryimage\",\"url\":\"https:\\\/\\\/www.copealcoy.es\\\/wp-content\\\/uploads\\\/2019\\\/04\\\/57262737_686978705090743_7932703071275057152_n-1.jpg\",\"contentUrl\":\"https:\\\/\\\/www.copealcoy.es\\\/wp-content\\\/uploads\\\/2019\\\/04\\\/57262737_686978705090743_7932703071275057152_n-1.jpg\",\"width\":960,\"height\":720,\"caption\":\"El Cristo Crucificado tom\u00f3 ayer las calles de Alcoy\"},{\"@type\":\"BreadcrumbList\",\"@id\":\"https:\\\/\\\/www.copealcoy.es\\\/es\\\/alcoy-se-adentra-en-la-semana-santa-con-el-via-crucis\\\/#breadcrumb\",\"itemListElement\":[{\"@type\":\"ListItem\",\"position\":1,\"name\":\"Portada\",\"item\":\"https:\\\/\\\/www.copealcoy.es\\\/es\\\/\"},{\"@type\":\"ListItem\",\"position\":2,\"name\":\"Alcoy se adentra en la Semana Santa con el V\u00eda Crucis\"}]},{\"@type\":\"WebSite\",\"@id\":\"https:\\\/\\\/www.copealcoy.es\\\/es\\\/#website\",\"url\":\"https:\\\/\\\/www.copealcoy.es\\\/es\\\/\",\"name\":\"COPE Alcoy\",\"description\":\"Emisora COPE de radio local con emisi\u00f3n online. Pont de Sant Jordi 8-10 03803 Alcoy\",\"potentialAction\":[{\"@type\":\"SearchAction\",\"target\":{\"@type\":\"EntryPoint\",\"urlTemplate\":\"https:\\\/\\\/www.copealcoy.es\\\/es\\\/?s={search_term_string}\"},\"query-input\":{\"@type\":\"PropertyValueSpecification\",\"valueRequired\":true,\"valueName\":\"search_term_string\"}}],\"inLanguage\":\"es\"},{\"@type\":\"Person\",\"@id\":\"https:\\\/\\\/www.copealcoy.es\\\/es\\\/#\\\/schema\\\/person\\\/e777c87fa024e57d40170af9df39882c\",\"name\":\"Cope Alcoy\",\"image\":{\"@type\":\"ImageObject\",\"inLanguage\":\"es\",\"@id\":\"https:\\\/\\\/secure.gravatar.com\\\/avatar\\\/bb65d0283347e303893ba14f0692005417c1e0e690a325a4c5d8bb2b3943ee14?s=96&d=mm&r=g\",\"url\":\"https:\\\/\\\/secure.gravatar.com\\\/avatar\\\/bb65d0283347e303893ba14f0692005417c1e0e690a325a4c5d8bb2b3943ee14?s=96&d=mm&r=g\",\"contentUrl\":\"https:\\\/\\\/secure.gravatar.com\\\/avatar\\\/bb65d0283347e303893ba14f0692005417c1e0e690a325a4c5d8bb2b3943ee14?s=96&d=mm&r=g\",\"caption\":\"Cope Alcoy\"}}]}<\/script>\n<!-- \/ Yoast SEO plugin. -->","yoast_head_json":{"title":"Alcoy se adentra en la Semana Santa con el V\u00eda Crucis - COPE Alcoy","robots":{"index":"index","follow":"follow","max-snippet":"max-snippet:-1","max-image-preview":"max-image-preview:large","max-video-preview":"max-video-preview:-1"},"canonical":"https:\/\/www.copealcoy.es\/es\/alcoy-se-adentra-en-la-semana-santa-con-el-via-crucis\/","og_locale":"es_ES","og_type":"article","og_title":"Alcoy se adentra en la Semana Santa con el V\u00eda Crucis - COPE Alcoy","og_description":"Alcoy ya vive con intensidad los d\u00edas centrales de la Semana Santa despu\u00e9s de que en la noche de ayer,...","og_url":"https:\/\/www.copealcoy.es\/es\/alcoy-se-adentra-en-la-semana-santa-con-el-via-crucis\/","og_site_name":"COPE Alcoy","article_published_time":"2019-04-18T07:49:11+00:00","og_image":[{"width":960,"height":720,"url":"https:\/\/www.copealcoy.es\/wp-content\/uploads\/2019\/04\/57262737_686978705090743_7932703071275057152_n-1.jpg","type":"image\/jpeg"}],"author":"Cope Alcoy","twitter_misc":{"Escrito por":"Cope Alcoy","Tiempo de lectura":"2 minutos"},"schema":{"@context":"https:\/\/schema.org","@graph":[{"@type":"Article","@id":"https:\/\/www.copealcoy.es\/es\/alcoy-se-adentra-en-la-semana-santa-con-el-via-crucis\/#article","isPartOf":{"@id":"https:\/\/www.copealcoy.es\/es\/alcoy-se-adentra-en-la-semana-santa-con-el-via-crucis\/"},"author":{"name":"Cope Alcoy","@id":"https:\/\/www.copealcoy.es\/es\/#\/schema\/person\/e777c87fa024e57d40170af9df39882c"},"headline":"Alcoy se adentra en la Semana Santa con el V\u00eda Crucis","datePublished":"2019-04-18T07:49:11+00:00","mainEntityOfPage":{"@id":"https:\/\/www.copealcoy.es\/es\/alcoy-se-adentra-en-la-semana-santa-con-el-via-crucis\/"},"wordCount":362,"commentCount":0,"image":{"@id":"https:\/\/www.copealcoy.es\/es\/alcoy-se-adentra-en-la-semana-santa-con-el-via-crucis\/#primaryimage"},"thumbnailUrl":"https:\/\/www.copealcoy.es\/wp-content\/uploads\/2019\/04\/57262737_686978705090743_7932703071275057152_n-1.jpg","keywords":["Alcoy","se adentra","Semana Santa","V\u00eda Crucis"],"articleSection":["Alcoy","Fiesta y Cultura","Noticias","Portada"],"inLanguage":"es"},{"@type":"WebPage","@id":"https:\/\/www.copealcoy.es\/es\/alcoy-se-adentra-en-la-semana-santa-con-el-via-crucis\/","url":"https:\/\/www.copealcoy.es\/es\/alcoy-se-adentra-en-la-semana-santa-con-el-via-crucis\/","name":"Alcoy se adentra en la Semana Santa con el V\u00eda Crucis - COPE Alcoy","isPartOf":{"@id":"https:\/\/www.copealcoy.es\/es\/#website"},"primaryImageOfPage":{"@id":"https:\/\/www.copealcoy.es\/es\/alcoy-se-adentra-en-la-semana-santa-con-el-via-crucis\/#primaryimage"},"image":{"@id":"https:\/\/www.copealcoy.es\/es\/alcoy-se-adentra-en-la-semana-santa-con-el-via-crucis\/#primaryimage"},"thumbnailUrl":"https:\/\/www.copealcoy.es\/wp-content\/uploads\/2019\/04\/57262737_686978705090743_7932703071275057152_n-1.jpg","datePublished":"2019-04-18T07:49:11+00:00","author":{"@id":"https:\/\/www.copealcoy.es\/es\/#\/schema\/person\/e777c87fa024e57d40170af9df39882c"},"breadcrumb":{"@id":"https:\/\/www.copealcoy.es\/es\/alcoy-se-adentra-en-la-semana-santa-con-el-via-crucis\/#breadcrumb"},"inLanguage":"es","potentialAction":[{"@type":"ReadAction","target":["https:\/\/www.copealcoy.es\/es\/alcoy-se-adentra-en-la-semana-santa-con-el-via-crucis\/"]}]},{"@type":"ImageObject","inLanguage":"es","@id":"https:\/\/www.copealcoy.es\/es\/alcoy-se-adentra-en-la-semana-santa-con-el-via-crucis\/#primaryimage","url":"https:\/\/www.copealcoy.es\/wp-content\/uploads\/2019\/04\/57262737_686978705090743_7932703071275057152_n-1.jpg","contentUrl":"https:\/\/www.copealcoy.es\/wp-content\/uploads\/2019\/04\/57262737_686978705090743_7932703071275057152_n-1.jpg","width":960,"height":720,"caption":"El Cristo Crucificado tom\u00f3 ayer las calles de Alcoy"},{"@type":"BreadcrumbList","@id":"https:\/\/www.copealcoy.es\/es\/alcoy-se-adentra-en-la-semana-santa-con-el-via-crucis\/#breadcrumb","itemListElement":[{"@type":"ListItem","position":1,"name":"Portada","item":"https:\/\/www.copealcoy.es\/es\/"},{"@type":"ListItem","position":2,"name":"Alcoy se adentra en la Semana Santa con el V\u00eda Crucis"}]},{"@type":"WebSite","@id":"https:\/\/www.copealcoy.es\/es\/#website","url":"https:\/\/www.copealcoy.es\/es\/","name":"COPE Alcoy","description":"Emisora COPE de radio local con emisi\u00f3n online. Pont de Sant Jordi 8-10 03803 Alcoy","potentialAction":[{"@type":"SearchAction","target":{"@type":"EntryPoint","urlTemplate":"https:\/\/www.copealcoy.es\/es\/?s={search_term_string}"},"query-input":{"@type":"PropertyValueSpecification","valueRequired":true,"valueName":"search_term_string"}}],"inLanguage":"es"},{"@type":"Person","@id":"https:\/\/www.copealcoy.es\/es\/#\/schema\/person\/e777c87fa024e57d40170af9df39882c","name":"Cope Alcoy","image":{"@type":"ImageObject","inLanguage":"es","@id":"https:\/\/secure.gravatar.com\/avatar\/bb65d0283347e303893ba14f0692005417c1e0e690a325a4c5d8bb2b3943ee14?s=96&d=mm&r=g","url":"https:\/\/secure.gravatar.com\/avatar\/bb65d0283347e303893ba14f0692005417c1e0e690a325a4c5d8bb2b3943ee14?s=96&d=mm&r=g","contentUrl":"https:\/\/secure.gravatar.com\/avatar\/bb65d0283347e303893ba14f0692005417c1e0e690a325a4c5d8bb2b3943ee14?s=96&d=mm&r=g","caption":"Cope Alcoy"}}]}},"_links":{"self":[{"href":"https:\/\/www.copealcoy.es\/es\/wp-json\/wp\/v2\/posts\/49780","targetHints":{"allow":["GET"]}}],"collection":[{"href":"https:\/\/www.copealcoy.es\/es\/wp-json\/wp\/v2\/posts"}],"about":[{"href":"https:\/\/www.copealcoy.es\/es\/wp-json\/wp\/v2\/types\/post"}],"author":[{"embeddable":true,"href":"https:\/\/www.copealcoy.es\/es\/wp-json\/wp\/v2\/users\/1"}],"replies":[{"embeddable":true,"href":"https:\/\/www.copealcoy.es\/es\/wp-json\/wp\/v2\/comments?post=49780"}],"version-history":[{"count":0,"href":"https:\/\/www.copealcoy.es\/es\/wp-json\/wp\/v2\/posts\/49780\/revisions"}],"wp:featuredmedia":[{"embeddable":true,"href":"https:\/\/www.copealcoy.es\/es\/wp-json\/wp\/v2\/media\/49781"}],"wp:attachment":[{"href":"https:\/\/www.copealcoy.es\/es\/wp-json\/wp\/v2\/media?parent=49780"}],"wp:term":[{"taxonomy":"category","embeddable":true,"href":"https:\/\/www.copealcoy.es\/es\/wp-json\/wp\/v2\/categories?post=49780"},{"taxonomy":"post_tag","embeddable":true,"href":"https:\/\/www.copealcoy.es\/es\/wp-json\/wp\/v2\/tags?post=49780"}],"curies":[{"name":"wp","href":"https:\/\/api.w.org\/{rel}","templated":true}]}}