{"id":49763,"date":"2019-04-17T15:24:40","date_gmt":"2019-04-17T15:24:40","guid":{"rendered":"https:\/\/copealcoi.es\/?p=49763"},"modified":"2019-04-17T15:24:40","modified_gmt":"2019-04-17T15:24:40","slug":"la-ocupacion-turistica-de-interior-para-semana-santa-roza-el-90","status":"publish","type":"post","link":"https:\/\/www.copealcoy.es\/es\/la-ocupacion-turistica-de-interior-para-semana-santa-roza-el-90\/","title":{"rendered":"La ocupaci\u00f3n tur\u00edstica de interior para Semana Santa roza el 90%"},"content":{"rendered":"<p style=\"text-align: justify;\">La <strong>ocupaci\u00f3n tur\u00edstica<\/strong> para la <strong>Semana Santa<\/strong> en el <strong>interior de nuestra provincia<\/strong> roza en estos momentos <strong>el 90%<\/strong> seg\u00fan las cifras que maneja la <strong>Asociaci\u00f3n de Turismo Alicante Interior<\/strong>.<\/p>\n<p style=\"text-align: justify;\">El colectivo se\u00f1ala que <strong>la mayor\u00eda de turistas<\/strong> que se acercan a nuestra zona en estos d\u00edas <strong>proceden de otros puntos de la Comunidad Valenciana<\/strong> al mismo tiempo que indican que estos <strong>buscan disfrutar de nuestro entorno natural<\/strong> as\u00ed como de de <strong>la Semana Santa<\/strong>, los actos previos de nuestras <strong>Fiestas de Moros y Cristianos<\/strong> e incluso este a\u00f1o la <strong>Festividad de la Mare de D\u00e9u del Miracle<\/strong> de Cocentaina al coincidir la misma en plena Pascua.\u00a0Los visitantes son, mayormente, <strong>parejas j\u00f3venes, grupos de amigos y familias<\/strong>.<\/p>\n<p style=\"text-align: justify;\">La Presidenta en funciones de Alicante Interior, <strong>Indira Amaya<\/strong>, se\u00f1ala que <strong>estas cifras de ocupaci\u00f3n<\/strong> se dan en los <strong>alojamientos rurales<\/strong> pero tambi\u00e9n en <strong>los establecimientos hosteleros del casco urbano<\/strong> de Alcoy y las localidades m\u00e1s grandes de la comarca &#8220;<em>si el tiempo no se complica tanto, tal y como apuntan las previsiones meteorol\u00f3gicas, estas cifras podr\u00edan incluso subir ligeramente debido a las reservas de \u00faltima hora<\/em>&#8220;, asevera.<\/p>\n<p style=\"text-align: justify;\">Se\u00f1alar que desde <strong>la Asociaci\u00f3n Serra de Mariola<\/strong> tambi\u00e9n prev\u00e9n <strong>una ocupaci\u00f3n similar<\/strong> para los d\u00edas de Semana Santa al igual que recuerdan que durante el <strong>pasado a\u00f1o<\/strong> se registraron en <strong>estas fechas<\/strong> unas <strong>8.000 visitas<\/strong> a las oficinas de turismo de las poblaciones integradas en el colectivo. Recordar que <strong>los municipios integrados<\/strong> en esta entidad son Alcoy, Cocentaina, Muro, Banyeres de Mariola, Agres, Alfafara, Bocairent y Agullent.<\/p>\n","protected":false},"excerpt":{"rendered":"<p>La ocupaci\u00f3n tur\u00edstica para la Semana Santa en el interior de nuestra provincia roza en estos momentos el 90% seg\u00fan&#8230;<\/p>\n","protected":false},"author":1,"featured_media":12501,"comment_status":"open","ping_status":"open","sticky":false,"template":"","format":"standard","meta":{"footnotes":""},"categories":[97,75,79,125],"tags":[5502,1256,4001,345,745],"class_list":["post-49763","post","type-post","status-publish","format-standard","has-post-thumbnail","hentry","category-alcoy","category-noticias","category-politicayeconomia","category-portada","tag-5502","tag-interior","tag-ocupacion-turistica","tag-roza","tag-semana-santa"],"yoast_head":"<!-- This site is optimized with the Yoast SEO plugin v27.3 - https:\/\/yoast.com\/product\/yoast-seo-wordpress\/ -->\n<title>La ocupaci\u00f3n tur\u00edstica de interior para Semana Santa roza el 90% - COPE Alcoy<\/title>\n<meta name=\"robots\" content=\"index, follow, max-snippet:-1, max-image-preview:large, max-video-preview:-1\" \/>\n<link rel=\"canonical\" href=\"https:\/\/www.copealcoy.es\/es\/la-ocupacion-turistica-de-interior-para-semana-santa-roza-el-90\/\" \/>\n<meta property=\"og:locale\" content=\"es_ES\" \/>\n<meta property=\"og:type\" content=\"article\" \/>\n<meta property=\"og:title\" content=\"La ocupaci\u00f3n tur\u00edstica de interior para Semana Santa roza el 90% - COPE Alcoy\" \/>\n<meta property=\"og:description\" content=\"La ocupaci\u00f3n tur\u00edstica para la Semana Santa en el interior de nuestra provincia roza en estos momentos el 90% seg\u00fan...\" \/>\n<meta property=\"og:url\" content=\"https:\/\/www.copealcoy.es\/es\/la-ocupacion-turistica-de-interior-para-semana-santa-roza-el-90\/\" \/>\n<meta property=\"og:site_name\" content=\"COPE Alcoy\" \/>\n<meta property=\"article:published_time\" content=\"2019-04-17T15:24:40+00:00\" \/>\n<meta property=\"og:image\" content=\"https:\/\/www.copealcoy.es\/wp-content\/uploads\/2015\/04\/VistaAgres1.jpg\" \/>\n\t<meta property=\"og:image:width\" content=\"600\" \/>\n\t<meta property=\"og:image:height\" content=\"400\" \/>\n\t<meta property=\"og:image:type\" content=\"image\/jpeg\" \/>\n<meta name=\"author\" content=\"Cope Alcoy\" \/>\n<meta name=\"twitter:label1\" content=\"Escrito por\" \/>\n\t<meta name=\"twitter:data1\" content=\"Cope Alcoy\" \/>\n\t<meta name=\"twitter:label2\" content=\"Tiempo de lectura\" \/>\n\t<meta name=\"twitter:data2\" content=\"1 minuto\" \/>\n<script type=\"application\/ld+json\" class=\"yoast-schema-graph\">{\"@context\":\"https:\\\/\\\/schema.org\",\"@graph\":[{\"@type\":\"Article\",\"@id\":\"https:\\\/\\\/www.copealcoy.es\\\/es\\\/la-ocupacion-turistica-de-interior-para-semana-santa-roza-el-90\\\/#article\",\"isPartOf\":{\"@id\":\"https:\\\/\\\/www.copealcoy.es\\\/es\\\/la-ocupacion-turistica-de-interior-para-semana-santa-roza-el-90\\\/\"},\"author\":{\"name\":\"Cope Alcoy\",\"@id\":\"https:\\\/\\\/www.copealcoy.es\\\/es\\\/#\\\/schema\\\/person\\\/e777c87fa024e57d40170af9df39882c\"},\"headline\":\"La ocupaci\u00f3n tur\u00edstica de interior para Semana Santa roza el 90%\",\"datePublished\":\"2019-04-17T15:24:40+00:00\",\"mainEntityOfPage\":{\"@id\":\"https:\\\/\\\/www.copealcoy.es\\\/es\\\/la-ocupacion-turistica-de-interior-para-semana-santa-roza-el-90\\\/\"},\"wordCount\":287,\"commentCount\":0,\"image\":{\"@id\":\"https:\\\/\\\/www.copealcoy.es\\\/es\\\/la-ocupacion-turistica-de-interior-para-semana-santa-roza-el-90\\\/#primaryimage\"},\"thumbnailUrl\":\"https:\\\/\\\/www.copealcoy.es\\\/wp-content\\\/uploads\\\/2015\\\/04\\\/VistaAgres1.jpg\",\"keywords\":[\"100%\",\"interior\",\"ocupaci\u00f3n tur\u00edstica\",\"roza\",\"Semana Santa\"],\"articleSection\":[\"Alcoy\",\"Noticias\",\"Pol\u00edtica y Econom\u00eda\",\"Portada\"],\"inLanguage\":\"es\"},{\"@type\":\"WebPage\",\"@id\":\"https:\\\/\\\/www.copealcoy.es\\\/es\\\/la-ocupacion-turistica-de-interior-para-semana-santa-roza-el-90\\\/\",\"url\":\"https:\\\/\\\/www.copealcoy.es\\\/es\\\/la-ocupacion-turistica-de-interior-para-semana-santa-roza-el-90\\\/\",\"name\":\"La ocupaci\u00f3n tur\u00edstica de interior para Semana Santa roza el 90% - COPE Alcoy\",\"isPartOf\":{\"@id\":\"https:\\\/\\\/www.copealcoy.es\\\/es\\\/#website\"},\"primaryImageOfPage\":{\"@id\":\"https:\\\/\\\/www.copealcoy.es\\\/es\\\/la-ocupacion-turistica-de-interior-para-semana-santa-roza-el-90\\\/#primaryimage\"},\"image\":{\"@id\":\"https:\\\/\\\/www.copealcoy.es\\\/es\\\/la-ocupacion-turistica-de-interior-para-semana-santa-roza-el-90\\\/#primaryimage\"},\"thumbnailUrl\":\"https:\\\/\\\/www.copealcoy.es\\\/wp-content\\\/uploads\\\/2015\\\/04\\\/VistaAgres1.jpg\",\"datePublished\":\"2019-04-17T15:24:40+00:00\",\"author\":{\"@id\":\"https:\\\/\\\/www.copealcoy.es\\\/es\\\/#\\\/schema\\\/person\\\/e777c87fa024e57d40170af9df39882c\"},\"breadcrumb\":{\"@id\":\"https:\\\/\\\/www.copealcoy.es\\\/es\\\/la-ocupacion-turistica-de-interior-para-semana-santa-roza-el-90\\\/#breadcrumb\"},\"inLanguage\":\"es\",\"potentialAction\":[{\"@type\":\"ReadAction\",\"target\":[\"https:\\\/\\\/www.copealcoy.es\\\/es\\\/la-ocupacion-turistica-de-interior-para-semana-santa-roza-el-90\\\/\"]}]},{\"@type\":\"ImageObject\",\"inLanguage\":\"es\",\"@id\":\"https:\\\/\\\/www.copealcoy.es\\\/es\\\/la-ocupacion-turistica-de-interior-para-semana-santa-roza-el-90\\\/#primaryimage\",\"url\":\"https:\\\/\\\/www.copealcoy.es\\\/wp-content\\\/uploads\\\/2015\\\/04\\\/VistaAgres1.jpg\",\"contentUrl\":\"https:\\\/\\\/www.copealcoy.es\\\/wp-content\\\/uploads\\\/2015\\\/04\\\/VistaAgres1.jpg\",\"width\":600,\"height\":400},{\"@type\":\"BreadcrumbList\",\"@id\":\"https:\\\/\\\/www.copealcoy.es\\\/es\\\/la-ocupacion-turistica-de-interior-para-semana-santa-roza-el-90\\\/#breadcrumb\",\"itemListElement\":[{\"@type\":\"ListItem\",\"position\":1,\"name\":\"Portada\",\"item\":\"https:\\\/\\\/www.copealcoy.es\\\/es\\\/\"},{\"@type\":\"ListItem\",\"position\":2,\"name\":\"La ocupaci\u00f3n tur\u00edstica de interior para Semana Santa roza el 90%\"}]},{\"@type\":\"WebSite\",\"@id\":\"https:\\\/\\\/www.copealcoy.es\\\/es\\\/#website\",\"url\":\"https:\\\/\\\/www.copealcoy.es\\\/es\\\/\",\"name\":\"COPE Alcoy\",\"description\":\"Emisora COPE de radio local con emisi\u00f3n online. Pont de Sant Jordi 8-10 03803 Alcoy\",\"potentialAction\":[{\"@type\":\"SearchAction\",\"target\":{\"@type\":\"EntryPoint\",\"urlTemplate\":\"https:\\\/\\\/www.copealcoy.es\\\/es\\\/?s={search_term_string}\"},\"query-input\":{\"@type\":\"PropertyValueSpecification\",\"valueRequired\":true,\"valueName\":\"search_term_string\"}}],\"inLanguage\":\"es\"},{\"@type\":\"Person\",\"@id\":\"https:\\\/\\\/www.copealcoy.es\\\/es\\\/#\\\/schema\\\/person\\\/e777c87fa024e57d40170af9df39882c\",\"name\":\"Cope Alcoy\",\"image\":{\"@type\":\"ImageObject\",\"inLanguage\":\"es\",\"@id\":\"https:\\\/\\\/secure.gravatar.com\\\/avatar\\\/bb65d0283347e303893ba14f0692005417c1e0e690a325a4c5d8bb2b3943ee14?s=96&d=mm&r=g\",\"url\":\"https:\\\/\\\/secure.gravatar.com\\\/avatar\\\/bb65d0283347e303893ba14f0692005417c1e0e690a325a4c5d8bb2b3943ee14?s=96&d=mm&r=g\",\"contentUrl\":\"https:\\\/\\\/secure.gravatar.com\\\/avatar\\\/bb65d0283347e303893ba14f0692005417c1e0e690a325a4c5d8bb2b3943ee14?s=96&d=mm&r=g\",\"caption\":\"Cope Alcoy\"}}]}<\/script>\n<!-- \/ Yoast SEO plugin. -->","yoast_head_json":{"title":"La ocupaci\u00f3n tur\u00edstica de interior para Semana Santa roza el 90% - COPE Alcoy","robots":{"index":"index","follow":"follow","max-snippet":"max-snippet:-1","max-image-preview":"max-image-preview:large","max-video-preview":"max-video-preview:-1"},"canonical":"https:\/\/www.copealcoy.es\/es\/la-ocupacion-turistica-de-interior-para-semana-santa-roza-el-90\/","og_locale":"es_ES","og_type":"article","og_title":"La ocupaci\u00f3n tur\u00edstica de interior para Semana Santa roza el 90% - COPE Alcoy","og_description":"La ocupaci\u00f3n tur\u00edstica para la Semana Santa en el interior de nuestra provincia roza en estos momentos el 90% seg\u00fan...","og_url":"https:\/\/www.copealcoy.es\/es\/la-ocupacion-turistica-de-interior-para-semana-santa-roza-el-90\/","og_site_name":"COPE Alcoy","article_published_time":"2019-04-17T15:24:40+00:00","og_image":[{"width":600,"height":400,"url":"https:\/\/www.copealcoy.es\/wp-content\/uploads\/2015\/04\/VistaAgres1.jpg","type":"image\/jpeg"}],"author":"Cope Alcoy","twitter_misc":{"Escrito por":"Cope Alcoy","Tiempo de lectura":"1 minuto"},"schema":{"@context":"https:\/\/schema.org","@graph":[{"@type":"Article","@id":"https:\/\/www.copealcoy.es\/es\/la-ocupacion-turistica-de-interior-para-semana-santa-roza-el-90\/#article","isPartOf":{"@id":"https:\/\/www.copealcoy.es\/es\/la-ocupacion-turistica-de-interior-para-semana-santa-roza-el-90\/"},"author":{"name":"Cope Alcoy","@id":"https:\/\/www.copealcoy.es\/es\/#\/schema\/person\/e777c87fa024e57d40170af9df39882c"},"headline":"La ocupaci\u00f3n tur\u00edstica de interior para Semana Santa roza el 90%","datePublished":"2019-04-17T15:24:40+00:00","mainEntityOfPage":{"@id":"https:\/\/www.copealcoy.es\/es\/la-ocupacion-turistica-de-interior-para-semana-santa-roza-el-90\/"},"wordCount":287,"commentCount":0,"image":{"@id":"https:\/\/www.copealcoy.es\/es\/la-ocupacion-turistica-de-interior-para-semana-santa-roza-el-90\/#primaryimage"},"thumbnailUrl":"https:\/\/www.copealcoy.es\/wp-content\/uploads\/2015\/04\/VistaAgres1.jpg","keywords":["100%","interior","ocupaci\u00f3n tur\u00edstica","roza","Semana Santa"],"articleSection":["Alcoy","Noticias","Pol\u00edtica y Econom\u00eda","Portada"],"inLanguage":"es"},{"@type":"WebPage","@id":"https:\/\/www.copealcoy.es\/es\/la-ocupacion-turistica-de-interior-para-semana-santa-roza-el-90\/","url":"https:\/\/www.copealcoy.es\/es\/la-ocupacion-turistica-de-interior-para-semana-santa-roza-el-90\/","name":"La ocupaci\u00f3n tur\u00edstica de interior para Semana Santa roza el 90% - COPE Alcoy","isPartOf":{"@id":"https:\/\/www.copealcoy.es\/es\/#website"},"primaryImageOfPage":{"@id":"https:\/\/www.copealcoy.es\/es\/la-ocupacion-turistica-de-interior-para-semana-santa-roza-el-90\/#primaryimage"},"image":{"@id":"https:\/\/www.copealcoy.es\/es\/la-ocupacion-turistica-de-interior-para-semana-santa-roza-el-90\/#primaryimage"},"thumbnailUrl":"https:\/\/www.copealcoy.es\/wp-content\/uploads\/2015\/04\/VistaAgres1.jpg","datePublished":"2019-04-17T15:24:40+00:00","author":{"@id":"https:\/\/www.copealcoy.es\/es\/#\/schema\/person\/e777c87fa024e57d40170af9df39882c"},"breadcrumb":{"@id":"https:\/\/www.copealcoy.es\/es\/la-ocupacion-turistica-de-interior-para-semana-santa-roza-el-90\/#breadcrumb"},"inLanguage":"es","potentialAction":[{"@type":"ReadAction","target":["https:\/\/www.copealcoy.es\/es\/la-ocupacion-turistica-de-interior-para-semana-santa-roza-el-90\/"]}]},{"@type":"ImageObject","inLanguage":"es","@id":"https:\/\/www.copealcoy.es\/es\/la-ocupacion-turistica-de-interior-para-semana-santa-roza-el-90\/#primaryimage","url":"https:\/\/www.copealcoy.es\/wp-content\/uploads\/2015\/04\/VistaAgres1.jpg","contentUrl":"https:\/\/www.copealcoy.es\/wp-content\/uploads\/2015\/04\/VistaAgres1.jpg","width":600,"height":400},{"@type":"BreadcrumbList","@id":"https:\/\/www.copealcoy.es\/es\/la-ocupacion-turistica-de-interior-para-semana-santa-roza-el-90\/#breadcrumb","itemListElement":[{"@type":"ListItem","position":1,"name":"Portada","item":"https:\/\/www.copealcoy.es\/es\/"},{"@type":"ListItem","position":2,"name":"La ocupaci\u00f3n tur\u00edstica de interior para Semana Santa roza el 90%"}]},{"@type":"WebSite","@id":"https:\/\/www.copealcoy.es\/es\/#website","url":"https:\/\/www.copealcoy.es\/es\/","name":"COPE Alcoy","description":"Emisora COPE de radio local con emisi\u00f3n online. Pont de Sant Jordi 8-10 03803 Alcoy","potentialAction":[{"@type":"SearchAction","target":{"@type":"EntryPoint","urlTemplate":"https:\/\/www.copealcoy.es\/es\/?s={search_term_string}"},"query-input":{"@type":"PropertyValueSpecification","valueRequired":true,"valueName":"search_term_string"}}],"inLanguage":"es"},{"@type":"Person","@id":"https:\/\/www.copealcoy.es\/es\/#\/schema\/person\/e777c87fa024e57d40170af9df39882c","name":"Cope Alcoy","image":{"@type":"ImageObject","inLanguage":"es","@id":"https:\/\/secure.gravatar.com\/avatar\/bb65d0283347e303893ba14f0692005417c1e0e690a325a4c5d8bb2b3943ee14?s=96&d=mm&r=g","url":"https:\/\/secure.gravatar.com\/avatar\/bb65d0283347e303893ba14f0692005417c1e0e690a325a4c5d8bb2b3943ee14?s=96&d=mm&r=g","contentUrl":"https:\/\/secure.gravatar.com\/avatar\/bb65d0283347e303893ba14f0692005417c1e0e690a325a4c5d8bb2b3943ee14?s=96&d=mm&r=g","caption":"Cope Alcoy"}}]}},"_links":{"self":[{"href":"https:\/\/www.copealcoy.es\/es\/wp-json\/wp\/v2\/posts\/49763","targetHints":{"allow":["GET"]}}],"collection":[{"href":"https:\/\/www.copealcoy.es\/es\/wp-json\/wp\/v2\/posts"}],"about":[{"href":"https:\/\/www.copealcoy.es\/es\/wp-json\/wp\/v2\/types\/post"}],"author":[{"embeddable":true,"href":"https:\/\/www.copealcoy.es\/es\/wp-json\/wp\/v2\/users\/1"}],"replies":[{"embeddable":true,"href":"https:\/\/www.copealcoy.es\/es\/wp-json\/wp\/v2\/comments?post=49763"}],"version-history":[{"count":0,"href":"https:\/\/www.copealcoy.es\/es\/wp-json\/wp\/v2\/posts\/49763\/revisions"}],"wp:featuredmedia":[{"embeddable":true,"href":"https:\/\/www.copealcoy.es\/es\/wp-json\/wp\/v2\/media\/12501"}],"wp:attachment":[{"href":"https:\/\/www.copealcoy.es\/es\/wp-json\/wp\/v2\/media?parent=49763"}],"wp:term":[{"taxonomy":"category","embeddable":true,"href":"https:\/\/www.copealcoy.es\/es\/wp-json\/wp\/v2\/categories?post=49763"},{"taxonomy":"post_tag","embeddable":true,"href":"https:\/\/www.copealcoy.es\/es\/wp-json\/wp\/v2\/tags?post=49763"}],"curies":[{"name":"wp","href":"https:\/\/api.w.org\/{rel}","templated":true}]}}