{"id":49702,"date":"2019-04-15T15:13:02","date_gmt":"2019-04-15T15:13:02","guid":{"rendered":"https:\/\/copealcoi.es\/?p=49702"},"modified":"2019-04-15T15:13:02","modified_gmt":"2019-04-15T15:13:02","slug":"cocentaina-registra-un-incremento-de-la-natalidad","status":"publish","type":"post","link":"https:\/\/www.copealcoy.es\/es\/cocentaina-registra-un-incremento-de-la-natalidad\/","title":{"rendered":"Cocentaina registra un incremento de la natalidad"},"content":{"rendered":"<p style=\"text-align: justify;\">Cocentaina <strong>ha incrementado sus habitantes<\/strong> en <strong>los dos \u00faltimos a\u00f1os<\/strong>, llegando a <strong>la cifra total del mes de marzo<\/strong> de <strong>11.711 personas<\/strong> empadronadas en el municipio.<\/p>\n<p style=\"text-align: justify;\">Este aumento ha ido de la mano de la natalidad que tambi\u00e9n <strong>se ha visto incrementada considerablemente<\/strong>. Si el anterior curso eran 84 los ni\u00f1os y ni\u00f1as que pod\u00edan acceder a la escuela por primera vez, <strong>el pr\u00f3ximo curso ser\u00e1n 118 los peque\u00f1os y peque\u00f1as<\/strong> que se iniciar\u00e1n en <strong>la educaci\u00f3n de 3 a\u00f1os<\/strong>. El incremento del alumnado de infantil se ha convertido en <strong>muy positivo<\/strong> para los centros educativos, especialmente para <strong>el CEIP Real Blanc<\/strong>,\u00a0 que <strong>recupera la unidad de Infantil de 3 a\u00f1os<\/strong> que hab\u00eda perdido durante los dos \u00faltimas anualidades.<\/p>\n<p style=\"text-align: justify;\">La alcaldesa de la Villa Condal, <strong>Mireia Estepa<\/strong>, valora positivamente estos datos y se\u00f1ala que este hecho <strong>demuestra la buena evoluci\u00f3n de la localidad<\/strong> &#8220;<em>si nuestra poblaci\u00f3n aumenta, significa que en nuestro pueblo se vive muy bien y que las personas no tenemos necesidad de salir fuera de aqu\u00ed porque tenemos oportunidades laborales y buenos servicios que se ofertan a la ciudadan\u00eda<\/em>&#8220;; apunta.<\/p>\n<p style=\"text-align: justify;\">Indicar que para este martes 16 de abril, a las 18: 45h, <strong>se ha organizado una convocatoria sobre el proceso de admisi\u00f3n en el colegio Real Blanc<\/strong> que ir\u00e1 dirigida a las familias cuyos hijos nacieron en el a\u00f1o 2016.<\/p>\n","protected":false},"excerpt":{"rendered":"<p>Cocentaina ha incrementado sus habitantes en los dos \u00faltimos a\u00f1os, llegando a la cifra total del mes de marzo de&#8230;<\/p>\n","protected":false},"author":1,"featured_media":12992,"comment_status":"open","ping_status":"open","sticky":false,"template":"","format":"standard","meta":{"footnotes":""},"categories":[98,75],"tags":[132,5114,1719],"class_list":["post-49702","post","type-post","status-publish","format-standard","has-post-thumbnail","hentry","category-comarcas","category-noticias","tag-cocentaina","tag-incremento","tag-natalidad"],"yoast_head":"<!-- This site is optimized with the Yoast SEO plugin v27.3 - https:\/\/yoast.com\/product\/yoast-seo-wordpress\/ -->\n<title>Cocentaina registra un incremento de la natalidad - COPE Alcoy<\/title>\n<meta name=\"robots\" content=\"index, follow, max-snippet:-1, max-image-preview:large, max-video-preview:-1\" \/>\n<link rel=\"canonical\" href=\"https:\/\/www.copealcoy.es\/es\/cocentaina-registra-un-incremento-de-la-natalidad\/\" \/>\n<meta property=\"og:locale\" content=\"es_ES\" \/>\n<meta property=\"og:type\" content=\"article\" \/>\n<meta property=\"og:title\" content=\"Cocentaina registra un incremento de la natalidad - COPE Alcoy\" \/>\n<meta property=\"og:description\" content=\"Cocentaina ha incrementado sus habitantes en los dos \u00faltimos a\u00f1os, llegando a la cifra total del mes de marzo de...\" \/>\n<meta property=\"og:url\" content=\"https:\/\/www.copealcoy.es\/es\/cocentaina-registra-un-incremento-de-la-natalidad\/\" \/>\n<meta property=\"og:site_name\" content=\"COPE Alcoy\" \/>\n<meta property=\"article:published_time\" content=\"2019-04-15T15:13:02+00:00\" \/>\n<meta property=\"og:image\" content=\"https:\/\/www.copealcoy.es\/wp-content\/uploads\/2015\/05\/213-1024x768.jpg\" \/>\n\t<meta property=\"og:image:width\" content=\"1024\" \/>\n\t<meta property=\"og:image:height\" content=\"768\" \/>\n\t<meta property=\"og:image:type\" content=\"image\/jpeg\" \/>\n<meta name=\"author\" content=\"Cope Alcoy\" \/>\n<meta name=\"twitter:label1\" content=\"Escrito por\" \/>\n\t<meta name=\"twitter:data1\" content=\"Cope Alcoy\" \/>\n\t<meta name=\"twitter:label2\" content=\"Tiempo de lectura\" \/>\n\t<meta name=\"twitter:data2\" content=\"1 minuto\" \/>\n<script type=\"application\/ld+json\" class=\"yoast-schema-graph\">{\"@context\":\"https:\\\/\\\/schema.org\",\"@graph\":[{\"@type\":\"Article\",\"@id\":\"https:\\\/\\\/www.copealcoy.es\\\/es\\\/cocentaina-registra-un-incremento-de-la-natalidad\\\/#article\",\"isPartOf\":{\"@id\":\"https:\\\/\\\/www.copealcoy.es\\\/es\\\/cocentaina-registra-un-incremento-de-la-natalidad\\\/\"},\"author\":{\"name\":\"Cope Alcoy\",\"@id\":\"https:\\\/\\\/www.copealcoy.es\\\/es\\\/#\\\/schema\\\/person\\\/e777c87fa024e57d40170af9df39882c\"},\"headline\":\"Cocentaina registra un incremento de la natalidad\",\"datePublished\":\"2019-04-15T15:13:02+00:00\",\"mainEntityOfPage\":{\"@id\":\"https:\\\/\\\/www.copealcoy.es\\\/es\\\/cocentaina-registra-un-incremento-de-la-natalidad\\\/\"},\"wordCount\":241,\"commentCount\":0,\"image\":{\"@id\":\"https:\\\/\\\/www.copealcoy.es\\\/es\\\/cocentaina-registra-un-incremento-de-la-natalidad\\\/#primaryimage\"},\"thumbnailUrl\":\"https:\\\/\\\/www.copealcoy.es\\\/wp-content\\\/uploads\\\/2015\\\/05\\\/213-e1641226818827.jpg\",\"keywords\":[\"Cocentaina\",\"incremento\",\"Natalidad\"],\"articleSection\":[\"Comarcas\",\"Noticias\"],\"inLanguage\":\"es\"},{\"@type\":\"WebPage\",\"@id\":\"https:\\\/\\\/www.copealcoy.es\\\/es\\\/cocentaina-registra-un-incremento-de-la-natalidad\\\/\",\"url\":\"https:\\\/\\\/www.copealcoy.es\\\/es\\\/cocentaina-registra-un-incremento-de-la-natalidad\\\/\",\"name\":\"Cocentaina registra un incremento de la natalidad - COPE Alcoy\",\"isPartOf\":{\"@id\":\"https:\\\/\\\/www.copealcoy.es\\\/es\\\/#website\"},\"primaryImageOfPage\":{\"@id\":\"https:\\\/\\\/www.copealcoy.es\\\/es\\\/cocentaina-registra-un-incremento-de-la-natalidad\\\/#primaryimage\"},\"image\":{\"@id\":\"https:\\\/\\\/www.copealcoy.es\\\/es\\\/cocentaina-registra-un-incremento-de-la-natalidad\\\/#primaryimage\"},\"thumbnailUrl\":\"https:\\\/\\\/www.copealcoy.es\\\/wp-content\\\/uploads\\\/2015\\\/05\\\/213-e1641226818827.jpg\",\"datePublished\":\"2019-04-15T15:13:02+00:00\",\"author\":{\"@id\":\"https:\\\/\\\/www.copealcoy.es\\\/es\\\/#\\\/schema\\\/person\\\/e777c87fa024e57d40170af9df39882c\"},\"breadcrumb\":{\"@id\":\"https:\\\/\\\/www.copealcoy.es\\\/es\\\/cocentaina-registra-un-incremento-de-la-natalidad\\\/#breadcrumb\"},\"inLanguage\":\"es\",\"potentialAction\":[{\"@type\":\"ReadAction\",\"target\":[\"https:\\\/\\\/www.copealcoy.es\\\/es\\\/cocentaina-registra-un-incremento-de-la-natalidad\\\/\"]}]},{\"@type\":\"ImageObject\",\"inLanguage\":\"es\",\"@id\":\"https:\\\/\\\/www.copealcoy.es\\\/es\\\/cocentaina-registra-un-incremento-de-la-natalidad\\\/#primaryimage\",\"url\":\"https:\\\/\\\/www.copealcoy.es\\\/wp-content\\\/uploads\\\/2015\\\/05\\\/213-e1641226818827.jpg\",\"contentUrl\":\"https:\\\/\\\/www.copealcoy.es\\\/wp-content\\\/uploads\\\/2015\\\/05\\\/213-e1641226818827.jpg\",\"width\":640,\"height\":480},{\"@type\":\"BreadcrumbList\",\"@id\":\"https:\\\/\\\/www.copealcoy.es\\\/es\\\/cocentaina-registra-un-incremento-de-la-natalidad\\\/#breadcrumb\",\"itemListElement\":[{\"@type\":\"ListItem\",\"position\":1,\"name\":\"Portada\",\"item\":\"https:\\\/\\\/www.copealcoy.es\\\/es\\\/\"},{\"@type\":\"ListItem\",\"position\":2,\"name\":\"Cocentaina registra un incremento de la natalidad\"}]},{\"@type\":\"WebSite\",\"@id\":\"https:\\\/\\\/www.copealcoy.es\\\/es\\\/#website\",\"url\":\"https:\\\/\\\/www.copealcoy.es\\\/es\\\/\",\"name\":\"COPE Alcoy\",\"description\":\"Emisora COPE de radio local con emisi\u00f3n online. Pont de Sant Jordi 8-10 03803 Alcoy\",\"potentialAction\":[{\"@type\":\"SearchAction\",\"target\":{\"@type\":\"EntryPoint\",\"urlTemplate\":\"https:\\\/\\\/www.copealcoy.es\\\/es\\\/?s={search_term_string}\"},\"query-input\":{\"@type\":\"PropertyValueSpecification\",\"valueRequired\":true,\"valueName\":\"search_term_string\"}}],\"inLanguage\":\"es\"},{\"@type\":\"Person\",\"@id\":\"https:\\\/\\\/www.copealcoy.es\\\/es\\\/#\\\/schema\\\/person\\\/e777c87fa024e57d40170af9df39882c\",\"name\":\"Cope Alcoy\",\"image\":{\"@type\":\"ImageObject\",\"inLanguage\":\"es\",\"@id\":\"https:\\\/\\\/secure.gravatar.com\\\/avatar\\\/bb65d0283347e303893ba14f0692005417c1e0e690a325a4c5d8bb2b3943ee14?s=96&d=mm&r=g\",\"url\":\"https:\\\/\\\/secure.gravatar.com\\\/avatar\\\/bb65d0283347e303893ba14f0692005417c1e0e690a325a4c5d8bb2b3943ee14?s=96&d=mm&r=g\",\"contentUrl\":\"https:\\\/\\\/secure.gravatar.com\\\/avatar\\\/bb65d0283347e303893ba14f0692005417c1e0e690a325a4c5d8bb2b3943ee14?s=96&d=mm&r=g\",\"caption\":\"Cope Alcoy\"}}]}<\/script>\n<!-- \/ Yoast SEO plugin. -->","yoast_head_json":{"title":"Cocentaina registra un incremento de la natalidad - COPE Alcoy","robots":{"index":"index","follow":"follow","max-snippet":"max-snippet:-1","max-image-preview":"max-image-preview:large","max-video-preview":"max-video-preview:-1"},"canonical":"https:\/\/www.copealcoy.es\/es\/cocentaina-registra-un-incremento-de-la-natalidad\/","og_locale":"es_ES","og_type":"article","og_title":"Cocentaina registra un incremento de la natalidad - COPE Alcoy","og_description":"Cocentaina ha incrementado sus habitantes en los dos \u00faltimos a\u00f1os, llegando a la cifra total del mes de marzo de...","og_url":"https:\/\/www.copealcoy.es\/es\/cocentaina-registra-un-incremento-de-la-natalidad\/","og_site_name":"COPE Alcoy","article_published_time":"2019-04-15T15:13:02+00:00","og_image":[{"width":1024,"height":768,"url":"https:\/\/www.copealcoy.es\/wp-content\/uploads\/2015\/05\/213-1024x768.jpg","type":"image\/jpeg"}],"author":"Cope Alcoy","twitter_misc":{"Escrito por":"Cope Alcoy","Tiempo de lectura":"1 minuto"},"schema":{"@context":"https:\/\/schema.org","@graph":[{"@type":"Article","@id":"https:\/\/www.copealcoy.es\/es\/cocentaina-registra-un-incremento-de-la-natalidad\/#article","isPartOf":{"@id":"https:\/\/www.copealcoy.es\/es\/cocentaina-registra-un-incremento-de-la-natalidad\/"},"author":{"name":"Cope Alcoy","@id":"https:\/\/www.copealcoy.es\/es\/#\/schema\/person\/e777c87fa024e57d40170af9df39882c"},"headline":"Cocentaina registra un incremento de la natalidad","datePublished":"2019-04-15T15:13:02+00:00","mainEntityOfPage":{"@id":"https:\/\/www.copealcoy.es\/es\/cocentaina-registra-un-incremento-de-la-natalidad\/"},"wordCount":241,"commentCount":0,"image":{"@id":"https:\/\/www.copealcoy.es\/es\/cocentaina-registra-un-incremento-de-la-natalidad\/#primaryimage"},"thumbnailUrl":"https:\/\/www.copealcoy.es\/wp-content\/uploads\/2015\/05\/213-e1641226818827.jpg","keywords":["Cocentaina","incremento","Natalidad"],"articleSection":["Comarcas","Noticias"],"inLanguage":"es"},{"@type":"WebPage","@id":"https:\/\/www.copealcoy.es\/es\/cocentaina-registra-un-incremento-de-la-natalidad\/","url":"https:\/\/www.copealcoy.es\/es\/cocentaina-registra-un-incremento-de-la-natalidad\/","name":"Cocentaina registra un incremento de la natalidad - COPE Alcoy","isPartOf":{"@id":"https:\/\/www.copealcoy.es\/es\/#website"},"primaryImageOfPage":{"@id":"https:\/\/www.copealcoy.es\/es\/cocentaina-registra-un-incremento-de-la-natalidad\/#primaryimage"},"image":{"@id":"https:\/\/www.copealcoy.es\/es\/cocentaina-registra-un-incremento-de-la-natalidad\/#primaryimage"},"thumbnailUrl":"https:\/\/www.copealcoy.es\/wp-content\/uploads\/2015\/05\/213-e1641226818827.jpg","datePublished":"2019-04-15T15:13:02+00:00","author":{"@id":"https:\/\/www.copealcoy.es\/es\/#\/schema\/person\/e777c87fa024e57d40170af9df39882c"},"breadcrumb":{"@id":"https:\/\/www.copealcoy.es\/es\/cocentaina-registra-un-incremento-de-la-natalidad\/#breadcrumb"},"inLanguage":"es","potentialAction":[{"@type":"ReadAction","target":["https:\/\/www.copealcoy.es\/es\/cocentaina-registra-un-incremento-de-la-natalidad\/"]}]},{"@type":"ImageObject","inLanguage":"es","@id":"https:\/\/www.copealcoy.es\/es\/cocentaina-registra-un-incremento-de-la-natalidad\/#primaryimage","url":"https:\/\/www.copealcoy.es\/wp-content\/uploads\/2015\/05\/213-e1641226818827.jpg","contentUrl":"https:\/\/www.copealcoy.es\/wp-content\/uploads\/2015\/05\/213-e1641226818827.jpg","width":640,"height":480},{"@type":"BreadcrumbList","@id":"https:\/\/www.copealcoy.es\/es\/cocentaina-registra-un-incremento-de-la-natalidad\/#breadcrumb","itemListElement":[{"@type":"ListItem","position":1,"name":"Portada","item":"https:\/\/www.copealcoy.es\/es\/"},{"@type":"ListItem","position":2,"name":"Cocentaina registra un incremento de la natalidad"}]},{"@type":"WebSite","@id":"https:\/\/www.copealcoy.es\/es\/#website","url":"https:\/\/www.copealcoy.es\/es\/","name":"COPE Alcoy","description":"Emisora COPE de radio local con emisi\u00f3n online. Pont de Sant Jordi 8-10 03803 Alcoy","potentialAction":[{"@type":"SearchAction","target":{"@type":"EntryPoint","urlTemplate":"https:\/\/www.copealcoy.es\/es\/?s={search_term_string}"},"query-input":{"@type":"PropertyValueSpecification","valueRequired":true,"valueName":"search_term_string"}}],"inLanguage":"es"},{"@type":"Person","@id":"https:\/\/www.copealcoy.es\/es\/#\/schema\/person\/e777c87fa024e57d40170af9df39882c","name":"Cope Alcoy","image":{"@type":"ImageObject","inLanguage":"es","@id":"https:\/\/secure.gravatar.com\/avatar\/bb65d0283347e303893ba14f0692005417c1e0e690a325a4c5d8bb2b3943ee14?s=96&d=mm&r=g","url":"https:\/\/secure.gravatar.com\/avatar\/bb65d0283347e303893ba14f0692005417c1e0e690a325a4c5d8bb2b3943ee14?s=96&d=mm&r=g","contentUrl":"https:\/\/secure.gravatar.com\/avatar\/bb65d0283347e303893ba14f0692005417c1e0e690a325a4c5d8bb2b3943ee14?s=96&d=mm&r=g","caption":"Cope Alcoy"}}]}},"_links":{"self":[{"href":"https:\/\/www.copealcoy.es\/es\/wp-json\/wp\/v2\/posts\/49702","targetHints":{"allow":["GET"]}}],"collection":[{"href":"https:\/\/www.copealcoy.es\/es\/wp-json\/wp\/v2\/posts"}],"about":[{"href":"https:\/\/www.copealcoy.es\/es\/wp-json\/wp\/v2\/types\/post"}],"author":[{"embeddable":true,"href":"https:\/\/www.copealcoy.es\/es\/wp-json\/wp\/v2\/users\/1"}],"replies":[{"embeddable":true,"href":"https:\/\/www.copealcoy.es\/es\/wp-json\/wp\/v2\/comments?post=49702"}],"version-history":[{"count":0,"href":"https:\/\/www.copealcoy.es\/es\/wp-json\/wp\/v2\/posts\/49702\/revisions"}],"wp:featuredmedia":[{"embeddable":true,"href":"https:\/\/www.copealcoy.es\/es\/wp-json\/wp\/v2\/media\/12992"}],"wp:attachment":[{"href":"https:\/\/www.copealcoy.es\/es\/wp-json\/wp\/v2\/media?parent=49702"}],"wp:term":[{"taxonomy":"category","embeddable":true,"href":"https:\/\/www.copealcoy.es\/es\/wp-json\/wp\/v2\/categories?post=49702"},{"taxonomy":"post_tag","embeddable":true,"href":"https:\/\/www.copealcoy.es\/es\/wp-json\/wp\/v2\/tags?post=49702"}],"curies":[{"name":"wp","href":"https:\/\/api.w.org\/{rel}","templated":true}]}}