{"id":49679,"date":"2019-04-14T20:39:50","date_gmt":"2019-04-14T20:39:50","guid":{"rendered":"https:\/\/copealcoi.es\/?p=49679"},"modified":"2019-04-14T20:39:50","modified_gmt":"2019-04-14T20:39:50","slug":"la-procesion-de-la-dolorosa-culmina-el-domingo-de-ramos-en-cocentaina-2","status":"publish","type":"post","link":"https:\/\/www.copealcoy.es\/es\/la-procesion-de-la-dolorosa-culmina-el-domingo-de-ramos-en-cocentaina-2\/","title":{"rendered":"La procesi\u00f3n de La Dolorosa culmina el Domingo de Ramos en Cocentaina"},"content":{"rendered":"<p style=\"text-align: justify;\">La <strong>procesi\u00f3n<\/strong> de la <strong>Cofrad\u00eda de La Dolorosa<\/strong> culmin\u00f3 anoche las celebraciones del <strong>Domingo de Ramos<\/strong> en Cocentaina tras una intensa jornada, que adem\u00e1s de <strong>la bendici\u00f3n matinal de las palmas<\/strong> y la <strong>Misa Solemne<\/strong> en El Pla, incluy\u00f3 la celebraci\u00f3n del <strong>V\u00eda Crucis<\/strong> en el <strong>calvario de los Padres Franciscanos<\/strong> a las cinco y media de la tarde.<\/p>\n<p style=\"text-align: justify;\">El desfile procesional comenz\u00f3 a las ocho de la tarde <strong>desde la parroquia del Salvador<\/strong> y en el mismo participaron <strong>numerosos fieles portando cirios<\/strong> y <strong>precediendo a los penitentes<\/strong> ataviados con la vestimenta propia de la Cofrad\u00eda. Tras ellos destac\u00f3 <strong>la presencia de la Virgen de los Dolores<\/strong>, creada en su d\u00eda por el escultor <strong>Agull\u00f3 de Cocentaina<\/strong>, y acompa\u00f1ada por la banda de m\u00fasica. Por \u00faltimo tomaron parte en la procesi\u00f3n <strong>los miembros de la Cofrad\u00eda de La Dolorosa<\/strong> y los curas p\u00e1rrocos del Salvador y Santa Mar\u00eda; <strong>Don Javier Sanchiz y Don Eduardo Rengel<\/strong>.<\/p>\n<p style=\"text-align: justify;\">Recordar que la programaci\u00f3n de la Semana Santa Contestana seguir\u00e1 este Lunes Santo con el inicio del<strong> Triduo en honor el Nazareno<\/strong> que se celebrar\u00e1 hasta el mi\u00e9rcoles a las seis y media de la tarde en el Monasterio de la Mare de D\u00e9u del Miracle. El Mi\u00e9rcoles Santo, a las 21:00h, <strong>procesionar\u00e1 esta imagen<\/strong> desde esta misma iglesia mientras que <strong>la Cofrad\u00eda de Jes\u00fas del Huerto<\/strong> celebrar\u00e1 hoy<strong> la Oraci\u00f3n de Getseman\u00ed<\/strong> en el Convento de los Franciscanos a partir de las 20:15h.<\/p>\n","protected":false},"excerpt":{"rendered":"<p>La procesi\u00f3n de la Cofrad\u00eda de La Dolorosa culmin\u00f3 anoche las celebraciones del Domingo de Ramos en Cocentaina tras una&#8230;<\/p>\n","protected":false},"author":1,"featured_media":49680,"comment_status":"open","ping_status":"open","sticky":false,"template":"","format":"standard","meta":{"footnotes":""},"categories":[98,75],"tags":[132,7907,889,917],"class_list":["post-49679","post","type-post","status-publish","format-standard","has-post-thumbnail","hentry","category-comarcas","category-noticias","tag-cocentaina","tag-culmina","tag-domingo-de-ramos","tag-procesion"],"yoast_head":"<!-- This site is optimized with the Yoast SEO plugin v27.3 - https:\/\/yoast.com\/product\/yoast-seo-wordpress\/ -->\n<title>La procesi\u00f3n de La Dolorosa culmina el Domingo de Ramos en Cocentaina - COPE Alcoy<\/title>\n<meta name=\"robots\" content=\"index, follow, max-snippet:-1, max-image-preview:large, max-video-preview:-1\" \/>\n<link rel=\"canonical\" href=\"https:\/\/www.copealcoy.es\/es\/la-procesion-de-la-dolorosa-culmina-el-domingo-de-ramos-en-cocentaina-2\/\" \/>\n<meta property=\"og:locale\" content=\"es_ES\" \/>\n<meta property=\"og:type\" content=\"article\" \/>\n<meta property=\"og:title\" content=\"La procesi\u00f3n de La Dolorosa culmina el Domingo de Ramos en Cocentaina - COPE Alcoy\" \/>\n<meta property=\"og:description\" content=\"La procesi\u00f3n de la Cofrad\u00eda de La Dolorosa culmin\u00f3 anoche las celebraciones del Domingo de Ramos en Cocentaina tras una...\" \/>\n<meta property=\"og:url\" content=\"https:\/\/www.copealcoy.es\/es\/la-procesion-de-la-dolorosa-culmina-el-domingo-de-ramos-en-cocentaina-2\/\" \/>\n<meta property=\"og:site_name\" content=\"COPE Alcoy\" \/>\n<meta property=\"article:published_time\" content=\"2019-04-14T20:39:50+00:00\" \/>\n<meta property=\"og:image\" content=\"https:\/\/www.copealcoy.es\/wp-content\/uploads\/2019\/04\/57183762_2214867275274640_3272067615517835264_n-1.jpg\" \/>\n\t<meta property=\"og:image:width\" content=\"960\" \/>\n\t<meta property=\"og:image:height\" content=\"541\" \/>\n\t<meta property=\"og:image:type\" content=\"image\/jpeg\" \/>\n<meta name=\"author\" content=\"Cope Alcoy\" \/>\n<meta name=\"twitter:label1\" content=\"Escrito por\" \/>\n\t<meta name=\"twitter:data1\" content=\"Cope Alcoy\" \/>\n\t<meta name=\"twitter:label2\" content=\"Tiempo de lectura\" \/>\n\t<meta name=\"twitter:data2\" content=\"1 minuto\" \/>\n<script type=\"application\/ld+json\" class=\"yoast-schema-graph\">{\"@context\":\"https:\\\/\\\/schema.org\",\"@graph\":[{\"@type\":\"Article\",\"@id\":\"https:\\\/\\\/www.copealcoy.es\\\/es\\\/la-procesion-de-la-dolorosa-culmina-el-domingo-de-ramos-en-cocentaina-2\\\/#article\",\"isPartOf\":{\"@id\":\"https:\\\/\\\/www.copealcoy.es\\\/es\\\/la-procesion-de-la-dolorosa-culmina-el-domingo-de-ramos-en-cocentaina-2\\\/\"},\"author\":{\"name\":\"Cope Alcoy\",\"@id\":\"https:\\\/\\\/www.copealcoy.es\\\/es\\\/#\\\/schema\\\/person\\\/e777c87fa024e57d40170af9df39882c\"},\"headline\":\"La procesi\u00f3n de La Dolorosa culmina el Domingo de Ramos en Cocentaina\",\"datePublished\":\"2019-04-14T20:39:50+00:00\",\"mainEntityOfPage\":{\"@id\":\"https:\\\/\\\/www.copealcoy.es\\\/es\\\/la-procesion-de-la-dolorosa-culmina-el-domingo-de-ramos-en-cocentaina-2\\\/\"},\"wordCount\":273,\"commentCount\":0,\"image\":{\"@id\":\"https:\\\/\\\/www.copealcoy.es\\\/es\\\/la-procesion-de-la-dolorosa-culmina-el-domingo-de-ramos-en-cocentaina-2\\\/#primaryimage\"},\"thumbnailUrl\":\"https:\\\/\\\/www.copealcoy.es\\\/wp-content\\\/uploads\\\/2019\\\/04\\\/57183762_2214867275274640_3272067615517835264_n-1.jpg\",\"keywords\":[\"Cocentaina\",\"culmina\",\"Domingo de Ramos\",\"Procesi\u00f3n\"],\"articleSection\":[\"Comarcas\",\"Noticias\"],\"inLanguage\":\"es\"},{\"@type\":\"WebPage\",\"@id\":\"https:\\\/\\\/www.copealcoy.es\\\/es\\\/la-procesion-de-la-dolorosa-culmina-el-domingo-de-ramos-en-cocentaina-2\\\/\",\"url\":\"https:\\\/\\\/www.copealcoy.es\\\/es\\\/la-procesion-de-la-dolorosa-culmina-el-domingo-de-ramos-en-cocentaina-2\\\/\",\"name\":\"La procesi\u00f3n de La Dolorosa culmina el Domingo de Ramos en Cocentaina - COPE Alcoy\",\"isPartOf\":{\"@id\":\"https:\\\/\\\/www.copealcoy.es\\\/es\\\/#website\"},\"primaryImageOfPage\":{\"@id\":\"https:\\\/\\\/www.copealcoy.es\\\/es\\\/la-procesion-de-la-dolorosa-culmina-el-domingo-de-ramos-en-cocentaina-2\\\/#primaryimage\"},\"image\":{\"@id\":\"https:\\\/\\\/www.copealcoy.es\\\/es\\\/la-procesion-de-la-dolorosa-culmina-el-domingo-de-ramos-en-cocentaina-2\\\/#primaryimage\"},\"thumbnailUrl\":\"https:\\\/\\\/www.copealcoy.es\\\/wp-content\\\/uploads\\\/2019\\\/04\\\/57183762_2214867275274640_3272067615517835264_n-1.jpg\",\"datePublished\":\"2019-04-14T20:39:50+00:00\",\"author\":{\"@id\":\"https:\\\/\\\/www.copealcoy.es\\\/es\\\/#\\\/schema\\\/person\\\/e777c87fa024e57d40170af9df39882c\"},\"breadcrumb\":{\"@id\":\"https:\\\/\\\/www.copealcoy.es\\\/es\\\/la-procesion-de-la-dolorosa-culmina-el-domingo-de-ramos-en-cocentaina-2\\\/#breadcrumb\"},\"inLanguage\":\"es\",\"potentialAction\":[{\"@type\":\"ReadAction\",\"target\":[\"https:\\\/\\\/www.copealcoy.es\\\/es\\\/la-procesion-de-la-dolorosa-culmina-el-domingo-de-ramos-en-cocentaina-2\\\/\"]}]},{\"@type\":\"ImageObject\",\"inLanguage\":\"es\",\"@id\":\"https:\\\/\\\/www.copealcoy.es\\\/es\\\/la-procesion-de-la-dolorosa-culmina-el-domingo-de-ramos-en-cocentaina-2\\\/#primaryimage\",\"url\":\"https:\\\/\\\/www.copealcoy.es\\\/wp-content\\\/uploads\\\/2019\\\/04\\\/57183762_2214867275274640_3272067615517835264_n-1.jpg\",\"contentUrl\":\"https:\\\/\\\/www.copealcoy.es\\\/wp-content\\\/uploads\\\/2019\\\/04\\\/57183762_2214867275274640_3272067615517835264_n-1.jpg\",\"width\":960,\"height\":541,\"caption\":\"La procesi\u00f3n de anoche por las calles del Raval \\\/ Foto: Rafa Grau\"},{\"@type\":\"BreadcrumbList\",\"@id\":\"https:\\\/\\\/www.copealcoy.es\\\/es\\\/la-procesion-de-la-dolorosa-culmina-el-domingo-de-ramos-en-cocentaina-2\\\/#breadcrumb\",\"itemListElement\":[{\"@type\":\"ListItem\",\"position\":1,\"name\":\"Portada\",\"item\":\"https:\\\/\\\/www.copealcoy.es\\\/es\\\/\"},{\"@type\":\"ListItem\",\"position\":2,\"name\":\"La procesi\u00f3n de La Dolorosa culmina el Domingo de Ramos en Cocentaina\"}]},{\"@type\":\"WebSite\",\"@id\":\"https:\\\/\\\/www.copealcoy.es\\\/es\\\/#website\",\"url\":\"https:\\\/\\\/www.copealcoy.es\\\/es\\\/\",\"name\":\"COPE Alcoy\",\"description\":\"Emisora COPE de radio local con emisi\u00f3n online. Pont de Sant Jordi 8-10 03803 Alcoy\",\"potentialAction\":[{\"@type\":\"SearchAction\",\"target\":{\"@type\":\"EntryPoint\",\"urlTemplate\":\"https:\\\/\\\/www.copealcoy.es\\\/es\\\/?s={search_term_string}\"},\"query-input\":{\"@type\":\"PropertyValueSpecification\",\"valueRequired\":true,\"valueName\":\"search_term_string\"}}],\"inLanguage\":\"es\"},{\"@type\":\"Person\",\"@id\":\"https:\\\/\\\/www.copealcoy.es\\\/es\\\/#\\\/schema\\\/person\\\/e777c87fa024e57d40170af9df39882c\",\"name\":\"Cope Alcoy\",\"image\":{\"@type\":\"ImageObject\",\"inLanguage\":\"es\",\"@id\":\"https:\\\/\\\/secure.gravatar.com\\\/avatar\\\/bb65d0283347e303893ba14f0692005417c1e0e690a325a4c5d8bb2b3943ee14?s=96&d=mm&r=g\",\"url\":\"https:\\\/\\\/secure.gravatar.com\\\/avatar\\\/bb65d0283347e303893ba14f0692005417c1e0e690a325a4c5d8bb2b3943ee14?s=96&d=mm&r=g\",\"contentUrl\":\"https:\\\/\\\/secure.gravatar.com\\\/avatar\\\/bb65d0283347e303893ba14f0692005417c1e0e690a325a4c5d8bb2b3943ee14?s=96&d=mm&r=g\",\"caption\":\"Cope Alcoy\"}}]}<\/script>\n<!-- \/ Yoast SEO plugin. -->","yoast_head_json":{"title":"La procesi\u00f3n de La Dolorosa culmina el Domingo de Ramos en Cocentaina - COPE Alcoy","robots":{"index":"index","follow":"follow","max-snippet":"max-snippet:-1","max-image-preview":"max-image-preview:large","max-video-preview":"max-video-preview:-1"},"canonical":"https:\/\/www.copealcoy.es\/es\/la-procesion-de-la-dolorosa-culmina-el-domingo-de-ramos-en-cocentaina-2\/","og_locale":"es_ES","og_type":"article","og_title":"La procesi\u00f3n de La Dolorosa culmina el Domingo de Ramos en Cocentaina - COPE Alcoy","og_description":"La procesi\u00f3n de la Cofrad\u00eda de La Dolorosa culmin\u00f3 anoche las celebraciones del Domingo de Ramos en Cocentaina tras una...","og_url":"https:\/\/www.copealcoy.es\/es\/la-procesion-de-la-dolorosa-culmina-el-domingo-de-ramos-en-cocentaina-2\/","og_site_name":"COPE Alcoy","article_published_time":"2019-04-14T20:39:50+00:00","og_image":[{"width":960,"height":541,"url":"https:\/\/www.copealcoy.es\/wp-content\/uploads\/2019\/04\/57183762_2214867275274640_3272067615517835264_n-1.jpg","type":"image\/jpeg"}],"author":"Cope Alcoy","twitter_misc":{"Escrito por":"Cope Alcoy","Tiempo de lectura":"1 minuto"},"schema":{"@context":"https:\/\/schema.org","@graph":[{"@type":"Article","@id":"https:\/\/www.copealcoy.es\/es\/la-procesion-de-la-dolorosa-culmina-el-domingo-de-ramos-en-cocentaina-2\/#article","isPartOf":{"@id":"https:\/\/www.copealcoy.es\/es\/la-procesion-de-la-dolorosa-culmina-el-domingo-de-ramos-en-cocentaina-2\/"},"author":{"name":"Cope Alcoy","@id":"https:\/\/www.copealcoy.es\/es\/#\/schema\/person\/e777c87fa024e57d40170af9df39882c"},"headline":"La procesi\u00f3n de La Dolorosa culmina el Domingo de Ramos en Cocentaina","datePublished":"2019-04-14T20:39:50+00:00","mainEntityOfPage":{"@id":"https:\/\/www.copealcoy.es\/es\/la-procesion-de-la-dolorosa-culmina-el-domingo-de-ramos-en-cocentaina-2\/"},"wordCount":273,"commentCount":0,"image":{"@id":"https:\/\/www.copealcoy.es\/es\/la-procesion-de-la-dolorosa-culmina-el-domingo-de-ramos-en-cocentaina-2\/#primaryimage"},"thumbnailUrl":"https:\/\/www.copealcoy.es\/wp-content\/uploads\/2019\/04\/57183762_2214867275274640_3272067615517835264_n-1.jpg","keywords":["Cocentaina","culmina","Domingo de Ramos","Procesi\u00f3n"],"articleSection":["Comarcas","Noticias"],"inLanguage":"es"},{"@type":"WebPage","@id":"https:\/\/www.copealcoy.es\/es\/la-procesion-de-la-dolorosa-culmina-el-domingo-de-ramos-en-cocentaina-2\/","url":"https:\/\/www.copealcoy.es\/es\/la-procesion-de-la-dolorosa-culmina-el-domingo-de-ramos-en-cocentaina-2\/","name":"La procesi\u00f3n de La Dolorosa culmina el Domingo de Ramos en Cocentaina - COPE Alcoy","isPartOf":{"@id":"https:\/\/www.copealcoy.es\/es\/#website"},"primaryImageOfPage":{"@id":"https:\/\/www.copealcoy.es\/es\/la-procesion-de-la-dolorosa-culmina-el-domingo-de-ramos-en-cocentaina-2\/#primaryimage"},"image":{"@id":"https:\/\/www.copealcoy.es\/es\/la-procesion-de-la-dolorosa-culmina-el-domingo-de-ramos-en-cocentaina-2\/#primaryimage"},"thumbnailUrl":"https:\/\/www.copealcoy.es\/wp-content\/uploads\/2019\/04\/57183762_2214867275274640_3272067615517835264_n-1.jpg","datePublished":"2019-04-14T20:39:50+00:00","author":{"@id":"https:\/\/www.copealcoy.es\/es\/#\/schema\/person\/e777c87fa024e57d40170af9df39882c"},"breadcrumb":{"@id":"https:\/\/www.copealcoy.es\/es\/la-procesion-de-la-dolorosa-culmina-el-domingo-de-ramos-en-cocentaina-2\/#breadcrumb"},"inLanguage":"es","potentialAction":[{"@type":"ReadAction","target":["https:\/\/www.copealcoy.es\/es\/la-procesion-de-la-dolorosa-culmina-el-domingo-de-ramos-en-cocentaina-2\/"]}]},{"@type":"ImageObject","inLanguage":"es","@id":"https:\/\/www.copealcoy.es\/es\/la-procesion-de-la-dolorosa-culmina-el-domingo-de-ramos-en-cocentaina-2\/#primaryimage","url":"https:\/\/www.copealcoy.es\/wp-content\/uploads\/2019\/04\/57183762_2214867275274640_3272067615517835264_n-1.jpg","contentUrl":"https:\/\/www.copealcoy.es\/wp-content\/uploads\/2019\/04\/57183762_2214867275274640_3272067615517835264_n-1.jpg","width":960,"height":541,"caption":"La procesi\u00f3n de anoche por las calles del Raval \/ Foto: Rafa Grau"},{"@type":"BreadcrumbList","@id":"https:\/\/www.copealcoy.es\/es\/la-procesion-de-la-dolorosa-culmina-el-domingo-de-ramos-en-cocentaina-2\/#breadcrumb","itemListElement":[{"@type":"ListItem","position":1,"name":"Portada","item":"https:\/\/www.copealcoy.es\/es\/"},{"@type":"ListItem","position":2,"name":"La procesi\u00f3n de La Dolorosa culmina el Domingo de Ramos en Cocentaina"}]},{"@type":"WebSite","@id":"https:\/\/www.copealcoy.es\/es\/#website","url":"https:\/\/www.copealcoy.es\/es\/","name":"COPE Alcoy","description":"Emisora COPE de radio local con emisi\u00f3n online. Pont de Sant Jordi 8-10 03803 Alcoy","potentialAction":[{"@type":"SearchAction","target":{"@type":"EntryPoint","urlTemplate":"https:\/\/www.copealcoy.es\/es\/?s={search_term_string}"},"query-input":{"@type":"PropertyValueSpecification","valueRequired":true,"valueName":"search_term_string"}}],"inLanguage":"es"},{"@type":"Person","@id":"https:\/\/www.copealcoy.es\/es\/#\/schema\/person\/e777c87fa024e57d40170af9df39882c","name":"Cope Alcoy","image":{"@type":"ImageObject","inLanguage":"es","@id":"https:\/\/secure.gravatar.com\/avatar\/bb65d0283347e303893ba14f0692005417c1e0e690a325a4c5d8bb2b3943ee14?s=96&d=mm&r=g","url":"https:\/\/secure.gravatar.com\/avatar\/bb65d0283347e303893ba14f0692005417c1e0e690a325a4c5d8bb2b3943ee14?s=96&d=mm&r=g","contentUrl":"https:\/\/secure.gravatar.com\/avatar\/bb65d0283347e303893ba14f0692005417c1e0e690a325a4c5d8bb2b3943ee14?s=96&d=mm&r=g","caption":"Cope Alcoy"}}]}},"_links":{"self":[{"href":"https:\/\/www.copealcoy.es\/es\/wp-json\/wp\/v2\/posts\/49679","targetHints":{"allow":["GET"]}}],"collection":[{"href":"https:\/\/www.copealcoy.es\/es\/wp-json\/wp\/v2\/posts"}],"about":[{"href":"https:\/\/www.copealcoy.es\/es\/wp-json\/wp\/v2\/types\/post"}],"author":[{"embeddable":true,"href":"https:\/\/www.copealcoy.es\/es\/wp-json\/wp\/v2\/users\/1"}],"replies":[{"embeddable":true,"href":"https:\/\/www.copealcoy.es\/es\/wp-json\/wp\/v2\/comments?post=49679"}],"version-history":[{"count":0,"href":"https:\/\/www.copealcoy.es\/es\/wp-json\/wp\/v2\/posts\/49679\/revisions"}],"wp:featuredmedia":[{"embeddable":true,"href":"https:\/\/www.copealcoy.es\/es\/wp-json\/wp\/v2\/media\/49680"}],"wp:attachment":[{"href":"https:\/\/www.copealcoy.es\/es\/wp-json\/wp\/v2\/media?parent=49679"}],"wp:term":[{"taxonomy":"category","embeddable":true,"href":"https:\/\/www.copealcoy.es\/es\/wp-json\/wp\/v2\/categories?post=49679"},{"taxonomy":"post_tag","embeddable":true,"href":"https:\/\/www.copealcoy.es\/es\/wp-json\/wp\/v2\/tags?post=49679"}],"curies":[{"name":"wp","href":"https:\/\/api.w.org\/{rel}","templated":true}]}}