{"id":49663,"date":"2019-04-14T15:57:06","date_gmt":"2019-04-14T15:57:06","guid":{"rendered":"https:\/\/copealcoi.es\/?p=49663"},"modified":"2019-04-14T15:57:06","modified_gmt":"2019-04-14T15:57:06","slug":"cocentaina-inicia-la-semana-santa-en-un-caluroso-domingo-de-ramos","status":"publish","type":"post","link":"https:\/\/www.copealcoy.es\/es\/cocentaina-inicia-la-semana-santa-en-un-caluroso-domingo-de-ramos\/","title":{"rendered":"Cocentaina inicia la Semana Santa en un caluroso Domingo de Ramos"},"content":{"rendered":"<p style=\"text-align: justify;\">El <strong>Domingo de Ramos<\/strong> ha protagonizado en este 14 de abril el <strong>inicio de la Semana Santa Contestana<\/strong> en el transcurso de <strong>unas celebraciones religiosas<\/strong> que han estado marcadas este a\u00f1o por <strong>el calor y las altas temperaturas<\/strong>.<\/p>\n<p style=\"text-align: justify;\">La <strong>plaza exterior del Convento de los Padres Franciscanos<\/strong> ha acogido a las once de la ma\u00f1ana <strong>la bendici\u00f3n de las palmas<\/strong> en la que han tomado parte <strong>numerosos fieles<\/strong> as\u00ed como los <strong>representantes de las cofrad\u00edas de la Semana Santa<\/strong> e incluso <strong>los peque\u00f1os que este a\u00f1o recibir\u00e1n la Primera Comuni\u00f3n<\/strong>\u00a0ataviados con trajes de hebreos y de ac\u00f3litos. El p\u00e1rroco de Santa Mar\u00eda, <strong>Don Eduardo Rengel<\/strong>, ha sido el encargado de efectuar <strong>la mencionada bendici\u00f3n de los ramos<\/strong> a las puertas de la iglesia del Convento acompa\u00f1ado por el Guardi\u00e1n de este \u00faltimo, <strong>Fray Juan Quesada<\/strong>, y el titular de la parroquia del Salvador; <strong>Don Javier Sanchiz<\/strong>.<\/p>\n<p style=\"text-align: justify;\">Tras la bendici\u00f3n ha comenzado <strong>la procesi\u00f3n de las palmas<\/strong> hasta El Pla en la que la mayor\u00eda de los participantes portaban en sus manos <strong>palmas y ramos de laurel o olivo<\/strong>. La actividad matinal ha finalizado con <strong>una Misa Solemne de campa\u00f1a ante el Palau Comtal<\/strong>, con car\u00e1cter interparroquial, que tambi\u00e9n ha contado con <strong>una destacada participaci\u00f3n<\/strong>.<\/p>\n<p style=\"text-align: justify;\">Los actos del Domingo de Ramos en Cocentaina seguir\u00e1n esta tarde con un <strong>V\u00eda Crucis<\/strong> en el Calvario de los Padres Franciscanos, a partir de las 17:30, y \u00a0finalizar\u00e1n con <strong>la procesi\u00f3n de La Dolorosa<\/strong> que partir\u00e1 a las ocho de la tarde desde la parroquia del Salvador.<\/p>\n<p><strong>Celebraci\u00f3n del Domingo de Ramos en toda la comarca<\/strong><\/p>\n<p style=\"text-align: justify;\">El Domingo de Ramos<strong> ha iniciado tambi\u00e9n la Semana Santa<\/strong> en el conjunto de <strong>las comarcas del Comtat y de l&#8217;Alcoi\u00e0<\/strong>. En <strong>Muro<\/strong>, tras la bendici\u00f3n de las palmas ante la ermita de la Virgen de los Desamparados, se ha realizado la procesi\u00f3n hasta la parroquia de San Juan Bautista en la que los ni\u00f1os de Primera Comuni\u00f3n han portado la cruz. All\u00ed en el templo, con la presencia de numerosos fieles, se ha efectuado la Misa Solemne. En <strong>Banyeres de Mariola<\/strong> la bendici\u00f3n de palmas se ha realizado en la ermita de La Malena y despu\u00e9s la Eucarist\u00eda se ha oficiado en la Plaza Mayor ante la iglesia de Santa Mar\u00eda. La jornada <strong>ha transcurrido con id\u00e9nticas caracter\u00edsticas<\/strong> en otros municipios como <strong>Ibi, Agres, Beniarr\u00e9s, Castalla, Onil, Benimarfull, o Planes<\/strong>.<\/p>\n","protected":false},"excerpt":{"rendered":"<p>El Domingo de Ramos ha protagonizado en este 14 de abril el inicio de la Semana Santa Contestana en el&#8230;<\/p>\n","protected":false},"author":1,"featured_media":49664,"comment_status":"open","ping_status":"open","sticky":false,"template":"","format":"standard","meta":{"footnotes":""},"categories":[98,75],"tags":[8520,132,889,291],"class_list":["post-49663","post","type-post","status-publish","format-standard","has-post-thumbnail","hentry","category-comarcas","category-noticias","tag-caluroso","tag-cocentaina","tag-domingo-de-ramos","tag-inicia"],"yoast_head":"<!-- This site is optimized with the Yoast SEO plugin v27.3 - https:\/\/yoast.com\/product\/yoast-seo-wordpress\/ -->\n<title>Cocentaina inicia la Semana Santa en un caluroso Domingo de Ramos - COPE Alcoy<\/title>\n<meta name=\"robots\" content=\"index, follow, max-snippet:-1, max-image-preview:large, max-video-preview:-1\" \/>\n<link rel=\"canonical\" href=\"https:\/\/www.copealcoy.es\/es\/cocentaina-inicia-la-semana-santa-en-un-caluroso-domingo-de-ramos\/\" \/>\n<meta property=\"og:locale\" content=\"es_ES\" \/>\n<meta property=\"og:type\" content=\"article\" \/>\n<meta property=\"og:title\" content=\"Cocentaina inicia la Semana Santa en un caluroso Domingo de Ramos - COPE Alcoy\" \/>\n<meta property=\"og:description\" content=\"El Domingo de Ramos ha protagonizado en este 14 de abril el inicio de la Semana Santa Contestana en el...\" \/>\n<meta property=\"og:url\" content=\"https:\/\/www.copealcoy.es\/es\/cocentaina-inicia-la-semana-santa-en-un-caluroso-domingo-de-ramos\/\" \/>\n<meta property=\"og:site_name\" content=\"COPE Alcoy\" \/>\n<meta property=\"article:published_time\" content=\"2019-04-14T15:57:06+00:00\" \/>\n<meta property=\"og:image\" content=\"https:\/\/www.copealcoy.es\/wp-content\/uploads\/2019\/04\/IMG-6850-1-scaled.jpg\" \/>\n\t<meta property=\"og:image:width\" content=\"2560\" \/>\n\t<meta property=\"og:image:height\" content=\"1920\" \/>\n\t<meta property=\"og:image:type\" content=\"image\/jpeg\" \/>\n<meta name=\"author\" content=\"Cope Alcoy\" \/>\n<meta name=\"twitter:label1\" content=\"Escrito por\" \/>\n\t<meta name=\"twitter:data1\" content=\"Cope Alcoy\" \/>\n\t<meta name=\"twitter:label2\" content=\"Tiempo de lectura\" \/>\n\t<meta name=\"twitter:data2\" content=\"2 minutos\" \/>\n<script type=\"application\/ld+json\" class=\"yoast-schema-graph\">{\"@context\":\"https:\\\/\\\/schema.org\",\"@graph\":[{\"@type\":\"Article\",\"@id\":\"https:\\\/\\\/www.copealcoy.es\\\/es\\\/cocentaina-inicia-la-semana-santa-en-un-caluroso-domingo-de-ramos\\\/#article\",\"isPartOf\":{\"@id\":\"https:\\\/\\\/www.copealcoy.es\\\/es\\\/cocentaina-inicia-la-semana-santa-en-un-caluroso-domingo-de-ramos\\\/\"},\"author\":{\"name\":\"Cope Alcoy\",\"@id\":\"https:\\\/\\\/www.copealcoy.es\\\/es\\\/#\\\/schema\\\/person\\\/e777c87fa024e57d40170af9df39882c\"},\"headline\":\"Cocentaina inicia la Semana Santa en un caluroso Domingo de Ramos\",\"datePublished\":\"2019-04-14T15:57:06+00:00\",\"mainEntityOfPage\":{\"@id\":\"https:\\\/\\\/www.copealcoy.es\\\/es\\\/cocentaina-inicia-la-semana-santa-en-un-caluroso-domingo-de-ramos\\\/\"},\"wordCount\":441,\"commentCount\":0,\"image\":{\"@id\":\"https:\\\/\\\/www.copealcoy.es\\\/es\\\/cocentaina-inicia-la-semana-santa-en-un-caluroso-domingo-de-ramos\\\/#primaryimage\"},\"thumbnailUrl\":\"https:\\\/\\\/www.copealcoy.es\\\/wp-content\\\/uploads\\\/2019\\\/04\\\/IMG-6850-1-scaled.jpg\",\"keywords\":[\"caluroso\",\"Cocentaina\",\"Domingo de Ramos\",\"Inicia\"],\"articleSection\":[\"Comarcas\",\"Noticias\"],\"inLanguage\":\"es\"},{\"@type\":\"WebPage\",\"@id\":\"https:\\\/\\\/www.copealcoy.es\\\/es\\\/cocentaina-inicia-la-semana-santa-en-un-caluroso-domingo-de-ramos\\\/\",\"url\":\"https:\\\/\\\/www.copealcoy.es\\\/es\\\/cocentaina-inicia-la-semana-santa-en-un-caluroso-domingo-de-ramos\\\/\",\"name\":\"Cocentaina inicia la Semana Santa en un caluroso Domingo de Ramos - COPE Alcoy\",\"isPartOf\":{\"@id\":\"https:\\\/\\\/www.copealcoy.es\\\/es\\\/#website\"},\"primaryImageOfPage\":{\"@id\":\"https:\\\/\\\/www.copealcoy.es\\\/es\\\/cocentaina-inicia-la-semana-santa-en-un-caluroso-domingo-de-ramos\\\/#primaryimage\"},\"image\":{\"@id\":\"https:\\\/\\\/www.copealcoy.es\\\/es\\\/cocentaina-inicia-la-semana-santa-en-un-caluroso-domingo-de-ramos\\\/#primaryimage\"},\"thumbnailUrl\":\"https:\\\/\\\/www.copealcoy.es\\\/wp-content\\\/uploads\\\/2019\\\/04\\\/IMG-6850-1-scaled.jpg\",\"datePublished\":\"2019-04-14T15:57:06+00:00\",\"author\":{\"@id\":\"https:\\\/\\\/www.copealcoy.es\\\/es\\\/#\\\/schema\\\/person\\\/e777c87fa024e57d40170af9df39882c\"},\"breadcrumb\":{\"@id\":\"https:\\\/\\\/www.copealcoy.es\\\/es\\\/cocentaina-inicia-la-semana-santa-en-un-caluroso-domingo-de-ramos\\\/#breadcrumb\"},\"inLanguage\":\"es\",\"potentialAction\":[{\"@type\":\"ReadAction\",\"target\":[\"https:\\\/\\\/www.copealcoy.es\\\/es\\\/cocentaina-inicia-la-semana-santa-en-un-caluroso-domingo-de-ramos\\\/\"]}]},{\"@type\":\"ImageObject\",\"inLanguage\":\"es\",\"@id\":\"https:\\\/\\\/www.copealcoy.es\\\/es\\\/cocentaina-inicia-la-semana-santa-en-un-caluroso-domingo-de-ramos\\\/#primaryimage\",\"url\":\"https:\\\/\\\/www.copealcoy.es\\\/wp-content\\\/uploads\\\/2019\\\/04\\\/IMG-6850-1-scaled.jpg\",\"contentUrl\":\"https:\\\/\\\/www.copealcoy.es\\\/wp-content\\\/uploads\\\/2019\\\/04\\\/IMG-6850-1-scaled.jpg\",\"width\":2560,\"height\":1920,\"caption\":\"Los m\u00e1s peque\u00f1os han sido protagonistas del Domingo de Ramos en Cocentaina \\\/ Foto: G. Pascual\"},{\"@type\":\"BreadcrumbList\",\"@id\":\"https:\\\/\\\/www.copealcoy.es\\\/es\\\/cocentaina-inicia-la-semana-santa-en-un-caluroso-domingo-de-ramos\\\/#breadcrumb\",\"itemListElement\":[{\"@type\":\"ListItem\",\"position\":1,\"name\":\"Portada\",\"item\":\"https:\\\/\\\/www.copealcoy.es\\\/es\\\/\"},{\"@type\":\"ListItem\",\"position\":2,\"name\":\"Cocentaina inicia la Semana Santa en un caluroso Domingo de Ramos\"}]},{\"@type\":\"WebSite\",\"@id\":\"https:\\\/\\\/www.copealcoy.es\\\/es\\\/#website\",\"url\":\"https:\\\/\\\/www.copealcoy.es\\\/es\\\/\",\"name\":\"COPE Alcoy\",\"description\":\"Emisora COPE de radio local con emisi\u00f3n online. Pont de Sant Jordi 8-10 03803 Alcoy\",\"potentialAction\":[{\"@type\":\"SearchAction\",\"target\":{\"@type\":\"EntryPoint\",\"urlTemplate\":\"https:\\\/\\\/www.copealcoy.es\\\/es\\\/?s={search_term_string}\"},\"query-input\":{\"@type\":\"PropertyValueSpecification\",\"valueRequired\":true,\"valueName\":\"search_term_string\"}}],\"inLanguage\":\"es\"},{\"@type\":\"Person\",\"@id\":\"https:\\\/\\\/www.copealcoy.es\\\/es\\\/#\\\/schema\\\/person\\\/e777c87fa024e57d40170af9df39882c\",\"name\":\"Cope Alcoy\",\"image\":{\"@type\":\"ImageObject\",\"inLanguage\":\"es\",\"@id\":\"https:\\\/\\\/secure.gravatar.com\\\/avatar\\\/bb65d0283347e303893ba14f0692005417c1e0e690a325a4c5d8bb2b3943ee14?s=96&d=mm&r=g\",\"url\":\"https:\\\/\\\/secure.gravatar.com\\\/avatar\\\/bb65d0283347e303893ba14f0692005417c1e0e690a325a4c5d8bb2b3943ee14?s=96&d=mm&r=g\",\"contentUrl\":\"https:\\\/\\\/secure.gravatar.com\\\/avatar\\\/bb65d0283347e303893ba14f0692005417c1e0e690a325a4c5d8bb2b3943ee14?s=96&d=mm&r=g\",\"caption\":\"Cope Alcoy\"}}]}<\/script>\n<!-- \/ Yoast SEO plugin. -->","yoast_head_json":{"title":"Cocentaina inicia la Semana Santa en un caluroso Domingo de Ramos - COPE Alcoy","robots":{"index":"index","follow":"follow","max-snippet":"max-snippet:-1","max-image-preview":"max-image-preview:large","max-video-preview":"max-video-preview:-1"},"canonical":"https:\/\/www.copealcoy.es\/es\/cocentaina-inicia-la-semana-santa-en-un-caluroso-domingo-de-ramos\/","og_locale":"es_ES","og_type":"article","og_title":"Cocentaina inicia la Semana Santa en un caluroso Domingo de Ramos - COPE Alcoy","og_description":"El Domingo de Ramos ha protagonizado en este 14 de abril el inicio de la Semana Santa Contestana en el...","og_url":"https:\/\/www.copealcoy.es\/es\/cocentaina-inicia-la-semana-santa-en-un-caluroso-domingo-de-ramos\/","og_site_name":"COPE Alcoy","article_published_time":"2019-04-14T15:57:06+00:00","og_image":[{"width":2560,"height":1920,"url":"https:\/\/www.copealcoy.es\/wp-content\/uploads\/2019\/04\/IMG-6850-1-scaled.jpg","type":"image\/jpeg"}],"author":"Cope Alcoy","twitter_misc":{"Escrito por":"Cope Alcoy","Tiempo de lectura":"2 minutos"},"schema":{"@context":"https:\/\/schema.org","@graph":[{"@type":"Article","@id":"https:\/\/www.copealcoy.es\/es\/cocentaina-inicia-la-semana-santa-en-un-caluroso-domingo-de-ramos\/#article","isPartOf":{"@id":"https:\/\/www.copealcoy.es\/es\/cocentaina-inicia-la-semana-santa-en-un-caluroso-domingo-de-ramos\/"},"author":{"name":"Cope Alcoy","@id":"https:\/\/www.copealcoy.es\/es\/#\/schema\/person\/e777c87fa024e57d40170af9df39882c"},"headline":"Cocentaina inicia la Semana Santa en un caluroso Domingo de Ramos","datePublished":"2019-04-14T15:57:06+00:00","mainEntityOfPage":{"@id":"https:\/\/www.copealcoy.es\/es\/cocentaina-inicia-la-semana-santa-en-un-caluroso-domingo-de-ramos\/"},"wordCount":441,"commentCount":0,"image":{"@id":"https:\/\/www.copealcoy.es\/es\/cocentaina-inicia-la-semana-santa-en-un-caluroso-domingo-de-ramos\/#primaryimage"},"thumbnailUrl":"https:\/\/www.copealcoy.es\/wp-content\/uploads\/2019\/04\/IMG-6850-1-scaled.jpg","keywords":["caluroso","Cocentaina","Domingo de Ramos","Inicia"],"articleSection":["Comarcas","Noticias"],"inLanguage":"es"},{"@type":"WebPage","@id":"https:\/\/www.copealcoy.es\/es\/cocentaina-inicia-la-semana-santa-en-un-caluroso-domingo-de-ramos\/","url":"https:\/\/www.copealcoy.es\/es\/cocentaina-inicia-la-semana-santa-en-un-caluroso-domingo-de-ramos\/","name":"Cocentaina inicia la Semana Santa en un caluroso Domingo de Ramos - COPE Alcoy","isPartOf":{"@id":"https:\/\/www.copealcoy.es\/es\/#website"},"primaryImageOfPage":{"@id":"https:\/\/www.copealcoy.es\/es\/cocentaina-inicia-la-semana-santa-en-un-caluroso-domingo-de-ramos\/#primaryimage"},"image":{"@id":"https:\/\/www.copealcoy.es\/es\/cocentaina-inicia-la-semana-santa-en-un-caluroso-domingo-de-ramos\/#primaryimage"},"thumbnailUrl":"https:\/\/www.copealcoy.es\/wp-content\/uploads\/2019\/04\/IMG-6850-1-scaled.jpg","datePublished":"2019-04-14T15:57:06+00:00","author":{"@id":"https:\/\/www.copealcoy.es\/es\/#\/schema\/person\/e777c87fa024e57d40170af9df39882c"},"breadcrumb":{"@id":"https:\/\/www.copealcoy.es\/es\/cocentaina-inicia-la-semana-santa-en-un-caluroso-domingo-de-ramos\/#breadcrumb"},"inLanguage":"es","potentialAction":[{"@type":"ReadAction","target":["https:\/\/www.copealcoy.es\/es\/cocentaina-inicia-la-semana-santa-en-un-caluroso-domingo-de-ramos\/"]}]},{"@type":"ImageObject","inLanguage":"es","@id":"https:\/\/www.copealcoy.es\/es\/cocentaina-inicia-la-semana-santa-en-un-caluroso-domingo-de-ramos\/#primaryimage","url":"https:\/\/www.copealcoy.es\/wp-content\/uploads\/2019\/04\/IMG-6850-1-scaled.jpg","contentUrl":"https:\/\/www.copealcoy.es\/wp-content\/uploads\/2019\/04\/IMG-6850-1-scaled.jpg","width":2560,"height":1920,"caption":"Los m\u00e1s peque\u00f1os han sido protagonistas del Domingo de Ramos en Cocentaina \/ Foto: G. Pascual"},{"@type":"BreadcrumbList","@id":"https:\/\/www.copealcoy.es\/es\/cocentaina-inicia-la-semana-santa-en-un-caluroso-domingo-de-ramos\/#breadcrumb","itemListElement":[{"@type":"ListItem","position":1,"name":"Portada","item":"https:\/\/www.copealcoy.es\/es\/"},{"@type":"ListItem","position":2,"name":"Cocentaina inicia la Semana Santa en un caluroso Domingo de Ramos"}]},{"@type":"WebSite","@id":"https:\/\/www.copealcoy.es\/es\/#website","url":"https:\/\/www.copealcoy.es\/es\/","name":"COPE Alcoy","description":"Emisora COPE de radio local con emisi\u00f3n online. Pont de Sant Jordi 8-10 03803 Alcoy","potentialAction":[{"@type":"SearchAction","target":{"@type":"EntryPoint","urlTemplate":"https:\/\/www.copealcoy.es\/es\/?s={search_term_string}"},"query-input":{"@type":"PropertyValueSpecification","valueRequired":true,"valueName":"search_term_string"}}],"inLanguage":"es"},{"@type":"Person","@id":"https:\/\/www.copealcoy.es\/es\/#\/schema\/person\/e777c87fa024e57d40170af9df39882c","name":"Cope Alcoy","image":{"@type":"ImageObject","inLanguage":"es","@id":"https:\/\/secure.gravatar.com\/avatar\/bb65d0283347e303893ba14f0692005417c1e0e690a325a4c5d8bb2b3943ee14?s=96&d=mm&r=g","url":"https:\/\/secure.gravatar.com\/avatar\/bb65d0283347e303893ba14f0692005417c1e0e690a325a4c5d8bb2b3943ee14?s=96&d=mm&r=g","contentUrl":"https:\/\/secure.gravatar.com\/avatar\/bb65d0283347e303893ba14f0692005417c1e0e690a325a4c5d8bb2b3943ee14?s=96&d=mm&r=g","caption":"Cope Alcoy"}}]}},"_links":{"self":[{"href":"https:\/\/www.copealcoy.es\/es\/wp-json\/wp\/v2\/posts\/49663","targetHints":{"allow":["GET"]}}],"collection":[{"href":"https:\/\/www.copealcoy.es\/es\/wp-json\/wp\/v2\/posts"}],"about":[{"href":"https:\/\/www.copealcoy.es\/es\/wp-json\/wp\/v2\/types\/post"}],"author":[{"embeddable":true,"href":"https:\/\/www.copealcoy.es\/es\/wp-json\/wp\/v2\/users\/1"}],"replies":[{"embeddable":true,"href":"https:\/\/www.copealcoy.es\/es\/wp-json\/wp\/v2\/comments?post=49663"}],"version-history":[{"count":0,"href":"https:\/\/www.copealcoy.es\/es\/wp-json\/wp\/v2\/posts\/49663\/revisions"}],"wp:featuredmedia":[{"embeddable":true,"href":"https:\/\/www.copealcoy.es\/es\/wp-json\/wp\/v2\/media\/49664"}],"wp:attachment":[{"href":"https:\/\/www.copealcoy.es\/es\/wp-json\/wp\/v2\/media?parent=49663"}],"wp:term":[{"taxonomy":"category","embeddable":true,"href":"https:\/\/www.copealcoy.es\/es\/wp-json\/wp\/v2\/categories?post=49663"},{"taxonomy":"post_tag","embeddable":true,"href":"https:\/\/www.copealcoy.es\/es\/wp-json\/wp\/v2\/tags?post=49663"}],"curies":[{"name":"wp","href":"https:\/\/api.w.org\/{rel}","templated":true}]}}