{"id":49561,"date":"2018-07-05T15:31:36","date_gmt":"2018-07-05T15:31:36","guid":{"rendered":"https:\/\/www.copealcoy.es\/?p=43735"},"modified":"2018-07-05T15:31:36","modified_gmt":"2018-07-05T15:31:36","slug":"junio-termino-con-19-parados-mas-en-el-comtat-y-lalcoia-2","status":"publish","type":"post","link":"https:\/\/www.copealcoy.es\/es\/junio-termino-con-19-parados-mas-en-el-comtat-y-lalcoia-2\/","title":{"rendered":"Junio termin\u00f3 con 19 parados m\u00e1s en el Comtat y l&#039;Alcoi\u00e0"},"content":{"rendered":"<p><![CDATA[\n\n<p style=\"text-align: justify;\">El <strong>mes de junio<\/strong> se despidi\u00f3 en el conjunto de las comarcas del Comtat y de l\u2019 Alcoi\u00e0 con<strong> una subida del paro de 19 personas<\/strong>, una situaci\u00f3n que <strong>no se produc\u00eda<\/strong> desde hace nueve meses. Ahora mismo en la zona\u00a0 <strong>un total de 10.781 personas sin trabajo<\/strong>.<\/p>\n\n\n\n\n<p style=\"text-align: justify;\">Por municipios, el <strong>principal incremento se dio en Muro<\/strong> con una <strong>subida del paro en 37 personas<\/strong>, un hecho que deja el total de desempleados ahora mismo en <strong>los 656<\/strong>. Le sigue <strong>Onil con 23 parados m\u00e1s<\/strong> y <strong>un total de 548 personas<\/strong> sin un puesto de trabajo. Al margen de esto la bajada m\u00e1s significativa del paro se ha dado <strong>en Alcoy<\/strong>, con <strong>28 parados menos<\/strong> y <strong>un total de 5.201<\/strong>, as\u00ed como en <strong>Cocentaina<\/strong>. En el caso de la Villa Condal el sexto mes del a\u00f1o <strong>termin\u00f3\u00a0con una ca\u00edda de 21 desempleados<\/strong> que dejan una suma total de <strong>959 personas<\/strong>.<\/p>\n\n\n\n\n<p style=\"text-align: justify;\">En cuanto a <strong>los sectores<\/strong>, hay que destacar que <strong>la agricultura fue donde m\u00e1s subi\u00f3 el paro<\/strong> seguido de <strong>la industria<\/strong> mientras que baj\u00f3 en <strong>los servicios y la construcci\u00f3n<\/strong>. De igual forma aument\u00f3 <strong>la tasa de paro femenina\u00a0 en 41 personas y la masculina disminuy\u00f3 en 22<\/strong>. Desde el Sindicato UGT &#8211; La Monta\u00f1a su Secretario General, <strong>Ismael Senent<\/strong>, ha vuelto a<strong> valorar negativamente los resultados<\/strong> y ha destacado que estos &#8220;<em>confirman un empeoramiento de los puestos de trabajo. Sigue\u00a0existiendo una gran precariedad laboral con un abuso de la temporalidad y de la contrataci\u00f3n a tiempo parcial involuntario<\/em>&#8220;, afirma.<\/p>\n\n]]>    \t<\/p>\n","protected":false},"excerpt":{"rendered":"<p>El mes de junio se despidi\u00f3 en el conjunto de las comarcas del Comtat y de l\u2019 Alcoi\u00e0 con una&#8230;<\/p>\n","protected":false},"author":1,"featured_media":38636,"comment_status":"open","ping_status":"open","sticky":false,"template":"","format":"standard","meta":{"footnotes":""},"categories":[97,75,79],"tags":[5976,482,237,5974,5975],"class_list":["post-49561","post","type-post","status-publish","format-standard","has-post-thumbnail","hentry","category-alcoy","category-noticias","category-politicayeconomia","tag-19-parados","tag-alcoia","tag-comtat","tag-junio","tag-termino"],"yoast_head":"<!-- This site is optimized with the Yoast SEO plugin v27.3 - https:\/\/yoast.com\/product\/yoast-seo-wordpress\/ -->\n<title>Junio termin\u00f3 con 19 parados m\u00e1s en el Comtat y l&#039;Alcoi\u00e0 - COPE Alcoy<\/title>\n<meta name=\"robots\" content=\"index, follow, max-snippet:-1, max-image-preview:large, max-video-preview:-1\" \/>\n<link rel=\"canonical\" href=\"https:\/\/www.copealcoy.es\/es\/junio-termino-con-19-parados-mas-en-el-comtat-y-lalcoia-2\/\" \/>\n<meta property=\"og:locale\" content=\"es_ES\" \/>\n<meta property=\"og:type\" content=\"article\" \/>\n<meta property=\"og:title\" content=\"Junio termin\u00f3 con 19 parados m\u00e1s en el Comtat y l&#039;Alcoi\u00e0 - COPE Alcoy\" \/>\n<meta property=\"og:description\" content=\"El mes de junio se despidi\u00f3 en el conjunto de las comarcas del Comtat y de l\u2019 Alcoi\u00e0 con una...\" \/>\n<meta property=\"og:url\" content=\"https:\/\/www.copealcoy.es\/es\/junio-termino-con-19-parados-mas-en-el-comtat-y-lalcoia-2\/\" \/>\n<meta property=\"og:site_name\" content=\"COPE Alcoy\" \/>\n<meta property=\"article:published_time\" content=\"2018-07-05T15:31:36+00:00\" \/>\n<meta property=\"og:image\" content=\"https:\/\/www.copealcoy.es\/wp-content\/uploads\/2018\/01\/DJI_0023-e1631726606698.jpg\" \/>\n\t<meta property=\"og:image:width\" content=\"682\" \/>\n\t<meta property=\"og:image:height\" content=\"512\" \/>\n\t<meta property=\"og:image:type\" content=\"image\/jpeg\" \/>\n<meta name=\"author\" content=\"Cope Alcoy\" \/>\n<meta name=\"twitter:label1\" content=\"Escrito por\" \/>\n\t<meta name=\"twitter:data1\" content=\"Cope Alcoy\" \/>\n\t<meta name=\"twitter:label2\" content=\"Tiempo de lectura\" \/>\n\t<meta name=\"twitter:data2\" content=\"1 minuto\" \/>\n<script type=\"application\/ld+json\" class=\"yoast-schema-graph\">{\"@context\":\"https:\\\/\\\/schema.org\",\"@graph\":[{\"@type\":\"Article\",\"@id\":\"https:\\\/\\\/www.copealcoy.es\\\/es\\\/junio-termino-con-19-parados-mas-en-el-comtat-y-lalcoia-2\\\/#article\",\"isPartOf\":{\"@id\":\"https:\\\/\\\/www.copealcoy.es\\\/es\\\/junio-termino-con-19-parados-mas-en-el-comtat-y-lalcoia-2\\\/\"},\"author\":{\"name\":\"Cope Alcoy\",\"@id\":\"https:\\\/\\\/www.copealcoy.es\\\/es\\\/#\\\/schema\\\/person\\\/e777c87fa024e57d40170af9df39882c\"},\"headline\":\"Junio termin\u00f3 con 19 parados m\u00e1s en el Comtat y l&#039;Alcoi\u00e0\",\"datePublished\":\"2018-07-05T15:31:36+00:00\",\"mainEntityOfPage\":{\"@id\":\"https:\\\/\\\/www.copealcoy.es\\\/es\\\/junio-termino-con-19-parados-mas-en-el-comtat-y-lalcoia-2\\\/\"},\"wordCount\":262,\"commentCount\":0,\"image\":{\"@id\":\"https:\\\/\\\/www.copealcoy.es\\\/es\\\/junio-termino-con-19-parados-mas-en-el-comtat-y-lalcoia-2\\\/#primaryimage\"},\"thumbnailUrl\":\"https:\\\/\\\/www.copealcoy.es\\\/wp-content\\\/uploads\\\/2018\\\/01\\\/DJI_0023-e1631726606698.jpg\",\"keywords\":[\"19 parados\",\"Alcoi\u00e0\",\"Comtat\",\"junio\",\"termin\u00f3\"],\"articleSection\":[\"Alcoy\",\"Noticias\",\"Pol\u00edtica y Econom\u00eda\"],\"inLanguage\":\"es\"},{\"@type\":\"WebPage\",\"@id\":\"https:\\\/\\\/www.copealcoy.es\\\/es\\\/junio-termino-con-19-parados-mas-en-el-comtat-y-lalcoia-2\\\/\",\"url\":\"https:\\\/\\\/www.copealcoy.es\\\/es\\\/junio-termino-con-19-parados-mas-en-el-comtat-y-lalcoia-2\\\/\",\"name\":\"Junio termin\u00f3 con 19 parados m\u00e1s en el Comtat y l&#039;Alcoi\u00e0 - COPE Alcoy\",\"isPartOf\":{\"@id\":\"https:\\\/\\\/www.copealcoy.es\\\/es\\\/#website\"},\"primaryImageOfPage\":{\"@id\":\"https:\\\/\\\/www.copealcoy.es\\\/es\\\/junio-termino-con-19-parados-mas-en-el-comtat-y-lalcoia-2\\\/#primaryimage\"},\"image\":{\"@id\":\"https:\\\/\\\/www.copealcoy.es\\\/es\\\/junio-termino-con-19-parados-mas-en-el-comtat-y-lalcoia-2\\\/#primaryimage\"},\"thumbnailUrl\":\"https:\\\/\\\/www.copealcoy.es\\\/wp-content\\\/uploads\\\/2018\\\/01\\\/DJI_0023-e1631726606698.jpg\",\"datePublished\":\"2018-07-05T15:31:36+00:00\",\"author\":{\"@id\":\"https:\\\/\\\/www.copealcoy.es\\\/es\\\/#\\\/schema\\\/person\\\/e777c87fa024e57d40170af9df39882c\"},\"breadcrumb\":{\"@id\":\"https:\\\/\\\/www.copealcoy.es\\\/es\\\/junio-termino-con-19-parados-mas-en-el-comtat-y-lalcoia-2\\\/#breadcrumb\"},\"inLanguage\":\"es\",\"potentialAction\":[{\"@type\":\"ReadAction\",\"target\":[\"https:\\\/\\\/www.copealcoy.es\\\/es\\\/junio-termino-con-19-parados-mas-en-el-comtat-y-lalcoia-2\\\/\"]}]},{\"@type\":\"ImageObject\",\"inLanguage\":\"es\",\"@id\":\"https:\\\/\\\/www.copealcoy.es\\\/es\\\/junio-termino-con-19-parados-mas-en-el-comtat-y-lalcoia-2\\\/#primaryimage\",\"url\":\"https:\\\/\\\/www.copealcoy.es\\\/wp-content\\\/uploads\\\/2018\\\/01\\\/DJI_0023-e1631726606698.jpg\",\"contentUrl\":\"https:\\\/\\\/www.copealcoy.es\\\/wp-content\\\/uploads\\\/2018\\\/01\\\/DJI_0023-e1631726606698.jpg\",\"width\":682,\"height\":512},{\"@type\":\"BreadcrumbList\",\"@id\":\"https:\\\/\\\/www.copealcoy.es\\\/es\\\/junio-termino-con-19-parados-mas-en-el-comtat-y-lalcoia-2\\\/#breadcrumb\",\"itemListElement\":[{\"@type\":\"ListItem\",\"position\":1,\"name\":\"Portada\",\"item\":\"https:\\\/\\\/www.copealcoy.es\\\/es\\\/\"},{\"@type\":\"ListItem\",\"position\":2,\"name\":\"Junio termin\u00f3 con 19 parados m\u00e1s en el Comtat y l&#039;Alcoi\u00e0\"}]},{\"@type\":\"WebSite\",\"@id\":\"https:\\\/\\\/www.copealcoy.es\\\/es\\\/#website\",\"url\":\"https:\\\/\\\/www.copealcoy.es\\\/es\\\/\",\"name\":\"COPE Alcoy\",\"description\":\"Emisora COPE de radio local con emisi\u00f3n online. Pont de Sant Jordi 8-10 03803 Alcoy\",\"potentialAction\":[{\"@type\":\"SearchAction\",\"target\":{\"@type\":\"EntryPoint\",\"urlTemplate\":\"https:\\\/\\\/www.copealcoy.es\\\/es\\\/?s={search_term_string}\"},\"query-input\":{\"@type\":\"PropertyValueSpecification\",\"valueRequired\":true,\"valueName\":\"search_term_string\"}}],\"inLanguage\":\"es\"},{\"@type\":\"Person\",\"@id\":\"https:\\\/\\\/www.copealcoy.es\\\/es\\\/#\\\/schema\\\/person\\\/e777c87fa024e57d40170af9df39882c\",\"name\":\"Cope Alcoy\",\"image\":{\"@type\":\"ImageObject\",\"inLanguage\":\"es\",\"@id\":\"https:\\\/\\\/secure.gravatar.com\\\/avatar\\\/bb65d0283347e303893ba14f0692005417c1e0e690a325a4c5d8bb2b3943ee14?s=96&d=mm&r=g\",\"url\":\"https:\\\/\\\/secure.gravatar.com\\\/avatar\\\/bb65d0283347e303893ba14f0692005417c1e0e690a325a4c5d8bb2b3943ee14?s=96&d=mm&r=g\",\"contentUrl\":\"https:\\\/\\\/secure.gravatar.com\\\/avatar\\\/bb65d0283347e303893ba14f0692005417c1e0e690a325a4c5d8bb2b3943ee14?s=96&d=mm&r=g\",\"caption\":\"Cope Alcoy\"}}]}<\/script>\n<!-- \/ Yoast SEO plugin. -->","yoast_head_json":{"title":"Junio termin\u00f3 con 19 parados m\u00e1s en el Comtat y l&#039;Alcoi\u00e0 - COPE Alcoy","robots":{"index":"index","follow":"follow","max-snippet":"max-snippet:-1","max-image-preview":"max-image-preview:large","max-video-preview":"max-video-preview:-1"},"canonical":"https:\/\/www.copealcoy.es\/es\/junio-termino-con-19-parados-mas-en-el-comtat-y-lalcoia-2\/","og_locale":"es_ES","og_type":"article","og_title":"Junio termin\u00f3 con 19 parados m\u00e1s en el Comtat y l&#039;Alcoi\u00e0 - COPE Alcoy","og_description":"El mes de junio se despidi\u00f3 en el conjunto de las comarcas del Comtat y de l\u2019 Alcoi\u00e0 con una...","og_url":"https:\/\/www.copealcoy.es\/es\/junio-termino-con-19-parados-mas-en-el-comtat-y-lalcoia-2\/","og_site_name":"COPE Alcoy","article_published_time":"2018-07-05T15:31:36+00:00","og_image":[{"width":682,"height":512,"url":"https:\/\/www.copealcoy.es\/wp-content\/uploads\/2018\/01\/DJI_0023-e1631726606698.jpg","type":"image\/jpeg"}],"author":"Cope Alcoy","twitter_misc":{"Escrito por":"Cope Alcoy","Tiempo de lectura":"1 minuto"},"schema":{"@context":"https:\/\/schema.org","@graph":[{"@type":"Article","@id":"https:\/\/www.copealcoy.es\/es\/junio-termino-con-19-parados-mas-en-el-comtat-y-lalcoia-2\/#article","isPartOf":{"@id":"https:\/\/www.copealcoy.es\/es\/junio-termino-con-19-parados-mas-en-el-comtat-y-lalcoia-2\/"},"author":{"name":"Cope Alcoy","@id":"https:\/\/www.copealcoy.es\/es\/#\/schema\/person\/e777c87fa024e57d40170af9df39882c"},"headline":"Junio termin\u00f3 con 19 parados m\u00e1s en el Comtat y l&#039;Alcoi\u00e0","datePublished":"2018-07-05T15:31:36+00:00","mainEntityOfPage":{"@id":"https:\/\/www.copealcoy.es\/es\/junio-termino-con-19-parados-mas-en-el-comtat-y-lalcoia-2\/"},"wordCount":262,"commentCount":0,"image":{"@id":"https:\/\/www.copealcoy.es\/es\/junio-termino-con-19-parados-mas-en-el-comtat-y-lalcoia-2\/#primaryimage"},"thumbnailUrl":"https:\/\/www.copealcoy.es\/wp-content\/uploads\/2018\/01\/DJI_0023-e1631726606698.jpg","keywords":["19 parados","Alcoi\u00e0","Comtat","junio","termin\u00f3"],"articleSection":["Alcoy","Noticias","Pol\u00edtica y Econom\u00eda"],"inLanguage":"es"},{"@type":"WebPage","@id":"https:\/\/www.copealcoy.es\/es\/junio-termino-con-19-parados-mas-en-el-comtat-y-lalcoia-2\/","url":"https:\/\/www.copealcoy.es\/es\/junio-termino-con-19-parados-mas-en-el-comtat-y-lalcoia-2\/","name":"Junio termin\u00f3 con 19 parados m\u00e1s en el Comtat y l&#039;Alcoi\u00e0 - COPE Alcoy","isPartOf":{"@id":"https:\/\/www.copealcoy.es\/es\/#website"},"primaryImageOfPage":{"@id":"https:\/\/www.copealcoy.es\/es\/junio-termino-con-19-parados-mas-en-el-comtat-y-lalcoia-2\/#primaryimage"},"image":{"@id":"https:\/\/www.copealcoy.es\/es\/junio-termino-con-19-parados-mas-en-el-comtat-y-lalcoia-2\/#primaryimage"},"thumbnailUrl":"https:\/\/www.copealcoy.es\/wp-content\/uploads\/2018\/01\/DJI_0023-e1631726606698.jpg","datePublished":"2018-07-05T15:31:36+00:00","author":{"@id":"https:\/\/www.copealcoy.es\/es\/#\/schema\/person\/e777c87fa024e57d40170af9df39882c"},"breadcrumb":{"@id":"https:\/\/www.copealcoy.es\/es\/junio-termino-con-19-parados-mas-en-el-comtat-y-lalcoia-2\/#breadcrumb"},"inLanguage":"es","potentialAction":[{"@type":"ReadAction","target":["https:\/\/www.copealcoy.es\/es\/junio-termino-con-19-parados-mas-en-el-comtat-y-lalcoia-2\/"]}]},{"@type":"ImageObject","inLanguage":"es","@id":"https:\/\/www.copealcoy.es\/es\/junio-termino-con-19-parados-mas-en-el-comtat-y-lalcoia-2\/#primaryimage","url":"https:\/\/www.copealcoy.es\/wp-content\/uploads\/2018\/01\/DJI_0023-e1631726606698.jpg","contentUrl":"https:\/\/www.copealcoy.es\/wp-content\/uploads\/2018\/01\/DJI_0023-e1631726606698.jpg","width":682,"height":512},{"@type":"BreadcrumbList","@id":"https:\/\/www.copealcoy.es\/es\/junio-termino-con-19-parados-mas-en-el-comtat-y-lalcoia-2\/#breadcrumb","itemListElement":[{"@type":"ListItem","position":1,"name":"Portada","item":"https:\/\/www.copealcoy.es\/es\/"},{"@type":"ListItem","position":2,"name":"Junio termin\u00f3 con 19 parados m\u00e1s en el Comtat y l&#039;Alcoi\u00e0"}]},{"@type":"WebSite","@id":"https:\/\/www.copealcoy.es\/es\/#website","url":"https:\/\/www.copealcoy.es\/es\/","name":"COPE Alcoy","description":"Emisora COPE de radio local con emisi\u00f3n online. Pont de Sant Jordi 8-10 03803 Alcoy","potentialAction":[{"@type":"SearchAction","target":{"@type":"EntryPoint","urlTemplate":"https:\/\/www.copealcoy.es\/es\/?s={search_term_string}"},"query-input":{"@type":"PropertyValueSpecification","valueRequired":true,"valueName":"search_term_string"}}],"inLanguage":"es"},{"@type":"Person","@id":"https:\/\/www.copealcoy.es\/es\/#\/schema\/person\/e777c87fa024e57d40170af9df39882c","name":"Cope Alcoy","image":{"@type":"ImageObject","inLanguage":"es","@id":"https:\/\/secure.gravatar.com\/avatar\/bb65d0283347e303893ba14f0692005417c1e0e690a325a4c5d8bb2b3943ee14?s=96&d=mm&r=g","url":"https:\/\/secure.gravatar.com\/avatar\/bb65d0283347e303893ba14f0692005417c1e0e690a325a4c5d8bb2b3943ee14?s=96&d=mm&r=g","contentUrl":"https:\/\/secure.gravatar.com\/avatar\/bb65d0283347e303893ba14f0692005417c1e0e690a325a4c5d8bb2b3943ee14?s=96&d=mm&r=g","caption":"Cope Alcoy"}}]}},"_links":{"self":[{"href":"https:\/\/www.copealcoy.es\/es\/wp-json\/wp\/v2\/posts\/49561","targetHints":{"allow":["GET"]}}],"collection":[{"href":"https:\/\/www.copealcoy.es\/es\/wp-json\/wp\/v2\/posts"}],"about":[{"href":"https:\/\/www.copealcoy.es\/es\/wp-json\/wp\/v2\/types\/post"}],"author":[{"embeddable":true,"href":"https:\/\/www.copealcoy.es\/es\/wp-json\/wp\/v2\/users\/1"}],"replies":[{"embeddable":true,"href":"https:\/\/www.copealcoy.es\/es\/wp-json\/wp\/v2\/comments?post=49561"}],"version-history":[{"count":0,"href":"https:\/\/www.copealcoy.es\/es\/wp-json\/wp\/v2\/posts\/49561\/revisions"}],"wp:featuredmedia":[{"embeddable":true,"href":"https:\/\/www.copealcoy.es\/es\/wp-json\/wp\/v2\/media\/38636"}],"wp:attachment":[{"href":"https:\/\/www.copealcoy.es\/es\/wp-json\/wp\/v2\/media?parent=49561"}],"wp:term":[{"taxonomy":"category","embeddable":true,"href":"https:\/\/www.copealcoy.es\/es\/wp-json\/wp\/v2\/categories?post=49561"},{"taxonomy":"post_tag","embeddable":true,"href":"https:\/\/www.copealcoy.es\/es\/wp-json\/wp\/v2\/tags?post=49561"}],"curies":[{"name":"wp","href":"https:\/\/api.w.org\/{rel}","templated":true}]}}