{"id":49528,"date":"2018-05-11T06:00:00","date_gmt":"2018-05-11T06:00:00","guid":{"rendered":"https:\/\/www.copealcoy.es\/?p=42030"},"modified":"2018-05-11T06:00:00","modified_gmt":"2018-05-11T06:00:00","slug":"siguen-las-rutas-de-cocentaina-de-tapes-2","status":"publish","type":"post","link":"https:\/\/www.copealcoy.es\/es\/siguen-las-rutas-de-cocentaina-de-tapes-2\/","title":{"rendered":"Siguen las rutas de &#039;Cocentaina de Tapes&#039;"},"content":{"rendered":"<p><![CDATA[Cocentaina sigue adelante con sus Jornadas Gastron\u00f3micas 'Fira de Tots Sants'. En esta ocasi\u00f3n se llevar\u00e1 a cabo una nueva ruta del 'Quinto y Tapa' por los bares participantes]]>    \t<\/p>\n","protected":false},"excerpt":{"rendered":"","protected":false},"author":1,"featured_media":31350,"comment_status":"open","ping_status":"open","sticky":false,"template":"","format":"standard","meta":{"footnotes":""},"categories":[99],"tags":[],"class_list":["post-49528","post","type-post","status-publish","format-standard","has-post-thumbnail","hentry","category-agenda"],"yoast_head":"<!-- This site is optimized with the Yoast SEO plugin v27.3 - https:\/\/yoast.com\/product\/yoast-seo-wordpress\/ -->\n<title>Siguen las rutas de &#039;Cocentaina de Tapes&#039; - COPE Alcoy<\/title>\n<meta name=\"robots\" content=\"index, follow, max-snippet:-1, max-image-preview:large, max-video-preview:-1\" \/>\n<link rel=\"canonical\" href=\"https:\/\/www.copealcoy.es\/es\/siguen-las-rutas-de-cocentaina-de-tapes-2\/\" \/>\n<meta property=\"og:locale\" content=\"es_ES\" \/>\n<meta property=\"og:type\" content=\"article\" \/>\n<meta property=\"og:title\" content=\"Siguen las rutas de &#039;Cocentaina de Tapes&#039; - COPE Alcoy\" \/>\n<meta property=\"og:url\" content=\"https:\/\/www.copealcoy.es\/es\/siguen-las-rutas-de-cocentaina-de-tapes-2\/\" \/>\n<meta property=\"og:site_name\" content=\"COPE Alcoy\" \/>\n<meta property=\"article:published_time\" content=\"2018-05-11T06:00:00+00:00\" \/>\n<meta property=\"og:image\" content=\"https:\/\/www.copealcoy.es\/wp-content\/uploads\/2017\/05\/18195118_1078101615666656_592929952129707547_n-e1493823791224.jpg\" \/>\n\t<meta property=\"og:image:width\" content=\"960\" \/>\n\t<meta property=\"og:image:height\" content=\"494\" \/>\n\t<meta property=\"og:image:type\" content=\"image\/jpeg\" \/>\n<meta name=\"author\" content=\"Cope Alcoy\" \/>\n<meta name=\"twitter:label1\" content=\"Escrito por\" \/>\n\t<meta name=\"twitter:data1\" content=\"Cope Alcoy\" \/>\n<script type=\"application\/ld+json\" class=\"yoast-schema-graph\">{\"@context\":\"https:\\\/\\\/schema.org\",\"@graph\":[{\"@type\":\"Article\",\"@id\":\"https:\\\/\\\/www.copealcoy.es\\\/es\\\/siguen-las-rutas-de-cocentaina-de-tapes-2\\\/#article\",\"isPartOf\":{\"@id\":\"https:\\\/\\\/www.copealcoy.es\\\/es\\\/siguen-las-rutas-de-cocentaina-de-tapes-2\\\/\"},\"author\":{\"name\":\"Cope Alcoy\",\"@id\":\"https:\\\/\\\/www.copealcoy.es\\\/es\\\/#\\\/schema\\\/person\\\/e777c87fa024e57d40170af9df39882c\"},\"headline\":\"Siguen las rutas de &#039;Cocentaina de Tapes&#039;\",\"datePublished\":\"2018-05-11T06:00:00+00:00\",\"mainEntityOfPage\":{\"@id\":\"https:\\\/\\\/www.copealcoy.es\\\/es\\\/siguen-las-rutas-de-cocentaina-de-tapes-2\\\/\"},\"wordCount\":7,\"commentCount\":0,\"image\":{\"@id\":\"https:\\\/\\\/www.copealcoy.es\\\/es\\\/siguen-las-rutas-de-cocentaina-de-tapes-2\\\/#primaryimage\"},\"thumbnailUrl\":\"https:\\\/\\\/www.copealcoy.es\\\/wp-content\\\/uploads\\\/2017\\\/05\\\/18195118_1078101615666656_592929952129707547_n-e1493823791224.jpg\",\"articleSection\":[\"Agenda\"],\"inLanguage\":\"es\"},{\"@type\":\"WebPage\",\"@id\":\"https:\\\/\\\/www.copealcoy.es\\\/es\\\/siguen-las-rutas-de-cocentaina-de-tapes-2\\\/\",\"url\":\"https:\\\/\\\/www.copealcoy.es\\\/es\\\/siguen-las-rutas-de-cocentaina-de-tapes-2\\\/\",\"name\":\"Siguen las rutas de &#039;Cocentaina de Tapes&#039; - COPE Alcoy\",\"isPartOf\":{\"@id\":\"https:\\\/\\\/www.copealcoy.es\\\/es\\\/#website\"},\"primaryImageOfPage\":{\"@id\":\"https:\\\/\\\/www.copealcoy.es\\\/es\\\/siguen-las-rutas-de-cocentaina-de-tapes-2\\\/#primaryimage\"},\"image\":{\"@id\":\"https:\\\/\\\/www.copealcoy.es\\\/es\\\/siguen-las-rutas-de-cocentaina-de-tapes-2\\\/#primaryimage\"},\"thumbnailUrl\":\"https:\\\/\\\/www.copealcoy.es\\\/wp-content\\\/uploads\\\/2017\\\/05\\\/18195118_1078101615666656_592929952129707547_n-e1493823791224.jpg\",\"datePublished\":\"2018-05-11T06:00:00+00:00\",\"author\":{\"@id\":\"https:\\\/\\\/www.copealcoy.es\\\/es\\\/#\\\/schema\\\/person\\\/e777c87fa024e57d40170af9df39882c\"},\"breadcrumb\":{\"@id\":\"https:\\\/\\\/www.copealcoy.es\\\/es\\\/siguen-las-rutas-de-cocentaina-de-tapes-2\\\/#breadcrumb\"},\"inLanguage\":\"es\",\"potentialAction\":[{\"@type\":\"ReadAction\",\"target\":[\"https:\\\/\\\/www.copealcoy.es\\\/es\\\/siguen-las-rutas-de-cocentaina-de-tapes-2\\\/\"]}]},{\"@type\":\"ImageObject\",\"inLanguage\":\"es\",\"@id\":\"https:\\\/\\\/www.copealcoy.es\\\/es\\\/siguen-las-rutas-de-cocentaina-de-tapes-2\\\/#primaryimage\",\"url\":\"https:\\\/\\\/www.copealcoy.es\\\/wp-content\\\/uploads\\\/2017\\\/05\\\/18195118_1078101615666656_592929952129707547_n-e1493823791224.jpg\",\"contentUrl\":\"https:\\\/\\\/www.copealcoy.es\\\/wp-content\\\/uploads\\\/2017\\\/05\\\/18195118_1078101615666656_592929952129707547_n-e1493823791224.jpg\",\"width\":960,\"height\":494,\"caption\":\"Las Jornadas Gastron\u00f3micas se han presentado en el Ayuntamiento de Alcoy \\\/ Foto: G. Pascual\"},{\"@type\":\"BreadcrumbList\",\"@id\":\"https:\\\/\\\/www.copealcoy.es\\\/es\\\/siguen-las-rutas-de-cocentaina-de-tapes-2\\\/#breadcrumb\",\"itemListElement\":[{\"@type\":\"ListItem\",\"position\":1,\"name\":\"Portada\",\"item\":\"https:\\\/\\\/www.copealcoy.es\\\/es\\\/\"},{\"@type\":\"ListItem\",\"position\":2,\"name\":\"Siguen las rutas de &#039;Cocentaina de Tapes&#039;\"}]},{\"@type\":\"WebSite\",\"@id\":\"https:\\\/\\\/www.copealcoy.es\\\/es\\\/#website\",\"url\":\"https:\\\/\\\/www.copealcoy.es\\\/es\\\/\",\"name\":\"COPE Alcoy\",\"description\":\"Emisora COPE de radio local con emisi\u00f3n online. Pont de Sant Jordi 8-10 03803 Alcoy\",\"potentialAction\":[{\"@type\":\"SearchAction\",\"target\":{\"@type\":\"EntryPoint\",\"urlTemplate\":\"https:\\\/\\\/www.copealcoy.es\\\/es\\\/?s={search_term_string}\"},\"query-input\":{\"@type\":\"PropertyValueSpecification\",\"valueRequired\":true,\"valueName\":\"search_term_string\"}}],\"inLanguage\":\"es\"},{\"@type\":\"Person\",\"@id\":\"https:\\\/\\\/www.copealcoy.es\\\/es\\\/#\\\/schema\\\/person\\\/e777c87fa024e57d40170af9df39882c\",\"name\":\"Cope Alcoy\",\"image\":{\"@type\":\"ImageObject\",\"inLanguage\":\"es\",\"@id\":\"https:\\\/\\\/secure.gravatar.com\\\/avatar\\\/bb65d0283347e303893ba14f0692005417c1e0e690a325a4c5d8bb2b3943ee14?s=96&d=mm&r=g\",\"url\":\"https:\\\/\\\/secure.gravatar.com\\\/avatar\\\/bb65d0283347e303893ba14f0692005417c1e0e690a325a4c5d8bb2b3943ee14?s=96&d=mm&r=g\",\"contentUrl\":\"https:\\\/\\\/secure.gravatar.com\\\/avatar\\\/bb65d0283347e303893ba14f0692005417c1e0e690a325a4c5d8bb2b3943ee14?s=96&d=mm&r=g\",\"caption\":\"Cope Alcoy\"}}]}<\/script>\n<!-- \/ Yoast SEO plugin. -->","yoast_head_json":{"title":"Siguen las rutas de &#039;Cocentaina de Tapes&#039; - COPE Alcoy","robots":{"index":"index","follow":"follow","max-snippet":"max-snippet:-1","max-image-preview":"max-image-preview:large","max-video-preview":"max-video-preview:-1"},"canonical":"https:\/\/www.copealcoy.es\/es\/siguen-las-rutas-de-cocentaina-de-tapes-2\/","og_locale":"es_ES","og_type":"article","og_title":"Siguen las rutas de &#039;Cocentaina de Tapes&#039; - COPE Alcoy","og_url":"https:\/\/www.copealcoy.es\/es\/siguen-las-rutas-de-cocentaina-de-tapes-2\/","og_site_name":"COPE Alcoy","article_published_time":"2018-05-11T06:00:00+00:00","og_image":[{"width":960,"height":494,"url":"https:\/\/www.copealcoy.es\/wp-content\/uploads\/2017\/05\/18195118_1078101615666656_592929952129707547_n-e1493823791224.jpg","type":"image\/jpeg"}],"author":"Cope Alcoy","twitter_misc":{"Escrito por":"Cope Alcoy"},"schema":{"@context":"https:\/\/schema.org","@graph":[{"@type":"Article","@id":"https:\/\/www.copealcoy.es\/es\/siguen-las-rutas-de-cocentaina-de-tapes-2\/#article","isPartOf":{"@id":"https:\/\/www.copealcoy.es\/es\/siguen-las-rutas-de-cocentaina-de-tapes-2\/"},"author":{"name":"Cope Alcoy","@id":"https:\/\/www.copealcoy.es\/es\/#\/schema\/person\/e777c87fa024e57d40170af9df39882c"},"headline":"Siguen las rutas de &#039;Cocentaina de Tapes&#039;","datePublished":"2018-05-11T06:00:00+00:00","mainEntityOfPage":{"@id":"https:\/\/www.copealcoy.es\/es\/siguen-las-rutas-de-cocentaina-de-tapes-2\/"},"wordCount":7,"commentCount":0,"image":{"@id":"https:\/\/www.copealcoy.es\/es\/siguen-las-rutas-de-cocentaina-de-tapes-2\/#primaryimage"},"thumbnailUrl":"https:\/\/www.copealcoy.es\/wp-content\/uploads\/2017\/05\/18195118_1078101615666656_592929952129707547_n-e1493823791224.jpg","articleSection":["Agenda"],"inLanguage":"es"},{"@type":"WebPage","@id":"https:\/\/www.copealcoy.es\/es\/siguen-las-rutas-de-cocentaina-de-tapes-2\/","url":"https:\/\/www.copealcoy.es\/es\/siguen-las-rutas-de-cocentaina-de-tapes-2\/","name":"Siguen las rutas de &#039;Cocentaina de Tapes&#039; - COPE Alcoy","isPartOf":{"@id":"https:\/\/www.copealcoy.es\/es\/#website"},"primaryImageOfPage":{"@id":"https:\/\/www.copealcoy.es\/es\/siguen-las-rutas-de-cocentaina-de-tapes-2\/#primaryimage"},"image":{"@id":"https:\/\/www.copealcoy.es\/es\/siguen-las-rutas-de-cocentaina-de-tapes-2\/#primaryimage"},"thumbnailUrl":"https:\/\/www.copealcoy.es\/wp-content\/uploads\/2017\/05\/18195118_1078101615666656_592929952129707547_n-e1493823791224.jpg","datePublished":"2018-05-11T06:00:00+00:00","author":{"@id":"https:\/\/www.copealcoy.es\/es\/#\/schema\/person\/e777c87fa024e57d40170af9df39882c"},"breadcrumb":{"@id":"https:\/\/www.copealcoy.es\/es\/siguen-las-rutas-de-cocentaina-de-tapes-2\/#breadcrumb"},"inLanguage":"es","potentialAction":[{"@type":"ReadAction","target":["https:\/\/www.copealcoy.es\/es\/siguen-las-rutas-de-cocentaina-de-tapes-2\/"]}]},{"@type":"ImageObject","inLanguage":"es","@id":"https:\/\/www.copealcoy.es\/es\/siguen-las-rutas-de-cocentaina-de-tapes-2\/#primaryimage","url":"https:\/\/www.copealcoy.es\/wp-content\/uploads\/2017\/05\/18195118_1078101615666656_592929952129707547_n-e1493823791224.jpg","contentUrl":"https:\/\/www.copealcoy.es\/wp-content\/uploads\/2017\/05\/18195118_1078101615666656_592929952129707547_n-e1493823791224.jpg","width":960,"height":494,"caption":"Las Jornadas Gastron\u00f3micas se han presentado en el Ayuntamiento de Alcoy \/ Foto: G. Pascual"},{"@type":"BreadcrumbList","@id":"https:\/\/www.copealcoy.es\/es\/siguen-las-rutas-de-cocentaina-de-tapes-2\/#breadcrumb","itemListElement":[{"@type":"ListItem","position":1,"name":"Portada","item":"https:\/\/www.copealcoy.es\/es\/"},{"@type":"ListItem","position":2,"name":"Siguen las rutas de &#039;Cocentaina de Tapes&#039;"}]},{"@type":"WebSite","@id":"https:\/\/www.copealcoy.es\/es\/#website","url":"https:\/\/www.copealcoy.es\/es\/","name":"COPE Alcoy","description":"Emisora COPE de radio local con emisi\u00f3n online. Pont de Sant Jordi 8-10 03803 Alcoy","potentialAction":[{"@type":"SearchAction","target":{"@type":"EntryPoint","urlTemplate":"https:\/\/www.copealcoy.es\/es\/?s={search_term_string}"},"query-input":{"@type":"PropertyValueSpecification","valueRequired":true,"valueName":"search_term_string"}}],"inLanguage":"es"},{"@type":"Person","@id":"https:\/\/www.copealcoy.es\/es\/#\/schema\/person\/e777c87fa024e57d40170af9df39882c","name":"Cope Alcoy","image":{"@type":"ImageObject","inLanguage":"es","@id":"https:\/\/secure.gravatar.com\/avatar\/bb65d0283347e303893ba14f0692005417c1e0e690a325a4c5d8bb2b3943ee14?s=96&d=mm&r=g","url":"https:\/\/secure.gravatar.com\/avatar\/bb65d0283347e303893ba14f0692005417c1e0e690a325a4c5d8bb2b3943ee14?s=96&d=mm&r=g","contentUrl":"https:\/\/secure.gravatar.com\/avatar\/bb65d0283347e303893ba14f0692005417c1e0e690a325a4c5d8bb2b3943ee14?s=96&d=mm&r=g","caption":"Cope Alcoy"}}]}},"_links":{"self":[{"href":"https:\/\/www.copealcoy.es\/es\/wp-json\/wp\/v2\/posts\/49528","targetHints":{"allow":["GET"]}}],"collection":[{"href":"https:\/\/www.copealcoy.es\/es\/wp-json\/wp\/v2\/posts"}],"about":[{"href":"https:\/\/www.copealcoy.es\/es\/wp-json\/wp\/v2\/types\/post"}],"author":[{"embeddable":true,"href":"https:\/\/www.copealcoy.es\/es\/wp-json\/wp\/v2\/users\/1"}],"replies":[{"embeddable":true,"href":"https:\/\/www.copealcoy.es\/es\/wp-json\/wp\/v2\/comments?post=49528"}],"version-history":[{"count":0,"href":"https:\/\/www.copealcoy.es\/es\/wp-json\/wp\/v2\/posts\/49528\/revisions"}],"wp:featuredmedia":[{"embeddable":true,"href":"https:\/\/www.copealcoy.es\/es\/wp-json\/wp\/v2\/media\/31350"}],"wp:attachment":[{"href":"https:\/\/www.copealcoy.es\/es\/wp-json\/wp\/v2\/media?parent=49528"}],"wp:term":[{"taxonomy":"category","embeddable":true,"href":"https:\/\/www.copealcoy.es\/es\/wp-json\/wp\/v2\/categories?post=49528"},{"taxonomy":"post_tag","embeddable":true,"href":"https:\/\/www.copealcoy.es\/es\/wp-json\/wp\/v2\/tags?post=49528"}],"curies":[{"name":"wp","href":"https:\/\/api.w.org\/{rel}","templated":true}]}}