{"id":49495,"date":"2018-03-30T11:59:23","date_gmt":"2018-03-30T11:59:23","guid":{"rendered":"https:\/\/www.copealcoy.es\/?p=40688"},"modified":"2018-03-30T11:59:23","modified_gmt":"2018-03-30T11:59:23","slug":"benilloba-abre-las-puertas-de-su-mercat-de-divendres-sant-2","status":"publish","type":"post","link":"https:\/\/www.copealcoy.es\/es\/benilloba-abre-las-puertas-de-su-mercat-de-divendres-sant-2\/","title":{"rendered":"Benilloba abre las puertas de su &#039;Mercat de Divendres Sant&#039;"},"content":{"rendered":"<p><![CDATA[\n\n<p style=\"text-align: justify;\">Un <strong>Viernes Santo m\u00e1s<\/strong>, y como ya viene siendo habitual desde hacer trece a\u00f1os, <strong>Benilloba ha abierto las puertas<\/strong> de su tradicional &#8216;Mercat de Divendres Sant&#8217;.<\/p>\n\n\n\n\n<p style=\"text-align: justify;\">Hasta ma\u00f1ana <strong>medio centenar de puestos de venta<\/strong> se reparten por las calles de este municipio del Comtat para ofrecer productos t\u00edpicos y de gastronom\u00eda, artesan\u00eda, juguetes, bisuter\u00eda y gran cantidad de art\u00edculos. Adem\u00e1s podemos visitar <strong>una muestra de telares en miniatura<\/strong> al mismo tiempo que esta ma\u00f1ana ha destacado <strong>la exhibici\u00f3n de subastadores<\/strong>, una actividad que emula el trabajo que hicieron muchos antepasados del pueblo a\u00f1os atr\u00e1s para vender las manufacturas que se fabricaban en el municipio. Los m\u00e1s peque\u00f1os <strong>tambi\u00e9n tienen a su alcance<\/strong> juegos, actuaciones musicales y un amplio abanico de posibilidades.<\/p>\n\n\n\n\n<p style=\"text-align: justify;\">El <strong>&#8216;Mercat de Divendres Sant de Benilloba&#8217;<\/strong> ha recibido ya esta ma\u00f1ana a centenares de vecinos de las comarcas del Comtat y de l\u00b4Alcoi\u00e0 y <strong>seguir\u00e1 con m\u00e1s propuestas<\/strong> esta tarde. Recordar que tambi\u00e9n <strong>hoy en Benilloba se celebrar\u00e1 la procesi\u00f3n del Santo Entierro<\/strong> con la participaci\u00f3n de numerosos fieles y devotos.<\/p>\n\n]]>    \t<\/p>\n","protected":false},"excerpt":{"rendered":"<p>Un Viernes Santo m\u00e1s, y como ya viene siendo habitual desde hacer trece a\u00f1os, Benilloba ha abierto las puertas de&#8230;<\/p>\n","protected":false},"author":1,"featured_media":40689,"comment_status":"open","ping_status":"open","sticky":false,"template":"","format":"standard","meta":{"footnotes":""},"categories":[98,75],"tags":[],"class_list":["post-49495","post","type-post","status-publish","format-standard","has-post-thumbnail","hentry","category-comarcas","category-noticias"],"yoast_head":"<!-- This site is optimized with the Yoast SEO plugin v27.3 - https:\/\/yoast.com\/product\/yoast-seo-wordpress\/ -->\n<title>Benilloba abre las puertas de su &#039;Mercat de Divendres Sant&#039; - COPE Alcoy<\/title>\n<meta name=\"robots\" content=\"index, follow, max-snippet:-1, max-image-preview:large, max-video-preview:-1\" \/>\n<link rel=\"canonical\" href=\"https:\/\/www.copealcoy.es\/es\/benilloba-abre-las-puertas-de-su-mercat-de-divendres-sant-2\/\" \/>\n<meta property=\"og:locale\" content=\"es_ES\" \/>\n<meta property=\"og:type\" content=\"article\" \/>\n<meta property=\"og:title\" content=\"Benilloba abre las puertas de su &#039;Mercat de Divendres Sant&#039; - COPE Alcoy\" \/>\n<meta property=\"og:description\" content=\"Un Viernes Santo m\u00e1s, y como ya viene siendo habitual desde hacer trece a\u00f1os, Benilloba ha abierto las puertas de...\" \/>\n<meta property=\"og:url\" content=\"https:\/\/www.copealcoy.es\/es\/benilloba-abre-las-puertas-de-su-mercat-de-divendres-sant-2\/\" \/>\n<meta property=\"og:site_name\" content=\"COPE Alcoy\" \/>\n<meta property=\"article:published_time\" content=\"2018-03-30T11:59:23+00:00\" \/>\n<meta property=\"og:image\" content=\"https:\/\/www.copealcoy.es\/wp-content\/uploads\/2018\/03\/29595127_1308180485992100_8163835246598583482_n-e1522411095645.jpg\" \/>\n\t<meta property=\"og:image:width\" content=\"960\" \/>\n\t<meta property=\"og:image:height\" content=\"556\" \/>\n\t<meta property=\"og:image:type\" content=\"image\/jpeg\" \/>\n<meta name=\"author\" content=\"Cope Alcoy\" \/>\n<meta name=\"twitter:label1\" content=\"Escrito por\" \/>\n\t<meta name=\"twitter:data1\" content=\"Cope Alcoy\" \/>\n\t<meta name=\"twitter:label2\" content=\"Tiempo de lectura\" \/>\n\t<meta name=\"twitter:data2\" content=\"1 minuto\" \/>\n<script type=\"application\/ld+json\" class=\"yoast-schema-graph\">{\"@context\":\"https:\\\/\\\/schema.org\",\"@graph\":[{\"@type\":\"Article\",\"@id\":\"https:\\\/\\\/www.copealcoy.es\\\/es\\\/benilloba-abre-las-puertas-de-su-mercat-de-divendres-sant-2\\\/#article\",\"isPartOf\":{\"@id\":\"https:\\\/\\\/www.copealcoy.es\\\/es\\\/benilloba-abre-las-puertas-de-su-mercat-de-divendres-sant-2\\\/\"},\"author\":{\"name\":\"Cope Alcoy\",\"@id\":\"https:\\\/\\\/www.copealcoy.es\\\/es\\\/#\\\/schema\\\/person\\\/e777c87fa024e57d40170af9df39882c\"},\"headline\":\"Benilloba abre las puertas de su &#039;Mercat de Divendres Sant&#039;\",\"datePublished\":\"2018-03-30T11:59:23+00:00\",\"mainEntityOfPage\":{\"@id\":\"https:\\\/\\\/www.copealcoy.es\\\/es\\\/benilloba-abre-las-puertas-de-su-mercat-de-divendres-sant-2\\\/\"},\"wordCount\":205,\"commentCount\":0,\"image\":{\"@id\":\"https:\\\/\\\/www.copealcoy.es\\\/es\\\/benilloba-abre-las-puertas-de-su-mercat-de-divendres-sant-2\\\/#primaryimage\"},\"thumbnailUrl\":\"https:\\\/\\\/www.copealcoy.es\\\/wp-content\\\/uploads\\\/2018\\\/03\\\/29595127_1308180485992100_8163835246598583482_n-e1522411095645.jpg\",\"articleSection\":[\"Comarcas\",\"Noticias\"],\"inLanguage\":\"es\"},{\"@type\":\"WebPage\",\"@id\":\"https:\\\/\\\/www.copealcoy.es\\\/es\\\/benilloba-abre-las-puertas-de-su-mercat-de-divendres-sant-2\\\/\",\"url\":\"https:\\\/\\\/www.copealcoy.es\\\/es\\\/benilloba-abre-las-puertas-de-su-mercat-de-divendres-sant-2\\\/\",\"name\":\"Benilloba abre las puertas de su &#039;Mercat de Divendres Sant&#039; - COPE Alcoy\",\"isPartOf\":{\"@id\":\"https:\\\/\\\/www.copealcoy.es\\\/es\\\/#website\"},\"primaryImageOfPage\":{\"@id\":\"https:\\\/\\\/www.copealcoy.es\\\/es\\\/benilloba-abre-las-puertas-de-su-mercat-de-divendres-sant-2\\\/#primaryimage\"},\"image\":{\"@id\":\"https:\\\/\\\/www.copealcoy.es\\\/es\\\/benilloba-abre-las-puertas-de-su-mercat-de-divendres-sant-2\\\/#primaryimage\"},\"thumbnailUrl\":\"https:\\\/\\\/www.copealcoy.es\\\/wp-content\\\/uploads\\\/2018\\\/03\\\/29595127_1308180485992100_8163835246598583482_n-e1522411095645.jpg\",\"datePublished\":\"2018-03-30T11:59:23+00:00\",\"author\":{\"@id\":\"https:\\\/\\\/www.copealcoy.es\\\/es\\\/#\\\/schema\\\/person\\\/e777c87fa024e57d40170af9df39882c\"},\"breadcrumb\":{\"@id\":\"https:\\\/\\\/www.copealcoy.es\\\/es\\\/benilloba-abre-las-puertas-de-su-mercat-de-divendres-sant-2\\\/#breadcrumb\"},\"inLanguage\":\"es\",\"potentialAction\":[{\"@type\":\"ReadAction\",\"target\":[\"https:\\\/\\\/www.copealcoy.es\\\/es\\\/benilloba-abre-las-puertas-de-su-mercat-de-divendres-sant-2\\\/\"]}]},{\"@type\":\"ImageObject\",\"inLanguage\":\"es\",\"@id\":\"https:\\\/\\\/www.copealcoy.es\\\/es\\\/benilloba-abre-las-puertas-de-su-mercat-de-divendres-sant-2\\\/#primaryimage\",\"url\":\"https:\\\/\\\/www.copealcoy.es\\\/wp-content\\\/uploads\\\/2018\\\/03\\\/29595127_1308180485992100_8163835246598583482_n-e1522411095645.jpg\",\"contentUrl\":\"https:\\\/\\\/www.copealcoy.es\\\/wp-content\\\/uploads\\\/2018\\\/03\\\/29595127_1308180485992100_8163835246598583482_n-e1522411095645.jpg\",\"width\":960,\"height\":556,\"caption\":\"El Mercado ha abierto sus puertas esta ma\u00f1ana \\\/ Foto: Gabriel Pascual\"},{\"@type\":\"BreadcrumbList\",\"@id\":\"https:\\\/\\\/www.copealcoy.es\\\/es\\\/benilloba-abre-las-puertas-de-su-mercat-de-divendres-sant-2\\\/#breadcrumb\",\"itemListElement\":[{\"@type\":\"ListItem\",\"position\":1,\"name\":\"Portada\",\"item\":\"https:\\\/\\\/www.copealcoy.es\\\/es\\\/\"},{\"@type\":\"ListItem\",\"position\":2,\"name\":\"Benilloba abre las puertas de su &#039;Mercat de Divendres Sant&#039;\"}]},{\"@type\":\"WebSite\",\"@id\":\"https:\\\/\\\/www.copealcoy.es\\\/es\\\/#website\",\"url\":\"https:\\\/\\\/www.copealcoy.es\\\/es\\\/\",\"name\":\"COPE Alcoy\",\"description\":\"Emisora COPE de radio local con emisi\u00f3n online. Pont de Sant Jordi 8-10 03803 Alcoy\",\"potentialAction\":[{\"@type\":\"SearchAction\",\"target\":{\"@type\":\"EntryPoint\",\"urlTemplate\":\"https:\\\/\\\/www.copealcoy.es\\\/es\\\/?s={search_term_string}\"},\"query-input\":{\"@type\":\"PropertyValueSpecification\",\"valueRequired\":true,\"valueName\":\"search_term_string\"}}],\"inLanguage\":\"es\"},{\"@type\":\"Person\",\"@id\":\"https:\\\/\\\/www.copealcoy.es\\\/es\\\/#\\\/schema\\\/person\\\/e777c87fa024e57d40170af9df39882c\",\"name\":\"Cope Alcoy\",\"image\":{\"@type\":\"ImageObject\",\"inLanguage\":\"es\",\"@id\":\"https:\\\/\\\/secure.gravatar.com\\\/avatar\\\/bb65d0283347e303893ba14f0692005417c1e0e690a325a4c5d8bb2b3943ee14?s=96&d=mm&r=g\",\"url\":\"https:\\\/\\\/secure.gravatar.com\\\/avatar\\\/bb65d0283347e303893ba14f0692005417c1e0e690a325a4c5d8bb2b3943ee14?s=96&d=mm&r=g\",\"contentUrl\":\"https:\\\/\\\/secure.gravatar.com\\\/avatar\\\/bb65d0283347e303893ba14f0692005417c1e0e690a325a4c5d8bb2b3943ee14?s=96&d=mm&r=g\",\"caption\":\"Cope Alcoy\"}}]}<\/script>\n<!-- \/ Yoast SEO plugin. -->","yoast_head_json":{"title":"Benilloba abre las puertas de su &#039;Mercat de Divendres Sant&#039; - COPE Alcoy","robots":{"index":"index","follow":"follow","max-snippet":"max-snippet:-1","max-image-preview":"max-image-preview:large","max-video-preview":"max-video-preview:-1"},"canonical":"https:\/\/www.copealcoy.es\/es\/benilloba-abre-las-puertas-de-su-mercat-de-divendres-sant-2\/","og_locale":"es_ES","og_type":"article","og_title":"Benilloba abre las puertas de su &#039;Mercat de Divendres Sant&#039; - COPE Alcoy","og_description":"Un Viernes Santo m\u00e1s, y como ya viene siendo habitual desde hacer trece a\u00f1os, Benilloba ha abierto las puertas de...","og_url":"https:\/\/www.copealcoy.es\/es\/benilloba-abre-las-puertas-de-su-mercat-de-divendres-sant-2\/","og_site_name":"COPE Alcoy","article_published_time":"2018-03-30T11:59:23+00:00","og_image":[{"width":960,"height":556,"url":"https:\/\/www.copealcoy.es\/wp-content\/uploads\/2018\/03\/29595127_1308180485992100_8163835246598583482_n-e1522411095645.jpg","type":"image\/jpeg"}],"author":"Cope Alcoy","twitter_misc":{"Escrito por":"Cope Alcoy","Tiempo de lectura":"1 minuto"},"schema":{"@context":"https:\/\/schema.org","@graph":[{"@type":"Article","@id":"https:\/\/www.copealcoy.es\/es\/benilloba-abre-las-puertas-de-su-mercat-de-divendres-sant-2\/#article","isPartOf":{"@id":"https:\/\/www.copealcoy.es\/es\/benilloba-abre-las-puertas-de-su-mercat-de-divendres-sant-2\/"},"author":{"name":"Cope Alcoy","@id":"https:\/\/www.copealcoy.es\/es\/#\/schema\/person\/e777c87fa024e57d40170af9df39882c"},"headline":"Benilloba abre las puertas de su &#039;Mercat de Divendres Sant&#039;","datePublished":"2018-03-30T11:59:23+00:00","mainEntityOfPage":{"@id":"https:\/\/www.copealcoy.es\/es\/benilloba-abre-las-puertas-de-su-mercat-de-divendres-sant-2\/"},"wordCount":205,"commentCount":0,"image":{"@id":"https:\/\/www.copealcoy.es\/es\/benilloba-abre-las-puertas-de-su-mercat-de-divendres-sant-2\/#primaryimage"},"thumbnailUrl":"https:\/\/www.copealcoy.es\/wp-content\/uploads\/2018\/03\/29595127_1308180485992100_8163835246598583482_n-e1522411095645.jpg","articleSection":["Comarcas","Noticias"],"inLanguage":"es"},{"@type":"WebPage","@id":"https:\/\/www.copealcoy.es\/es\/benilloba-abre-las-puertas-de-su-mercat-de-divendres-sant-2\/","url":"https:\/\/www.copealcoy.es\/es\/benilloba-abre-las-puertas-de-su-mercat-de-divendres-sant-2\/","name":"Benilloba abre las puertas de su &#039;Mercat de Divendres Sant&#039; - COPE Alcoy","isPartOf":{"@id":"https:\/\/www.copealcoy.es\/es\/#website"},"primaryImageOfPage":{"@id":"https:\/\/www.copealcoy.es\/es\/benilloba-abre-las-puertas-de-su-mercat-de-divendres-sant-2\/#primaryimage"},"image":{"@id":"https:\/\/www.copealcoy.es\/es\/benilloba-abre-las-puertas-de-su-mercat-de-divendres-sant-2\/#primaryimage"},"thumbnailUrl":"https:\/\/www.copealcoy.es\/wp-content\/uploads\/2018\/03\/29595127_1308180485992100_8163835246598583482_n-e1522411095645.jpg","datePublished":"2018-03-30T11:59:23+00:00","author":{"@id":"https:\/\/www.copealcoy.es\/es\/#\/schema\/person\/e777c87fa024e57d40170af9df39882c"},"breadcrumb":{"@id":"https:\/\/www.copealcoy.es\/es\/benilloba-abre-las-puertas-de-su-mercat-de-divendres-sant-2\/#breadcrumb"},"inLanguage":"es","potentialAction":[{"@type":"ReadAction","target":["https:\/\/www.copealcoy.es\/es\/benilloba-abre-las-puertas-de-su-mercat-de-divendres-sant-2\/"]}]},{"@type":"ImageObject","inLanguage":"es","@id":"https:\/\/www.copealcoy.es\/es\/benilloba-abre-las-puertas-de-su-mercat-de-divendres-sant-2\/#primaryimage","url":"https:\/\/www.copealcoy.es\/wp-content\/uploads\/2018\/03\/29595127_1308180485992100_8163835246598583482_n-e1522411095645.jpg","contentUrl":"https:\/\/www.copealcoy.es\/wp-content\/uploads\/2018\/03\/29595127_1308180485992100_8163835246598583482_n-e1522411095645.jpg","width":960,"height":556,"caption":"El Mercado ha abierto sus puertas esta ma\u00f1ana \/ Foto: Gabriel Pascual"},{"@type":"BreadcrumbList","@id":"https:\/\/www.copealcoy.es\/es\/benilloba-abre-las-puertas-de-su-mercat-de-divendres-sant-2\/#breadcrumb","itemListElement":[{"@type":"ListItem","position":1,"name":"Portada","item":"https:\/\/www.copealcoy.es\/es\/"},{"@type":"ListItem","position":2,"name":"Benilloba abre las puertas de su &#039;Mercat de Divendres Sant&#039;"}]},{"@type":"WebSite","@id":"https:\/\/www.copealcoy.es\/es\/#website","url":"https:\/\/www.copealcoy.es\/es\/","name":"COPE Alcoy","description":"Emisora COPE de radio local con emisi\u00f3n online. Pont de Sant Jordi 8-10 03803 Alcoy","potentialAction":[{"@type":"SearchAction","target":{"@type":"EntryPoint","urlTemplate":"https:\/\/www.copealcoy.es\/es\/?s={search_term_string}"},"query-input":{"@type":"PropertyValueSpecification","valueRequired":true,"valueName":"search_term_string"}}],"inLanguage":"es"},{"@type":"Person","@id":"https:\/\/www.copealcoy.es\/es\/#\/schema\/person\/e777c87fa024e57d40170af9df39882c","name":"Cope Alcoy","image":{"@type":"ImageObject","inLanguage":"es","@id":"https:\/\/secure.gravatar.com\/avatar\/bb65d0283347e303893ba14f0692005417c1e0e690a325a4c5d8bb2b3943ee14?s=96&d=mm&r=g","url":"https:\/\/secure.gravatar.com\/avatar\/bb65d0283347e303893ba14f0692005417c1e0e690a325a4c5d8bb2b3943ee14?s=96&d=mm&r=g","contentUrl":"https:\/\/secure.gravatar.com\/avatar\/bb65d0283347e303893ba14f0692005417c1e0e690a325a4c5d8bb2b3943ee14?s=96&d=mm&r=g","caption":"Cope Alcoy"}}]}},"_links":{"self":[{"href":"https:\/\/www.copealcoy.es\/es\/wp-json\/wp\/v2\/posts\/49495","targetHints":{"allow":["GET"]}}],"collection":[{"href":"https:\/\/www.copealcoy.es\/es\/wp-json\/wp\/v2\/posts"}],"about":[{"href":"https:\/\/www.copealcoy.es\/es\/wp-json\/wp\/v2\/types\/post"}],"author":[{"embeddable":true,"href":"https:\/\/www.copealcoy.es\/es\/wp-json\/wp\/v2\/users\/1"}],"replies":[{"embeddable":true,"href":"https:\/\/www.copealcoy.es\/es\/wp-json\/wp\/v2\/comments?post=49495"}],"version-history":[{"count":0,"href":"https:\/\/www.copealcoy.es\/es\/wp-json\/wp\/v2\/posts\/49495\/revisions"}],"wp:featuredmedia":[{"embeddable":true,"href":"https:\/\/www.copealcoy.es\/es\/wp-json\/wp\/v2\/media\/40689"}],"wp:attachment":[{"href":"https:\/\/www.copealcoy.es\/es\/wp-json\/wp\/v2\/media?parent=49495"}],"wp:term":[{"taxonomy":"category","embeddable":true,"href":"https:\/\/www.copealcoy.es\/es\/wp-json\/wp\/v2\/categories?post=49495"},{"taxonomy":"post_tag","embeddable":true,"href":"https:\/\/www.copealcoy.es\/es\/wp-json\/wp\/v2\/tags?post=49495"}],"curies":[{"name":"wp","href":"https:\/\/api.w.org\/{rel}","templated":true}]}}