{"id":49485,"date":"2018-03-09T15:50:24","date_gmt":"2018-03-09T15:50:24","guid":{"rendered":"https:\/\/www.copealcoy.es\/?p=39992"},"modified":"2018-03-09T15:50:24","modified_gmt":"2018-03-09T15:50:24","slug":"primeros-pasos-para-frenar-las-erosiones-del-barranc-de-caraita-de-benillup-2","status":"publish","type":"post","link":"https:\/\/www.copealcoy.es\/es\/primeros-pasos-para-frenar-las-erosiones-del-barranc-de-caraita-de-benillup-2\/","title":{"rendered":"Primeros pasos para frenar las erosiones del &#039;Barranc de Caraita&#039; de Benillup"},"content":{"rendered":"<p><![CDATA[\n\n<p style=\"text-align: justify;\">La Conselleria de Agricultura, Medio Ambiente, Cambio Clim\u00e1tico y Desarrollo Rural <strong>se ha comprometido con el Ayuntamiento de Benillup<\/strong> a buscar una soluci\u00f3n para <strong>frenar la erosi\u00f3n que sufre el Barranco de Caraita<\/strong> y que <strong>pone en situaci\u00f3n de riesgo<\/strong> a numerosas casas de esta localidad del Comtat.<\/p>\n\n\n\n\n<p style=\"text-align: justify;\">El Director General de Medio Natural y Evaluaci\u00f3n Ambiental, <strong>Antoni Marzo<\/strong>, ha mantenido una reuni\u00f3n con representantes del Ayuntamiento y la Confederaci\u00f3n Hidrogr\u00e1fica del J\u00facar <strong>para analizar la situaci\u00f3n y trazar la hoja de ruta<\/strong> que permita solucionar este problema. La Conselleria ha anunciado que <strong>ha encargado un estudio geot\u00e9cnico y ha propuesto un convenio<\/strong> con todas las partes implicadas para coordinar todas las acciones que sean necesarias. Enrique Coderch,<strong> alcalde de Benillup<\/strong>, aplaude que <strong>se den pasos para atender esta hist\u00f3rica reivindicaci\u00f3n del municipio<\/strong> y se\u00f1ala que la citada erosi\u00f3n del Barranco de Caraita <strong>se agrava cuando hay lluvias torrenciales<\/strong> &#8220;<em>estamos siempre padeciendo para que la cosa no vaya a m\u00e1s porque llevamos muchos a\u00f1os pendientes de adoptar una medida<\/em>&#8220;, se\u00f1ala.<\/p>\n\n\n\n\n<p style=\"text-align: justify;\">Indicar que <strong>la Diputaci\u00f3n Provincial de Alicante tambi\u00e9n tendr\u00e1 participaci\u00f3n en este proyecto<\/strong> aunque en la mencionada reuni\u00f3n se excus\u00f3 su presencia.<\/p>\n\n]]>    \t<\/p>\n","protected":false},"excerpt":{"rendered":"<p>La Conselleria de Agricultura, Medio Ambiente, Cambio Clim\u00e1tico y Desarrollo Rural se ha comprometido con el Ayuntamiento de Benillup a&#8230;<\/p>\n","protected":false},"author":1,"featured_media":39993,"comment_status":"open","ping_status":"open","sticky":false,"template":"","format":"standard","meta":{"footnotes":""},"categories":[98,75],"tags":[3615,409,5320,5319,5318],"class_list":["post-49485","post","type-post","status-publish","format-standard","has-post-thumbnail","hentry","category-comarcas","category-noticias","tag-barranc-de-caraita","tag-benillup","tag-erosiones","tag-frenar","tag-primeros-pasos"],"yoast_head":"<!-- This site is optimized with the Yoast SEO plugin v27.3 - https:\/\/yoast.com\/product\/yoast-seo-wordpress\/ -->\n<title>Primeros pasos para frenar las erosiones del &#039;Barranc de Caraita&#039; de Benillup - COPE Alcoy<\/title>\n<meta name=\"robots\" content=\"index, follow, max-snippet:-1, max-image-preview:large, max-video-preview:-1\" \/>\n<link rel=\"canonical\" href=\"https:\/\/www.copealcoy.es\/es\/primeros-pasos-para-frenar-las-erosiones-del-barranc-de-caraita-de-benillup-2\/\" \/>\n<meta property=\"og:locale\" content=\"es_ES\" \/>\n<meta property=\"og:type\" content=\"article\" \/>\n<meta property=\"og:title\" content=\"Primeros pasos para frenar las erosiones del &#039;Barranc de Caraita&#039; de Benillup - COPE Alcoy\" \/>\n<meta property=\"og:description\" content=\"La Conselleria de Agricultura, Medio Ambiente, Cambio Clim\u00e1tico y Desarrollo Rural se ha comprometido con el Ayuntamiento de Benillup a...\" \/>\n<meta property=\"og:url\" content=\"https:\/\/www.copealcoy.es\/es\/primeros-pasos-para-frenar-las-erosiones-del-barranc-de-caraita-de-benillup-2\/\" \/>\n<meta property=\"og:site_name\" content=\"COPE Alcoy\" \/>\n<meta property=\"article:published_time\" content=\"2018-03-09T15:50:24+00:00\" \/>\n<meta property=\"og:image\" content=\"https:\/\/www.copealcoy.es\/wp-content\/uploads\/2018\/03\/18.03.07_Reunion_Barranc_Caraita_Benillup.jpg\" \/>\n\t<meta property=\"og:image:width\" content=\"2128\" \/>\n\t<meta property=\"og:image:height\" content=\"1197\" \/>\n\t<meta property=\"og:image:type\" content=\"image\/jpeg\" \/>\n<meta name=\"author\" content=\"Cope Alcoy\" \/>\n<meta name=\"twitter:label1\" content=\"Escrito por\" \/>\n\t<meta name=\"twitter:data1\" content=\"Cope Alcoy\" \/>\n\t<meta name=\"twitter:label2\" content=\"Tiempo de lectura\" \/>\n\t<meta name=\"twitter:data2\" content=\"1 minuto\" \/>\n<script type=\"application\/ld+json\" class=\"yoast-schema-graph\">{\"@context\":\"https:\\\/\\\/schema.org\",\"@graph\":[{\"@type\":\"Article\",\"@id\":\"https:\\\/\\\/www.copealcoy.es\\\/es\\\/primeros-pasos-para-frenar-las-erosiones-del-barranc-de-caraita-de-benillup-2\\\/#article\",\"isPartOf\":{\"@id\":\"https:\\\/\\\/www.copealcoy.es\\\/es\\\/primeros-pasos-para-frenar-las-erosiones-del-barranc-de-caraita-de-benillup-2\\\/\"},\"author\":{\"name\":\"Cope Alcoy\",\"@id\":\"https:\\\/\\\/www.copealcoy.es\\\/es\\\/#\\\/schema\\\/person\\\/e777c87fa024e57d40170af9df39882c\"},\"headline\":\"Primeros pasos para frenar las erosiones del &#039;Barranc de Caraita&#039; de Benillup\",\"datePublished\":\"2018-03-09T15:50:24+00:00\",\"mainEntityOfPage\":{\"@id\":\"https:\\\/\\\/www.copealcoy.es\\\/es\\\/primeros-pasos-para-frenar-las-erosiones-del-barranc-de-caraita-de-benillup-2\\\/\"},\"wordCount\":226,\"commentCount\":0,\"image\":{\"@id\":\"https:\\\/\\\/www.copealcoy.es\\\/es\\\/primeros-pasos-para-frenar-las-erosiones-del-barranc-de-caraita-de-benillup-2\\\/#primaryimage\"},\"thumbnailUrl\":\"https:\\\/\\\/www.copealcoy.es\\\/wp-content\\\/uploads\\\/2018\\\/03\\\/18.03.07_Reunion_Barranc_Caraita_Benillup.jpg\",\"keywords\":[\"Barranc de Caraita\",\"Benillup\",\"erosiones\",\"frenar\",\"primeros pasos\"],\"articleSection\":[\"Comarcas\",\"Noticias\"],\"inLanguage\":\"es\"},{\"@type\":\"WebPage\",\"@id\":\"https:\\\/\\\/www.copealcoy.es\\\/es\\\/primeros-pasos-para-frenar-las-erosiones-del-barranc-de-caraita-de-benillup-2\\\/\",\"url\":\"https:\\\/\\\/www.copealcoy.es\\\/es\\\/primeros-pasos-para-frenar-las-erosiones-del-barranc-de-caraita-de-benillup-2\\\/\",\"name\":\"Primeros pasos para frenar las erosiones del &#039;Barranc de Caraita&#039; de Benillup - COPE Alcoy\",\"isPartOf\":{\"@id\":\"https:\\\/\\\/www.copealcoy.es\\\/es\\\/#website\"},\"primaryImageOfPage\":{\"@id\":\"https:\\\/\\\/www.copealcoy.es\\\/es\\\/primeros-pasos-para-frenar-las-erosiones-del-barranc-de-caraita-de-benillup-2\\\/#primaryimage\"},\"image\":{\"@id\":\"https:\\\/\\\/www.copealcoy.es\\\/es\\\/primeros-pasos-para-frenar-las-erosiones-del-barranc-de-caraita-de-benillup-2\\\/#primaryimage\"},\"thumbnailUrl\":\"https:\\\/\\\/www.copealcoy.es\\\/wp-content\\\/uploads\\\/2018\\\/03\\\/18.03.07_Reunion_Barranc_Caraita_Benillup.jpg\",\"datePublished\":\"2018-03-09T15:50:24+00:00\",\"author\":{\"@id\":\"https:\\\/\\\/www.copealcoy.es\\\/es\\\/#\\\/schema\\\/person\\\/e777c87fa024e57d40170af9df39882c\"},\"breadcrumb\":{\"@id\":\"https:\\\/\\\/www.copealcoy.es\\\/es\\\/primeros-pasos-para-frenar-las-erosiones-del-barranc-de-caraita-de-benillup-2\\\/#breadcrumb\"},\"inLanguage\":\"es\",\"potentialAction\":[{\"@type\":\"ReadAction\",\"target\":[\"https:\\\/\\\/www.copealcoy.es\\\/es\\\/primeros-pasos-para-frenar-las-erosiones-del-barranc-de-caraita-de-benillup-2\\\/\"]}]},{\"@type\":\"ImageObject\",\"inLanguage\":\"es\",\"@id\":\"https:\\\/\\\/www.copealcoy.es\\\/es\\\/primeros-pasos-para-frenar-las-erosiones-del-barranc-de-caraita-de-benillup-2\\\/#primaryimage\",\"url\":\"https:\\\/\\\/www.copealcoy.es\\\/wp-content\\\/uploads\\\/2018\\\/03\\\/18.03.07_Reunion_Barranc_Caraita_Benillup.jpg\",\"contentUrl\":\"https:\\\/\\\/www.copealcoy.es\\\/wp-content\\\/uploads\\\/2018\\\/03\\\/18.03.07_Reunion_Barranc_Caraita_Benillup.jpg\",\"width\":2128,\"height\":1197},{\"@type\":\"BreadcrumbList\",\"@id\":\"https:\\\/\\\/www.copealcoy.es\\\/es\\\/primeros-pasos-para-frenar-las-erosiones-del-barranc-de-caraita-de-benillup-2\\\/#breadcrumb\",\"itemListElement\":[{\"@type\":\"ListItem\",\"position\":1,\"name\":\"Portada\",\"item\":\"https:\\\/\\\/www.copealcoy.es\\\/es\\\/\"},{\"@type\":\"ListItem\",\"position\":2,\"name\":\"Primeros pasos para frenar las erosiones del &#039;Barranc de Caraita&#039; de Benillup\"}]},{\"@type\":\"WebSite\",\"@id\":\"https:\\\/\\\/www.copealcoy.es\\\/es\\\/#website\",\"url\":\"https:\\\/\\\/www.copealcoy.es\\\/es\\\/\",\"name\":\"COPE Alcoy\",\"description\":\"Emisora COPE de radio local con emisi\u00f3n online. Pont de Sant Jordi 8-10 03803 Alcoy\",\"potentialAction\":[{\"@type\":\"SearchAction\",\"target\":{\"@type\":\"EntryPoint\",\"urlTemplate\":\"https:\\\/\\\/www.copealcoy.es\\\/es\\\/?s={search_term_string}\"},\"query-input\":{\"@type\":\"PropertyValueSpecification\",\"valueRequired\":true,\"valueName\":\"search_term_string\"}}],\"inLanguage\":\"es\"},{\"@type\":\"Person\",\"@id\":\"https:\\\/\\\/www.copealcoy.es\\\/es\\\/#\\\/schema\\\/person\\\/e777c87fa024e57d40170af9df39882c\",\"name\":\"Cope Alcoy\",\"image\":{\"@type\":\"ImageObject\",\"inLanguage\":\"es\",\"@id\":\"https:\\\/\\\/secure.gravatar.com\\\/avatar\\\/bb65d0283347e303893ba14f0692005417c1e0e690a325a4c5d8bb2b3943ee14?s=96&d=mm&r=g\",\"url\":\"https:\\\/\\\/secure.gravatar.com\\\/avatar\\\/bb65d0283347e303893ba14f0692005417c1e0e690a325a4c5d8bb2b3943ee14?s=96&d=mm&r=g\",\"contentUrl\":\"https:\\\/\\\/secure.gravatar.com\\\/avatar\\\/bb65d0283347e303893ba14f0692005417c1e0e690a325a4c5d8bb2b3943ee14?s=96&d=mm&r=g\",\"caption\":\"Cope Alcoy\"}}]}<\/script>\n<!-- \/ Yoast SEO plugin. -->","yoast_head_json":{"title":"Primeros pasos para frenar las erosiones del &#039;Barranc de Caraita&#039; de Benillup - COPE Alcoy","robots":{"index":"index","follow":"follow","max-snippet":"max-snippet:-1","max-image-preview":"max-image-preview:large","max-video-preview":"max-video-preview:-1"},"canonical":"https:\/\/www.copealcoy.es\/es\/primeros-pasos-para-frenar-las-erosiones-del-barranc-de-caraita-de-benillup-2\/","og_locale":"es_ES","og_type":"article","og_title":"Primeros pasos para frenar las erosiones del &#039;Barranc de Caraita&#039; de Benillup - COPE Alcoy","og_description":"La Conselleria de Agricultura, Medio Ambiente, Cambio Clim\u00e1tico y Desarrollo Rural se ha comprometido con el Ayuntamiento de Benillup a...","og_url":"https:\/\/www.copealcoy.es\/es\/primeros-pasos-para-frenar-las-erosiones-del-barranc-de-caraita-de-benillup-2\/","og_site_name":"COPE Alcoy","article_published_time":"2018-03-09T15:50:24+00:00","og_image":[{"width":2128,"height":1197,"url":"https:\/\/www.copealcoy.es\/wp-content\/uploads\/2018\/03\/18.03.07_Reunion_Barranc_Caraita_Benillup.jpg","type":"image\/jpeg"}],"author":"Cope Alcoy","twitter_misc":{"Escrito por":"Cope Alcoy","Tiempo de lectura":"1 minuto"},"schema":{"@context":"https:\/\/schema.org","@graph":[{"@type":"Article","@id":"https:\/\/www.copealcoy.es\/es\/primeros-pasos-para-frenar-las-erosiones-del-barranc-de-caraita-de-benillup-2\/#article","isPartOf":{"@id":"https:\/\/www.copealcoy.es\/es\/primeros-pasos-para-frenar-las-erosiones-del-barranc-de-caraita-de-benillup-2\/"},"author":{"name":"Cope Alcoy","@id":"https:\/\/www.copealcoy.es\/es\/#\/schema\/person\/e777c87fa024e57d40170af9df39882c"},"headline":"Primeros pasos para frenar las erosiones del &#039;Barranc de Caraita&#039; de Benillup","datePublished":"2018-03-09T15:50:24+00:00","mainEntityOfPage":{"@id":"https:\/\/www.copealcoy.es\/es\/primeros-pasos-para-frenar-las-erosiones-del-barranc-de-caraita-de-benillup-2\/"},"wordCount":226,"commentCount":0,"image":{"@id":"https:\/\/www.copealcoy.es\/es\/primeros-pasos-para-frenar-las-erosiones-del-barranc-de-caraita-de-benillup-2\/#primaryimage"},"thumbnailUrl":"https:\/\/www.copealcoy.es\/wp-content\/uploads\/2018\/03\/18.03.07_Reunion_Barranc_Caraita_Benillup.jpg","keywords":["Barranc de Caraita","Benillup","erosiones","frenar","primeros pasos"],"articleSection":["Comarcas","Noticias"],"inLanguage":"es"},{"@type":"WebPage","@id":"https:\/\/www.copealcoy.es\/es\/primeros-pasos-para-frenar-las-erosiones-del-barranc-de-caraita-de-benillup-2\/","url":"https:\/\/www.copealcoy.es\/es\/primeros-pasos-para-frenar-las-erosiones-del-barranc-de-caraita-de-benillup-2\/","name":"Primeros pasos para frenar las erosiones del &#039;Barranc de Caraita&#039; de Benillup - COPE Alcoy","isPartOf":{"@id":"https:\/\/www.copealcoy.es\/es\/#website"},"primaryImageOfPage":{"@id":"https:\/\/www.copealcoy.es\/es\/primeros-pasos-para-frenar-las-erosiones-del-barranc-de-caraita-de-benillup-2\/#primaryimage"},"image":{"@id":"https:\/\/www.copealcoy.es\/es\/primeros-pasos-para-frenar-las-erosiones-del-barranc-de-caraita-de-benillup-2\/#primaryimage"},"thumbnailUrl":"https:\/\/www.copealcoy.es\/wp-content\/uploads\/2018\/03\/18.03.07_Reunion_Barranc_Caraita_Benillup.jpg","datePublished":"2018-03-09T15:50:24+00:00","author":{"@id":"https:\/\/www.copealcoy.es\/es\/#\/schema\/person\/e777c87fa024e57d40170af9df39882c"},"breadcrumb":{"@id":"https:\/\/www.copealcoy.es\/es\/primeros-pasos-para-frenar-las-erosiones-del-barranc-de-caraita-de-benillup-2\/#breadcrumb"},"inLanguage":"es","potentialAction":[{"@type":"ReadAction","target":["https:\/\/www.copealcoy.es\/es\/primeros-pasos-para-frenar-las-erosiones-del-barranc-de-caraita-de-benillup-2\/"]}]},{"@type":"ImageObject","inLanguage":"es","@id":"https:\/\/www.copealcoy.es\/es\/primeros-pasos-para-frenar-las-erosiones-del-barranc-de-caraita-de-benillup-2\/#primaryimage","url":"https:\/\/www.copealcoy.es\/wp-content\/uploads\/2018\/03\/18.03.07_Reunion_Barranc_Caraita_Benillup.jpg","contentUrl":"https:\/\/www.copealcoy.es\/wp-content\/uploads\/2018\/03\/18.03.07_Reunion_Barranc_Caraita_Benillup.jpg","width":2128,"height":1197},{"@type":"BreadcrumbList","@id":"https:\/\/www.copealcoy.es\/es\/primeros-pasos-para-frenar-las-erosiones-del-barranc-de-caraita-de-benillup-2\/#breadcrumb","itemListElement":[{"@type":"ListItem","position":1,"name":"Portada","item":"https:\/\/www.copealcoy.es\/es\/"},{"@type":"ListItem","position":2,"name":"Primeros pasos para frenar las erosiones del &#039;Barranc de Caraita&#039; de Benillup"}]},{"@type":"WebSite","@id":"https:\/\/www.copealcoy.es\/es\/#website","url":"https:\/\/www.copealcoy.es\/es\/","name":"COPE Alcoy","description":"Emisora COPE de radio local con emisi\u00f3n online. Pont de Sant Jordi 8-10 03803 Alcoy","potentialAction":[{"@type":"SearchAction","target":{"@type":"EntryPoint","urlTemplate":"https:\/\/www.copealcoy.es\/es\/?s={search_term_string}"},"query-input":{"@type":"PropertyValueSpecification","valueRequired":true,"valueName":"search_term_string"}}],"inLanguage":"es"},{"@type":"Person","@id":"https:\/\/www.copealcoy.es\/es\/#\/schema\/person\/e777c87fa024e57d40170af9df39882c","name":"Cope Alcoy","image":{"@type":"ImageObject","inLanguage":"es","@id":"https:\/\/secure.gravatar.com\/avatar\/bb65d0283347e303893ba14f0692005417c1e0e690a325a4c5d8bb2b3943ee14?s=96&d=mm&r=g","url":"https:\/\/secure.gravatar.com\/avatar\/bb65d0283347e303893ba14f0692005417c1e0e690a325a4c5d8bb2b3943ee14?s=96&d=mm&r=g","contentUrl":"https:\/\/secure.gravatar.com\/avatar\/bb65d0283347e303893ba14f0692005417c1e0e690a325a4c5d8bb2b3943ee14?s=96&d=mm&r=g","caption":"Cope Alcoy"}}]}},"_links":{"self":[{"href":"https:\/\/www.copealcoy.es\/es\/wp-json\/wp\/v2\/posts\/49485","targetHints":{"allow":["GET"]}}],"collection":[{"href":"https:\/\/www.copealcoy.es\/es\/wp-json\/wp\/v2\/posts"}],"about":[{"href":"https:\/\/www.copealcoy.es\/es\/wp-json\/wp\/v2\/types\/post"}],"author":[{"embeddable":true,"href":"https:\/\/www.copealcoy.es\/es\/wp-json\/wp\/v2\/users\/1"}],"replies":[{"embeddable":true,"href":"https:\/\/www.copealcoy.es\/es\/wp-json\/wp\/v2\/comments?post=49485"}],"version-history":[{"count":0,"href":"https:\/\/www.copealcoy.es\/es\/wp-json\/wp\/v2\/posts\/49485\/revisions"}],"wp:featuredmedia":[{"embeddable":true,"href":"https:\/\/www.copealcoy.es\/es\/wp-json\/wp\/v2\/media\/39993"}],"wp:attachment":[{"href":"https:\/\/www.copealcoy.es\/es\/wp-json\/wp\/v2\/media?parent=49485"}],"wp:term":[{"taxonomy":"category","embeddable":true,"href":"https:\/\/www.copealcoy.es\/es\/wp-json\/wp\/v2\/categories?post=49485"},{"taxonomy":"post_tag","embeddable":true,"href":"https:\/\/www.copealcoy.es\/es\/wp-json\/wp\/v2\/tags?post=49485"}],"curies":[{"name":"wp","href":"https:\/\/api.w.org\/{rel}","templated":true}]}}