{"id":49483,"date":"2018-03-02T16:07:35","date_gmt":"2018-03-02T16:07:35","guid":{"rendered":"https:\/\/www.copealcoy.es\/?p=39780"},"modified":"2018-03-02T16:07:35","modified_gmt":"2018-03-02T16:07:35","slug":"stock-fora-abre-sus-puertas-en-el-agora-de-alcoy-2","status":"publish","type":"post","link":"https:\/\/www.copealcoy.es\/es\/stock-fora-abre-sus-puertas-en-el-agora-de-alcoy-2\/","title":{"rendered":"&#039;Stock Fora&#039; abre sus puertas en el \u00c1gora de Alcoy"},"content":{"rendered":"<p><![CDATA[\n\n<p style=\"text-align: justify;\">La iniciativa <strong>&#8216;Stock Fora&#8217;<\/strong> vuelve a Alcoy y con ella <strong>la gran oportunidad de adquirir una amplia gama de productos<\/strong> al precio m\u00e1s asequible.<\/p>\n\n\n\n\n<p style=\"text-align: justify;\">El evento <strong>abrir\u00e1 sus puertas este viernes<\/strong> y se llevar\u00e1 a cabo hasta el domingo 4 de marzo en el espacio \u00c1gora. En el mismo<strong> 16 comercios<\/strong> de la Federaci\u00f3n de Comercio Alcoy\u00a0Comercial\u00a0<strong>presentar\u00e1n el g\u00e9nero de la temporada pasada a los mejores precios<\/strong>. Los que pasen por este enclave de la ciudad <strong>encontrar\u00e1n productos<\/strong> que van desde la ropa y los complementos hasta calzado, muebles, joyer\u00eda, juguetes, decoraci\u00f3n o menaje. Los horarios\u00a0son los\u00a0siguientes: <strong>viernes de 17 a 21h, s\u00e1bado de 10 a 14h y de\u00a017 a 21h y domingo de 10 a 14:30h<\/strong>. Adem\u00e1s de la\u00a0oferta comercial, &#8216;Diamante y Rub\u00ed T\u00edteres y Animaciones&#8217; <strong>llevar\u00e1 adelante forma de teatro\u00a0llamado &#8216;Lambe-Lambe&#8217;<\/strong>, originaria de Brasil, y que servir\u00e1 para entretener a los m\u00e1s peque\u00f1os.<\/p>\n\n\n\n\n<p style=\"text-align: justify;\">La Feria\u00a0&#8216;Stock Fora&#8217; fue presentada hace unos d\u00edas en el Ayuntamiento de Alcoy por parte de la edil de Comercio, <strong>Vanessa Molt\u00f3<\/strong>, el Presidente de la Federaci\u00f3n de Comercio, <strong>Paco Molt\u00f3<\/strong>, <strong>Alberto D\u00edaz de la Quintana<\/strong> de Diamante y Rub\u00ed as\u00ed como <strong>Santi Segura<\/strong> en representaci\u00f3n de los comercios participantes.<\/p>\n\n\n&nbsp;]]>    \t<\/p>\n","protected":false},"excerpt":{"rendered":"<p>La iniciativa &#8216;Stock Fora&#8217; vuelve a Alcoy y con ella la gran oportunidad de adquirir una amplia gama de productos&#8230;<\/p>\n","protected":false},"author":1,"featured_media":39781,"comment_status":"open","ping_status":"open","sticky":false,"template":"","format":"standard","meta":{"footnotes":""},"categories":[75,79],"tags":[783,1494,467,5306,5305],"class_list":["post-49483","post","type-post","status-publish","format-standard","has-post-thumbnail","hentry","category-noticias","category-politicayeconomia","tag-agora","tag-alcoy","tag-comercio","tag-santi-segura","tag-stock-fora"],"yoast_head":"<!-- This site is optimized with the Yoast SEO plugin v27.3 - https:\/\/yoast.com\/product\/yoast-seo-wordpress\/ -->\n<title>&#039;Stock Fora&#039; abre sus puertas en el \u00c1gora de Alcoy - COPE Alcoy<\/title>\n<meta name=\"robots\" content=\"index, follow, max-snippet:-1, max-image-preview:large, max-video-preview:-1\" \/>\n<link rel=\"canonical\" href=\"https:\/\/www.copealcoy.es\/es\/stock-fora-abre-sus-puertas-en-el-agora-de-alcoy-2\/\" \/>\n<meta property=\"og:locale\" content=\"es_ES\" \/>\n<meta property=\"og:type\" content=\"article\" \/>\n<meta property=\"og:title\" content=\"&#039;Stock Fora&#039; abre sus puertas en el \u00c1gora de Alcoy - COPE Alcoy\" \/>\n<meta property=\"og:description\" content=\"La iniciativa &#8216;Stock Fora&#8217; vuelve a Alcoy y con ella la gran oportunidad de adquirir una amplia gama de productos...\" \/>\n<meta property=\"og:url\" content=\"https:\/\/www.copealcoy.es\/es\/stock-fora-abre-sus-puertas-en-el-agora-de-alcoy-2\/\" \/>\n<meta property=\"og:site_name\" content=\"COPE Alcoy\" \/>\n<meta property=\"article:published_time\" content=\"2018-03-02T16:07:35+00:00\" \/>\n<meta property=\"og:image\" content=\"https:\/\/www.copealcoy.es\/wp-content\/uploads\/2018\/03\/IMG_0368-1024x683.jpg\" \/>\n\t<meta property=\"og:image:width\" content=\"1024\" \/>\n\t<meta property=\"og:image:height\" content=\"683\" \/>\n\t<meta property=\"og:image:type\" content=\"image\/jpeg\" \/>\n<meta name=\"author\" content=\"Cope Alcoy\" \/>\n<meta name=\"twitter:label1\" content=\"Escrito por\" \/>\n\t<meta name=\"twitter:data1\" content=\"Cope Alcoy\" \/>\n\t<meta name=\"twitter:label2\" content=\"Tiempo de lectura\" \/>\n\t<meta name=\"twitter:data2\" content=\"1 minuto\" \/>\n<script type=\"application\/ld+json\" class=\"yoast-schema-graph\">{\"@context\":\"https:\\\/\\\/schema.org\",\"@graph\":[{\"@type\":\"Article\",\"@id\":\"https:\\\/\\\/www.copealcoy.es\\\/es\\\/stock-fora-abre-sus-puertas-en-el-agora-de-alcoy-2\\\/#article\",\"isPartOf\":{\"@id\":\"https:\\\/\\\/www.copealcoy.es\\\/es\\\/stock-fora-abre-sus-puertas-en-el-agora-de-alcoy-2\\\/\"},\"author\":{\"name\":\"Cope Alcoy\",\"@id\":\"https:\\\/\\\/www.copealcoy.es\\\/es\\\/#\\\/schema\\\/person\\\/e777c87fa024e57d40170af9df39882c\"},\"headline\":\"&#039;Stock Fora&#039; abre sus puertas en el \u00c1gora de Alcoy\",\"datePublished\":\"2018-03-02T16:07:35+00:00\",\"mainEntityOfPage\":{\"@id\":\"https:\\\/\\\/www.copealcoy.es\\\/es\\\/stock-fora-abre-sus-puertas-en-el-agora-de-alcoy-2\\\/\"},\"wordCount\":224,\"commentCount\":0,\"image\":{\"@id\":\"https:\\\/\\\/www.copealcoy.es\\\/es\\\/stock-fora-abre-sus-puertas-en-el-agora-de-alcoy-2\\\/#primaryimage\"},\"thumbnailUrl\":\"https:\\\/\\\/www.copealcoy.es\\\/wp-content\\\/uploads\\\/2018\\\/03\\\/IMG_0368.jpg\",\"keywords\":[\"\u00c1gora\",\"Alcoy\",\"Comercio\",\"Santi Segura\",\"Stock Fora\"],\"articleSection\":[\"Noticias\",\"Pol\u00edtica y Econom\u00eda\"],\"inLanguage\":\"es\"},{\"@type\":\"WebPage\",\"@id\":\"https:\\\/\\\/www.copealcoy.es\\\/es\\\/stock-fora-abre-sus-puertas-en-el-agora-de-alcoy-2\\\/\",\"url\":\"https:\\\/\\\/www.copealcoy.es\\\/es\\\/stock-fora-abre-sus-puertas-en-el-agora-de-alcoy-2\\\/\",\"name\":\"&#039;Stock Fora&#039; abre sus puertas en el \u00c1gora de Alcoy - COPE Alcoy\",\"isPartOf\":{\"@id\":\"https:\\\/\\\/www.copealcoy.es\\\/es\\\/#website\"},\"primaryImageOfPage\":{\"@id\":\"https:\\\/\\\/www.copealcoy.es\\\/es\\\/stock-fora-abre-sus-puertas-en-el-agora-de-alcoy-2\\\/#primaryimage\"},\"image\":{\"@id\":\"https:\\\/\\\/www.copealcoy.es\\\/es\\\/stock-fora-abre-sus-puertas-en-el-agora-de-alcoy-2\\\/#primaryimage\"},\"thumbnailUrl\":\"https:\\\/\\\/www.copealcoy.es\\\/wp-content\\\/uploads\\\/2018\\\/03\\\/IMG_0368.jpg\",\"datePublished\":\"2018-03-02T16:07:35+00:00\",\"author\":{\"@id\":\"https:\\\/\\\/www.copealcoy.es\\\/es\\\/#\\\/schema\\\/person\\\/e777c87fa024e57d40170af9df39882c\"},\"breadcrumb\":{\"@id\":\"https:\\\/\\\/www.copealcoy.es\\\/es\\\/stock-fora-abre-sus-puertas-en-el-agora-de-alcoy-2\\\/#breadcrumb\"},\"inLanguage\":\"es\",\"potentialAction\":[{\"@type\":\"ReadAction\",\"target\":[\"https:\\\/\\\/www.copealcoy.es\\\/es\\\/stock-fora-abre-sus-puertas-en-el-agora-de-alcoy-2\\\/\"]}]},{\"@type\":\"ImageObject\",\"inLanguage\":\"es\",\"@id\":\"https:\\\/\\\/www.copealcoy.es\\\/es\\\/stock-fora-abre-sus-puertas-en-el-agora-de-alcoy-2\\\/#primaryimage\",\"url\":\"https:\\\/\\\/www.copealcoy.es\\\/wp-content\\\/uploads\\\/2018\\\/03\\\/IMG_0368.jpg\",\"contentUrl\":\"https:\\\/\\\/www.copealcoy.es\\\/wp-content\\\/uploads\\\/2018\\\/03\\\/IMG_0368.jpg\",\"width\":4272,\"height\":2848},{\"@type\":\"BreadcrumbList\",\"@id\":\"https:\\\/\\\/www.copealcoy.es\\\/es\\\/stock-fora-abre-sus-puertas-en-el-agora-de-alcoy-2\\\/#breadcrumb\",\"itemListElement\":[{\"@type\":\"ListItem\",\"position\":1,\"name\":\"Portada\",\"item\":\"https:\\\/\\\/www.copealcoy.es\\\/es\\\/\"},{\"@type\":\"ListItem\",\"position\":2,\"name\":\"&#039;Stock Fora&#039; abre sus puertas en el \u00c1gora de Alcoy\"}]},{\"@type\":\"WebSite\",\"@id\":\"https:\\\/\\\/www.copealcoy.es\\\/es\\\/#website\",\"url\":\"https:\\\/\\\/www.copealcoy.es\\\/es\\\/\",\"name\":\"COPE Alcoy\",\"description\":\"Emisora COPE de radio local con emisi\u00f3n online. Pont de Sant Jordi 8-10 03803 Alcoy\",\"potentialAction\":[{\"@type\":\"SearchAction\",\"target\":{\"@type\":\"EntryPoint\",\"urlTemplate\":\"https:\\\/\\\/www.copealcoy.es\\\/es\\\/?s={search_term_string}\"},\"query-input\":{\"@type\":\"PropertyValueSpecification\",\"valueRequired\":true,\"valueName\":\"search_term_string\"}}],\"inLanguage\":\"es\"},{\"@type\":\"Person\",\"@id\":\"https:\\\/\\\/www.copealcoy.es\\\/es\\\/#\\\/schema\\\/person\\\/e777c87fa024e57d40170af9df39882c\",\"name\":\"Cope Alcoy\",\"image\":{\"@type\":\"ImageObject\",\"inLanguage\":\"es\",\"@id\":\"https:\\\/\\\/secure.gravatar.com\\\/avatar\\\/bb65d0283347e303893ba14f0692005417c1e0e690a325a4c5d8bb2b3943ee14?s=96&d=mm&r=g\",\"url\":\"https:\\\/\\\/secure.gravatar.com\\\/avatar\\\/bb65d0283347e303893ba14f0692005417c1e0e690a325a4c5d8bb2b3943ee14?s=96&d=mm&r=g\",\"contentUrl\":\"https:\\\/\\\/secure.gravatar.com\\\/avatar\\\/bb65d0283347e303893ba14f0692005417c1e0e690a325a4c5d8bb2b3943ee14?s=96&d=mm&r=g\",\"caption\":\"Cope Alcoy\"}}]}<\/script>\n<!-- \/ Yoast SEO plugin. -->","yoast_head_json":{"title":"&#039;Stock Fora&#039; abre sus puertas en el \u00c1gora de Alcoy - COPE Alcoy","robots":{"index":"index","follow":"follow","max-snippet":"max-snippet:-1","max-image-preview":"max-image-preview:large","max-video-preview":"max-video-preview:-1"},"canonical":"https:\/\/www.copealcoy.es\/es\/stock-fora-abre-sus-puertas-en-el-agora-de-alcoy-2\/","og_locale":"es_ES","og_type":"article","og_title":"&#039;Stock Fora&#039; abre sus puertas en el \u00c1gora de Alcoy - COPE Alcoy","og_description":"La iniciativa &#8216;Stock Fora&#8217; vuelve a Alcoy y con ella la gran oportunidad de adquirir una amplia gama de productos...","og_url":"https:\/\/www.copealcoy.es\/es\/stock-fora-abre-sus-puertas-en-el-agora-de-alcoy-2\/","og_site_name":"COPE Alcoy","article_published_time":"2018-03-02T16:07:35+00:00","og_image":[{"width":1024,"height":683,"url":"https:\/\/www.copealcoy.es\/wp-content\/uploads\/2018\/03\/IMG_0368-1024x683.jpg","type":"image\/jpeg"}],"author":"Cope Alcoy","twitter_misc":{"Escrito por":"Cope Alcoy","Tiempo de lectura":"1 minuto"},"schema":{"@context":"https:\/\/schema.org","@graph":[{"@type":"Article","@id":"https:\/\/www.copealcoy.es\/es\/stock-fora-abre-sus-puertas-en-el-agora-de-alcoy-2\/#article","isPartOf":{"@id":"https:\/\/www.copealcoy.es\/es\/stock-fora-abre-sus-puertas-en-el-agora-de-alcoy-2\/"},"author":{"name":"Cope Alcoy","@id":"https:\/\/www.copealcoy.es\/es\/#\/schema\/person\/e777c87fa024e57d40170af9df39882c"},"headline":"&#039;Stock Fora&#039; abre sus puertas en el \u00c1gora de Alcoy","datePublished":"2018-03-02T16:07:35+00:00","mainEntityOfPage":{"@id":"https:\/\/www.copealcoy.es\/es\/stock-fora-abre-sus-puertas-en-el-agora-de-alcoy-2\/"},"wordCount":224,"commentCount":0,"image":{"@id":"https:\/\/www.copealcoy.es\/es\/stock-fora-abre-sus-puertas-en-el-agora-de-alcoy-2\/#primaryimage"},"thumbnailUrl":"https:\/\/www.copealcoy.es\/wp-content\/uploads\/2018\/03\/IMG_0368.jpg","keywords":["\u00c1gora","Alcoy","Comercio","Santi Segura","Stock Fora"],"articleSection":["Noticias","Pol\u00edtica y Econom\u00eda"],"inLanguage":"es"},{"@type":"WebPage","@id":"https:\/\/www.copealcoy.es\/es\/stock-fora-abre-sus-puertas-en-el-agora-de-alcoy-2\/","url":"https:\/\/www.copealcoy.es\/es\/stock-fora-abre-sus-puertas-en-el-agora-de-alcoy-2\/","name":"&#039;Stock Fora&#039; abre sus puertas en el \u00c1gora de Alcoy - COPE Alcoy","isPartOf":{"@id":"https:\/\/www.copealcoy.es\/es\/#website"},"primaryImageOfPage":{"@id":"https:\/\/www.copealcoy.es\/es\/stock-fora-abre-sus-puertas-en-el-agora-de-alcoy-2\/#primaryimage"},"image":{"@id":"https:\/\/www.copealcoy.es\/es\/stock-fora-abre-sus-puertas-en-el-agora-de-alcoy-2\/#primaryimage"},"thumbnailUrl":"https:\/\/www.copealcoy.es\/wp-content\/uploads\/2018\/03\/IMG_0368.jpg","datePublished":"2018-03-02T16:07:35+00:00","author":{"@id":"https:\/\/www.copealcoy.es\/es\/#\/schema\/person\/e777c87fa024e57d40170af9df39882c"},"breadcrumb":{"@id":"https:\/\/www.copealcoy.es\/es\/stock-fora-abre-sus-puertas-en-el-agora-de-alcoy-2\/#breadcrumb"},"inLanguage":"es","potentialAction":[{"@type":"ReadAction","target":["https:\/\/www.copealcoy.es\/es\/stock-fora-abre-sus-puertas-en-el-agora-de-alcoy-2\/"]}]},{"@type":"ImageObject","inLanguage":"es","@id":"https:\/\/www.copealcoy.es\/es\/stock-fora-abre-sus-puertas-en-el-agora-de-alcoy-2\/#primaryimage","url":"https:\/\/www.copealcoy.es\/wp-content\/uploads\/2018\/03\/IMG_0368.jpg","contentUrl":"https:\/\/www.copealcoy.es\/wp-content\/uploads\/2018\/03\/IMG_0368.jpg","width":4272,"height":2848},{"@type":"BreadcrumbList","@id":"https:\/\/www.copealcoy.es\/es\/stock-fora-abre-sus-puertas-en-el-agora-de-alcoy-2\/#breadcrumb","itemListElement":[{"@type":"ListItem","position":1,"name":"Portada","item":"https:\/\/www.copealcoy.es\/es\/"},{"@type":"ListItem","position":2,"name":"&#039;Stock Fora&#039; abre sus puertas en el \u00c1gora de Alcoy"}]},{"@type":"WebSite","@id":"https:\/\/www.copealcoy.es\/es\/#website","url":"https:\/\/www.copealcoy.es\/es\/","name":"COPE Alcoy","description":"Emisora COPE de radio local con emisi\u00f3n online. Pont de Sant Jordi 8-10 03803 Alcoy","potentialAction":[{"@type":"SearchAction","target":{"@type":"EntryPoint","urlTemplate":"https:\/\/www.copealcoy.es\/es\/?s={search_term_string}"},"query-input":{"@type":"PropertyValueSpecification","valueRequired":true,"valueName":"search_term_string"}}],"inLanguage":"es"},{"@type":"Person","@id":"https:\/\/www.copealcoy.es\/es\/#\/schema\/person\/e777c87fa024e57d40170af9df39882c","name":"Cope Alcoy","image":{"@type":"ImageObject","inLanguage":"es","@id":"https:\/\/secure.gravatar.com\/avatar\/bb65d0283347e303893ba14f0692005417c1e0e690a325a4c5d8bb2b3943ee14?s=96&d=mm&r=g","url":"https:\/\/secure.gravatar.com\/avatar\/bb65d0283347e303893ba14f0692005417c1e0e690a325a4c5d8bb2b3943ee14?s=96&d=mm&r=g","contentUrl":"https:\/\/secure.gravatar.com\/avatar\/bb65d0283347e303893ba14f0692005417c1e0e690a325a4c5d8bb2b3943ee14?s=96&d=mm&r=g","caption":"Cope Alcoy"}}]}},"_links":{"self":[{"href":"https:\/\/www.copealcoy.es\/es\/wp-json\/wp\/v2\/posts\/49483","targetHints":{"allow":["GET"]}}],"collection":[{"href":"https:\/\/www.copealcoy.es\/es\/wp-json\/wp\/v2\/posts"}],"about":[{"href":"https:\/\/www.copealcoy.es\/es\/wp-json\/wp\/v2\/types\/post"}],"author":[{"embeddable":true,"href":"https:\/\/www.copealcoy.es\/es\/wp-json\/wp\/v2\/users\/1"}],"replies":[{"embeddable":true,"href":"https:\/\/www.copealcoy.es\/es\/wp-json\/wp\/v2\/comments?post=49483"}],"version-history":[{"count":0,"href":"https:\/\/www.copealcoy.es\/es\/wp-json\/wp\/v2\/posts\/49483\/revisions"}],"wp:featuredmedia":[{"embeddable":true,"href":"https:\/\/www.copealcoy.es\/es\/wp-json\/wp\/v2\/media\/39781"}],"wp:attachment":[{"href":"https:\/\/www.copealcoy.es\/es\/wp-json\/wp\/v2\/media?parent=49483"}],"wp:term":[{"taxonomy":"category","embeddable":true,"href":"https:\/\/www.copealcoy.es\/es\/wp-json\/wp\/v2\/categories?post=49483"},{"taxonomy":"post_tag","embeddable":true,"href":"https:\/\/www.copealcoy.es\/es\/wp-json\/wp\/v2\/tags?post=49483"}],"curies":[{"name":"wp","href":"https:\/\/api.w.org\/{rel}","templated":true}]}}