{"id":49477,"date":"2018-02-21T16:07:45","date_gmt":"2018-02-21T16:07:45","guid":{"rendered":"https:\/\/www.copealcoy.es\/?p=39484"},"modified":"2018-02-21T16:07:45","modified_gmt":"2018-02-21T16:07:45","slug":"la-dependent-pone-en-escena-de-sukei-a-naima-para-despedirse-del-principal-2","status":"publish","type":"post","link":"https:\/\/www.copealcoy.es\/es\/la-dependent-pone-en-escena-de-sukei-a-naima-para-despedirse-del-principal-2\/","title":{"rendered":"La Dependent pone en escena &#039;De Sukei a Naima&#039; para despedirse del Principal"},"content":{"rendered":"<p><![CDATA[\n\n<p style=\"text-align: justify;\">La Dependent pondr\u00e1n en escena este fin de semana <strong>el montaje &#8216;De Sukei a Naima&#8217;<\/strong>, una obra con la que la compa\u00f1\u00eda <strong>se despedir\u00e1 del Teatro Principal<\/strong> tras doce a\u00f1os al frente de su gesti\u00f3n. Hay que recordar que la entrada en vigor en marzo de <strong>la nueva Ley de Contratos de la administraci\u00f3n p\u00fablica<\/strong> ha llevado\u00a0a la compa\u00f1\u00eda a tener que\u00a0<strong>cancelar la programaci\u00f3n cultural <\/strong>que hab\u00eda previsto para los primeros meses de 2018<strong>\u00a0<\/strong>y a<strong>\u00a0<\/strong><strong>prescindir de la plantilla<\/strong><strong>,<\/strong> compuesta por tres personas, debido a que esta legislaci\u00f3n<strong> no contempla<\/strong> la situaci\u00f3n de compa\u00f1\u00eda residente en la que estaba La Dependent al frente del Principal.<\/p>\n\n\n\n\n<p style=\"text-align: justify;\">El director de La Dependent,<strong> Joanfran Rozal\u00e9n<\/strong>, se ha referido este mi\u00e9rcoles a esta situaci\u00f3n y <strong>ha lamentado todo lo ocurrido<\/strong> &#8220;<em>nos reunimos el pasado 12 de febrero con los responsables de Cultura del Ayuntamiento y nos manifestaron que \u00a0no pueden asumir econ\u00f3micamente todo lo que estaba previsto. La Dependent no puede asumir el gasto porque no podemos gastar un dinero que no tenemos y que no sabemos si nos podr\u00e1n pagar por lo tanto hemos tenido que tomar una decisi\u00f3n que no es agradable para nadie<\/em>&#8220;, manifiesta. Rozal\u00e9n ha puesto sobre la mesa tambi\u00e9n que se <strong>buscar\u00e1n f\u00f3rmulas para garantizar la continuidad de la Escuela Municipal de Teatro<\/strong> hasta final del curso y ha recordado que <strong>el Tirisiti no se ve afectado<\/strong> la mencionada situaci\u00f3n porque funciona con un contrato independiente al de la gesti\u00f3n del Teatro Principal. Por \u00faltimo Joanfran Rozal\u00e9n <strong>ha hecho balance positivo de todo el tiempo que La Dependent ha estado al frente de este espacio cultural de la ciudad<\/strong> y no ha cerrado puertas a que la compa\u00f1\u00eda se presente al concurso que quiere impulsar el Ayuntamiento para adjudicar la citada gesti\u00f3n &#8220;<em>la ley desmantela muchas de las figuras que dotan de contenido algunos espacios, se quedan en una cuesti\u00f3n meramente t\u00e9cnica. Y nosotros no llegamos aqu\u00ed porque fu\u00e9ramos una empresa de servicios, sino porque pod\u00edamos aportar un plus de contenidos, ten\u00edamos otra finalidad dinamizadora y un objetivo de hacer algo diferente<\/em>&#8220;, concluye.<\/p>\n\n\n\n\n<p style=\"text-align: justify;\"><strong>&#8216;De Sukei a Naima&#8217; el s\u00e1bado y el domingo<\/strong><\/p>\n\n\n\n\n<p style=\"text-align: justify;\">&#8216;De Sukei a Naima&#8217; <strong>se representar\u00e1 en el Teatro Principal<\/strong> el s\u00e1bado 24 de febrero, a las 20&#8217;30h y el domingo 25 de febrero, a las 19h. El montaje, original de Gemma Miralles, est\u00e1 dirigido por\u00a0\u00a0Cristina L\u00fcgstenmann, y <strong>se centra en la expulsi\u00f3n de los moriscos de 1609<\/strong> as\u00ed como en cuestiones\u00a0como la inmigraci\u00f3n, los desplazados, la integraci\u00f3n y el perd\u00f3n. En el reparto <strong>figuran actores<\/strong> de la talla de\u00a0Marta Chiner, Aina Gimeno, Gemma Miralles, Pepa Miralles, Rafa Segura, Pep Sell\u00e9s y Vicent Pastor.<\/p>\n\n\n&nbsp;]]>    \t<\/p>\n","protected":false},"excerpt":{"rendered":"<p>La Dependent pondr\u00e1n en escena este fin de semana el montaje &#8216;De Sukei a Naima&#8217;, una obra con la que&#8230;<\/p>\n","protected":false},"author":1,"featured_media":39485,"comment_status":"open","ping_status":"open","sticky":false,"template":"","format":"standard","meta":{"footnotes":""},"categories":[97,78,75,125],"tags":[5270,1494,3320,1773,1400],"class_list":["post-49477","post","type-post","status-publish","format-standard","has-post-thumbnail","hentry","category-alcoy","category-fiestaycultura","category-noticias","category-portada","tag-de-sukei-a-naima","tag-alcoy","tag-joanfran-rozalen","tag-la-dependent","tag-teatre-principal"],"yoast_head":"<!-- This site is optimized with the Yoast SEO plugin v27.3 - https:\/\/yoast.com\/product\/yoast-seo-wordpress\/ -->\n<title>La Dependent pone en escena &#039;De Sukei a Naima&#039; para despedirse del Principal - COPE Alcoy<\/title>\n<meta name=\"robots\" content=\"index, follow, max-snippet:-1, max-image-preview:large, max-video-preview:-1\" \/>\n<link rel=\"canonical\" href=\"https:\/\/www.copealcoy.es\/es\/la-dependent-pone-en-escena-de-sukei-a-naima-para-despedirse-del-principal-2\/\" \/>\n<meta property=\"og:locale\" content=\"es_ES\" \/>\n<meta property=\"og:type\" content=\"article\" \/>\n<meta property=\"og:title\" content=\"La Dependent pone en escena &#039;De Sukei a Naima&#039; para despedirse del Principal - COPE Alcoy\" \/>\n<meta property=\"og:description\" content=\"La Dependent pondr\u00e1n en escena este fin de semana el montaje &#8216;De Sukei a Naima&#8217;, una obra con la que...\" \/>\n<meta property=\"og:url\" content=\"https:\/\/www.copealcoy.es\/es\/la-dependent-pone-en-escena-de-sukei-a-naima-para-despedirse-del-principal-2\/\" \/>\n<meta property=\"og:site_name\" content=\"COPE Alcoy\" \/>\n<meta property=\"article:published_time\" content=\"2018-02-21T16:07:45+00:00\" \/>\n<meta property=\"og:image\" content=\"https:\/\/www.copealcoy.es\/wp-content\/uploads\/2018\/02\/038ac06e-7e8c-49fa-be49-c9dfcce26414-e1519228308655.jpg\" \/>\n\t<meta property=\"og:image:width\" content=\"1476\" \/>\n\t<meta property=\"og:image:height\" content=\"908\" \/>\n\t<meta property=\"og:image:type\" content=\"image\/jpeg\" \/>\n<meta name=\"author\" content=\"Cope Alcoy\" \/>\n<meta name=\"twitter:label1\" content=\"Escrito por\" \/>\n\t<meta name=\"twitter:data1\" content=\"Cope Alcoy\" \/>\n\t<meta name=\"twitter:label2\" content=\"Tiempo de lectura\" \/>\n\t<meta name=\"twitter:data2\" content=\"2 minutos\" \/>\n<script type=\"application\/ld+json\" class=\"yoast-schema-graph\">{\"@context\":\"https:\\\/\\\/schema.org\",\"@graph\":[{\"@type\":\"Article\",\"@id\":\"https:\\\/\\\/www.copealcoy.es\\\/es\\\/la-dependent-pone-en-escena-de-sukei-a-naima-para-despedirse-del-principal-2\\\/#article\",\"isPartOf\":{\"@id\":\"https:\\\/\\\/www.copealcoy.es\\\/es\\\/la-dependent-pone-en-escena-de-sukei-a-naima-para-despedirse-del-principal-2\\\/\"},\"author\":{\"name\":\"Cope Alcoy\",\"@id\":\"https:\\\/\\\/www.copealcoy.es\\\/es\\\/#\\\/schema\\\/person\\\/e777c87fa024e57d40170af9df39882c\"},\"headline\":\"La Dependent pone en escena &#039;De Sukei a Naima&#039; para despedirse del Principal\",\"datePublished\":\"2018-02-21T16:07:45+00:00\",\"mainEntityOfPage\":{\"@id\":\"https:\\\/\\\/www.copealcoy.es\\\/es\\\/la-dependent-pone-en-escena-de-sukei-a-naima-para-despedirse-del-principal-2\\\/\"},\"wordCount\":492,\"commentCount\":0,\"image\":{\"@id\":\"https:\\\/\\\/www.copealcoy.es\\\/es\\\/la-dependent-pone-en-escena-de-sukei-a-naima-para-despedirse-del-principal-2\\\/#primaryimage\"},\"thumbnailUrl\":\"https:\\\/\\\/www.copealcoy.es\\\/wp-content\\\/uploads\\\/2018\\\/02\\\/038ac06e-7e8c-49fa-be49-c9dfcce26414-e1519228308655.jpg\",\"keywords\":[\"'De Sukei a Naima'\",\"Alcoy\",\"Joanfran Rozal\u00e9n\",\"La Dependent\",\"Teatre Principal\"],\"articleSection\":[\"Alcoy\",\"Fiesta y Cultura\",\"Noticias\",\"Portada\"],\"inLanguage\":\"es\"},{\"@type\":\"WebPage\",\"@id\":\"https:\\\/\\\/www.copealcoy.es\\\/es\\\/la-dependent-pone-en-escena-de-sukei-a-naima-para-despedirse-del-principal-2\\\/\",\"url\":\"https:\\\/\\\/www.copealcoy.es\\\/es\\\/la-dependent-pone-en-escena-de-sukei-a-naima-para-despedirse-del-principal-2\\\/\",\"name\":\"La Dependent pone en escena &#039;De Sukei a Naima&#039; para despedirse del Principal - COPE Alcoy\",\"isPartOf\":{\"@id\":\"https:\\\/\\\/www.copealcoy.es\\\/es\\\/#website\"},\"primaryImageOfPage\":{\"@id\":\"https:\\\/\\\/www.copealcoy.es\\\/es\\\/la-dependent-pone-en-escena-de-sukei-a-naima-para-despedirse-del-principal-2\\\/#primaryimage\"},\"image\":{\"@id\":\"https:\\\/\\\/www.copealcoy.es\\\/es\\\/la-dependent-pone-en-escena-de-sukei-a-naima-para-despedirse-del-principal-2\\\/#primaryimage\"},\"thumbnailUrl\":\"https:\\\/\\\/www.copealcoy.es\\\/wp-content\\\/uploads\\\/2018\\\/02\\\/038ac06e-7e8c-49fa-be49-c9dfcce26414-e1519228308655.jpg\",\"datePublished\":\"2018-02-21T16:07:45+00:00\",\"author\":{\"@id\":\"https:\\\/\\\/www.copealcoy.es\\\/es\\\/#\\\/schema\\\/person\\\/e777c87fa024e57d40170af9df39882c\"},\"breadcrumb\":{\"@id\":\"https:\\\/\\\/www.copealcoy.es\\\/es\\\/la-dependent-pone-en-escena-de-sukei-a-naima-para-despedirse-del-principal-2\\\/#breadcrumb\"},\"inLanguage\":\"es\",\"potentialAction\":[{\"@type\":\"ReadAction\",\"target\":[\"https:\\\/\\\/www.copealcoy.es\\\/es\\\/la-dependent-pone-en-escena-de-sukei-a-naima-para-despedirse-del-principal-2\\\/\"]}]},{\"@type\":\"ImageObject\",\"inLanguage\":\"es\",\"@id\":\"https:\\\/\\\/www.copealcoy.es\\\/es\\\/la-dependent-pone-en-escena-de-sukei-a-naima-para-despedirse-del-principal-2\\\/#primaryimage\",\"url\":\"https:\\\/\\\/www.copealcoy.es\\\/wp-content\\\/uploads\\\/2018\\\/02\\\/038ac06e-7e8c-49fa-be49-c9dfcce26414-e1519228308655.jpg\",\"contentUrl\":\"https:\\\/\\\/www.copealcoy.es\\\/wp-content\\\/uploads\\\/2018\\\/02\\\/038ac06e-7e8c-49fa-be49-c9dfcce26414-e1519228308655.jpg\",\"width\":1476,\"height\":908},{\"@type\":\"BreadcrumbList\",\"@id\":\"https:\\\/\\\/www.copealcoy.es\\\/es\\\/la-dependent-pone-en-escena-de-sukei-a-naima-para-despedirse-del-principal-2\\\/#breadcrumb\",\"itemListElement\":[{\"@type\":\"ListItem\",\"position\":1,\"name\":\"Portada\",\"item\":\"https:\\\/\\\/www.copealcoy.es\\\/es\\\/\"},{\"@type\":\"ListItem\",\"position\":2,\"name\":\"La Dependent pone en escena &#039;De Sukei a Naima&#039; para despedirse del Principal\"}]},{\"@type\":\"WebSite\",\"@id\":\"https:\\\/\\\/www.copealcoy.es\\\/es\\\/#website\",\"url\":\"https:\\\/\\\/www.copealcoy.es\\\/es\\\/\",\"name\":\"COPE Alcoy\",\"description\":\"Emisora COPE de radio local con emisi\u00f3n online. Pont de Sant Jordi 8-10 03803 Alcoy\",\"potentialAction\":[{\"@type\":\"SearchAction\",\"target\":{\"@type\":\"EntryPoint\",\"urlTemplate\":\"https:\\\/\\\/www.copealcoy.es\\\/es\\\/?s={search_term_string}\"},\"query-input\":{\"@type\":\"PropertyValueSpecification\",\"valueRequired\":true,\"valueName\":\"search_term_string\"}}],\"inLanguage\":\"es\"},{\"@type\":\"Person\",\"@id\":\"https:\\\/\\\/www.copealcoy.es\\\/es\\\/#\\\/schema\\\/person\\\/e777c87fa024e57d40170af9df39882c\",\"name\":\"Cope Alcoy\",\"image\":{\"@type\":\"ImageObject\",\"inLanguage\":\"es\",\"@id\":\"https:\\\/\\\/secure.gravatar.com\\\/avatar\\\/bb65d0283347e303893ba14f0692005417c1e0e690a325a4c5d8bb2b3943ee14?s=96&d=mm&r=g\",\"url\":\"https:\\\/\\\/secure.gravatar.com\\\/avatar\\\/bb65d0283347e303893ba14f0692005417c1e0e690a325a4c5d8bb2b3943ee14?s=96&d=mm&r=g\",\"contentUrl\":\"https:\\\/\\\/secure.gravatar.com\\\/avatar\\\/bb65d0283347e303893ba14f0692005417c1e0e690a325a4c5d8bb2b3943ee14?s=96&d=mm&r=g\",\"caption\":\"Cope Alcoy\"}}]}<\/script>\n<!-- \/ Yoast SEO plugin. -->","yoast_head_json":{"title":"La Dependent pone en escena &#039;De Sukei a Naima&#039; para despedirse del Principal - COPE Alcoy","robots":{"index":"index","follow":"follow","max-snippet":"max-snippet:-1","max-image-preview":"max-image-preview:large","max-video-preview":"max-video-preview:-1"},"canonical":"https:\/\/www.copealcoy.es\/es\/la-dependent-pone-en-escena-de-sukei-a-naima-para-despedirse-del-principal-2\/","og_locale":"es_ES","og_type":"article","og_title":"La Dependent pone en escena &#039;De Sukei a Naima&#039; para despedirse del Principal - COPE Alcoy","og_description":"La Dependent pondr\u00e1n en escena este fin de semana el montaje &#8216;De Sukei a Naima&#8217;, una obra con la que...","og_url":"https:\/\/www.copealcoy.es\/es\/la-dependent-pone-en-escena-de-sukei-a-naima-para-despedirse-del-principal-2\/","og_site_name":"COPE Alcoy","article_published_time":"2018-02-21T16:07:45+00:00","og_image":[{"width":1476,"height":908,"url":"https:\/\/www.copealcoy.es\/wp-content\/uploads\/2018\/02\/038ac06e-7e8c-49fa-be49-c9dfcce26414-e1519228308655.jpg","type":"image\/jpeg"}],"author":"Cope Alcoy","twitter_misc":{"Escrito por":"Cope Alcoy","Tiempo de lectura":"2 minutos"},"schema":{"@context":"https:\/\/schema.org","@graph":[{"@type":"Article","@id":"https:\/\/www.copealcoy.es\/es\/la-dependent-pone-en-escena-de-sukei-a-naima-para-despedirse-del-principal-2\/#article","isPartOf":{"@id":"https:\/\/www.copealcoy.es\/es\/la-dependent-pone-en-escena-de-sukei-a-naima-para-despedirse-del-principal-2\/"},"author":{"name":"Cope Alcoy","@id":"https:\/\/www.copealcoy.es\/es\/#\/schema\/person\/e777c87fa024e57d40170af9df39882c"},"headline":"La Dependent pone en escena &#039;De Sukei a Naima&#039; para despedirse del Principal","datePublished":"2018-02-21T16:07:45+00:00","mainEntityOfPage":{"@id":"https:\/\/www.copealcoy.es\/es\/la-dependent-pone-en-escena-de-sukei-a-naima-para-despedirse-del-principal-2\/"},"wordCount":492,"commentCount":0,"image":{"@id":"https:\/\/www.copealcoy.es\/es\/la-dependent-pone-en-escena-de-sukei-a-naima-para-despedirse-del-principal-2\/#primaryimage"},"thumbnailUrl":"https:\/\/www.copealcoy.es\/wp-content\/uploads\/2018\/02\/038ac06e-7e8c-49fa-be49-c9dfcce26414-e1519228308655.jpg","keywords":["'De Sukei a Naima'","Alcoy","Joanfran Rozal\u00e9n","La Dependent","Teatre Principal"],"articleSection":["Alcoy","Fiesta y Cultura","Noticias","Portada"],"inLanguage":"es"},{"@type":"WebPage","@id":"https:\/\/www.copealcoy.es\/es\/la-dependent-pone-en-escena-de-sukei-a-naima-para-despedirse-del-principal-2\/","url":"https:\/\/www.copealcoy.es\/es\/la-dependent-pone-en-escena-de-sukei-a-naima-para-despedirse-del-principal-2\/","name":"La Dependent pone en escena &#039;De Sukei a Naima&#039; para despedirse del Principal - COPE Alcoy","isPartOf":{"@id":"https:\/\/www.copealcoy.es\/es\/#website"},"primaryImageOfPage":{"@id":"https:\/\/www.copealcoy.es\/es\/la-dependent-pone-en-escena-de-sukei-a-naima-para-despedirse-del-principal-2\/#primaryimage"},"image":{"@id":"https:\/\/www.copealcoy.es\/es\/la-dependent-pone-en-escena-de-sukei-a-naima-para-despedirse-del-principal-2\/#primaryimage"},"thumbnailUrl":"https:\/\/www.copealcoy.es\/wp-content\/uploads\/2018\/02\/038ac06e-7e8c-49fa-be49-c9dfcce26414-e1519228308655.jpg","datePublished":"2018-02-21T16:07:45+00:00","author":{"@id":"https:\/\/www.copealcoy.es\/es\/#\/schema\/person\/e777c87fa024e57d40170af9df39882c"},"breadcrumb":{"@id":"https:\/\/www.copealcoy.es\/es\/la-dependent-pone-en-escena-de-sukei-a-naima-para-despedirse-del-principal-2\/#breadcrumb"},"inLanguage":"es","potentialAction":[{"@type":"ReadAction","target":["https:\/\/www.copealcoy.es\/es\/la-dependent-pone-en-escena-de-sukei-a-naima-para-despedirse-del-principal-2\/"]}]},{"@type":"ImageObject","inLanguage":"es","@id":"https:\/\/www.copealcoy.es\/es\/la-dependent-pone-en-escena-de-sukei-a-naima-para-despedirse-del-principal-2\/#primaryimage","url":"https:\/\/www.copealcoy.es\/wp-content\/uploads\/2018\/02\/038ac06e-7e8c-49fa-be49-c9dfcce26414-e1519228308655.jpg","contentUrl":"https:\/\/www.copealcoy.es\/wp-content\/uploads\/2018\/02\/038ac06e-7e8c-49fa-be49-c9dfcce26414-e1519228308655.jpg","width":1476,"height":908},{"@type":"BreadcrumbList","@id":"https:\/\/www.copealcoy.es\/es\/la-dependent-pone-en-escena-de-sukei-a-naima-para-despedirse-del-principal-2\/#breadcrumb","itemListElement":[{"@type":"ListItem","position":1,"name":"Portada","item":"https:\/\/www.copealcoy.es\/es\/"},{"@type":"ListItem","position":2,"name":"La Dependent pone en escena &#039;De Sukei a Naima&#039; para despedirse del Principal"}]},{"@type":"WebSite","@id":"https:\/\/www.copealcoy.es\/es\/#website","url":"https:\/\/www.copealcoy.es\/es\/","name":"COPE Alcoy","description":"Emisora COPE de radio local con emisi\u00f3n online. Pont de Sant Jordi 8-10 03803 Alcoy","potentialAction":[{"@type":"SearchAction","target":{"@type":"EntryPoint","urlTemplate":"https:\/\/www.copealcoy.es\/es\/?s={search_term_string}"},"query-input":{"@type":"PropertyValueSpecification","valueRequired":true,"valueName":"search_term_string"}}],"inLanguage":"es"},{"@type":"Person","@id":"https:\/\/www.copealcoy.es\/es\/#\/schema\/person\/e777c87fa024e57d40170af9df39882c","name":"Cope Alcoy","image":{"@type":"ImageObject","inLanguage":"es","@id":"https:\/\/secure.gravatar.com\/avatar\/bb65d0283347e303893ba14f0692005417c1e0e690a325a4c5d8bb2b3943ee14?s=96&d=mm&r=g","url":"https:\/\/secure.gravatar.com\/avatar\/bb65d0283347e303893ba14f0692005417c1e0e690a325a4c5d8bb2b3943ee14?s=96&d=mm&r=g","contentUrl":"https:\/\/secure.gravatar.com\/avatar\/bb65d0283347e303893ba14f0692005417c1e0e690a325a4c5d8bb2b3943ee14?s=96&d=mm&r=g","caption":"Cope Alcoy"}}]}},"_links":{"self":[{"href":"https:\/\/www.copealcoy.es\/es\/wp-json\/wp\/v2\/posts\/49477","targetHints":{"allow":["GET"]}}],"collection":[{"href":"https:\/\/www.copealcoy.es\/es\/wp-json\/wp\/v2\/posts"}],"about":[{"href":"https:\/\/www.copealcoy.es\/es\/wp-json\/wp\/v2\/types\/post"}],"author":[{"embeddable":true,"href":"https:\/\/www.copealcoy.es\/es\/wp-json\/wp\/v2\/users\/1"}],"replies":[{"embeddable":true,"href":"https:\/\/www.copealcoy.es\/es\/wp-json\/wp\/v2\/comments?post=49477"}],"version-history":[{"count":0,"href":"https:\/\/www.copealcoy.es\/es\/wp-json\/wp\/v2\/posts\/49477\/revisions"}],"wp:featuredmedia":[{"embeddable":true,"href":"https:\/\/www.copealcoy.es\/es\/wp-json\/wp\/v2\/media\/39485"}],"wp:attachment":[{"href":"https:\/\/www.copealcoy.es\/es\/wp-json\/wp\/v2\/media?parent=49477"}],"wp:term":[{"taxonomy":"category","embeddable":true,"href":"https:\/\/www.copealcoy.es\/es\/wp-json\/wp\/v2\/categories?post=49477"},{"taxonomy":"post_tag","embeddable":true,"href":"https:\/\/www.copealcoy.es\/es\/wp-json\/wp\/v2\/tags?post=49477"}],"curies":[{"name":"wp","href":"https:\/\/api.w.org\/{rel}","templated":true}]}}