{"id":49473,"date":"2018-02-19T15:58:04","date_gmt":"2018-02-19T15:58:04","guid":{"rendered":"https:\/\/www.copealcoy.es\/?p=39401"},"modified":"2018-02-19T15:58:04","modified_gmt":"2018-02-19T15:58:04","slug":"la-sinfonica-del-adda-llevara-el-amor-brujo-al-teatro-calderon-de-alcoy-2","status":"publish","type":"post","link":"https:\/\/www.copealcoy.es\/es\/la-sinfonica-del-adda-llevara-el-amor-brujo-al-teatro-calderon-de-alcoy-2\/","title":{"rendered":"La Sinf\u00f3nica del ADDA llevar\u00e1 &#039;El Amor Brujo&#039; al Teatro Calder\u00f3n de Alcoy"},"content":{"rendered":"<p><![CDATA[\n\n<p style=\"text-align: justify;\">La <strong>Orquesta Sinf\u00f3nica del Auditorio de la Diputaci\u00f3n Provincial de Alicante (ADDA)<\/strong> traer\u00e1 hasta Alcoy el espect\u00e1culo <strong>&#8216;El Amor Brujo&#8217;<\/strong> de Manuel de Falla. La cita ser\u00e1 el viernes 2 de marzo, a partir de las 20 horas en el <strong>Teatro Calder\u00f3n<\/strong>, y ser\u00e1 la segunda actuaci\u00f3n que la orquesta har\u00e1\u00a0fuera del auditorio <strong>siguiendo el programa de audiciones<\/strong> previsto por distintas poblaciones de la provincia.<\/p>\n\n\n\n\n<p style=\"text-align: justify;\">El Presidente de la Diputaci\u00f3n de Alicante, <strong>C\u00e9sar S\u00e1nchez<\/strong>, estuvo la pasada semana en Alcoy y present\u00f3 esta iniciativa junto al alcalde, <strong>Antonio Franc\u00e9s<\/strong>, y el director art\u00edstico del ADDA, <strong>Josep Vicent. <\/strong>En su intervenci\u00f3n<strong> S\u00e1nchez<\/strong> record\u00f3 que la Diputaci\u00f3n ha destinado en lo que llevamos de legislatura <strong>m\u00e1s de un mill\u00f3n y medio de euros<\/strong> en actividades culturales al mismo tiempo <strong>se\u00f1al\u00f3 la importancia de que Alcoy acoja este espect\u00e1culo<\/strong> &#8220;<em>el objetivo de estos conciertos itinerantes por nuestro territorio es que las grandes interpretaciones que se realizan en el Auditorio de la Diputaci\u00f3n de Alicante lleguen a cualquier rinc\u00f3n de la provincia de la mano del ADDA Sinf\u00f3nica. Alcoy\u00a0era una parada obligada en la ruta de la orquesta de nuestro auditorio<\/em>&#8221; matiz\u00f3.<\/p>\n\n\n\n\n<p style=\"text-align: justify;\">Por su parte el alcalde, <strong>Antonio Franc\u00e9s<\/strong>, destac\u00f3 el <strong>atractivo y relevancia de esta propuesta cultural <\/strong>&#8220;<em>como elemento de vertebraci\u00f3n del territorio<\/em>&#8221; mientras que<strong> Josep Vicent<\/strong> dijo que el Teatro Calder\u00f3n de Alcoy <strong>era el mejor escenario<\/strong> para poner en escena esta actividad cultural &#8220;<em>ten\u00eda que ser uno de los espacios receptores de la actividad que se desarrolla en el auditorio por su importancia hist\u00f3rica y art\u00edstica<\/em>&#8220;, comenta.<\/p>\n\n\n\n\n<p style=\"text-align: justify;\">El ADDA, adem\u00e1s de &#8216;El Amor Brujo&#8217;, interpretar\u00e1 tambi\u00e9n la \u2018<em>Sinfon\u00eda n\u00ba7\u2019 <\/em>de <strong>L.V. Beethoven<\/strong> con la participaci\u00f3n de la cantaora <strong>Ginesa Ortega<\/strong>, el bailaor <strong>David Romero<\/strong> y las ilustraciones de <strong>Sagar Forni\u00e9s<\/strong>.\u00a0Las <strong>entradas <\/strong>se pondr\u00e1n a la venta a trav\u00e9s de <em>ticketalcoi.com<\/em> o en la propia taquilla del teatro a un precio que oscila <strong>entre los 8 y los 16 euros<\/strong>.<\/p>\n\n]]>    \t<\/p>\n","protected":false},"excerpt":{"rendered":"<p>La Orquesta Sinf\u00f3nica del Auditorio de la Diputaci\u00f3n Provincial de Alicante (ADDA) traer\u00e1 hasta Alcoy el espect\u00e1culo &#8216;El Amor Brujo&#8217;&#8230;<\/p>\n","protected":false},"author":1,"featured_media":39402,"comment_status":"open","ping_status":"open","sticky":false,"template":"","format":"standard","meta":{"footnotes":""},"categories":[97,78,75],"tags":[5254,1494,5255,1793,1759,5253,1763],"class_list":["post-49473","post","type-post","status-publish","format-standard","has-post-thumbnail","hentry","category-alcoy","category-fiestaycultura","category-noticias","tag-adda","tag-alcoy","tag-amor-brujo","tag-antonio-frances","tag-cesar-sanchez","tag-orquesta-sinfonica","tag-teatro-calderon"],"yoast_head":"<!-- This site is optimized with the Yoast SEO plugin v27.3 - https:\/\/yoast.com\/product\/yoast-seo-wordpress\/ -->\n<title>La Sinf\u00f3nica del ADDA llevar\u00e1 &#039;El Amor Brujo&#039; al Teatro Calder\u00f3n de Alcoy - COPE Alcoy<\/title>\n<meta name=\"robots\" content=\"index, follow, max-snippet:-1, max-image-preview:large, max-video-preview:-1\" \/>\n<link rel=\"canonical\" href=\"https:\/\/www.copealcoy.es\/es\/la-sinfonica-del-adda-llevara-el-amor-brujo-al-teatro-calderon-de-alcoy-2\/\" \/>\n<meta property=\"og:locale\" content=\"es_ES\" \/>\n<meta property=\"og:type\" content=\"article\" \/>\n<meta property=\"og:title\" content=\"La Sinf\u00f3nica del ADDA llevar\u00e1 &#039;El Amor Brujo&#039; al Teatro Calder\u00f3n de Alcoy - COPE Alcoy\" \/>\n<meta property=\"og:description\" content=\"La Orquesta Sinf\u00f3nica del Auditorio de la Diputaci\u00f3n Provincial de Alicante (ADDA) traer\u00e1 hasta Alcoy el espect\u00e1culo &#8216;El Amor Brujo&#8217;...\" \/>\n<meta property=\"og:url\" content=\"https:\/\/www.copealcoy.es\/es\/la-sinfonica-del-adda-llevara-el-amor-brujo-al-teatro-calderon-de-alcoy-2\/\" \/>\n<meta property=\"og:site_name\" content=\"COPE Alcoy\" \/>\n<meta property=\"article:published_time\" content=\"2018-02-19T15:58:04+00:00\" \/>\n<meta property=\"og:image\" content=\"https:\/\/www.copealcoy.es\/wp-content\/uploads\/2018\/02\/021218-RP-Alcoy-ADDA-Sinf\u00f3nica-01.jpg\" \/>\n\t<meta property=\"og:image:width\" content=\"2126\" \/>\n\t<meta property=\"og:image:height\" content=\"1417\" \/>\n\t<meta property=\"og:image:type\" content=\"image\/jpeg\" \/>\n<meta name=\"author\" content=\"Cope Alcoy\" \/>\n<meta name=\"twitter:label1\" content=\"Escrito por\" \/>\n\t<meta name=\"twitter:data1\" content=\"Cope Alcoy\" \/>\n\t<meta name=\"twitter:label2\" content=\"Tiempo de lectura\" \/>\n\t<meta name=\"twitter:data2\" content=\"2 minutos\" \/>\n<script type=\"application\/ld+json\" class=\"yoast-schema-graph\">{\"@context\":\"https:\\\/\\\/schema.org\",\"@graph\":[{\"@type\":\"Article\",\"@id\":\"https:\\\/\\\/www.copealcoy.es\\\/es\\\/la-sinfonica-del-adda-llevara-el-amor-brujo-al-teatro-calderon-de-alcoy-2\\\/#article\",\"isPartOf\":{\"@id\":\"https:\\\/\\\/www.copealcoy.es\\\/es\\\/la-sinfonica-del-adda-llevara-el-amor-brujo-al-teatro-calderon-de-alcoy-2\\\/\"},\"author\":{\"name\":\"Cope Alcoy\",\"@id\":\"https:\\\/\\\/www.copealcoy.es\\\/es\\\/#\\\/schema\\\/person\\\/e777c87fa024e57d40170af9df39882c\"},\"headline\":\"La Sinf\u00f3nica del ADDA llevar\u00e1 &#039;El Amor Brujo&#039; al Teatro Calder\u00f3n de Alcoy\",\"datePublished\":\"2018-02-19T15:58:04+00:00\",\"mainEntityOfPage\":{\"@id\":\"https:\\\/\\\/www.copealcoy.es\\\/es\\\/la-sinfonica-del-adda-llevara-el-amor-brujo-al-teatro-calderon-de-alcoy-2\\\/\"},\"wordCount\":367,\"commentCount\":0,\"image\":{\"@id\":\"https:\\\/\\\/www.copealcoy.es\\\/es\\\/la-sinfonica-del-adda-llevara-el-amor-brujo-al-teatro-calderon-de-alcoy-2\\\/#primaryimage\"},\"thumbnailUrl\":\"https:\\\/\\\/www.copealcoy.es\\\/wp-content\\\/uploads\\\/2018\\\/02\\\/021218-RP-Alcoy-ADDA-Sinf\u00f3nica-01.jpg\",\"keywords\":[\"ADDA\",\"Alcoy\",\"Amor Brujo\",\"Antonio Franc\u00e9s\",\"C\u00e9sar S\u00e1nchez\",\"Orquesta Sinf\u00f3nica\",\"Teatro Calder\u00f3n\"],\"articleSection\":[\"Alcoy\",\"Fiesta y Cultura\",\"Noticias\"],\"inLanguage\":\"es\"},{\"@type\":\"WebPage\",\"@id\":\"https:\\\/\\\/www.copealcoy.es\\\/es\\\/la-sinfonica-del-adda-llevara-el-amor-brujo-al-teatro-calderon-de-alcoy-2\\\/\",\"url\":\"https:\\\/\\\/www.copealcoy.es\\\/es\\\/la-sinfonica-del-adda-llevara-el-amor-brujo-al-teatro-calderon-de-alcoy-2\\\/\",\"name\":\"La Sinf\u00f3nica del ADDA llevar\u00e1 &#039;El Amor Brujo&#039; al Teatro Calder\u00f3n de Alcoy - COPE Alcoy\",\"isPartOf\":{\"@id\":\"https:\\\/\\\/www.copealcoy.es\\\/es\\\/#website\"},\"primaryImageOfPage\":{\"@id\":\"https:\\\/\\\/www.copealcoy.es\\\/es\\\/la-sinfonica-del-adda-llevara-el-amor-brujo-al-teatro-calderon-de-alcoy-2\\\/#primaryimage\"},\"image\":{\"@id\":\"https:\\\/\\\/www.copealcoy.es\\\/es\\\/la-sinfonica-del-adda-llevara-el-amor-brujo-al-teatro-calderon-de-alcoy-2\\\/#primaryimage\"},\"thumbnailUrl\":\"https:\\\/\\\/www.copealcoy.es\\\/wp-content\\\/uploads\\\/2018\\\/02\\\/021218-RP-Alcoy-ADDA-Sinf\u00f3nica-01.jpg\",\"datePublished\":\"2018-02-19T15:58:04+00:00\",\"author\":{\"@id\":\"https:\\\/\\\/www.copealcoy.es\\\/es\\\/#\\\/schema\\\/person\\\/e777c87fa024e57d40170af9df39882c\"},\"breadcrumb\":{\"@id\":\"https:\\\/\\\/www.copealcoy.es\\\/es\\\/la-sinfonica-del-adda-llevara-el-amor-brujo-al-teatro-calderon-de-alcoy-2\\\/#breadcrumb\"},\"inLanguage\":\"es\",\"potentialAction\":[{\"@type\":\"ReadAction\",\"target\":[\"https:\\\/\\\/www.copealcoy.es\\\/es\\\/la-sinfonica-del-adda-llevara-el-amor-brujo-al-teatro-calderon-de-alcoy-2\\\/\"]}]},{\"@type\":\"ImageObject\",\"inLanguage\":\"es\",\"@id\":\"https:\\\/\\\/www.copealcoy.es\\\/es\\\/la-sinfonica-del-adda-llevara-el-amor-brujo-al-teatro-calderon-de-alcoy-2\\\/#primaryimage\",\"url\":\"https:\\\/\\\/www.copealcoy.es\\\/wp-content\\\/uploads\\\/2018\\\/02\\\/021218-RP-Alcoy-ADDA-Sinf\u00f3nica-01.jpg\",\"contentUrl\":\"https:\\\/\\\/www.copealcoy.es\\\/wp-content\\\/uploads\\\/2018\\\/02\\\/021218-RP-Alcoy-ADDA-Sinf\u00f3nica-01.jpg\",\"width\":2126,\"height\":1417,\"caption\":\"C\u00e9sar S\u00e1nchez durante su visita a Alcoy la pasada semana\"},{\"@type\":\"BreadcrumbList\",\"@id\":\"https:\\\/\\\/www.copealcoy.es\\\/es\\\/la-sinfonica-del-adda-llevara-el-amor-brujo-al-teatro-calderon-de-alcoy-2\\\/#breadcrumb\",\"itemListElement\":[{\"@type\":\"ListItem\",\"position\":1,\"name\":\"Portada\",\"item\":\"https:\\\/\\\/www.copealcoy.es\\\/es\\\/\"},{\"@type\":\"ListItem\",\"position\":2,\"name\":\"La Sinf\u00f3nica del ADDA llevar\u00e1 &#039;El Amor Brujo&#039; al Teatro Calder\u00f3n de Alcoy\"}]},{\"@type\":\"WebSite\",\"@id\":\"https:\\\/\\\/www.copealcoy.es\\\/es\\\/#website\",\"url\":\"https:\\\/\\\/www.copealcoy.es\\\/es\\\/\",\"name\":\"COPE Alcoy\",\"description\":\"Emisora COPE de radio local con emisi\u00f3n online. Pont de Sant Jordi 8-10 03803 Alcoy\",\"potentialAction\":[{\"@type\":\"SearchAction\",\"target\":{\"@type\":\"EntryPoint\",\"urlTemplate\":\"https:\\\/\\\/www.copealcoy.es\\\/es\\\/?s={search_term_string}\"},\"query-input\":{\"@type\":\"PropertyValueSpecification\",\"valueRequired\":true,\"valueName\":\"search_term_string\"}}],\"inLanguage\":\"es\"},{\"@type\":\"Person\",\"@id\":\"https:\\\/\\\/www.copealcoy.es\\\/es\\\/#\\\/schema\\\/person\\\/e777c87fa024e57d40170af9df39882c\",\"name\":\"Cope Alcoy\",\"image\":{\"@type\":\"ImageObject\",\"inLanguage\":\"es\",\"@id\":\"https:\\\/\\\/secure.gravatar.com\\\/avatar\\\/bb65d0283347e303893ba14f0692005417c1e0e690a325a4c5d8bb2b3943ee14?s=96&d=mm&r=g\",\"url\":\"https:\\\/\\\/secure.gravatar.com\\\/avatar\\\/bb65d0283347e303893ba14f0692005417c1e0e690a325a4c5d8bb2b3943ee14?s=96&d=mm&r=g\",\"contentUrl\":\"https:\\\/\\\/secure.gravatar.com\\\/avatar\\\/bb65d0283347e303893ba14f0692005417c1e0e690a325a4c5d8bb2b3943ee14?s=96&d=mm&r=g\",\"caption\":\"Cope Alcoy\"}}]}<\/script>\n<!-- \/ Yoast SEO plugin. -->","yoast_head_json":{"title":"La Sinf\u00f3nica del ADDA llevar\u00e1 &#039;El Amor Brujo&#039; al Teatro Calder\u00f3n de Alcoy - COPE Alcoy","robots":{"index":"index","follow":"follow","max-snippet":"max-snippet:-1","max-image-preview":"max-image-preview:large","max-video-preview":"max-video-preview:-1"},"canonical":"https:\/\/www.copealcoy.es\/es\/la-sinfonica-del-adda-llevara-el-amor-brujo-al-teatro-calderon-de-alcoy-2\/","og_locale":"es_ES","og_type":"article","og_title":"La Sinf\u00f3nica del ADDA llevar\u00e1 &#039;El Amor Brujo&#039; al Teatro Calder\u00f3n de Alcoy - COPE Alcoy","og_description":"La Orquesta Sinf\u00f3nica del Auditorio de la Diputaci\u00f3n Provincial de Alicante (ADDA) traer\u00e1 hasta Alcoy el espect\u00e1culo &#8216;El Amor Brujo&#8217;...","og_url":"https:\/\/www.copealcoy.es\/es\/la-sinfonica-del-adda-llevara-el-amor-brujo-al-teatro-calderon-de-alcoy-2\/","og_site_name":"COPE Alcoy","article_published_time":"2018-02-19T15:58:04+00:00","og_image":[{"width":2126,"height":1417,"url":"https:\/\/www.copealcoy.es\/wp-content\/uploads\/2018\/02\/021218-RP-Alcoy-ADDA-Sinf\u00f3nica-01.jpg","type":"image\/jpeg"}],"author":"Cope Alcoy","twitter_misc":{"Escrito por":"Cope Alcoy","Tiempo de lectura":"2 minutos"},"schema":{"@context":"https:\/\/schema.org","@graph":[{"@type":"Article","@id":"https:\/\/www.copealcoy.es\/es\/la-sinfonica-del-adda-llevara-el-amor-brujo-al-teatro-calderon-de-alcoy-2\/#article","isPartOf":{"@id":"https:\/\/www.copealcoy.es\/es\/la-sinfonica-del-adda-llevara-el-amor-brujo-al-teatro-calderon-de-alcoy-2\/"},"author":{"name":"Cope Alcoy","@id":"https:\/\/www.copealcoy.es\/es\/#\/schema\/person\/e777c87fa024e57d40170af9df39882c"},"headline":"La Sinf\u00f3nica del ADDA llevar\u00e1 &#039;El Amor Brujo&#039; al Teatro Calder\u00f3n de Alcoy","datePublished":"2018-02-19T15:58:04+00:00","mainEntityOfPage":{"@id":"https:\/\/www.copealcoy.es\/es\/la-sinfonica-del-adda-llevara-el-amor-brujo-al-teatro-calderon-de-alcoy-2\/"},"wordCount":367,"commentCount":0,"image":{"@id":"https:\/\/www.copealcoy.es\/es\/la-sinfonica-del-adda-llevara-el-amor-brujo-al-teatro-calderon-de-alcoy-2\/#primaryimage"},"thumbnailUrl":"https:\/\/www.copealcoy.es\/wp-content\/uploads\/2018\/02\/021218-RP-Alcoy-ADDA-Sinf\u00f3nica-01.jpg","keywords":["ADDA","Alcoy","Amor Brujo","Antonio Franc\u00e9s","C\u00e9sar S\u00e1nchez","Orquesta Sinf\u00f3nica","Teatro Calder\u00f3n"],"articleSection":["Alcoy","Fiesta y Cultura","Noticias"],"inLanguage":"es"},{"@type":"WebPage","@id":"https:\/\/www.copealcoy.es\/es\/la-sinfonica-del-adda-llevara-el-amor-brujo-al-teatro-calderon-de-alcoy-2\/","url":"https:\/\/www.copealcoy.es\/es\/la-sinfonica-del-adda-llevara-el-amor-brujo-al-teatro-calderon-de-alcoy-2\/","name":"La Sinf\u00f3nica del ADDA llevar\u00e1 &#039;El Amor Brujo&#039; al Teatro Calder\u00f3n de Alcoy - COPE Alcoy","isPartOf":{"@id":"https:\/\/www.copealcoy.es\/es\/#website"},"primaryImageOfPage":{"@id":"https:\/\/www.copealcoy.es\/es\/la-sinfonica-del-adda-llevara-el-amor-brujo-al-teatro-calderon-de-alcoy-2\/#primaryimage"},"image":{"@id":"https:\/\/www.copealcoy.es\/es\/la-sinfonica-del-adda-llevara-el-amor-brujo-al-teatro-calderon-de-alcoy-2\/#primaryimage"},"thumbnailUrl":"https:\/\/www.copealcoy.es\/wp-content\/uploads\/2018\/02\/021218-RP-Alcoy-ADDA-Sinf\u00f3nica-01.jpg","datePublished":"2018-02-19T15:58:04+00:00","author":{"@id":"https:\/\/www.copealcoy.es\/es\/#\/schema\/person\/e777c87fa024e57d40170af9df39882c"},"breadcrumb":{"@id":"https:\/\/www.copealcoy.es\/es\/la-sinfonica-del-adda-llevara-el-amor-brujo-al-teatro-calderon-de-alcoy-2\/#breadcrumb"},"inLanguage":"es","potentialAction":[{"@type":"ReadAction","target":["https:\/\/www.copealcoy.es\/es\/la-sinfonica-del-adda-llevara-el-amor-brujo-al-teatro-calderon-de-alcoy-2\/"]}]},{"@type":"ImageObject","inLanguage":"es","@id":"https:\/\/www.copealcoy.es\/es\/la-sinfonica-del-adda-llevara-el-amor-brujo-al-teatro-calderon-de-alcoy-2\/#primaryimage","url":"https:\/\/www.copealcoy.es\/wp-content\/uploads\/2018\/02\/021218-RP-Alcoy-ADDA-Sinf\u00f3nica-01.jpg","contentUrl":"https:\/\/www.copealcoy.es\/wp-content\/uploads\/2018\/02\/021218-RP-Alcoy-ADDA-Sinf\u00f3nica-01.jpg","width":2126,"height":1417,"caption":"C\u00e9sar S\u00e1nchez durante su visita a Alcoy la pasada semana"},{"@type":"BreadcrumbList","@id":"https:\/\/www.copealcoy.es\/es\/la-sinfonica-del-adda-llevara-el-amor-brujo-al-teatro-calderon-de-alcoy-2\/#breadcrumb","itemListElement":[{"@type":"ListItem","position":1,"name":"Portada","item":"https:\/\/www.copealcoy.es\/es\/"},{"@type":"ListItem","position":2,"name":"La Sinf\u00f3nica del ADDA llevar\u00e1 &#039;El Amor Brujo&#039; al Teatro Calder\u00f3n de Alcoy"}]},{"@type":"WebSite","@id":"https:\/\/www.copealcoy.es\/es\/#website","url":"https:\/\/www.copealcoy.es\/es\/","name":"COPE Alcoy","description":"Emisora COPE de radio local con emisi\u00f3n online. Pont de Sant Jordi 8-10 03803 Alcoy","potentialAction":[{"@type":"SearchAction","target":{"@type":"EntryPoint","urlTemplate":"https:\/\/www.copealcoy.es\/es\/?s={search_term_string}"},"query-input":{"@type":"PropertyValueSpecification","valueRequired":true,"valueName":"search_term_string"}}],"inLanguage":"es"},{"@type":"Person","@id":"https:\/\/www.copealcoy.es\/es\/#\/schema\/person\/e777c87fa024e57d40170af9df39882c","name":"Cope Alcoy","image":{"@type":"ImageObject","inLanguage":"es","@id":"https:\/\/secure.gravatar.com\/avatar\/bb65d0283347e303893ba14f0692005417c1e0e690a325a4c5d8bb2b3943ee14?s=96&d=mm&r=g","url":"https:\/\/secure.gravatar.com\/avatar\/bb65d0283347e303893ba14f0692005417c1e0e690a325a4c5d8bb2b3943ee14?s=96&d=mm&r=g","contentUrl":"https:\/\/secure.gravatar.com\/avatar\/bb65d0283347e303893ba14f0692005417c1e0e690a325a4c5d8bb2b3943ee14?s=96&d=mm&r=g","caption":"Cope Alcoy"}}]}},"_links":{"self":[{"href":"https:\/\/www.copealcoy.es\/es\/wp-json\/wp\/v2\/posts\/49473","targetHints":{"allow":["GET"]}}],"collection":[{"href":"https:\/\/www.copealcoy.es\/es\/wp-json\/wp\/v2\/posts"}],"about":[{"href":"https:\/\/www.copealcoy.es\/es\/wp-json\/wp\/v2\/types\/post"}],"author":[{"embeddable":true,"href":"https:\/\/www.copealcoy.es\/es\/wp-json\/wp\/v2\/users\/1"}],"replies":[{"embeddable":true,"href":"https:\/\/www.copealcoy.es\/es\/wp-json\/wp\/v2\/comments?post=49473"}],"version-history":[{"count":0,"href":"https:\/\/www.copealcoy.es\/es\/wp-json\/wp\/v2\/posts\/49473\/revisions"}],"wp:featuredmedia":[{"embeddable":true,"href":"https:\/\/www.copealcoy.es\/es\/wp-json\/wp\/v2\/media\/39402"}],"wp:attachment":[{"href":"https:\/\/www.copealcoy.es\/es\/wp-json\/wp\/v2\/media?parent=49473"}],"wp:term":[{"taxonomy":"category","embeddable":true,"href":"https:\/\/www.copealcoy.es\/es\/wp-json\/wp\/v2\/categories?post=49473"},{"taxonomy":"post_tag","embeddable":true,"href":"https:\/\/www.copealcoy.es\/es\/wp-json\/wp\/v2\/tags?post=49473"}],"curies":[{"name":"wp","href":"https:\/\/api.w.org\/{rel}","templated":true}]}}