{"id":49472,"date":"2018-02-16T16:05:19","date_gmt":"2018-02-16T16:05:19","guid":{"rendered":"https:\/\/www.copealcoy.es\/?p=39346"},"modified":"2018-02-16T16:05:19","modified_gmt":"2018-02-16T16:05:19","slug":"cristina-garmendia-clausura-el-congreso-smart-city-de-alcoy-2","status":"publish","type":"post","link":"https:\/\/www.copealcoy.es\/es\/cristina-garmendia-clausura-el-congreso-smart-city-de-alcoy-2\/","title":{"rendered":"Cristina Garmendia clausura el Congreso &quot;Smart City&quot; de Alcoy"},"content":{"rendered":"<p><![CDATA[\n\n<p style=\"text-align: justify;\">Alcoy puso ayer jueves el punto y final al<strong> Congreso<\/strong> <strong>\u2018Small &amp; Medium Smart Cities\u2019<\/strong><strong>,<\/strong> un evento que ha tenido lugar en el\u00a0<strong>Campus de Alcoy<\/strong>\u00a0de la Universidad Polit\u00e9cnica de Valencia y tambi\u00e9n en\u00a0<strong>el espacio \u00c1gora<\/strong><strong>. <\/strong>Durante las dos jornadas unos <strong>20 ponentes<\/strong>\u00a0han abordado <strong>cuestiones relacionadas<\/strong> con la movilidad sostenible, la eficiencia energ\u00e9tica y el concepto de \u2018Smart City\u2019 aplicado a las peque\u00f1as y medianas ciudades. Tambi\u00e9n\u00a0<strong>se han expuesto casos de \u00e9xito de ciudades<\/strong>\u00a0que ya han puesto en marcha una estrategia \u2018Smart City\u2019 para convertirse en ciudad inteligente.<\/p>\n\n\n\n\n<p style=\"text-align: justify;\">La exministra de Ciencia e Innovaci\u00f3n y actual presidenta de la Fundaci\u00f3n COTEC,\u00a0<strong>Cristina Garmendia<\/strong><strong>,<\/strong> fue <strong>la encargada de clausurar el Congreso<\/strong> y en su intervenci\u00f3n <strong>defendi\u00f3 que se dupliquen los esfuerzos inversores<\/strong> en materia de investigaci\u00f3n y tambi\u00e9n de desarrollo en la Uni\u00f3n Europea. Adem\u00e1s <strong>habl\u00f3 de la nueva pol\u00edtica y de los retos a los que se enfrentan las ciudades del futuro<\/strong> en cuanto a la innovaci\u00f3n &#8220;<em>Alcoy es una ciudad implicada en la innovaci\u00f3n y con un campus universitario que es fundamental en este campo<\/em>&#8220;, asever\u00f3.<\/p>\n\n\n\n\n<p style=\"text-align: justify;\">En esta clausura del Congreso tambi\u00e9n destacaron las intervenciones de <strong>Andr\u00e9s Garc\u00eda Reche<\/strong>, Vicepresidente Ejecutivo del Consell Valenci\u00e0 de la Innovaci\u00f3; <strong>Antonio Franc\u00e9s<\/strong>, Alcalde de Alcoy, <strong>Eduardo Vendrell<\/strong>, Vicerrector de Estudios, Calidad y Acreditaci\u00f3n de la UPV; y <strong>Juan Ignacio Torregrosa<\/strong>, Director del Campus de Alcoy de la UPV.<\/p>\n\n\n\n\n<p style=\"text-align: justify;\">El Congreso incluy\u00f3 <strong>una Feria de Empresas<\/strong>\u00a0en la que tambi\u00e9n m\u00e1s de 20 instituciones y compa\u00f1\u00edas dieron a conocer su oferta de productos y servicios al mismo tiempo que\u00a0<strong>se llev\u00f3 a cabo una comida-networking<\/strong>\u00a0en la sala multiusos del Campus de Alcoy con el fin de que los asistentes pudiesen intercambiar impresiones<\/p>\n\n]]>    \t<\/p>\n","protected":false},"excerpt":{"rendered":"<p>Alcoy puso ayer jueves el punto y final al Congreso \u2018Small &amp; Medium Smart Cities\u2019, un evento que ha tenido&#8230;<\/p>\n","protected":false},"author":1,"featured_media":39347,"comment_status":"open","ping_status":"open","sticky":false,"template":"","format":"standard","meta":{"footnotes":""},"categories":[97,75,79],"tags":[1494,5243,247,5242,248],"class_list":["post-49472","post","type-post","status-publish","format-standard","has-post-thumbnail","hentry","category-alcoy","category-noticias","category-politicayeconomia","tag-alcoy","tag-clausura","tag-congreso","tag-cristina-garmendia","tag-smart-city"],"yoast_head":"<!-- This site is optimized with the Yoast SEO plugin v27.3 - https:\/\/yoast.com\/product\/yoast-seo-wordpress\/ -->\n<title>Cristina Garmendia clausura el Congreso &quot;Smart City&quot; de Alcoy - COPE Alcoy<\/title>\n<meta name=\"robots\" content=\"index, follow, max-snippet:-1, max-image-preview:large, max-video-preview:-1\" \/>\n<link rel=\"canonical\" href=\"https:\/\/www.copealcoy.es\/es\/cristina-garmendia-clausura-el-congreso-smart-city-de-alcoy-2\/\" \/>\n<meta property=\"og:locale\" content=\"es_ES\" \/>\n<meta property=\"og:type\" content=\"article\" \/>\n<meta property=\"og:title\" content=\"Cristina Garmendia clausura el Congreso &quot;Smart City&quot; de Alcoy - COPE Alcoy\" \/>\n<meta property=\"og:description\" content=\"Alcoy puso ayer jueves el punto y final al Congreso \u2018Small &amp; Medium Smart Cities\u2019, un evento que ha tenido...\" \/>\n<meta property=\"og:url\" content=\"https:\/\/www.copealcoy.es\/es\/cristina-garmendia-clausura-el-congreso-smart-city-de-alcoy-2\/\" \/>\n<meta property=\"og:site_name\" content=\"COPE Alcoy\" \/>\n<meta property=\"article:published_time\" content=\"2018-02-16T16:05:19+00:00\" \/>\n<meta property=\"og:image\" content=\"https:\/\/www.copealcoy.es\/wp-content\/uploads\/2018\/02\/foto-4.jpg\" \/>\n\t<meta property=\"og:image:width\" content=\"1033\" \/>\n\t<meta property=\"og:image:height\" content=\"639\" \/>\n\t<meta property=\"og:image:type\" content=\"image\/jpeg\" \/>\n<meta name=\"author\" content=\"Cope Alcoy\" \/>\n<meta name=\"twitter:label1\" content=\"Escrito por\" \/>\n\t<meta name=\"twitter:data1\" content=\"Cope Alcoy\" \/>\n\t<meta name=\"twitter:label2\" content=\"Tiempo de lectura\" \/>\n\t<meta name=\"twitter:data2\" content=\"2 minutos\" \/>\n<script type=\"application\/ld+json\" class=\"yoast-schema-graph\">{\"@context\":\"https:\\\/\\\/schema.org\",\"@graph\":[{\"@type\":\"Article\",\"@id\":\"https:\\\/\\\/www.copealcoy.es\\\/es\\\/cristina-garmendia-clausura-el-congreso-smart-city-de-alcoy-2\\\/#article\",\"isPartOf\":{\"@id\":\"https:\\\/\\\/www.copealcoy.es\\\/es\\\/cristina-garmendia-clausura-el-congreso-smart-city-de-alcoy-2\\\/\"},\"author\":{\"name\":\"Cope Alcoy\",\"@id\":\"https:\\\/\\\/www.copealcoy.es\\\/es\\\/#\\\/schema\\\/person\\\/e777c87fa024e57d40170af9df39882c\"},\"headline\":\"Cristina Garmendia clausura el Congreso &quot;Smart City&quot; de Alcoy\",\"datePublished\":\"2018-02-16T16:05:19+00:00\",\"mainEntityOfPage\":{\"@id\":\"https:\\\/\\\/www.copealcoy.es\\\/es\\\/cristina-garmendia-clausura-el-congreso-smart-city-de-alcoy-2\\\/\"},\"wordCount\":317,\"commentCount\":0,\"image\":{\"@id\":\"https:\\\/\\\/www.copealcoy.es\\\/es\\\/cristina-garmendia-clausura-el-congreso-smart-city-de-alcoy-2\\\/#primaryimage\"},\"thumbnailUrl\":\"https:\\\/\\\/www.copealcoy.es\\\/wp-content\\\/uploads\\\/2018\\\/02\\\/foto-4.jpg\",\"keywords\":[\"Alcoy\",\"clausura\",\"Congreso\",\"Cristina Garmendia\",\"Smart City\"],\"articleSection\":[\"Alcoy\",\"Noticias\",\"Pol\u00edtica y Econom\u00eda\"],\"inLanguage\":\"es\"},{\"@type\":\"WebPage\",\"@id\":\"https:\\\/\\\/www.copealcoy.es\\\/es\\\/cristina-garmendia-clausura-el-congreso-smart-city-de-alcoy-2\\\/\",\"url\":\"https:\\\/\\\/www.copealcoy.es\\\/es\\\/cristina-garmendia-clausura-el-congreso-smart-city-de-alcoy-2\\\/\",\"name\":\"Cristina Garmendia clausura el Congreso &quot;Smart City&quot; de Alcoy - COPE Alcoy\",\"isPartOf\":{\"@id\":\"https:\\\/\\\/www.copealcoy.es\\\/es\\\/#website\"},\"primaryImageOfPage\":{\"@id\":\"https:\\\/\\\/www.copealcoy.es\\\/es\\\/cristina-garmendia-clausura-el-congreso-smart-city-de-alcoy-2\\\/#primaryimage\"},\"image\":{\"@id\":\"https:\\\/\\\/www.copealcoy.es\\\/es\\\/cristina-garmendia-clausura-el-congreso-smart-city-de-alcoy-2\\\/#primaryimage\"},\"thumbnailUrl\":\"https:\\\/\\\/www.copealcoy.es\\\/wp-content\\\/uploads\\\/2018\\\/02\\\/foto-4.jpg\",\"datePublished\":\"2018-02-16T16:05:19+00:00\",\"author\":{\"@id\":\"https:\\\/\\\/www.copealcoy.es\\\/es\\\/#\\\/schema\\\/person\\\/e777c87fa024e57d40170af9df39882c\"},\"breadcrumb\":{\"@id\":\"https:\\\/\\\/www.copealcoy.es\\\/es\\\/cristina-garmendia-clausura-el-congreso-smart-city-de-alcoy-2\\\/#breadcrumb\"},\"inLanguage\":\"es\",\"potentialAction\":[{\"@type\":\"ReadAction\",\"target\":[\"https:\\\/\\\/www.copealcoy.es\\\/es\\\/cristina-garmendia-clausura-el-congreso-smart-city-de-alcoy-2\\\/\"]}]},{\"@type\":\"ImageObject\",\"inLanguage\":\"es\",\"@id\":\"https:\\\/\\\/www.copealcoy.es\\\/es\\\/cristina-garmendia-clausura-el-congreso-smart-city-de-alcoy-2\\\/#primaryimage\",\"url\":\"https:\\\/\\\/www.copealcoy.es\\\/wp-content\\\/uploads\\\/2018\\\/02\\\/foto-4.jpg\",\"contentUrl\":\"https:\\\/\\\/www.copealcoy.es\\\/wp-content\\\/uploads\\\/2018\\\/02\\\/foto-4.jpg\",\"width\":1033,\"height\":639},{\"@type\":\"BreadcrumbList\",\"@id\":\"https:\\\/\\\/www.copealcoy.es\\\/es\\\/cristina-garmendia-clausura-el-congreso-smart-city-de-alcoy-2\\\/#breadcrumb\",\"itemListElement\":[{\"@type\":\"ListItem\",\"position\":1,\"name\":\"Portada\",\"item\":\"https:\\\/\\\/www.copealcoy.es\\\/es\\\/\"},{\"@type\":\"ListItem\",\"position\":2,\"name\":\"Cristina Garmendia clausura el Congreso &quot;Smart City&quot; de Alcoy\"}]},{\"@type\":\"WebSite\",\"@id\":\"https:\\\/\\\/www.copealcoy.es\\\/es\\\/#website\",\"url\":\"https:\\\/\\\/www.copealcoy.es\\\/es\\\/\",\"name\":\"COPE Alcoy\",\"description\":\"Emisora COPE de radio local con emisi\u00f3n online. Pont de Sant Jordi 8-10 03803 Alcoy\",\"potentialAction\":[{\"@type\":\"SearchAction\",\"target\":{\"@type\":\"EntryPoint\",\"urlTemplate\":\"https:\\\/\\\/www.copealcoy.es\\\/es\\\/?s={search_term_string}\"},\"query-input\":{\"@type\":\"PropertyValueSpecification\",\"valueRequired\":true,\"valueName\":\"search_term_string\"}}],\"inLanguage\":\"es\"},{\"@type\":\"Person\",\"@id\":\"https:\\\/\\\/www.copealcoy.es\\\/es\\\/#\\\/schema\\\/person\\\/e777c87fa024e57d40170af9df39882c\",\"name\":\"Cope Alcoy\",\"image\":{\"@type\":\"ImageObject\",\"inLanguage\":\"es\",\"@id\":\"https:\\\/\\\/secure.gravatar.com\\\/avatar\\\/bb65d0283347e303893ba14f0692005417c1e0e690a325a4c5d8bb2b3943ee14?s=96&d=mm&r=g\",\"url\":\"https:\\\/\\\/secure.gravatar.com\\\/avatar\\\/bb65d0283347e303893ba14f0692005417c1e0e690a325a4c5d8bb2b3943ee14?s=96&d=mm&r=g\",\"contentUrl\":\"https:\\\/\\\/secure.gravatar.com\\\/avatar\\\/bb65d0283347e303893ba14f0692005417c1e0e690a325a4c5d8bb2b3943ee14?s=96&d=mm&r=g\",\"caption\":\"Cope Alcoy\"}}]}<\/script>\n<!-- \/ Yoast SEO plugin. -->","yoast_head_json":{"title":"Cristina Garmendia clausura el Congreso &quot;Smart City&quot; de Alcoy - COPE Alcoy","robots":{"index":"index","follow":"follow","max-snippet":"max-snippet:-1","max-image-preview":"max-image-preview:large","max-video-preview":"max-video-preview:-1"},"canonical":"https:\/\/www.copealcoy.es\/es\/cristina-garmendia-clausura-el-congreso-smart-city-de-alcoy-2\/","og_locale":"es_ES","og_type":"article","og_title":"Cristina Garmendia clausura el Congreso &quot;Smart City&quot; de Alcoy - COPE Alcoy","og_description":"Alcoy puso ayer jueves el punto y final al Congreso \u2018Small &amp; Medium Smart Cities\u2019, un evento que ha tenido...","og_url":"https:\/\/www.copealcoy.es\/es\/cristina-garmendia-clausura-el-congreso-smart-city-de-alcoy-2\/","og_site_name":"COPE Alcoy","article_published_time":"2018-02-16T16:05:19+00:00","og_image":[{"width":1033,"height":639,"url":"https:\/\/www.copealcoy.es\/wp-content\/uploads\/2018\/02\/foto-4.jpg","type":"image\/jpeg"}],"author":"Cope Alcoy","twitter_misc":{"Escrito por":"Cope Alcoy","Tiempo de lectura":"2 minutos"},"schema":{"@context":"https:\/\/schema.org","@graph":[{"@type":"Article","@id":"https:\/\/www.copealcoy.es\/es\/cristina-garmendia-clausura-el-congreso-smart-city-de-alcoy-2\/#article","isPartOf":{"@id":"https:\/\/www.copealcoy.es\/es\/cristina-garmendia-clausura-el-congreso-smart-city-de-alcoy-2\/"},"author":{"name":"Cope Alcoy","@id":"https:\/\/www.copealcoy.es\/es\/#\/schema\/person\/e777c87fa024e57d40170af9df39882c"},"headline":"Cristina Garmendia clausura el Congreso &quot;Smart City&quot; de Alcoy","datePublished":"2018-02-16T16:05:19+00:00","mainEntityOfPage":{"@id":"https:\/\/www.copealcoy.es\/es\/cristina-garmendia-clausura-el-congreso-smart-city-de-alcoy-2\/"},"wordCount":317,"commentCount":0,"image":{"@id":"https:\/\/www.copealcoy.es\/es\/cristina-garmendia-clausura-el-congreso-smart-city-de-alcoy-2\/#primaryimage"},"thumbnailUrl":"https:\/\/www.copealcoy.es\/wp-content\/uploads\/2018\/02\/foto-4.jpg","keywords":["Alcoy","clausura","Congreso","Cristina Garmendia","Smart City"],"articleSection":["Alcoy","Noticias","Pol\u00edtica y Econom\u00eda"],"inLanguage":"es"},{"@type":"WebPage","@id":"https:\/\/www.copealcoy.es\/es\/cristina-garmendia-clausura-el-congreso-smart-city-de-alcoy-2\/","url":"https:\/\/www.copealcoy.es\/es\/cristina-garmendia-clausura-el-congreso-smart-city-de-alcoy-2\/","name":"Cristina Garmendia clausura el Congreso &quot;Smart City&quot; de Alcoy - COPE Alcoy","isPartOf":{"@id":"https:\/\/www.copealcoy.es\/es\/#website"},"primaryImageOfPage":{"@id":"https:\/\/www.copealcoy.es\/es\/cristina-garmendia-clausura-el-congreso-smart-city-de-alcoy-2\/#primaryimage"},"image":{"@id":"https:\/\/www.copealcoy.es\/es\/cristina-garmendia-clausura-el-congreso-smart-city-de-alcoy-2\/#primaryimage"},"thumbnailUrl":"https:\/\/www.copealcoy.es\/wp-content\/uploads\/2018\/02\/foto-4.jpg","datePublished":"2018-02-16T16:05:19+00:00","author":{"@id":"https:\/\/www.copealcoy.es\/es\/#\/schema\/person\/e777c87fa024e57d40170af9df39882c"},"breadcrumb":{"@id":"https:\/\/www.copealcoy.es\/es\/cristina-garmendia-clausura-el-congreso-smart-city-de-alcoy-2\/#breadcrumb"},"inLanguage":"es","potentialAction":[{"@type":"ReadAction","target":["https:\/\/www.copealcoy.es\/es\/cristina-garmendia-clausura-el-congreso-smart-city-de-alcoy-2\/"]}]},{"@type":"ImageObject","inLanguage":"es","@id":"https:\/\/www.copealcoy.es\/es\/cristina-garmendia-clausura-el-congreso-smart-city-de-alcoy-2\/#primaryimage","url":"https:\/\/www.copealcoy.es\/wp-content\/uploads\/2018\/02\/foto-4.jpg","contentUrl":"https:\/\/www.copealcoy.es\/wp-content\/uploads\/2018\/02\/foto-4.jpg","width":1033,"height":639},{"@type":"BreadcrumbList","@id":"https:\/\/www.copealcoy.es\/es\/cristina-garmendia-clausura-el-congreso-smart-city-de-alcoy-2\/#breadcrumb","itemListElement":[{"@type":"ListItem","position":1,"name":"Portada","item":"https:\/\/www.copealcoy.es\/es\/"},{"@type":"ListItem","position":2,"name":"Cristina Garmendia clausura el Congreso &quot;Smart City&quot; de Alcoy"}]},{"@type":"WebSite","@id":"https:\/\/www.copealcoy.es\/es\/#website","url":"https:\/\/www.copealcoy.es\/es\/","name":"COPE Alcoy","description":"Emisora COPE de radio local con emisi\u00f3n online. Pont de Sant Jordi 8-10 03803 Alcoy","potentialAction":[{"@type":"SearchAction","target":{"@type":"EntryPoint","urlTemplate":"https:\/\/www.copealcoy.es\/es\/?s={search_term_string}"},"query-input":{"@type":"PropertyValueSpecification","valueRequired":true,"valueName":"search_term_string"}}],"inLanguage":"es"},{"@type":"Person","@id":"https:\/\/www.copealcoy.es\/es\/#\/schema\/person\/e777c87fa024e57d40170af9df39882c","name":"Cope Alcoy","image":{"@type":"ImageObject","inLanguage":"es","@id":"https:\/\/secure.gravatar.com\/avatar\/bb65d0283347e303893ba14f0692005417c1e0e690a325a4c5d8bb2b3943ee14?s=96&d=mm&r=g","url":"https:\/\/secure.gravatar.com\/avatar\/bb65d0283347e303893ba14f0692005417c1e0e690a325a4c5d8bb2b3943ee14?s=96&d=mm&r=g","contentUrl":"https:\/\/secure.gravatar.com\/avatar\/bb65d0283347e303893ba14f0692005417c1e0e690a325a4c5d8bb2b3943ee14?s=96&d=mm&r=g","caption":"Cope Alcoy"}}]}},"_links":{"self":[{"href":"https:\/\/www.copealcoy.es\/es\/wp-json\/wp\/v2\/posts\/49472","targetHints":{"allow":["GET"]}}],"collection":[{"href":"https:\/\/www.copealcoy.es\/es\/wp-json\/wp\/v2\/posts"}],"about":[{"href":"https:\/\/www.copealcoy.es\/es\/wp-json\/wp\/v2\/types\/post"}],"author":[{"embeddable":true,"href":"https:\/\/www.copealcoy.es\/es\/wp-json\/wp\/v2\/users\/1"}],"replies":[{"embeddable":true,"href":"https:\/\/www.copealcoy.es\/es\/wp-json\/wp\/v2\/comments?post=49472"}],"version-history":[{"count":0,"href":"https:\/\/www.copealcoy.es\/es\/wp-json\/wp\/v2\/posts\/49472\/revisions"}],"wp:featuredmedia":[{"embeddable":true,"href":"https:\/\/www.copealcoy.es\/es\/wp-json\/wp\/v2\/media\/39347"}],"wp:attachment":[{"href":"https:\/\/www.copealcoy.es\/es\/wp-json\/wp\/v2\/media?parent=49472"}],"wp:term":[{"taxonomy":"category","embeddable":true,"href":"https:\/\/www.copealcoy.es\/es\/wp-json\/wp\/v2\/categories?post=49472"},{"taxonomy":"post_tag","embeddable":true,"href":"https:\/\/www.copealcoy.es\/es\/wp-json\/wp\/v2\/tags?post=49472"}],"curies":[{"name":"wp","href":"https:\/\/api.w.org\/{rel}","templated":true}]}}