{"id":49363,"date":"2019-04-05T21:16:08","date_gmt":"2019-04-05T21:16:08","guid":{"rendered":"https:\/\/copealcoi.es\/?p=49363"},"modified":"2019-04-05T21:16:08","modified_gmt":"2019-04-05T21:16:08","slug":"compromis-muro-presenta-oficialmente-a-vicent-molina-como-alcaldable","status":"publish","type":"post","link":"https:\/\/www.copealcoy.es\/es\/compromis-muro-presenta-oficialmente-a-vicent-molina-como-alcaldable\/","title":{"rendered":"Comprom\u00eds Muro presenta oficialmente a Vicent Molina como alcaldable"},"content":{"rendered":"<p style=\"text-align: justify;\">Comprom\u00eds Muro ha llevado a cabo este viernes <strong>la presentaci\u00f3n oficial de Vicent Molina<\/strong> como <strong>candidato a la alcald\u00eda<\/strong> en las <strong>Elecciones Municipales<\/strong> del pr\u00f3ximo 26 de mayo. El acto, debido a la lluvia y a la adversa climatolog\u00eda, <strong>se ha celebrado a cubierto<\/strong> y en el interior de la sede de la Fil\u00e0 Templaris.<\/p>\n<p style=\"text-align: justify;\">La periodista de Muro, <strong>Marina Cerd\u00e0 Arest\u00e9<\/strong>, ha sido la encargada de <strong>conducir esta cita <\/strong>en la\u00a0que <strong>se ha dado a conocer toda la lista de personas<\/strong> que acompa\u00f1ar\u00e1n a Vicent Molina en esta candidatura. El alcaldable <strong>ha agradecido el respaldo<\/strong> que ha recibido por parte de Comprom\u00eds Muro, sus familiares y sus amigos <strong>a la hora de afrontar este reto<\/strong> al mismo tiempo que<strong> ha desgranado las principales l\u00edneas b\u00e1sicas<\/strong> del <strong>programa electoral<\/strong> con el que busca <strong>obtener la confianza<\/strong> de las mureras y los mureros en los comicios del mes que viene. En este sentido <strong>ha destacado<\/strong> la apuesta por las energ\u00edas renovables, las pol\u00edticas sociales, la defensa del entorno rural, la promoci\u00f3n del deporte base local, la mejora de las infraestructuras del municipio, el fomento de la participaci\u00f3n ciudadana y del comercio local, la promoci\u00f3n de los atractivos tur\u00edsticos de la poblaci\u00f3n, la creaci\u00f3n de empleo o la generaci\u00f3n de nuevas oportunidades para dar cabida a la instalaci\u00f3n de empresas innovadoras en las \u00e1reas industriales de Muro.<\/p>\n<p style=\"text-align: justify;\">El propio Vicent Molina destacaba en COPE ALCOY al finalizar el acto que <strong>su candidatura se caracteriza por la experiencia y la juventud<\/strong> al mismo tiempo que matizaba que la misma <strong>est\u00e1 integrada por personas que conocen bien la gesti\u00f3n municipal<\/strong>. Adem\u00e1s instaba a <strong>confiar en Comprom\u00eds Muro<\/strong> en las Elecciones del 26 de mayo &#8220;<em>somos un partido con un proyecto claro y de futuro en el que el bienestar de las personas es la principal prioridad. Lo que nos mueve a nosotros a dar este paso en la pol\u00edtica es conseguir un futuro mejor para nuestras vecinas y nuestros vecinos<\/em>&#8220;, asever\u00f3.<\/p>\n<p style=\"text-align: justify;\">Por su parte el <strong>Conseller Climent<\/strong> pidi\u00f3 el <strong>voto para Comprom\u00eds<\/strong> para las Elecciones Auton\u00f3micas y Generales del 28 de abril y asegur\u00f3 que <strong>la formaci\u00f3n pol\u00edtica que lidera M\u00f3nica Oltra<\/strong> en la Comunidad Valenciana es &#8220;<em>la \u00fanica capaz de defender en Madrid los intereses de todos los valencianos tal y como ha quedado demostrado en las pol\u00edticas llevadas a cabo durante esta legislatura pensando siempre en las personas por encima de todo&#8221;, dijo. <\/em>Finalmente elogi\u00f3 a Vicent Molina y a toda la candidatura formada para concurrir a las elecciones<em> &#8220;es un excelente equipo, que funcionar\u00e1 muy bien, y al frente del cual est\u00e1 una persona con gran responsabilidad e ilusi\u00f3n que ser\u00e1 un gran alcalde para todas y todos<\/em>&#8220;, concluy\u00f3.<\/p>\n<p style=\"text-align: justify;\">La presentaci\u00f3n ha finalizado con <strong>una foto de familia<\/strong> de toda la candidatura, un <strong>vino de honor<\/strong> y la actuaci\u00f3n del cantautor contestano <strong>Andreu Valor<\/strong>.<\/p>\n<p><strong>Lista Comprom\u00eds Muro\u00a0<\/strong><\/p>\n<p>1. Vicent Molina Perona<br \/>\n2. Jovita Cerd\u00e0 Garc\u00eda<br \/>\n3. Joan Elies Pascual Belda<br \/>\n4. Carol Iva\u00f1ez L\u00f3pez<br \/>\n5. Elicerio Luis P\u00e9rez Ferr\u00e1ndiz<br \/>\n6. Desamparados Torregrosa<br \/>\n7. Sergi Silvestre P\u00e9rez<br \/>\n8. Hindu Mohamed Al\u00ed<br \/>\n9. Alex Llopis P\u00e9rez<br \/>\n10. Mar\u00eda Jos\u00e9 Collado Garcia<br \/>\n11. Jaume G\u00f3mez Garrido<br \/>\n12. Laura Calbo Barrientos<br \/>\n13. Francisco Javier Torregrosa Murcia<br \/>\n14. Esperanza Jim\u00e9nez Villora<br \/>\n15. V\u00edctor Manuel Gallego Castillo<br \/>\n16. Silvia Vilaplana Camps<br \/>\n17. Carlos Albero Gisbert<br \/>\n18. Maria Consuelo Climent Garc\u00eda<br \/>\n19. Noelia Camps Garc\u00eda<\/p>\n","protected":false},"excerpt":{"rendered":"<p>Comprom\u00eds Muro ha llevado a cabo este viernes la presentaci\u00f3n oficial de Vicent Molina como candidato a la alcald\u00eda en&#8230;<\/p>\n","protected":false},"author":1,"featured_media":49368,"comment_status":"open","ping_status":"open","sticky":false,"template":"","format":"standard","meta":{"footnotes":""},"categories":[744,75],"tags":[8301,152,135,1071,2424],"class_list":["post-49363","post","type-post","status-publish","format-standard","has-post-thumbnail","hentry","category-elecciones","category-noticias","tag-alcaldable","tag-compromis","tag-muro","tag-presenta","tag-vicent-molina"],"yoast_head":"<!-- This site is optimized with the Yoast SEO plugin v27.3 - https:\/\/yoast.com\/product\/yoast-seo-wordpress\/ -->\n<title>Comprom\u00eds Muro presenta oficialmente a Vicent Molina como alcaldable - COPE Alcoy<\/title>\n<meta name=\"robots\" content=\"index, follow, max-snippet:-1, max-image-preview:large, max-video-preview:-1\" \/>\n<link rel=\"canonical\" href=\"https:\/\/www.copealcoy.es\/es\/compromis-muro-presenta-oficialmente-a-vicent-molina-como-alcaldable\/\" \/>\n<meta property=\"og:locale\" content=\"es_ES\" \/>\n<meta property=\"og:type\" content=\"article\" \/>\n<meta property=\"og:title\" content=\"Comprom\u00eds Muro presenta oficialmente a Vicent Molina como alcaldable - COPE Alcoy\" \/>\n<meta property=\"og:description\" content=\"Comprom\u00eds Muro ha llevado a cabo este viernes la presentaci\u00f3n oficial de Vicent Molina como candidato a la alcald\u00eda en...\" \/>\n<meta property=\"og:url\" content=\"https:\/\/www.copealcoy.es\/es\/compromis-muro-presenta-oficialmente-a-vicent-molina-como-alcaldable\/\" \/>\n<meta property=\"og:site_name\" content=\"COPE Alcoy\" \/>\n<meta property=\"article:published_time\" content=\"2019-04-05T21:16:08+00:00\" \/>\n<meta property=\"og:image\" content=\"https:\/\/www.copealcoy.es\/wp-content\/uploads\/2019\/04\/IMG_2148-1-scaled.jpg\" \/>\n\t<meta property=\"og:image:width\" content=\"2560\" \/>\n\t<meta property=\"og:image:height\" content=\"1920\" \/>\n\t<meta property=\"og:image:type\" content=\"image\/jpeg\" \/>\n<meta name=\"author\" content=\"Cope Alcoy\" \/>\n<meta name=\"twitter:label1\" content=\"Escrito por\" \/>\n\t<meta name=\"twitter:data1\" content=\"Cope Alcoy\" \/>\n\t<meta name=\"twitter:label2\" content=\"Tiempo de lectura\" \/>\n\t<meta name=\"twitter:data2\" content=\"3 minutos\" \/>\n<script type=\"application\/ld+json\" class=\"yoast-schema-graph\">{\"@context\":\"https:\\\/\\\/schema.org\",\"@graph\":[{\"@type\":\"Article\",\"@id\":\"https:\\\/\\\/www.copealcoy.es\\\/es\\\/compromis-muro-presenta-oficialmente-a-vicent-molina-como-alcaldable\\\/#article\",\"isPartOf\":{\"@id\":\"https:\\\/\\\/www.copealcoy.es\\\/es\\\/compromis-muro-presenta-oficialmente-a-vicent-molina-como-alcaldable\\\/\"},\"author\":{\"name\":\"Cope Alcoy\",\"@id\":\"https:\\\/\\\/www.copealcoy.es\\\/es\\\/#\\\/schema\\\/person\\\/e777c87fa024e57d40170af9df39882c\"},\"headline\":\"Comprom\u00eds Muro presenta oficialmente a Vicent Molina como alcaldable\",\"datePublished\":\"2019-04-05T21:16:08+00:00\",\"mainEntityOfPage\":{\"@id\":\"https:\\\/\\\/www.copealcoy.es\\\/es\\\/compromis-muro-presenta-oficialmente-a-vicent-molina-como-alcaldable\\\/\"},\"wordCount\":593,\"commentCount\":0,\"image\":{\"@id\":\"https:\\\/\\\/www.copealcoy.es\\\/es\\\/compromis-muro-presenta-oficialmente-a-vicent-molina-como-alcaldable\\\/#primaryimage\"},\"thumbnailUrl\":\"https:\\\/\\\/www.copealcoy.es\\\/wp-content\\\/uploads\\\/2019\\\/04\\\/IMG_2148-1-scaled.jpg\",\"keywords\":[\"alcaldable\",\"Comprom\u00eds\",\"Muro\",\"Presenta\",\"Vicent Molina\"],\"articleSection\":[\"Elecciones\",\"Noticias\"],\"inLanguage\":\"es\"},{\"@type\":\"WebPage\",\"@id\":\"https:\\\/\\\/www.copealcoy.es\\\/es\\\/compromis-muro-presenta-oficialmente-a-vicent-molina-como-alcaldable\\\/\",\"url\":\"https:\\\/\\\/www.copealcoy.es\\\/es\\\/compromis-muro-presenta-oficialmente-a-vicent-molina-como-alcaldable\\\/\",\"name\":\"Comprom\u00eds Muro presenta oficialmente a Vicent Molina como alcaldable - COPE Alcoy\",\"isPartOf\":{\"@id\":\"https:\\\/\\\/www.copealcoy.es\\\/es\\\/#website\"},\"primaryImageOfPage\":{\"@id\":\"https:\\\/\\\/www.copealcoy.es\\\/es\\\/compromis-muro-presenta-oficialmente-a-vicent-molina-como-alcaldable\\\/#primaryimage\"},\"image\":{\"@id\":\"https:\\\/\\\/www.copealcoy.es\\\/es\\\/compromis-muro-presenta-oficialmente-a-vicent-molina-como-alcaldable\\\/#primaryimage\"},\"thumbnailUrl\":\"https:\\\/\\\/www.copealcoy.es\\\/wp-content\\\/uploads\\\/2019\\\/04\\\/IMG_2148-1-scaled.jpg\",\"datePublished\":\"2019-04-05T21:16:08+00:00\",\"author\":{\"@id\":\"https:\\\/\\\/www.copealcoy.es\\\/es\\\/#\\\/schema\\\/person\\\/e777c87fa024e57d40170af9df39882c\"},\"breadcrumb\":{\"@id\":\"https:\\\/\\\/www.copealcoy.es\\\/es\\\/compromis-muro-presenta-oficialmente-a-vicent-molina-como-alcaldable\\\/#breadcrumb\"},\"inLanguage\":\"es\",\"potentialAction\":[{\"@type\":\"ReadAction\",\"target\":[\"https:\\\/\\\/www.copealcoy.es\\\/es\\\/compromis-muro-presenta-oficialmente-a-vicent-molina-como-alcaldable\\\/\"]}]},{\"@type\":\"ImageObject\",\"inLanguage\":\"es\",\"@id\":\"https:\\\/\\\/www.copealcoy.es\\\/es\\\/compromis-muro-presenta-oficialmente-a-vicent-molina-como-alcaldable\\\/#primaryimage\",\"url\":\"https:\\\/\\\/www.copealcoy.es\\\/wp-content\\\/uploads\\\/2019\\\/04\\\/IMG_2148-1-scaled.jpg\",\"contentUrl\":\"https:\\\/\\\/www.copealcoy.es\\\/wp-content\\\/uploads\\\/2019\\\/04\\\/IMG_2148-1-scaled.jpg\",\"width\":2560,\"height\":1920,\"caption\":\"Parte de los integrantes de la candidatura \\\/ Foto: G. Pascual\"},{\"@type\":\"BreadcrumbList\",\"@id\":\"https:\\\/\\\/www.copealcoy.es\\\/es\\\/compromis-muro-presenta-oficialmente-a-vicent-molina-como-alcaldable\\\/#breadcrumb\",\"itemListElement\":[{\"@type\":\"ListItem\",\"position\":1,\"name\":\"Portada\",\"item\":\"https:\\\/\\\/www.copealcoy.es\\\/es\\\/\"},{\"@type\":\"ListItem\",\"position\":2,\"name\":\"Comprom\u00eds Muro presenta oficialmente a Vicent Molina como alcaldable\"}]},{\"@type\":\"WebSite\",\"@id\":\"https:\\\/\\\/www.copealcoy.es\\\/es\\\/#website\",\"url\":\"https:\\\/\\\/www.copealcoy.es\\\/es\\\/\",\"name\":\"COPE Alcoy\",\"description\":\"Emisora COPE de radio local con emisi\u00f3n online. Pont de Sant Jordi 8-10 03803 Alcoy\",\"potentialAction\":[{\"@type\":\"SearchAction\",\"target\":{\"@type\":\"EntryPoint\",\"urlTemplate\":\"https:\\\/\\\/www.copealcoy.es\\\/es\\\/?s={search_term_string}\"},\"query-input\":{\"@type\":\"PropertyValueSpecification\",\"valueRequired\":true,\"valueName\":\"search_term_string\"}}],\"inLanguage\":\"es\"},{\"@type\":\"Person\",\"@id\":\"https:\\\/\\\/www.copealcoy.es\\\/es\\\/#\\\/schema\\\/person\\\/e777c87fa024e57d40170af9df39882c\",\"name\":\"Cope Alcoy\",\"image\":{\"@type\":\"ImageObject\",\"inLanguage\":\"es\",\"@id\":\"https:\\\/\\\/secure.gravatar.com\\\/avatar\\\/bb65d0283347e303893ba14f0692005417c1e0e690a325a4c5d8bb2b3943ee14?s=96&d=mm&r=g\",\"url\":\"https:\\\/\\\/secure.gravatar.com\\\/avatar\\\/bb65d0283347e303893ba14f0692005417c1e0e690a325a4c5d8bb2b3943ee14?s=96&d=mm&r=g\",\"contentUrl\":\"https:\\\/\\\/secure.gravatar.com\\\/avatar\\\/bb65d0283347e303893ba14f0692005417c1e0e690a325a4c5d8bb2b3943ee14?s=96&d=mm&r=g\",\"caption\":\"Cope Alcoy\"}}]}<\/script>\n<!-- \/ Yoast SEO plugin. -->","yoast_head_json":{"title":"Comprom\u00eds Muro presenta oficialmente a Vicent Molina como alcaldable - COPE Alcoy","robots":{"index":"index","follow":"follow","max-snippet":"max-snippet:-1","max-image-preview":"max-image-preview:large","max-video-preview":"max-video-preview:-1"},"canonical":"https:\/\/www.copealcoy.es\/es\/compromis-muro-presenta-oficialmente-a-vicent-molina-como-alcaldable\/","og_locale":"es_ES","og_type":"article","og_title":"Comprom\u00eds Muro presenta oficialmente a Vicent Molina como alcaldable - COPE Alcoy","og_description":"Comprom\u00eds Muro ha llevado a cabo este viernes la presentaci\u00f3n oficial de Vicent Molina como candidato a la alcald\u00eda en...","og_url":"https:\/\/www.copealcoy.es\/es\/compromis-muro-presenta-oficialmente-a-vicent-molina-como-alcaldable\/","og_site_name":"COPE Alcoy","article_published_time":"2019-04-05T21:16:08+00:00","og_image":[{"width":2560,"height":1920,"url":"https:\/\/www.copealcoy.es\/wp-content\/uploads\/2019\/04\/IMG_2148-1-scaled.jpg","type":"image\/jpeg"}],"author":"Cope Alcoy","twitter_misc":{"Escrito por":"Cope Alcoy","Tiempo de lectura":"3 minutos"},"schema":{"@context":"https:\/\/schema.org","@graph":[{"@type":"Article","@id":"https:\/\/www.copealcoy.es\/es\/compromis-muro-presenta-oficialmente-a-vicent-molina-como-alcaldable\/#article","isPartOf":{"@id":"https:\/\/www.copealcoy.es\/es\/compromis-muro-presenta-oficialmente-a-vicent-molina-como-alcaldable\/"},"author":{"name":"Cope Alcoy","@id":"https:\/\/www.copealcoy.es\/es\/#\/schema\/person\/e777c87fa024e57d40170af9df39882c"},"headline":"Comprom\u00eds Muro presenta oficialmente a Vicent Molina como alcaldable","datePublished":"2019-04-05T21:16:08+00:00","mainEntityOfPage":{"@id":"https:\/\/www.copealcoy.es\/es\/compromis-muro-presenta-oficialmente-a-vicent-molina-como-alcaldable\/"},"wordCount":593,"commentCount":0,"image":{"@id":"https:\/\/www.copealcoy.es\/es\/compromis-muro-presenta-oficialmente-a-vicent-molina-como-alcaldable\/#primaryimage"},"thumbnailUrl":"https:\/\/www.copealcoy.es\/wp-content\/uploads\/2019\/04\/IMG_2148-1-scaled.jpg","keywords":["alcaldable","Comprom\u00eds","Muro","Presenta","Vicent Molina"],"articleSection":["Elecciones","Noticias"],"inLanguage":"es"},{"@type":"WebPage","@id":"https:\/\/www.copealcoy.es\/es\/compromis-muro-presenta-oficialmente-a-vicent-molina-como-alcaldable\/","url":"https:\/\/www.copealcoy.es\/es\/compromis-muro-presenta-oficialmente-a-vicent-molina-como-alcaldable\/","name":"Comprom\u00eds Muro presenta oficialmente a Vicent Molina como alcaldable - COPE Alcoy","isPartOf":{"@id":"https:\/\/www.copealcoy.es\/es\/#website"},"primaryImageOfPage":{"@id":"https:\/\/www.copealcoy.es\/es\/compromis-muro-presenta-oficialmente-a-vicent-molina-como-alcaldable\/#primaryimage"},"image":{"@id":"https:\/\/www.copealcoy.es\/es\/compromis-muro-presenta-oficialmente-a-vicent-molina-como-alcaldable\/#primaryimage"},"thumbnailUrl":"https:\/\/www.copealcoy.es\/wp-content\/uploads\/2019\/04\/IMG_2148-1-scaled.jpg","datePublished":"2019-04-05T21:16:08+00:00","author":{"@id":"https:\/\/www.copealcoy.es\/es\/#\/schema\/person\/e777c87fa024e57d40170af9df39882c"},"breadcrumb":{"@id":"https:\/\/www.copealcoy.es\/es\/compromis-muro-presenta-oficialmente-a-vicent-molina-como-alcaldable\/#breadcrumb"},"inLanguage":"es","potentialAction":[{"@type":"ReadAction","target":["https:\/\/www.copealcoy.es\/es\/compromis-muro-presenta-oficialmente-a-vicent-molina-como-alcaldable\/"]}]},{"@type":"ImageObject","inLanguage":"es","@id":"https:\/\/www.copealcoy.es\/es\/compromis-muro-presenta-oficialmente-a-vicent-molina-como-alcaldable\/#primaryimage","url":"https:\/\/www.copealcoy.es\/wp-content\/uploads\/2019\/04\/IMG_2148-1-scaled.jpg","contentUrl":"https:\/\/www.copealcoy.es\/wp-content\/uploads\/2019\/04\/IMG_2148-1-scaled.jpg","width":2560,"height":1920,"caption":"Parte de los integrantes de la candidatura \/ Foto: G. Pascual"},{"@type":"BreadcrumbList","@id":"https:\/\/www.copealcoy.es\/es\/compromis-muro-presenta-oficialmente-a-vicent-molina-como-alcaldable\/#breadcrumb","itemListElement":[{"@type":"ListItem","position":1,"name":"Portada","item":"https:\/\/www.copealcoy.es\/es\/"},{"@type":"ListItem","position":2,"name":"Comprom\u00eds Muro presenta oficialmente a Vicent Molina como alcaldable"}]},{"@type":"WebSite","@id":"https:\/\/www.copealcoy.es\/es\/#website","url":"https:\/\/www.copealcoy.es\/es\/","name":"COPE Alcoy","description":"Emisora COPE de radio local con emisi\u00f3n online. Pont de Sant Jordi 8-10 03803 Alcoy","potentialAction":[{"@type":"SearchAction","target":{"@type":"EntryPoint","urlTemplate":"https:\/\/www.copealcoy.es\/es\/?s={search_term_string}"},"query-input":{"@type":"PropertyValueSpecification","valueRequired":true,"valueName":"search_term_string"}}],"inLanguage":"es"},{"@type":"Person","@id":"https:\/\/www.copealcoy.es\/es\/#\/schema\/person\/e777c87fa024e57d40170af9df39882c","name":"Cope Alcoy","image":{"@type":"ImageObject","inLanguage":"es","@id":"https:\/\/secure.gravatar.com\/avatar\/bb65d0283347e303893ba14f0692005417c1e0e690a325a4c5d8bb2b3943ee14?s=96&d=mm&r=g","url":"https:\/\/secure.gravatar.com\/avatar\/bb65d0283347e303893ba14f0692005417c1e0e690a325a4c5d8bb2b3943ee14?s=96&d=mm&r=g","contentUrl":"https:\/\/secure.gravatar.com\/avatar\/bb65d0283347e303893ba14f0692005417c1e0e690a325a4c5d8bb2b3943ee14?s=96&d=mm&r=g","caption":"Cope Alcoy"}}]}},"_links":{"self":[{"href":"https:\/\/www.copealcoy.es\/es\/wp-json\/wp\/v2\/posts\/49363","targetHints":{"allow":["GET"]}}],"collection":[{"href":"https:\/\/www.copealcoy.es\/es\/wp-json\/wp\/v2\/posts"}],"about":[{"href":"https:\/\/www.copealcoy.es\/es\/wp-json\/wp\/v2\/types\/post"}],"author":[{"embeddable":true,"href":"https:\/\/www.copealcoy.es\/es\/wp-json\/wp\/v2\/users\/1"}],"replies":[{"embeddable":true,"href":"https:\/\/www.copealcoy.es\/es\/wp-json\/wp\/v2\/comments?post=49363"}],"version-history":[{"count":0,"href":"https:\/\/www.copealcoy.es\/es\/wp-json\/wp\/v2\/posts\/49363\/revisions"}],"wp:featuredmedia":[{"embeddable":true,"href":"https:\/\/www.copealcoy.es\/es\/wp-json\/wp\/v2\/media\/49368"}],"wp:attachment":[{"href":"https:\/\/www.copealcoy.es\/es\/wp-json\/wp\/v2\/media?parent=49363"}],"wp:term":[{"taxonomy":"category","embeddable":true,"href":"https:\/\/www.copealcoy.es\/es\/wp-json\/wp\/v2\/categories?post=49363"},{"taxonomy":"post_tag","embeddable":true,"href":"https:\/\/www.copealcoy.es\/es\/wp-json\/wp\/v2\/tags?post=49363"}],"curies":[{"name":"wp","href":"https:\/\/api.w.org\/{rel}","templated":true}]}}