{"id":49350,"date":"2019-04-05T15:50:55","date_gmt":"2019-04-05T15:50:55","guid":{"rendered":"https:\/\/copealcoi.es\/?p=49350"},"modified":"2019-04-05T15:50:55","modified_gmt":"2019-04-05T15:50:55","slug":"el-pp-incorpora-a-lirios-garcia-como-numero-2-en-su-candidatura-para-las-municipales","status":"publish","type":"post","link":"https:\/\/www.copealcoy.es\/es\/el-pp-incorpora-a-lirios-garcia-como-numero-2-en-su-candidatura-para-las-municipales\/","title":{"rendered":"El PP incorpora a Lirios Garc\u00eda como n\u00famero 2 en su candidatura para las municipales"},"content":{"rendered":"<p style=\"text-align: justify;\">El <strong>Partido Popular de Alcoy<\/strong> ha confiado en<strong> Lirios Garc\u00eda<\/strong> como <strong>n\u00famero dos<\/strong> en la lista que <strong>la formaci\u00f3n pol\u00edtica<\/strong> presentar\u00e1 a <strong>las Elecciones Municipales<\/strong> del mes de mayo, una candidatura encabezada por Quique Ruiz.<\/p>\n<p style=\"text-align: justify;\">Lirios Garc\u00eda proviene del <strong>\u00e1mbito empresarial<\/strong> y ha desempe\u00f1ado <strong>diferentes funciones<\/strong> en asociaciones de la ciudad como <strong>FEDAC o DATO<\/strong>. La protagonista, que tambi\u00e9n es <strong>Licenciada en Derecho<\/strong>, ha destacado que afronta esta etapa como <strong>un reto<\/strong> en el que <strong>la econom\u00eda jugar\u00e1 un papel fundamental<\/strong> &#8220;<em>Alcoy precisa de un tejido empresarial fuerte para que no se convierta en una ciudad dormitorio y de servicios y en la que nuestros hijos puedan trabajar sin necesidad de salir fuera. Este es uno de los objetivos en los que trabajar\u00e1 el Partido Popular<\/em>&#8220;, afirma.<\/p>\n<p style=\"text-align: justify;\">Por su parte el todav\u00eda portavoz del PP en el Ayuntamiento de Alcoy, <strong>Rafa Mir\u00f3<\/strong>, ha aplaudido <strong>la incorporaci\u00f3n de Lirios Garc\u00eda<\/strong> a las filas populares y ha dejado claro que con ello queda patente <strong>la apuesta que la formaci\u00f3n hace por la industria<\/strong> y la <strong>generaci\u00f3n de empleo<\/strong> &#8220;<em>con Lirios Garc\u00eda como n\u00famero dos apostamos por la defensa de nuestro empresariado mientras que el Partido Socialista ficha a una persona que ha puesto trabas al desarrollo industrial de Alcoy<\/em>&#8220;, dijo en referencia al n\u00famero cinco del PSOE; <strong>Jordi Silvestre<\/strong>.<\/p>\n<p style=\"text-align: justify;\">El candidato del PP a la alcald\u00eda, <strong>Quique Ruiz<\/strong>, agradeci\u00f3 que Lirios Garc\u00eda <strong>se incorpore al proyecto<\/strong> con el que <strong>los populares quieren recuperar<\/strong> el Gobierno Local de la ciudad.<\/p>\n","protected":false},"excerpt":{"rendered":"<p>El Partido Popular de Alcoy ha confiado en Lirios Garc\u00eda como n\u00famero dos en la lista que la formaci\u00f3n pol\u00edtica&#8230;<\/p>\n","protected":false},"author":1,"featured_media":49351,"comment_status":"open","ping_status":"open","sticky":false,"template":"","format":"standard","meta":{"footnotes":""},"categories":[97,744,75],"tags":[5263,8359,7038,317,8467],"class_list":["post-49350","post","type-post","status-publish","format-standard","has-post-thumbnail","hentry","category-alcoy","category-elecciones","category-noticias","tag-candidatura","tag-incorpora","tag-lirios-garcia","tag-municipales","tag-numero-2"],"yoast_head":"<!-- This site is optimized with the Yoast SEO plugin v27.3 - https:\/\/yoast.com\/product\/yoast-seo-wordpress\/ -->\n<title>El PP incorpora a Lirios Garc\u00eda como n\u00famero 2 en su candidatura para las municipales - COPE Alcoy<\/title>\n<meta name=\"robots\" content=\"index, follow, max-snippet:-1, max-image-preview:large, max-video-preview:-1\" \/>\n<link rel=\"canonical\" href=\"https:\/\/www.copealcoy.es\/es\/el-pp-incorpora-a-lirios-garcia-como-numero-2-en-su-candidatura-para-las-municipales\/\" \/>\n<meta property=\"og:locale\" content=\"es_ES\" \/>\n<meta property=\"og:type\" content=\"article\" \/>\n<meta property=\"og:title\" content=\"El PP incorpora a Lirios Garc\u00eda como n\u00famero 2 en su candidatura para las municipales - COPE Alcoy\" \/>\n<meta property=\"og:description\" content=\"El Partido Popular de Alcoy ha confiado en Lirios Garc\u00eda como n\u00famero dos en la lista que la formaci\u00f3n pol\u00edtica...\" \/>\n<meta property=\"og:url\" content=\"https:\/\/www.copealcoy.es\/es\/el-pp-incorpora-a-lirios-garcia-como-numero-2-en-su-candidatura-para-las-municipales\/\" \/>\n<meta property=\"og:site_name\" content=\"COPE Alcoy\" \/>\n<meta property=\"article:published_time\" content=\"2019-04-05T15:50:55+00:00\" \/>\n<meta property=\"og:image\" content=\"https:\/\/www.copealcoy.es\/wp-content\/uploads\/2019\/04\/PHOTO-2019-04-05-17-03-41-1.jpg\" \/>\n\t<meta property=\"og:image:width\" content=\"1600\" \/>\n\t<meta property=\"og:image:height\" content=\"1200\" \/>\n\t<meta property=\"og:image:type\" content=\"image\/jpeg\" \/>\n<meta name=\"author\" content=\"Cope Alcoy\" \/>\n<meta name=\"twitter:label1\" content=\"Escrito por\" \/>\n\t<meta name=\"twitter:data1\" content=\"Cope Alcoy\" \/>\n\t<meta name=\"twitter:label2\" content=\"Tiempo de lectura\" \/>\n\t<meta name=\"twitter:data2\" content=\"1 minuto\" \/>\n<script type=\"application\/ld+json\" class=\"yoast-schema-graph\">{\"@context\":\"https:\\\/\\\/schema.org\",\"@graph\":[{\"@type\":\"Article\",\"@id\":\"https:\\\/\\\/www.copealcoy.es\\\/es\\\/el-pp-incorpora-a-lirios-garcia-como-numero-2-en-su-candidatura-para-las-municipales\\\/#article\",\"isPartOf\":{\"@id\":\"https:\\\/\\\/www.copealcoy.es\\\/es\\\/el-pp-incorpora-a-lirios-garcia-como-numero-2-en-su-candidatura-para-las-municipales\\\/\"},\"author\":{\"name\":\"Cope Alcoy\",\"@id\":\"https:\\\/\\\/www.copealcoy.es\\\/es\\\/#\\\/schema\\\/person\\\/e777c87fa024e57d40170af9df39882c\"},\"headline\":\"El PP incorpora a Lirios Garc\u00eda como n\u00famero 2 en su candidatura para las municipales\",\"datePublished\":\"2019-04-05T15:50:55+00:00\",\"mainEntityOfPage\":{\"@id\":\"https:\\\/\\\/www.copealcoy.es\\\/es\\\/el-pp-incorpora-a-lirios-garcia-como-numero-2-en-su-candidatura-para-las-municipales\\\/\"},\"wordCount\":281,\"commentCount\":0,\"image\":{\"@id\":\"https:\\\/\\\/www.copealcoy.es\\\/es\\\/el-pp-incorpora-a-lirios-garcia-como-numero-2-en-su-candidatura-para-las-municipales\\\/#primaryimage\"},\"thumbnailUrl\":\"https:\\\/\\\/www.copealcoy.es\\\/wp-content\\\/uploads\\\/2019\\\/04\\\/PHOTO-2019-04-05-17-03-41-1.jpg\",\"keywords\":[\"Candidatura\",\"incorpora\",\"Lirios Garc\u00eda\",\"Municipales\",\"n\u00famero 2\"],\"articleSection\":[\"Alcoy\",\"Elecciones\",\"Noticias\"],\"inLanguage\":\"es\"},{\"@type\":\"WebPage\",\"@id\":\"https:\\\/\\\/www.copealcoy.es\\\/es\\\/el-pp-incorpora-a-lirios-garcia-como-numero-2-en-su-candidatura-para-las-municipales\\\/\",\"url\":\"https:\\\/\\\/www.copealcoy.es\\\/es\\\/el-pp-incorpora-a-lirios-garcia-como-numero-2-en-su-candidatura-para-las-municipales\\\/\",\"name\":\"El PP incorpora a Lirios Garc\u00eda como n\u00famero 2 en su candidatura para las municipales - COPE Alcoy\",\"isPartOf\":{\"@id\":\"https:\\\/\\\/www.copealcoy.es\\\/es\\\/#website\"},\"primaryImageOfPage\":{\"@id\":\"https:\\\/\\\/www.copealcoy.es\\\/es\\\/el-pp-incorpora-a-lirios-garcia-como-numero-2-en-su-candidatura-para-las-municipales\\\/#primaryimage\"},\"image\":{\"@id\":\"https:\\\/\\\/www.copealcoy.es\\\/es\\\/el-pp-incorpora-a-lirios-garcia-como-numero-2-en-su-candidatura-para-las-municipales\\\/#primaryimage\"},\"thumbnailUrl\":\"https:\\\/\\\/www.copealcoy.es\\\/wp-content\\\/uploads\\\/2019\\\/04\\\/PHOTO-2019-04-05-17-03-41-1.jpg\",\"datePublished\":\"2019-04-05T15:50:55+00:00\",\"author\":{\"@id\":\"https:\\\/\\\/www.copealcoy.es\\\/es\\\/#\\\/schema\\\/person\\\/e777c87fa024e57d40170af9df39882c\"},\"breadcrumb\":{\"@id\":\"https:\\\/\\\/www.copealcoy.es\\\/es\\\/el-pp-incorpora-a-lirios-garcia-como-numero-2-en-su-candidatura-para-las-municipales\\\/#breadcrumb\"},\"inLanguage\":\"es\",\"potentialAction\":[{\"@type\":\"ReadAction\",\"target\":[\"https:\\\/\\\/www.copealcoy.es\\\/es\\\/el-pp-incorpora-a-lirios-garcia-como-numero-2-en-su-candidatura-para-las-municipales\\\/\"]}]},{\"@type\":\"ImageObject\",\"inLanguage\":\"es\",\"@id\":\"https:\\\/\\\/www.copealcoy.es\\\/es\\\/el-pp-incorpora-a-lirios-garcia-como-numero-2-en-su-candidatura-para-las-municipales\\\/#primaryimage\",\"url\":\"https:\\\/\\\/www.copealcoy.es\\\/wp-content\\\/uploads\\\/2019\\\/04\\\/PHOTO-2019-04-05-17-03-41-1.jpg\",\"contentUrl\":\"https:\\\/\\\/www.copealcoy.es\\\/wp-content\\\/uploads\\\/2019\\\/04\\\/PHOTO-2019-04-05-17-03-41-1.jpg\",\"width\":1600,\"height\":1200,\"caption\":\"Lirios Garc\u00eda durante su presentaci\u00f3n esta ma\u00f1ana \\\/ Foto: N. \u00dabeda\"},{\"@type\":\"BreadcrumbList\",\"@id\":\"https:\\\/\\\/www.copealcoy.es\\\/es\\\/el-pp-incorpora-a-lirios-garcia-como-numero-2-en-su-candidatura-para-las-municipales\\\/#breadcrumb\",\"itemListElement\":[{\"@type\":\"ListItem\",\"position\":1,\"name\":\"Portada\",\"item\":\"https:\\\/\\\/www.copealcoy.es\\\/es\\\/\"},{\"@type\":\"ListItem\",\"position\":2,\"name\":\"El PP incorpora a Lirios Garc\u00eda como n\u00famero 2 en su candidatura para las municipales\"}]},{\"@type\":\"WebSite\",\"@id\":\"https:\\\/\\\/www.copealcoy.es\\\/es\\\/#website\",\"url\":\"https:\\\/\\\/www.copealcoy.es\\\/es\\\/\",\"name\":\"COPE Alcoy\",\"description\":\"Emisora COPE de radio local con emisi\u00f3n online. Pont de Sant Jordi 8-10 03803 Alcoy\",\"potentialAction\":[{\"@type\":\"SearchAction\",\"target\":{\"@type\":\"EntryPoint\",\"urlTemplate\":\"https:\\\/\\\/www.copealcoy.es\\\/es\\\/?s={search_term_string}\"},\"query-input\":{\"@type\":\"PropertyValueSpecification\",\"valueRequired\":true,\"valueName\":\"search_term_string\"}}],\"inLanguage\":\"es\"},{\"@type\":\"Person\",\"@id\":\"https:\\\/\\\/www.copealcoy.es\\\/es\\\/#\\\/schema\\\/person\\\/e777c87fa024e57d40170af9df39882c\",\"name\":\"Cope Alcoy\",\"image\":{\"@type\":\"ImageObject\",\"inLanguage\":\"es\",\"@id\":\"https:\\\/\\\/secure.gravatar.com\\\/avatar\\\/bb65d0283347e303893ba14f0692005417c1e0e690a325a4c5d8bb2b3943ee14?s=96&d=mm&r=g\",\"url\":\"https:\\\/\\\/secure.gravatar.com\\\/avatar\\\/bb65d0283347e303893ba14f0692005417c1e0e690a325a4c5d8bb2b3943ee14?s=96&d=mm&r=g\",\"contentUrl\":\"https:\\\/\\\/secure.gravatar.com\\\/avatar\\\/bb65d0283347e303893ba14f0692005417c1e0e690a325a4c5d8bb2b3943ee14?s=96&d=mm&r=g\",\"caption\":\"Cope Alcoy\"}}]}<\/script>\n<!-- \/ Yoast SEO plugin. -->","yoast_head_json":{"title":"El PP incorpora a Lirios Garc\u00eda como n\u00famero 2 en su candidatura para las municipales - COPE Alcoy","robots":{"index":"index","follow":"follow","max-snippet":"max-snippet:-1","max-image-preview":"max-image-preview:large","max-video-preview":"max-video-preview:-1"},"canonical":"https:\/\/www.copealcoy.es\/es\/el-pp-incorpora-a-lirios-garcia-como-numero-2-en-su-candidatura-para-las-municipales\/","og_locale":"es_ES","og_type":"article","og_title":"El PP incorpora a Lirios Garc\u00eda como n\u00famero 2 en su candidatura para las municipales - COPE Alcoy","og_description":"El Partido Popular de Alcoy ha confiado en Lirios Garc\u00eda como n\u00famero dos en la lista que la formaci\u00f3n pol\u00edtica...","og_url":"https:\/\/www.copealcoy.es\/es\/el-pp-incorpora-a-lirios-garcia-como-numero-2-en-su-candidatura-para-las-municipales\/","og_site_name":"COPE Alcoy","article_published_time":"2019-04-05T15:50:55+00:00","og_image":[{"width":1600,"height":1200,"url":"https:\/\/www.copealcoy.es\/wp-content\/uploads\/2019\/04\/PHOTO-2019-04-05-17-03-41-1.jpg","type":"image\/jpeg"}],"author":"Cope Alcoy","twitter_misc":{"Escrito por":"Cope Alcoy","Tiempo de lectura":"1 minuto"},"schema":{"@context":"https:\/\/schema.org","@graph":[{"@type":"Article","@id":"https:\/\/www.copealcoy.es\/es\/el-pp-incorpora-a-lirios-garcia-como-numero-2-en-su-candidatura-para-las-municipales\/#article","isPartOf":{"@id":"https:\/\/www.copealcoy.es\/es\/el-pp-incorpora-a-lirios-garcia-como-numero-2-en-su-candidatura-para-las-municipales\/"},"author":{"name":"Cope Alcoy","@id":"https:\/\/www.copealcoy.es\/es\/#\/schema\/person\/e777c87fa024e57d40170af9df39882c"},"headline":"El PP incorpora a Lirios Garc\u00eda como n\u00famero 2 en su candidatura para las municipales","datePublished":"2019-04-05T15:50:55+00:00","mainEntityOfPage":{"@id":"https:\/\/www.copealcoy.es\/es\/el-pp-incorpora-a-lirios-garcia-como-numero-2-en-su-candidatura-para-las-municipales\/"},"wordCount":281,"commentCount":0,"image":{"@id":"https:\/\/www.copealcoy.es\/es\/el-pp-incorpora-a-lirios-garcia-como-numero-2-en-su-candidatura-para-las-municipales\/#primaryimage"},"thumbnailUrl":"https:\/\/www.copealcoy.es\/wp-content\/uploads\/2019\/04\/PHOTO-2019-04-05-17-03-41-1.jpg","keywords":["Candidatura","incorpora","Lirios Garc\u00eda","Municipales","n\u00famero 2"],"articleSection":["Alcoy","Elecciones","Noticias"],"inLanguage":"es"},{"@type":"WebPage","@id":"https:\/\/www.copealcoy.es\/es\/el-pp-incorpora-a-lirios-garcia-como-numero-2-en-su-candidatura-para-las-municipales\/","url":"https:\/\/www.copealcoy.es\/es\/el-pp-incorpora-a-lirios-garcia-como-numero-2-en-su-candidatura-para-las-municipales\/","name":"El PP incorpora a Lirios Garc\u00eda como n\u00famero 2 en su candidatura para las municipales - COPE Alcoy","isPartOf":{"@id":"https:\/\/www.copealcoy.es\/es\/#website"},"primaryImageOfPage":{"@id":"https:\/\/www.copealcoy.es\/es\/el-pp-incorpora-a-lirios-garcia-como-numero-2-en-su-candidatura-para-las-municipales\/#primaryimage"},"image":{"@id":"https:\/\/www.copealcoy.es\/es\/el-pp-incorpora-a-lirios-garcia-como-numero-2-en-su-candidatura-para-las-municipales\/#primaryimage"},"thumbnailUrl":"https:\/\/www.copealcoy.es\/wp-content\/uploads\/2019\/04\/PHOTO-2019-04-05-17-03-41-1.jpg","datePublished":"2019-04-05T15:50:55+00:00","author":{"@id":"https:\/\/www.copealcoy.es\/es\/#\/schema\/person\/e777c87fa024e57d40170af9df39882c"},"breadcrumb":{"@id":"https:\/\/www.copealcoy.es\/es\/el-pp-incorpora-a-lirios-garcia-como-numero-2-en-su-candidatura-para-las-municipales\/#breadcrumb"},"inLanguage":"es","potentialAction":[{"@type":"ReadAction","target":["https:\/\/www.copealcoy.es\/es\/el-pp-incorpora-a-lirios-garcia-como-numero-2-en-su-candidatura-para-las-municipales\/"]}]},{"@type":"ImageObject","inLanguage":"es","@id":"https:\/\/www.copealcoy.es\/es\/el-pp-incorpora-a-lirios-garcia-como-numero-2-en-su-candidatura-para-las-municipales\/#primaryimage","url":"https:\/\/www.copealcoy.es\/wp-content\/uploads\/2019\/04\/PHOTO-2019-04-05-17-03-41-1.jpg","contentUrl":"https:\/\/www.copealcoy.es\/wp-content\/uploads\/2019\/04\/PHOTO-2019-04-05-17-03-41-1.jpg","width":1600,"height":1200,"caption":"Lirios Garc\u00eda durante su presentaci\u00f3n esta ma\u00f1ana \/ Foto: N. \u00dabeda"},{"@type":"BreadcrumbList","@id":"https:\/\/www.copealcoy.es\/es\/el-pp-incorpora-a-lirios-garcia-como-numero-2-en-su-candidatura-para-las-municipales\/#breadcrumb","itemListElement":[{"@type":"ListItem","position":1,"name":"Portada","item":"https:\/\/www.copealcoy.es\/es\/"},{"@type":"ListItem","position":2,"name":"El PP incorpora a Lirios Garc\u00eda como n\u00famero 2 en su candidatura para las municipales"}]},{"@type":"WebSite","@id":"https:\/\/www.copealcoy.es\/es\/#website","url":"https:\/\/www.copealcoy.es\/es\/","name":"COPE Alcoy","description":"Emisora COPE de radio local con emisi\u00f3n online. Pont de Sant Jordi 8-10 03803 Alcoy","potentialAction":[{"@type":"SearchAction","target":{"@type":"EntryPoint","urlTemplate":"https:\/\/www.copealcoy.es\/es\/?s={search_term_string}"},"query-input":{"@type":"PropertyValueSpecification","valueRequired":true,"valueName":"search_term_string"}}],"inLanguage":"es"},{"@type":"Person","@id":"https:\/\/www.copealcoy.es\/es\/#\/schema\/person\/e777c87fa024e57d40170af9df39882c","name":"Cope Alcoy","image":{"@type":"ImageObject","inLanguage":"es","@id":"https:\/\/secure.gravatar.com\/avatar\/bb65d0283347e303893ba14f0692005417c1e0e690a325a4c5d8bb2b3943ee14?s=96&d=mm&r=g","url":"https:\/\/secure.gravatar.com\/avatar\/bb65d0283347e303893ba14f0692005417c1e0e690a325a4c5d8bb2b3943ee14?s=96&d=mm&r=g","contentUrl":"https:\/\/secure.gravatar.com\/avatar\/bb65d0283347e303893ba14f0692005417c1e0e690a325a4c5d8bb2b3943ee14?s=96&d=mm&r=g","caption":"Cope Alcoy"}}]}},"_links":{"self":[{"href":"https:\/\/www.copealcoy.es\/es\/wp-json\/wp\/v2\/posts\/49350","targetHints":{"allow":["GET"]}}],"collection":[{"href":"https:\/\/www.copealcoy.es\/es\/wp-json\/wp\/v2\/posts"}],"about":[{"href":"https:\/\/www.copealcoy.es\/es\/wp-json\/wp\/v2\/types\/post"}],"author":[{"embeddable":true,"href":"https:\/\/www.copealcoy.es\/es\/wp-json\/wp\/v2\/users\/1"}],"replies":[{"embeddable":true,"href":"https:\/\/www.copealcoy.es\/es\/wp-json\/wp\/v2\/comments?post=49350"}],"version-history":[{"count":0,"href":"https:\/\/www.copealcoy.es\/es\/wp-json\/wp\/v2\/posts\/49350\/revisions"}],"wp:featuredmedia":[{"embeddable":true,"href":"https:\/\/www.copealcoy.es\/es\/wp-json\/wp\/v2\/media\/49351"}],"wp:attachment":[{"href":"https:\/\/www.copealcoy.es\/es\/wp-json\/wp\/v2\/media?parent=49350"}],"wp:term":[{"taxonomy":"category","embeddable":true,"href":"https:\/\/www.copealcoy.es\/es\/wp-json\/wp\/v2\/categories?post=49350"},{"taxonomy":"post_tag","embeddable":true,"href":"https:\/\/www.copealcoy.es\/es\/wp-json\/wp\/v2\/tags?post=49350"}],"curies":[{"name":"wp","href":"https:\/\/api.w.org\/{rel}","templated":true}]}}