{"id":49327,"date":"2019-04-04T21:18:03","date_gmt":"2019-04-04T21:18:03","guid":{"rendered":"https:\/\/copealcoi.es\/?p=49327"},"modified":"2019-04-04T21:18:03","modified_gmt":"2019-04-04T21:18:03","slug":"ciudadanos-confia-en-rosa-garcia-para-liderar-la-candidatura-a-la-alcaldia-de-alcoy","status":"publish","type":"post","link":"https:\/\/www.copealcoy.es\/es\/ciudadanos-confia-en-rosa-garcia-para-liderar-la-candidatura-a-la-alcaldia-de-alcoy\/","title":{"rendered":"Ciudadanos conf\u00eda en Rosa Garc\u00eda para liderar la candidatura a la alcald\u00eda de Alcoy"},"content":{"rendered":"<p style=\"text-align: justify;\">Ciudadanos <strong>ha elegido a Rosa Garc\u00eda<\/strong> como <strong>candidata a la alcald\u00eda de Alcoy<\/strong> para las pr\u00f3ximas municipales.<\/p>\n<p style=\"text-align: justify;\">La<strong> actual Diputada Auton\u00f3mica<\/strong> por la formaci\u00f3n naranja ya <strong>form\u00f3 parte como n\u00famero dos<\/strong> de la lista para las municipales del 2015 en las que <strong>Jorge Sedano<\/strong> fue el alcaldable. Tras las comicios, <strong>renunci\u00f3 a su acta de concejal<\/strong> al ser designada <strong>diputada en las Cortes Valencianas<\/strong> por ocupar en aquel momento <strong>el n\u00famero cinco de la candidatura<\/strong>\u00a0<strong>auton\u00f3mica<\/strong> con la que el partido de Albert Rivera concurri\u00f3 a aquellas Elecciones.<\/p>\n<p style=\"text-align: justify;\">La\u00a0<strong>Ejecutiva Nacional<\/strong> de Ciudadanos ha informado tambi\u00e9n de otros alcaldables que el partido tendr\u00e1 en la comarca. Se trata de <strong>Miguel Garc\u00eda Pay\u00e0<\/strong> en Agres, <strong>Luc\u00eda Granados<\/strong> en Benimarfull, <strong>Antonio Bernab\u00e9u<\/strong> en Castalla, <strong>Jorge Calero<\/strong> en Millena, <strong>Juan Manuel Sanch\u00eds<\/strong> en Muro, <strong>Juan Jos\u00e9 Moncunill<\/strong> en Cocentaina y <strong>Nicol\u00e1s Mart\u00ednez<\/strong> en Ibi.<\/p>\n","protected":false},"excerpt":{"rendered":"<p>Ciudadanos ha elegido a Rosa Garc\u00eda como candidata a la alcald\u00eda de Alcoy para las pr\u00f3ximas municipales. La actual Diputada&#8230;<\/p>\n","protected":false},"author":1,"featured_media":27230,"comment_status":"open","ping_status":"open","sticky":false,"template":"","format":"standard","meta":{"footnotes":""},"categories":[97,744,75],"tags":[804,5263,349,8464,3421],"class_list":["post-49327","post","type-post","status-publish","format-standard","has-post-thumbnail","hentry","category-alcoy","category-elecciones","category-noticias","tag-alcaldia","tag-candidatura","tag-ciudadanos","tag-liderar","tag-rosa-garcia"],"yoast_head":"<!-- This site is optimized with the Yoast SEO plugin v27.3 - https:\/\/yoast.com\/product\/yoast-seo-wordpress\/ -->\n<title>Ciudadanos conf\u00eda en Rosa Garc\u00eda para liderar la candidatura a la alcald\u00eda de Alcoy - COPE Alcoy<\/title>\n<meta name=\"robots\" content=\"index, follow, max-snippet:-1, max-image-preview:large, max-video-preview:-1\" \/>\n<link rel=\"canonical\" href=\"https:\/\/www.copealcoy.es\/es\/ciudadanos-confia-en-rosa-garcia-para-liderar-la-candidatura-a-la-alcaldia-de-alcoy\/\" \/>\n<meta property=\"og:locale\" content=\"es_ES\" \/>\n<meta property=\"og:type\" content=\"article\" \/>\n<meta property=\"og:title\" content=\"Ciudadanos conf\u00eda en Rosa Garc\u00eda para liderar la candidatura a la alcald\u00eda de Alcoy - COPE Alcoy\" \/>\n<meta property=\"og:description\" content=\"Ciudadanos ha elegido a Rosa Garc\u00eda como candidata a la alcald\u00eda de Alcoy para las pr\u00f3ximas municipales. La actual Diputada...\" \/>\n<meta property=\"og:url\" content=\"https:\/\/www.copealcoy.es\/es\/ciudadanos-confia-en-rosa-garcia-para-liderar-la-candidatura-a-la-alcaldia-de-alcoy\/\" \/>\n<meta property=\"og:site_name\" content=\"COPE Alcoy\" \/>\n<meta property=\"article:published_time\" content=\"2019-04-04T21:18:03+00:00\" \/>\n<meta property=\"og:image\" content=\"https:\/\/www.copealcoy.es\/wp-content\/uploads\/2016\/12\/Rosa-Garc\u00eda.jpg\" \/>\n\t<meta property=\"og:image:width\" content=\"1296\" \/>\n\t<meta property=\"og:image:height\" content=\"864\" \/>\n\t<meta property=\"og:image:type\" content=\"image\/jpeg\" \/>\n<meta name=\"author\" content=\"Cope Alcoy\" \/>\n<meta name=\"twitter:label1\" content=\"Escrito por\" \/>\n\t<meta name=\"twitter:data1\" content=\"Cope Alcoy\" \/>\n\t<meta name=\"twitter:label2\" content=\"Tiempo de lectura\" \/>\n\t<meta name=\"twitter:data2\" content=\"1 minuto\" \/>\n<script type=\"application\/ld+json\" class=\"yoast-schema-graph\">{\"@context\":\"https:\\\/\\\/schema.org\",\"@graph\":[{\"@type\":\"Article\",\"@id\":\"https:\\\/\\\/www.copealcoy.es\\\/es\\\/ciudadanos-confia-en-rosa-garcia-para-liderar-la-candidatura-a-la-alcaldia-de-alcoy\\\/#article\",\"isPartOf\":{\"@id\":\"https:\\\/\\\/www.copealcoy.es\\\/es\\\/ciudadanos-confia-en-rosa-garcia-para-liderar-la-candidatura-a-la-alcaldia-de-alcoy\\\/\"},\"author\":{\"name\":\"Cope Alcoy\",\"@id\":\"https:\\\/\\\/www.copealcoy.es\\\/es\\\/#\\\/schema\\\/person\\\/e777c87fa024e57d40170af9df39882c\"},\"headline\":\"Ciudadanos conf\u00eda en Rosa Garc\u00eda para liderar la candidatura a la alcald\u00eda de Alcoy\",\"datePublished\":\"2019-04-04T21:18:03+00:00\",\"mainEntityOfPage\":{\"@id\":\"https:\\\/\\\/www.copealcoy.es\\\/es\\\/ciudadanos-confia-en-rosa-garcia-para-liderar-la-candidatura-a-la-alcaldia-de-alcoy\\\/\"},\"wordCount\":172,\"commentCount\":0,\"image\":{\"@id\":\"https:\\\/\\\/www.copealcoy.es\\\/es\\\/ciudadanos-confia-en-rosa-garcia-para-liderar-la-candidatura-a-la-alcaldia-de-alcoy\\\/#primaryimage\"},\"thumbnailUrl\":\"https:\\\/\\\/www.copealcoy.es\\\/wp-content\\\/uploads\\\/2016\\\/12\\\/Rosa-Garc\u00eda.jpg\",\"keywords\":[\"alcald\u00eda\",\"Candidatura\",\"Ciudadanos\",\"liderar\",\"Rosa Garc\u00eda\"],\"articleSection\":[\"Alcoy\",\"Elecciones\",\"Noticias\"],\"inLanguage\":\"es\"},{\"@type\":\"WebPage\",\"@id\":\"https:\\\/\\\/www.copealcoy.es\\\/es\\\/ciudadanos-confia-en-rosa-garcia-para-liderar-la-candidatura-a-la-alcaldia-de-alcoy\\\/\",\"url\":\"https:\\\/\\\/www.copealcoy.es\\\/es\\\/ciudadanos-confia-en-rosa-garcia-para-liderar-la-candidatura-a-la-alcaldia-de-alcoy\\\/\",\"name\":\"Ciudadanos conf\u00eda en Rosa Garc\u00eda para liderar la candidatura a la alcald\u00eda de Alcoy - COPE Alcoy\",\"isPartOf\":{\"@id\":\"https:\\\/\\\/www.copealcoy.es\\\/es\\\/#website\"},\"primaryImageOfPage\":{\"@id\":\"https:\\\/\\\/www.copealcoy.es\\\/es\\\/ciudadanos-confia-en-rosa-garcia-para-liderar-la-candidatura-a-la-alcaldia-de-alcoy\\\/#primaryimage\"},\"image\":{\"@id\":\"https:\\\/\\\/www.copealcoy.es\\\/es\\\/ciudadanos-confia-en-rosa-garcia-para-liderar-la-candidatura-a-la-alcaldia-de-alcoy\\\/#primaryimage\"},\"thumbnailUrl\":\"https:\\\/\\\/www.copealcoy.es\\\/wp-content\\\/uploads\\\/2016\\\/12\\\/Rosa-Garc\u00eda.jpg\",\"datePublished\":\"2019-04-04T21:18:03+00:00\",\"author\":{\"@id\":\"https:\\\/\\\/www.copealcoy.es\\\/es\\\/#\\\/schema\\\/person\\\/e777c87fa024e57d40170af9df39882c\"},\"breadcrumb\":{\"@id\":\"https:\\\/\\\/www.copealcoy.es\\\/es\\\/ciudadanos-confia-en-rosa-garcia-para-liderar-la-candidatura-a-la-alcaldia-de-alcoy\\\/#breadcrumb\"},\"inLanguage\":\"es\",\"potentialAction\":[{\"@type\":\"ReadAction\",\"target\":[\"https:\\\/\\\/www.copealcoy.es\\\/es\\\/ciudadanos-confia-en-rosa-garcia-para-liderar-la-candidatura-a-la-alcaldia-de-alcoy\\\/\"]}]},{\"@type\":\"ImageObject\",\"inLanguage\":\"es\",\"@id\":\"https:\\\/\\\/www.copealcoy.es\\\/es\\\/ciudadanos-confia-en-rosa-garcia-para-liderar-la-candidatura-a-la-alcaldia-de-alcoy\\\/#primaryimage\",\"url\":\"https:\\\/\\\/www.copealcoy.es\\\/wp-content\\\/uploads\\\/2016\\\/12\\\/Rosa-Garc\u00eda.jpg\",\"contentUrl\":\"https:\\\/\\\/www.copealcoy.es\\\/wp-content\\\/uploads\\\/2016\\\/12\\\/Rosa-Garc\u00eda.jpg\",\"width\":1296,\"height\":864},{\"@type\":\"BreadcrumbList\",\"@id\":\"https:\\\/\\\/www.copealcoy.es\\\/es\\\/ciudadanos-confia-en-rosa-garcia-para-liderar-la-candidatura-a-la-alcaldia-de-alcoy\\\/#breadcrumb\",\"itemListElement\":[{\"@type\":\"ListItem\",\"position\":1,\"name\":\"Portada\",\"item\":\"https:\\\/\\\/www.copealcoy.es\\\/es\\\/\"},{\"@type\":\"ListItem\",\"position\":2,\"name\":\"Ciudadanos conf\u00eda en Rosa Garc\u00eda para liderar la candidatura a la alcald\u00eda de Alcoy\"}]},{\"@type\":\"WebSite\",\"@id\":\"https:\\\/\\\/www.copealcoy.es\\\/es\\\/#website\",\"url\":\"https:\\\/\\\/www.copealcoy.es\\\/es\\\/\",\"name\":\"COPE Alcoy\",\"description\":\"Emisora COPE de radio local con emisi\u00f3n online. Pont de Sant Jordi 8-10 03803 Alcoy\",\"potentialAction\":[{\"@type\":\"SearchAction\",\"target\":{\"@type\":\"EntryPoint\",\"urlTemplate\":\"https:\\\/\\\/www.copealcoy.es\\\/es\\\/?s={search_term_string}\"},\"query-input\":{\"@type\":\"PropertyValueSpecification\",\"valueRequired\":true,\"valueName\":\"search_term_string\"}}],\"inLanguage\":\"es\"},{\"@type\":\"Person\",\"@id\":\"https:\\\/\\\/www.copealcoy.es\\\/es\\\/#\\\/schema\\\/person\\\/e777c87fa024e57d40170af9df39882c\",\"name\":\"Cope Alcoy\",\"image\":{\"@type\":\"ImageObject\",\"inLanguage\":\"es\",\"@id\":\"https:\\\/\\\/secure.gravatar.com\\\/avatar\\\/bb65d0283347e303893ba14f0692005417c1e0e690a325a4c5d8bb2b3943ee14?s=96&d=mm&r=g\",\"url\":\"https:\\\/\\\/secure.gravatar.com\\\/avatar\\\/bb65d0283347e303893ba14f0692005417c1e0e690a325a4c5d8bb2b3943ee14?s=96&d=mm&r=g\",\"contentUrl\":\"https:\\\/\\\/secure.gravatar.com\\\/avatar\\\/bb65d0283347e303893ba14f0692005417c1e0e690a325a4c5d8bb2b3943ee14?s=96&d=mm&r=g\",\"caption\":\"Cope Alcoy\"}}]}<\/script>\n<!-- \/ Yoast SEO plugin. -->","yoast_head_json":{"title":"Ciudadanos conf\u00eda en Rosa Garc\u00eda para liderar la candidatura a la alcald\u00eda de Alcoy - COPE Alcoy","robots":{"index":"index","follow":"follow","max-snippet":"max-snippet:-1","max-image-preview":"max-image-preview:large","max-video-preview":"max-video-preview:-1"},"canonical":"https:\/\/www.copealcoy.es\/es\/ciudadanos-confia-en-rosa-garcia-para-liderar-la-candidatura-a-la-alcaldia-de-alcoy\/","og_locale":"es_ES","og_type":"article","og_title":"Ciudadanos conf\u00eda en Rosa Garc\u00eda para liderar la candidatura a la alcald\u00eda de Alcoy - COPE Alcoy","og_description":"Ciudadanos ha elegido a Rosa Garc\u00eda como candidata a la alcald\u00eda de Alcoy para las pr\u00f3ximas municipales. La actual Diputada...","og_url":"https:\/\/www.copealcoy.es\/es\/ciudadanos-confia-en-rosa-garcia-para-liderar-la-candidatura-a-la-alcaldia-de-alcoy\/","og_site_name":"COPE Alcoy","article_published_time":"2019-04-04T21:18:03+00:00","og_image":[{"width":1296,"height":864,"url":"https:\/\/www.copealcoy.es\/wp-content\/uploads\/2016\/12\/Rosa-Garc\u00eda.jpg","type":"image\/jpeg"}],"author":"Cope Alcoy","twitter_misc":{"Escrito por":"Cope Alcoy","Tiempo de lectura":"1 minuto"},"schema":{"@context":"https:\/\/schema.org","@graph":[{"@type":"Article","@id":"https:\/\/www.copealcoy.es\/es\/ciudadanos-confia-en-rosa-garcia-para-liderar-la-candidatura-a-la-alcaldia-de-alcoy\/#article","isPartOf":{"@id":"https:\/\/www.copealcoy.es\/es\/ciudadanos-confia-en-rosa-garcia-para-liderar-la-candidatura-a-la-alcaldia-de-alcoy\/"},"author":{"name":"Cope Alcoy","@id":"https:\/\/www.copealcoy.es\/es\/#\/schema\/person\/e777c87fa024e57d40170af9df39882c"},"headline":"Ciudadanos conf\u00eda en Rosa Garc\u00eda para liderar la candidatura a la alcald\u00eda de Alcoy","datePublished":"2019-04-04T21:18:03+00:00","mainEntityOfPage":{"@id":"https:\/\/www.copealcoy.es\/es\/ciudadanos-confia-en-rosa-garcia-para-liderar-la-candidatura-a-la-alcaldia-de-alcoy\/"},"wordCount":172,"commentCount":0,"image":{"@id":"https:\/\/www.copealcoy.es\/es\/ciudadanos-confia-en-rosa-garcia-para-liderar-la-candidatura-a-la-alcaldia-de-alcoy\/#primaryimage"},"thumbnailUrl":"https:\/\/www.copealcoy.es\/wp-content\/uploads\/2016\/12\/Rosa-Garc\u00eda.jpg","keywords":["alcald\u00eda","Candidatura","Ciudadanos","liderar","Rosa Garc\u00eda"],"articleSection":["Alcoy","Elecciones","Noticias"],"inLanguage":"es"},{"@type":"WebPage","@id":"https:\/\/www.copealcoy.es\/es\/ciudadanos-confia-en-rosa-garcia-para-liderar-la-candidatura-a-la-alcaldia-de-alcoy\/","url":"https:\/\/www.copealcoy.es\/es\/ciudadanos-confia-en-rosa-garcia-para-liderar-la-candidatura-a-la-alcaldia-de-alcoy\/","name":"Ciudadanos conf\u00eda en Rosa Garc\u00eda para liderar la candidatura a la alcald\u00eda de Alcoy - COPE Alcoy","isPartOf":{"@id":"https:\/\/www.copealcoy.es\/es\/#website"},"primaryImageOfPage":{"@id":"https:\/\/www.copealcoy.es\/es\/ciudadanos-confia-en-rosa-garcia-para-liderar-la-candidatura-a-la-alcaldia-de-alcoy\/#primaryimage"},"image":{"@id":"https:\/\/www.copealcoy.es\/es\/ciudadanos-confia-en-rosa-garcia-para-liderar-la-candidatura-a-la-alcaldia-de-alcoy\/#primaryimage"},"thumbnailUrl":"https:\/\/www.copealcoy.es\/wp-content\/uploads\/2016\/12\/Rosa-Garc\u00eda.jpg","datePublished":"2019-04-04T21:18:03+00:00","author":{"@id":"https:\/\/www.copealcoy.es\/es\/#\/schema\/person\/e777c87fa024e57d40170af9df39882c"},"breadcrumb":{"@id":"https:\/\/www.copealcoy.es\/es\/ciudadanos-confia-en-rosa-garcia-para-liderar-la-candidatura-a-la-alcaldia-de-alcoy\/#breadcrumb"},"inLanguage":"es","potentialAction":[{"@type":"ReadAction","target":["https:\/\/www.copealcoy.es\/es\/ciudadanos-confia-en-rosa-garcia-para-liderar-la-candidatura-a-la-alcaldia-de-alcoy\/"]}]},{"@type":"ImageObject","inLanguage":"es","@id":"https:\/\/www.copealcoy.es\/es\/ciudadanos-confia-en-rosa-garcia-para-liderar-la-candidatura-a-la-alcaldia-de-alcoy\/#primaryimage","url":"https:\/\/www.copealcoy.es\/wp-content\/uploads\/2016\/12\/Rosa-Garc\u00eda.jpg","contentUrl":"https:\/\/www.copealcoy.es\/wp-content\/uploads\/2016\/12\/Rosa-Garc\u00eda.jpg","width":1296,"height":864},{"@type":"BreadcrumbList","@id":"https:\/\/www.copealcoy.es\/es\/ciudadanos-confia-en-rosa-garcia-para-liderar-la-candidatura-a-la-alcaldia-de-alcoy\/#breadcrumb","itemListElement":[{"@type":"ListItem","position":1,"name":"Portada","item":"https:\/\/www.copealcoy.es\/es\/"},{"@type":"ListItem","position":2,"name":"Ciudadanos conf\u00eda en Rosa Garc\u00eda para liderar la candidatura a la alcald\u00eda de Alcoy"}]},{"@type":"WebSite","@id":"https:\/\/www.copealcoy.es\/es\/#website","url":"https:\/\/www.copealcoy.es\/es\/","name":"COPE Alcoy","description":"Emisora COPE de radio local con emisi\u00f3n online. Pont de Sant Jordi 8-10 03803 Alcoy","potentialAction":[{"@type":"SearchAction","target":{"@type":"EntryPoint","urlTemplate":"https:\/\/www.copealcoy.es\/es\/?s={search_term_string}"},"query-input":{"@type":"PropertyValueSpecification","valueRequired":true,"valueName":"search_term_string"}}],"inLanguage":"es"},{"@type":"Person","@id":"https:\/\/www.copealcoy.es\/es\/#\/schema\/person\/e777c87fa024e57d40170af9df39882c","name":"Cope Alcoy","image":{"@type":"ImageObject","inLanguage":"es","@id":"https:\/\/secure.gravatar.com\/avatar\/bb65d0283347e303893ba14f0692005417c1e0e690a325a4c5d8bb2b3943ee14?s=96&d=mm&r=g","url":"https:\/\/secure.gravatar.com\/avatar\/bb65d0283347e303893ba14f0692005417c1e0e690a325a4c5d8bb2b3943ee14?s=96&d=mm&r=g","contentUrl":"https:\/\/secure.gravatar.com\/avatar\/bb65d0283347e303893ba14f0692005417c1e0e690a325a4c5d8bb2b3943ee14?s=96&d=mm&r=g","caption":"Cope Alcoy"}}]}},"_links":{"self":[{"href":"https:\/\/www.copealcoy.es\/es\/wp-json\/wp\/v2\/posts\/49327","targetHints":{"allow":["GET"]}}],"collection":[{"href":"https:\/\/www.copealcoy.es\/es\/wp-json\/wp\/v2\/posts"}],"about":[{"href":"https:\/\/www.copealcoy.es\/es\/wp-json\/wp\/v2\/types\/post"}],"author":[{"embeddable":true,"href":"https:\/\/www.copealcoy.es\/es\/wp-json\/wp\/v2\/users\/1"}],"replies":[{"embeddable":true,"href":"https:\/\/www.copealcoy.es\/es\/wp-json\/wp\/v2\/comments?post=49327"}],"version-history":[{"count":0,"href":"https:\/\/www.copealcoy.es\/es\/wp-json\/wp\/v2\/posts\/49327\/revisions"}],"wp:featuredmedia":[{"embeddable":true,"href":"https:\/\/www.copealcoy.es\/es\/wp-json\/wp\/v2\/media\/27230"}],"wp:attachment":[{"href":"https:\/\/www.copealcoy.es\/es\/wp-json\/wp\/v2\/media?parent=49327"}],"wp:term":[{"taxonomy":"category","embeddable":true,"href":"https:\/\/www.copealcoy.es\/es\/wp-json\/wp\/v2\/categories?post=49327"},{"taxonomy":"post_tag","embeddable":true,"href":"https:\/\/www.copealcoy.es\/es\/wp-json\/wp\/v2\/tags?post=49327"}],"curies":[{"name":"wp","href":"https:\/\/api.w.org\/{rel}","templated":true}]}}