{"id":49251,"date":"2019-04-02T15:02:17","date_gmt":"2019-04-02T15:02:17","guid":{"rendered":"https:\/\/copealcoi.es\/?p=49251"},"modified":"2019-04-02T15:02:17","modified_gmt":"2019-04-02T15:02:17","slug":"ballets-en-festa-el-aperitivo-para-la-trilogia-del-2019","status":"publish","type":"post","link":"https:\/\/www.copealcoy.es\/es\/ballets-en-festa-el-aperitivo-para-la-trilogia-del-2019\/","title":{"rendered":"&#8216;Ballets en Festa&#8217;, el aperitivo para la trilog\u00eda del 2019"},"content":{"rendered":"<p style=\"text-align: justify;\">La <strong>Plaza Ferr\u00e1ndiz y Carbonell<\/strong> de Alcoy acogi\u00f3 el pasado s\u00e1bado la actividad <strong>\u2018Ballets en Festa\u2019<\/strong> organizada por <strong>la Fil\u00e0 Cord\u00f3n<\/strong> con motivo del cargo de <strong>alferec\u00eda mora<\/strong> que desempe\u00f1a este a\u00f1o 2019.<\/p>\n<p style=\"text-align: justify;\">Al encuentro acudieron <strong>los ballets<\/strong> de Alicia Montava, Ana Botella, Danzas Al-Azraq, Bego\u00f1a Bravo B&amp;B,Carmina Nadal, Elena Tudela, Gabriel Amador, Gawazi, Inma Cort\u00e9s, M\u00f3nica Talens , Noel Barroso y Virginia Bolufer. La cita tuvo <strong>car\u00e1cter solidario<\/strong> y los visitantes <strong>pudieron aportar su grano de arena<\/strong> para las entidades <strong>SOLC y AECC<\/strong> a trav\u00e9s de <strong>las huchas<\/strong> que se repartieron a lo largo del evento.<\/p>\n<p style=\"text-align: justify;\">La actividad &#8216;Ballets en Festa&#8217; <strong>transcurri\u00f3 en un gran ambiente<\/strong> previo a la trilog\u00eda festera en honor a San Jorge y reuni\u00f3 a numeroso p\u00fablico.<\/p>\n","protected":false},"excerpt":{"rendered":"<p>La Plaza Ferr\u00e1ndiz y Carbonell de Alcoy acogi\u00f3 el pasado s\u00e1bado la actividad \u2018Ballets en Festa\u2019 organizada por la Fil\u00e0&#8230;<\/p>\n","protected":false},"author":1,"featured_media":49252,"comment_status":"open","ping_status":"open","sticky":false,"template":"","format":"standard","meta":{"footnotes":""},"categories":[97,78,75],"tags":[8454,5994,8455],"class_list":["post-49251","post","type-post","status-publish","format-standard","has-post-thumbnail","hentry","category-alcoy","category-fiestaycultura","category-noticias","tag-ballets-en-festa","tag-5994","tag-aperitivo"],"yoast_head":"<!-- This site is optimized with the Yoast SEO plugin v27.3 - https:\/\/yoast.com\/product\/yoast-seo-wordpress\/ -->\n<title>&#039;Ballets en Festa&#039;, el aperitivo para la trilog\u00eda del 2019 - COPE Alcoy<\/title>\n<meta name=\"robots\" content=\"index, follow, max-snippet:-1, max-image-preview:large, max-video-preview:-1\" \/>\n<link rel=\"canonical\" href=\"https:\/\/www.copealcoy.es\/es\/ballets-en-festa-el-aperitivo-para-la-trilogia-del-2019\/\" \/>\n<meta property=\"og:locale\" content=\"es_ES\" \/>\n<meta property=\"og:type\" content=\"article\" \/>\n<meta property=\"og:title\" content=\"&#039;Ballets en Festa&#039;, el aperitivo para la trilog\u00eda del 2019 - COPE Alcoy\" \/>\n<meta property=\"og:description\" content=\"La Plaza Ferr\u00e1ndiz y Carbonell de Alcoy acogi\u00f3 el pasado s\u00e1bado la actividad \u2018Ballets en Festa\u2019 organizada por la Fil\u00e0...\" \/>\n<meta property=\"og:url\" content=\"https:\/\/www.copealcoy.es\/es\/ballets-en-festa-el-aperitivo-para-la-trilogia-del-2019\/\" \/>\n<meta property=\"og:site_name\" content=\"COPE Alcoy\" \/>\n<meta property=\"article:published_time\" content=\"2019-04-02T15:02:17+00:00\" \/>\n<meta property=\"og:image\" content=\"https:\/\/www.copealcoy.es\/wp-content\/uploads\/2019\/04\/54514273_2200250650066911_2001373451910119424_n-1.jpg\" \/>\n\t<meta property=\"og:image:width\" content=\"960\" \/>\n\t<meta property=\"og:image:height\" content=\"638\" \/>\n\t<meta property=\"og:image:type\" content=\"image\/jpeg\" \/>\n<meta name=\"author\" content=\"Cope Alcoy\" \/>\n<meta name=\"twitter:label1\" content=\"Escrito por\" \/>\n\t<meta name=\"twitter:data1\" content=\"Cope Alcoy\" \/>\n\t<meta name=\"twitter:label2\" content=\"Tiempo de lectura\" \/>\n\t<meta name=\"twitter:data2\" content=\"1 minuto\" \/>\n<script type=\"application\/ld+json\" class=\"yoast-schema-graph\">{\"@context\":\"https:\\\/\\\/schema.org\",\"@graph\":[{\"@type\":\"Article\",\"@id\":\"https:\\\/\\\/www.copealcoy.es\\\/es\\\/ballets-en-festa-el-aperitivo-para-la-trilogia-del-2019\\\/#article\",\"isPartOf\":{\"@id\":\"https:\\\/\\\/www.copealcoy.es\\\/es\\\/ballets-en-festa-el-aperitivo-para-la-trilogia-del-2019\\\/\"},\"author\":{\"name\":\"Cope Alcoy\",\"@id\":\"https:\\\/\\\/www.copealcoy.es\\\/es\\\/#\\\/schema\\\/person\\\/e777c87fa024e57d40170af9df39882c\"},\"headline\":\"&#8216;Ballets en Festa&#8217;, el aperitivo para la trilog\u00eda del 2019\",\"datePublished\":\"2019-04-02T15:02:17+00:00\",\"mainEntityOfPage\":{\"@id\":\"https:\\\/\\\/www.copealcoy.es\\\/es\\\/ballets-en-festa-el-aperitivo-para-la-trilogia-del-2019\\\/\"},\"wordCount\":146,\"commentCount\":0,\"image\":{\"@id\":\"https:\\\/\\\/www.copealcoy.es\\\/es\\\/ballets-en-festa-el-aperitivo-para-la-trilogia-del-2019\\\/#primaryimage\"},\"thumbnailUrl\":\"https:\\\/\\\/www.copealcoy.es\\\/wp-content\\\/uploads\\\/2019\\\/04\\\/54514273_2200250650066911_2001373451910119424_n-1.jpg\",\"keywords\":[\"'Ballets en Festa'\",\"2019\",\"aperitivo\"],\"articleSection\":[\"Alcoy\",\"Fiesta y Cultura\",\"Noticias\"],\"inLanguage\":\"es\"},{\"@type\":\"WebPage\",\"@id\":\"https:\\\/\\\/www.copealcoy.es\\\/es\\\/ballets-en-festa-el-aperitivo-para-la-trilogia-del-2019\\\/\",\"url\":\"https:\\\/\\\/www.copealcoy.es\\\/es\\\/ballets-en-festa-el-aperitivo-para-la-trilogia-del-2019\\\/\",\"name\":\"'Ballets en Festa', el aperitivo para la trilog\u00eda del 2019 - COPE Alcoy\",\"isPartOf\":{\"@id\":\"https:\\\/\\\/www.copealcoy.es\\\/es\\\/#website\"},\"primaryImageOfPage\":{\"@id\":\"https:\\\/\\\/www.copealcoy.es\\\/es\\\/ballets-en-festa-el-aperitivo-para-la-trilogia-del-2019\\\/#primaryimage\"},\"image\":{\"@id\":\"https:\\\/\\\/www.copealcoy.es\\\/es\\\/ballets-en-festa-el-aperitivo-para-la-trilogia-del-2019\\\/#primaryimage\"},\"thumbnailUrl\":\"https:\\\/\\\/www.copealcoy.es\\\/wp-content\\\/uploads\\\/2019\\\/04\\\/54514273_2200250650066911_2001373451910119424_n-1.jpg\",\"datePublished\":\"2019-04-02T15:02:17+00:00\",\"author\":{\"@id\":\"https:\\\/\\\/www.copealcoy.es\\\/es\\\/#\\\/schema\\\/person\\\/e777c87fa024e57d40170af9df39882c\"},\"breadcrumb\":{\"@id\":\"https:\\\/\\\/www.copealcoy.es\\\/es\\\/ballets-en-festa-el-aperitivo-para-la-trilogia-del-2019\\\/#breadcrumb\"},\"inLanguage\":\"es\",\"potentialAction\":[{\"@type\":\"ReadAction\",\"target\":[\"https:\\\/\\\/www.copealcoy.es\\\/es\\\/ballets-en-festa-el-aperitivo-para-la-trilogia-del-2019\\\/\"]}]},{\"@type\":\"ImageObject\",\"inLanguage\":\"es\",\"@id\":\"https:\\\/\\\/www.copealcoy.es\\\/es\\\/ballets-en-festa-el-aperitivo-para-la-trilogia-del-2019\\\/#primaryimage\",\"url\":\"https:\\\/\\\/www.copealcoy.es\\\/wp-content\\\/uploads\\\/2019\\\/04\\\/54514273_2200250650066911_2001373451910119424_n-1.jpg\",\"contentUrl\":\"https:\\\/\\\/www.copealcoy.es\\\/wp-content\\\/uploads\\\/2019\\\/04\\\/54514273_2200250650066911_2001373451910119424_n-1.jpg\",\"width\":960,\"height\":638,\"caption\":\"Una imagen del evento celebrado el pasado s\u00e1bado \\\/ Foto: Jovi Cant\u00f3 Fotograf\u00eda\"},{\"@type\":\"BreadcrumbList\",\"@id\":\"https:\\\/\\\/www.copealcoy.es\\\/es\\\/ballets-en-festa-el-aperitivo-para-la-trilogia-del-2019\\\/#breadcrumb\",\"itemListElement\":[{\"@type\":\"ListItem\",\"position\":1,\"name\":\"Portada\",\"item\":\"https:\\\/\\\/www.copealcoy.es\\\/es\\\/\"},{\"@type\":\"ListItem\",\"position\":2,\"name\":\"&#8216;Ballets en Festa&#8217;, el aperitivo para la trilog\u00eda del 2019\"}]},{\"@type\":\"WebSite\",\"@id\":\"https:\\\/\\\/www.copealcoy.es\\\/es\\\/#website\",\"url\":\"https:\\\/\\\/www.copealcoy.es\\\/es\\\/\",\"name\":\"COPE Alcoy\",\"description\":\"Emisora COPE de radio local con emisi\u00f3n online. Pont de Sant Jordi 8-10 03803 Alcoy\",\"potentialAction\":[{\"@type\":\"SearchAction\",\"target\":{\"@type\":\"EntryPoint\",\"urlTemplate\":\"https:\\\/\\\/www.copealcoy.es\\\/es\\\/?s={search_term_string}\"},\"query-input\":{\"@type\":\"PropertyValueSpecification\",\"valueRequired\":true,\"valueName\":\"search_term_string\"}}],\"inLanguage\":\"es\"},{\"@type\":\"Person\",\"@id\":\"https:\\\/\\\/www.copealcoy.es\\\/es\\\/#\\\/schema\\\/person\\\/e777c87fa024e57d40170af9df39882c\",\"name\":\"Cope Alcoy\",\"image\":{\"@type\":\"ImageObject\",\"inLanguage\":\"es\",\"@id\":\"https:\\\/\\\/secure.gravatar.com\\\/avatar\\\/bb65d0283347e303893ba14f0692005417c1e0e690a325a4c5d8bb2b3943ee14?s=96&d=mm&r=g\",\"url\":\"https:\\\/\\\/secure.gravatar.com\\\/avatar\\\/bb65d0283347e303893ba14f0692005417c1e0e690a325a4c5d8bb2b3943ee14?s=96&d=mm&r=g\",\"contentUrl\":\"https:\\\/\\\/secure.gravatar.com\\\/avatar\\\/bb65d0283347e303893ba14f0692005417c1e0e690a325a4c5d8bb2b3943ee14?s=96&d=mm&r=g\",\"caption\":\"Cope Alcoy\"}}]}<\/script>\n<!-- \/ Yoast SEO plugin. -->","yoast_head_json":{"title":"'Ballets en Festa', el aperitivo para la trilog\u00eda del 2019 - COPE Alcoy","robots":{"index":"index","follow":"follow","max-snippet":"max-snippet:-1","max-image-preview":"max-image-preview:large","max-video-preview":"max-video-preview:-1"},"canonical":"https:\/\/www.copealcoy.es\/es\/ballets-en-festa-el-aperitivo-para-la-trilogia-del-2019\/","og_locale":"es_ES","og_type":"article","og_title":"'Ballets en Festa', el aperitivo para la trilog\u00eda del 2019 - COPE Alcoy","og_description":"La Plaza Ferr\u00e1ndiz y Carbonell de Alcoy acogi\u00f3 el pasado s\u00e1bado la actividad \u2018Ballets en Festa\u2019 organizada por la Fil\u00e0...","og_url":"https:\/\/www.copealcoy.es\/es\/ballets-en-festa-el-aperitivo-para-la-trilogia-del-2019\/","og_site_name":"COPE Alcoy","article_published_time":"2019-04-02T15:02:17+00:00","og_image":[{"width":960,"height":638,"url":"https:\/\/www.copealcoy.es\/wp-content\/uploads\/2019\/04\/54514273_2200250650066911_2001373451910119424_n-1.jpg","type":"image\/jpeg"}],"author":"Cope Alcoy","twitter_misc":{"Escrito por":"Cope Alcoy","Tiempo de lectura":"1 minuto"},"schema":{"@context":"https:\/\/schema.org","@graph":[{"@type":"Article","@id":"https:\/\/www.copealcoy.es\/es\/ballets-en-festa-el-aperitivo-para-la-trilogia-del-2019\/#article","isPartOf":{"@id":"https:\/\/www.copealcoy.es\/es\/ballets-en-festa-el-aperitivo-para-la-trilogia-del-2019\/"},"author":{"name":"Cope Alcoy","@id":"https:\/\/www.copealcoy.es\/es\/#\/schema\/person\/e777c87fa024e57d40170af9df39882c"},"headline":"&#8216;Ballets en Festa&#8217;, el aperitivo para la trilog\u00eda del 2019","datePublished":"2019-04-02T15:02:17+00:00","mainEntityOfPage":{"@id":"https:\/\/www.copealcoy.es\/es\/ballets-en-festa-el-aperitivo-para-la-trilogia-del-2019\/"},"wordCount":146,"commentCount":0,"image":{"@id":"https:\/\/www.copealcoy.es\/es\/ballets-en-festa-el-aperitivo-para-la-trilogia-del-2019\/#primaryimage"},"thumbnailUrl":"https:\/\/www.copealcoy.es\/wp-content\/uploads\/2019\/04\/54514273_2200250650066911_2001373451910119424_n-1.jpg","keywords":["'Ballets en Festa'","2019","aperitivo"],"articleSection":["Alcoy","Fiesta y Cultura","Noticias"],"inLanguage":"es"},{"@type":"WebPage","@id":"https:\/\/www.copealcoy.es\/es\/ballets-en-festa-el-aperitivo-para-la-trilogia-del-2019\/","url":"https:\/\/www.copealcoy.es\/es\/ballets-en-festa-el-aperitivo-para-la-trilogia-del-2019\/","name":"'Ballets en Festa', el aperitivo para la trilog\u00eda del 2019 - COPE Alcoy","isPartOf":{"@id":"https:\/\/www.copealcoy.es\/es\/#website"},"primaryImageOfPage":{"@id":"https:\/\/www.copealcoy.es\/es\/ballets-en-festa-el-aperitivo-para-la-trilogia-del-2019\/#primaryimage"},"image":{"@id":"https:\/\/www.copealcoy.es\/es\/ballets-en-festa-el-aperitivo-para-la-trilogia-del-2019\/#primaryimage"},"thumbnailUrl":"https:\/\/www.copealcoy.es\/wp-content\/uploads\/2019\/04\/54514273_2200250650066911_2001373451910119424_n-1.jpg","datePublished":"2019-04-02T15:02:17+00:00","author":{"@id":"https:\/\/www.copealcoy.es\/es\/#\/schema\/person\/e777c87fa024e57d40170af9df39882c"},"breadcrumb":{"@id":"https:\/\/www.copealcoy.es\/es\/ballets-en-festa-el-aperitivo-para-la-trilogia-del-2019\/#breadcrumb"},"inLanguage":"es","potentialAction":[{"@type":"ReadAction","target":["https:\/\/www.copealcoy.es\/es\/ballets-en-festa-el-aperitivo-para-la-trilogia-del-2019\/"]}]},{"@type":"ImageObject","inLanguage":"es","@id":"https:\/\/www.copealcoy.es\/es\/ballets-en-festa-el-aperitivo-para-la-trilogia-del-2019\/#primaryimage","url":"https:\/\/www.copealcoy.es\/wp-content\/uploads\/2019\/04\/54514273_2200250650066911_2001373451910119424_n-1.jpg","contentUrl":"https:\/\/www.copealcoy.es\/wp-content\/uploads\/2019\/04\/54514273_2200250650066911_2001373451910119424_n-1.jpg","width":960,"height":638,"caption":"Una imagen del evento celebrado el pasado s\u00e1bado \/ Foto: Jovi Cant\u00f3 Fotograf\u00eda"},{"@type":"BreadcrumbList","@id":"https:\/\/www.copealcoy.es\/es\/ballets-en-festa-el-aperitivo-para-la-trilogia-del-2019\/#breadcrumb","itemListElement":[{"@type":"ListItem","position":1,"name":"Portada","item":"https:\/\/www.copealcoy.es\/es\/"},{"@type":"ListItem","position":2,"name":"&#8216;Ballets en Festa&#8217;, el aperitivo para la trilog\u00eda del 2019"}]},{"@type":"WebSite","@id":"https:\/\/www.copealcoy.es\/es\/#website","url":"https:\/\/www.copealcoy.es\/es\/","name":"COPE Alcoy","description":"Emisora COPE de radio local con emisi\u00f3n online. Pont de Sant Jordi 8-10 03803 Alcoy","potentialAction":[{"@type":"SearchAction","target":{"@type":"EntryPoint","urlTemplate":"https:\/\/www.copealcoy.es\/es\/?s={search_term_string}"},"query-input":{"@type":"PropertyValueSpecification","valueRequired":true,"valueName":"search_term_string"}}],"inLanguage":"es"},{"@type":"Person","@id":"https:\/\/www.copealcoy.es\/es\/#\/schema\/person\/e777c87fa024e57d40170af9df39882c","name":"Cope Alcoy","image":{"@type":"ImageObject","inLanguage":"es","@id":"https:\/\/secure.gravatar.com\/avatar\/bb65d0283347e303893ba14f0692005417c1e0e690a325a4c5d8bb2b3943ee14?s=96&d=mm&r=g","url":"https:\/\/secure.gravatar.com\/avatar\/bb65d0283347e303893ba14f0692005417c1e0e690a325a4c5d8bb2b3943ee14?s=96&d=mm&r=g","contentUrl":"https:\/\/secure.gravatar.com\/avatar\/bb65d0283347e303893ba14f0692005417c1e0e690a325a4c5d8bb2b3943ee14?s=96&d=mm&r=g","caption":"Cope Alcoy"}}]}},"_links":{"self":[{"href":"https:\/\/www.copealcoy.es\/es\/wp-json\/wp\/v2\/posts\/49251","targetHints":{"allow":["GET"]}}],"collection":[{"href":"https:\/\/www.copealcoy.es\/es\/wp-json\/wp\/v2\/posts"}],"about":[{"href":"https:\/\/www.copealcoy.es\/es\/wp-json\/wp\/v2\/types\/post"}],"author":[{"embeddable":true,"href":"https:\/\/www.copealcoy.es\/es\/wp-json\/wp\/v2\/users\/1"}],"replies":[{"embeddable":true,"href":"https:\/\/www.copealcoy.es\/es\/wp-json\/wp\/v2\/comments?post=49251"}],"version-history":[{"count":0,"href":"https:\/\/www.copealcoy.es\/es\/wp-json\/wp\/v2\/posts\/49251\/revisions"}],"wp:featuredmedia":[{"embeddable":true,"href":"https:\/\/www.copealcoy.es\/es\/wp-json\/wp\/v2\/media\/49252"}],"wp:attachment":[{"href":"https:\/\/www.copealcoy.es\/es\/wp-json\/wp\/v2\/media?parent=49251"}],"wp:term":[{"taxonomy":"category","embeddable":true,"href":"https:\/\/www.copealcoy.es\/es\/wp-json\/wp\/v2\/categories?post=49251"},{"taxonomy":"post_tag","embeddable":true,"href":"https:\/\/www.copealcoy.es\/es\/wp-json\/wp\/v2\/tags?post=49251"}],"curies":[{"name":"wp","href":"https:\/\/api.w.org\/{rel}","templated":true}]}}