{"id":49221,"date":"2019-03-25T14:55:34","date_gmt":"2019-03-25T14:55:34","guid":{"rendered":"https:\/\/copealcoi.es\/?p=49221"},"modified":"2019-03-25T14:55:34","modified_gmt":"2019-03-25T14:55:34","slug":"el-serpis-inicia-el-ciclo-de-conciertos-de-exaltacion-a-la-musica-festera","status":"publish","type":"post","link":"https:\/\/www.copealcoy.es\/es\/el-serpis-inicia-el-ciclo-de-conciertos-de-exaltacion-a-la-musica-festera\/","title":{"rendered":"El Serpis inicia el ciclo de Conciertos de Exaltaci\u00f3n a la M\u00fasica Festera"},"content":{"rendered":"<p style=\"text-align: justify;\">La <strong>Agrupaci\u00f3n Musical El Serpis<\/strong> inici\u00f3 ayer el <strong>Ciclo de Conciertos de Exaltaci\u00f3n a la M\u00fasica Festera<\/strong>, un Certamen que <strong>anticipa la llegada<\/strong> de nuestras Fiestas de Moros y Cristianos en honor a San Jorge.<\/p>\n<p style=\"text-align: justify;\">La cita tuvo lugar en el <strong>Teatro Calder\u00f3n<\/strong>, bajo la direcci\u00f3n de <strong>Andr\u00e9s Guerrero Ma\u00f1as<\/strong>, y estuvo dividida en dos partes. En la <strong>primera<\/strong> los m\u00fasicos <strong>interpretaron<\/strong> el pasodoble\u00a0<em>Se\u00f1or\u00edo Espa\u00f1ol\u00a0<\/em>de Jos\u00e9 Alfosea Pastor, la marcha cristiana\u00a0<em>Aleluya\u00a0<\/em> de Amando Blanquer y la marcha \u00e1rabe\u00a0<em>La Canci\u00f3n del Harem\u00a0<\/em>de Camilo P\u00e9rez Laporta. Tambi\u00e9n <strong>sonaron<\/strong> el pasodoble\u00a0<em>Imatges\u00a0<\/em> de Pedro Joaqu\u00edn Franc\u00e9s, el paso contrabandista\u00a0<em>Afar Mos\u00e9m\u00a0<\/em>de Juan Carlos Sempere y la marcha mora\u00a0<em>\u00c9xodo.\u00a0<\/em>Ya en<strong> la segunda<\/strong> destacaron <strong>las interpretaciones<\/strong> del pasodoble\u00a0<em>A Mi Muro\u00a0<\/em>de Francisco Esteve Pastor,\u00a0la marcha cristiana\u00a0<em>Als Cristians<\/em> de Jos\u00e9 Mar\u00eda Valls Satorres y la marcha mora\u00a0<em>Un Moro Mud\u00e9jar<\/em> compuesta por Rafael Mullor Grau. Por \u00faltimo <strong>se pudieron escuchar<\/strong> el pasodoble\u00a0<em>El K&#8217;Sar el Yedid<\/em> de Camilo P\u00e9rez Monllor, la marcha cristiana\u00a0<em>Mai-Sabel\u00a0<\/em>de Francisco Valor y la marcha mora\u00a0<em>Cavall de Foc <\/em>de Jos\u00e9 Rafael Pascual.<\/p>\n<p class=\" tm_nativeauto aBigClassNameToAvoidCollisionInText\" style=\"text-align: justify;\">El concierto, como es habitual, finaliz\u00f3 con<strong> la interpretaci\u00f3n del Himno de Fiestas<\/strong>. La pr\u00f3xima entrega ser\u00e1 el pr\u00f3ximo <strong>domingo 31 de Marzo<\/strong> a partir de las 11:45 horas en el Teatro Calder\u00f3n e ir\u00e1 a cargo de la <strong>Societat Uni\u00f3 Musical d\u00b4Alcoi<\/strong>.<\/p>\n","protected":false},"excerpt":{"rendered":"<p>La Agrupaci\u00f3n Musical El Serpis inici\u00f3 ayer el Ciclo de Conciertos de Exaltaci\u00f3n a la M\u00fasica Festera, un Certamen que&#8230;<\/p>\n","protected":false},"author":1,"featured_media":49223,"comment_status":"open","ping_status":"open","sticky":false,"template":"","format":"standard","meta":{"footnotes":""},"categories":[97,78,75],"tags":[1072,1299,4907,291,700,8026],"class_list":["post-49221","post","type-post","status-publish","format-standard","has-post-thumbnail","hentry","category-alcoy","category-fiestaycultura","category-noticias","tag-ciclo","tag-conciertos","tag-exaltacion","tag-inicia","tag-musica-festera","tag-serpis"],"yoast_head":"<!-- This site is optimized with the Yoast SEO plugin v27.3 - https:\/\/yoast.com\/product\/yoast-seo-wordpress\/ -->\n<title>El Serpis inicia el ciclo de Conciertos de Exaltaci\u00f3n a la M\u00fasica Festera - COPE Alcoy<\/title>\n<meta name=\"robots\" content=\"index, follow, max-snippet:-1, max-image-preview:large, max-video-preview:-1\" \/>\n<link rel=\"canonical\" href=\"https:\/\/www.copealcoy.es\/es\/el-serpis-inicia-el-ciclo-de-conciertos-de-exaltacion-a-la-musica-festera\/\" \/>\n<meta property=\"og:locale\" content=\"es_ES\" \/>\n<meta property=\"og:type\" content=\"article\" \/>\n<meta property=\"og:title\" content=\"El Serpis inicia el ciclo de Conciertos de Exaltaci\u00f3n a la M\u00fasica Festera - COPE Alcoy\" \/>\n<meta property=\"og:description\" content=\"La Agrupaci\u00f3n Musical El Serpis inici\u00f3 ayer el Ciclo de Conciertos de Exaltaci\u00f3n a la M\u00fasica Festera, un Certamen que...\" \/>\n<meta property=\"og:url\" content=\"https:\/\/www.copealcoy.es\/es\/el-serpis-inicia-el-ciclo-de-conciertos-de-exaltacion-a-la-musica-festera\/\" \/>\n<meta property=\"og:site_name\" content=\"COPE Alcoy\" \/>\n<meta property=\"article:published_time\" content=\"2019-03-25T14:55:34+00:00\" \/>\n<meta property=\"og:image\" content=\"https:\/\/www.copealcoy.es\/wp-content\/uploads\/2019\/04\/55853864_3090325627660267_5947813987314827264_n-e1554130596276-1.jpg\" \/>\n\t<meta property=\"og:image:width\" content=\"871\" \/>\n\t<meta property=\"og:image:height\" content=\"511\" \/>\n\t<meta property=\"og:image:type\" content=\"image\/jpeg\" \/>\n<meta name=\"author\" content=\"Cope Alcoy\" \/>\n<meta name=\"twitter:label1\" content=\"Escrito por\" \/>\n\t<meta name=\"twitter:data1\" content=\"Cope Alcoy\" \/>\n\t<meta name=\"twitter:label2\" content=\"Tiempo de lectura\" \/>\n\t<meta name=\"twitter:data2\" content=\"1 minuto\" \/>\n<script type=\"application\/ld+json\" class=\"yoast-schema-graph\">{\"@context\":\"https:\\\/\\\/schema.org\",\"@graph\":[{\"@type\":\"Article\",\"@id\":\"https:\\\/\\\/www.copealcoy.es\\\/es\\\/el-serpis-inicia-el-ciclo-de-conciertos-de-exaltacion-a-la-musica-festera\\\/#article\",\"isPartOf\":{\"@id\":\"https:\\\/\\\/www.copealcoy.es\\\/es\\\/el-serpis-inicia-el-ciclo-de-conciertos-de-exaltacion-a-la-musica-festera\\\/\"},\"author\":{\"name\":\"Cope Alcoy\",\"@id\":\"https:\\\/\\\/www.copealcoy.es\\\/es\\\/#\\\/schema\\\/person\\\/e777c87fa024e57d40170af9df39882c\"},\"headline\":\"El Serpis inicia el ciclo de Conciertos de Exaltaci\u00f3n a la M\u00fasica Festera\",\"datePublished\":\"2019-03-25T14:55:34+00:00\",\"mainEntityOfPage\":{\"@id\":\"https:\\\/\\\/www.copealcoy.es\\\/es\\\/el-serpis-inicia-el-ciclo-de-conciertos-de-exaltacion-a-la-musica-festera\\\/\"},\"wordCount\":265,\"commentCount\":0,\"image\":{\"@id\":\"https:\\\/\\\/www.copealcoy.es\\\/es\\\/el-serpis-inicia-el-ciclo-de-conciertos-de-exaltacion-a-la-musica-festera\\\/#primaryimage\"},\"thumbnailUrl\":\"https:\\\/\\\/www.copealcoy.es\\\/wp-content\\\/uploads\\\/2019\\\/04\\\/55853864_3090325627660267_5947813987314827264_n-e1554130596276-1.jpg\",\"keywords\":[\"Ciclo\",\"conciertos\",\"Exaltaci\u00f3n\",\"Inicia\",\"M\u00fasica Festera\",\"Serpis\"],\"articleSection\":[\"Alcoy\",\"Fiesta y Cultura\",\"Noticias\"],\"inLanguage\":\"es\"},{\"@type\":\"WebPage\",\"@id\":\"https:\\\/\\\/www.copealcoy.es\\\/es\\\/el-serpis-inicia-el-ciclo-de-conciertos-de-exaltacion-a-la-musica-festera\\\/\",\"url\":\"https:\\\/\\\/www.copealcoy.es\\\/es\\\/el-serpis-inicia-el-ciclo-de-conciertos-de-exaltacion-a-la-musica-festera\\\/\",\"name\":\"El Serpis inicia el ciclo de Conciertos de Exaltaci\u00f3n a la M\u00fasica Festera - COPE Alcoy\",\"isPartOf\":{\"@id\":\"https:\\\/\\\/www.copealcoy.es\\\/es\\\/#website\"},\"primaryImageOfPage\":{\"@id\":\"https:\\\/\\\/www.copealcoy.es\\\/es\\\/el-serpis-inicia-el-ciclo-de-conciertos-de-exaltacion-a-la-musica-festera\\\/#primaryimage\"},\"image\":{\"@id\":\"https:\\\/\\\/www.copealcoy.es\\\/es\\\/el-serpis-inicia-el-ciclo-de-conciertos-de-exaltacion-a-la-musica-festera\\\/#primaryimage\"},\"thumbnailUrl\":\"https:\\\/\\\/www.copealcoy.es\\\/wp-content\\\/uploads\\\/2019\\\/04\\\/55853864_3090325627660267_5947813987314827264_n-e1554130596276-1.jpg\",\"datePublished\":\"2019-03-25T14:55:34+00:00\",\"author\":{\"@id\":\"https:\\\/\\\/www.copealcoy.es\\\/es\\\/#\\\/schema\\\/person\\\/e777c87fa024e57d40170af9df39882c\"},\"breadcrumb\":{\"@id\":\"https:\\\/\\\/www.copealcoy.es\\\/es\\\/el-serpis-inicia-el-ciclo-de-conciertos-de-exaltacion-a-la-musica-festera\\\/#breadcrumb\"},\"inLanguage\":\"es\",\"potentialAction\":[{\"@type\":\"ReadAction\",\"target\":[\"https:\\\/\\\/www.copealcoy.es\\\/es\\\/el-serpis-inicia-el-ciclo-de-conciertos-de-exaltacion-a-la-musica-festera\\\/\"]}]},{\"@type\":\"ImageObject\",\"inLanguage\":\"es\",\"@id\":\"https:\\\/\\\/www.copealcoy.es\\\/es\\\/el-serpis-inicia-el-ciclo-de-conciertos-de-exaltacion-a-la-musica-festera\\\/#primaryimage\",\"url\":\"https:\\\/\\\/www.copealcoy.es\\\/wp-content\\\/uploads\\\/2019\\\/04\\\/55853864_3090325627660267_5947813987314827264_n-e1554130596276-1.jpg\",\"contentUrl\":\"https:\\\/\\\/www.copealcoy.es\\\/wp-content\\\/uploads\\\/2019\\\/04\\\/55853864_3090325627660267_5947813987314827264_n-e1554130596276-1.jpg\",\"width\":871,\"height\":511,\"caption\":\"Un instante del concierto celebrado ayer \\\/ Foto: Ajuntament d'Alcoi\"},{\"@type\":\"BreadcrumbList\",\"@id\":\"https:\\\/\\\/www.copealcoy.es\\\/es\\\/el-serpis-inicia-el-ciclo-de-conciertos-de-exaltacion-a-la-musica-festera\\\/#breadcrumb\",\"itemListElement\":[{\"@type\":\"ListItem\",\"position\":1,\"name\":\"Portada\",\"item\":\"https:\\\/\\\/www.copealcoy.es\\\/es\\\/\"},{\"@type\":\"ListItem\",\"position\":2,\"name\":\"El Serpis inicia el ciclo de Conciertos de Exaltaci\u00f3n a la M\u00fasica Festera\"}]},{\"@type\":\"WebSite\",\"@id\":\"https:\\\/\\\/www.copealcoy.es\\\/es\\\/#website\",\"url\":\"https:\\\/\\\/www.copealcoy.es\\\/es\\\/\",\"name\":\"COPE Alcoy\",\"description\":\"Emisora COPE de radio local con emisi\u00f3n online. Pont de Sant Jordi 8-10 03803 Alcoy\",\"potentialAction\":[{\"@type\":\"SearchAction\",\"target\":{\"@type\":\"EntryPoint\",\"urlTemplate\":\"https:\\\/\\\/www.copealcoy.es\\\/es\\\/?s={search_term_string}\"},\"query-input\":{\"@type\":\"PropertyValueSpecification\",\"valueRequired\":true,\"valueName\":\"search_term_string\"}}],\"inLanguage\":\"es\"},{\"@type\":\"Person\",\"@id\":\"https:\\\/\\\/www.copealcoy.es\\\/es\\\/#\\\/schema\\\/person\\\/e777c87fa024e57d40170af9df39882c\",\"name\":\"Cope Alcoy\",\"image\":{\"@type\":\"ImageObject\",\"inLanguage\":\"es\",\"@id\":\"https:\\\/\\\/secure.gravatar.com\\\/avatar\\\/bb65d0283347e303893ba14f0692005417c1e0e690a325a4c5d8bb2b3943ee14?s=96&d=mm&r=g\",\"url\":\"https:\\\/\\\/secure.gravatar.com\\\/avatar\\\/bb65d0283347e303893ba14f0692005417c1e0e690a325a4c5d8bb2b3943ee14?s=96&d=mm&r=g\",\"contentUrl\":\"https:\\\/\\\/secure.gravatar.com\\\/avatar\\\/bb65d0283347e303893ba14f0692005417c1e0e690a325a4c5d8bb2b3943ee14?s=96&d=mm&r=g\",\"caption\":\"Cope Alcoy\"}}]}<\/script>\n<!-- \/ Yoast SEO plugin. -->","yoast_head_json":{"title":"El Serpis inicia el ciclo de Conciertos de Exaltaci\u00f3n a la M\u00fasica Festera - COPE Alcoy","robots":{"index":"index","follow":"follow","max-snippet":"max-snippet:-1","max-image-preview":"max-image-preview:large","max-video-preview":"max-video-preview:-1"},"canonical":"https:\/\/www.copealcoy.es\/es\/el-serpis-inicia-el-ciclo-de-conciertos-de-exaltacion-a-la-musica-festera\/","og_locale":"es_ES","og_type":"article","og_title":"El Serpis inicia el ciclo de Conciertos de Exaltaci\u00f3n a la M\u00fasica Festera - COPE Alcoy","og_description":"La Agrupaci\u00f3n Musical El Serpis inici\u00f3 ayer el Ciclo de Conciertos de Exaltaci\u00f3n a la M\u00fasica Festera, un Certamen que...","og_url":"https:\/\/www.copealcoy.es\/es\/el-serpis-inicia-el-ciclo-de-conciertos-de-exaltacion-a-la-musica-festera\/","og_site_name":"COPE Alcoy","article_published_time":"2019-03-25T14:55:34+00:00","og_image":[{"width":871,"height":511,"url":"https:\/\/www.copealcoy.es\/wp-content\/uploads\/2019\/04\/55853864_3090325627660267_5947813987314827264_n-e1554130596276-1.jpg","type":"image\/jpeg"}],"author":"Cope Alcoy","twitter_misc":{"Escrito por":"Cope Alcoy","Tiempo de lectura":"1 minuto"},"schema":{"@context":"https:\/\/schema.org","@graph":[{"@type":"Article","@id":"https:\/\/www.copealcoy.es\/es\/el-serpis-inicia-el-ciclo-de-conciertos-de-exaltacion-a-la-musica-festera\/#article","isPartOf":{"@id":"https:\/\/www.copealcoy.es\/es\/el-serpis-inicia-el-ciclo-de-conciertos-de-exaltacion-a-la-musica-festera\/"},"author":{"name":"Cope Alcoy","@id":"https:\/\/www.copealcoy.es\/es\/#\/schema\/person\/e777c87fa024e57d40170af9df39882c"},"headline":"El Serpis inicia el ciclo de Conciertos de Exaltaci\u00f3n a la M\u00fasica Festera","datePublished":"2019-03-25T14:55:34+00:00","mainEntityOfPage":{"@id":"https:\/\/www.copealcoy.es\/es\/el-serpis-inicia-el-ciclo-de-conciertos-de-exaltacion-a-la-musica-festera\/"},"wordCount":265,"commentCount":0,"image":{"@id":"https:\/\/www.copealcoy.es\/es\/el-serpis-inicia-el-ciclo-de-conciertos-de-exaltacion-a-la-musica-festera\/#primaryimage"},"thumbnailUrl":"https:\/\/www.copealcoy.es\/wp-content\/uploads\/2019\/04\/55853864_3090325627660267_5947813987314827264_n-e1554130596276-1.jpg","keywords":["Ciclo","conciertos","Exaltaci\u00f3n","Inicia","M\u00fasica Festera","Serpis"],"articleSection":["Alcoy","Fiesta y Cultura","Noticias"],"inLanguage":"es"},{"@type":"WebPage","@id":"https:\/\/www.copealcoy.es\/es\/el-serpis-inicia-el-ciclo-de-conciertos-de-exaltacion-a-la-musica-festera\/","url":"https:\/\/www.copealcoy.es\/es\/el-serpis-inicia-el-ciclo-de-conciertos-de-exaltacion-a-la-musica-festera\/","name":"El Serpis inicia el ciclo de Conciertos de Exaltaci\u00f3n a la M\u00fasica Festera - COPE Alcoy","isPartOf":{"@id":"https:\/\/www.copealcoy.es\/es\/#website"},"primaryImageOfPage":{"@id":"https:\/\/www.copealcoy.es\/es\/el-serpis-inicia-el-ciclo-de-conciertos-de-exaltacion-a-la-musica-festera\/#primaryimage"},"image":{"@id":"https:\/\/www.copealcoy.es\/es\/el-serpis-inicia-el-ciclo-de-conciertos-de-exaltacion-a-la-musica-festera\/#primaryimage"},"thumbnailUrl":"https:\/\/www.copealcoy.es\/wp-content\/uploads\/2019\/04\/55853864_3090325627660267_5947813987314827264_n-e1554130596276-1.jpg","datePublished":"2019-03-25T14:55:34+00:00","author":{"@id":"https:\/\/www.copealcoy.es\/es\/#\/schema\/person\/e777c87fa024e57d40170af9df39882c"},"breadcrumb":{"@id":"https:\/\/www.copealcoy.es\/es\/el-serpis-inicia-el-ciclo-de-conciertos-de-exaltacion-a-la-musica-festera\/#breadcrumb"},"inLanguage":"es","potentialAction":[{"@type":"ReadAction","target":["https:\/\/www.copealcoy.es\/es\/el-serpis-inicia-el-ciclo-de-conciertos-de-exaltacion-a-la-musica-festera\/"]}]},{"@type":"ImageObject","inLanguage":"es","@id":"https:\/\/www.copealcoy.es\/es\/el-serpis-inicia-el-ciclo-de-conciertos-de-exaltacion-a-la-musica-festera\/#primaryimage","url":"https:\/\/www.copealcoy.es\/wp-content\/uploads\/2019\/04\/55853864_3090325627660267_5947813987314827264_n-e1554130596276-1.jpg","contentUrl":"https:\/\/www.copealcoy.es\/wp-content\/uploads\/2019\/04\/55853864_3090325627660267_5947813987314827264_n-e1554130596276-1.jpg","width":871,"height":511,"caption":"Un instante del concierto celebrado ayer \/ Foto: Ajuntament d'Alcoi"},{"@type":"BreadcrumbList","@id":"https:\/\/www.copealcoy.es\/es\/el-serpis-inicia-el-ciclo-de-conciertos-de-exaltacion-a-la-musica-festera\/#breadcrumb","itemListElement":[{"@type":"ListItem","position":1,"name":"Portada","item":"https:\/\/www.copealcoy.es\/es\/"},{"@type":"ListItem","position":2,"name":"El Serpis inicia el ciclo de Conciertos de Exaltaci\u00f3n a la M\u00fasica Festera"}]},{"@type":"WebSite","@id":"https:\/\/www.copealcoy.es\/es\/#website","url":"https:\/\/www.copealcoy.es\/es\/","name":"COPE Alcoy","description":"Emisora COPE de radio local con emisi\u00f3n online. Pont de Sant Jordi 8-10 03803 Alcoy","potentialAction":[{"@type":"SearchAction","target":{"@type":"EntryPoint","urlTemplate":"https:\/\/www.copealcoy.es\/es\/?s={search_term_string}"},"query-input":{"@type":"PropertyValueSpecification","valueRequired":true,"valueName":"search_term_string"}}],"inLanguage":"es"},{"@type":"Person","@id":"https:\/\/www.copealcoy.es\/es\/#\/schema\/person\/e777c87fa024e57d40170af9df39882c","name":"Cope Alcoy","image":{"@type":"ImageObject","inLanguage":"es","@id":"https:\/\/secure.gravatar.com\/avatar\/bb65d0283347e303893ba14f0692005417c1e0e690a325a4c5d8bb2b3943ee14?s=96&d=mm&r=g","url":"https:\/\/secure.gravatar.com\/avatar\/bb65d0283347e303893ba14f0692005417c1e0e690a325a4c5d8bb2b3943ee14?s=96&d=mm&r=g","contentUrl":"https:\/\/secure.gravatar.com\/avatar\/bb65d0283347e303893ba14f0692005417c1e0e690a325a4c5d8bb2b3943ee14?s=96&d=mm&r=g","caption":"Cope Alcoy"}}]}},"_links":{"self":[{"href":"https:\/\/www.copealcoy.es\/es\/wp-json\/wp\/v2\/posts\/49221","targetHints":{"allow":["GET"]}}],"collection":[{"href":"https:\/\/www.copealcoy.es\/es\/wp-json\/wp\/v2\/posts"}],"about":[{"href":"https:\/\/www.copealcoy.es\/es\/wp-json\/wp\/v2\/types\/post"}],"author":[{"embeddable":true,"href":"https:\/\/www.copealcoy.es\/es\/wp-json\/wp\/v2\/users\/1"}],"replies":[{"embeddable":true,"href":"https:\/\/www.copealcoy.es\/es\/wp-json\/wp\/v2\/comments?post=49221"}],"version-history":[{"count":0,"href":"https:\/\/www.copealcoy.es\/es\/wp-json\/wp\/v2\/posts\/49221\/revisions"}],"wp:featuredmedia":[{"embeddable":true,"href":"https:\/\/www.copealcoy.es\/es\/wp-json\/wp\/v2\/media\/49223"}],"wp:attachment":[{"href":"https:\/\/www.copealcoy.es\/es\/wp-json\/wp\/v2\/media?parent=49221"}],"wp:term":[{"taxonomy":"category","embeddable":true,"href":"https:\/\/www.copealcoy.es\/es\/wp-json\/wp\/v2\/categories?post=49221"},{"taxonomy":"post_tag","embeddable":true,"href":"https:\/\/www.copealcoy.es\/es\/wp-json\/wp\/v2\/tags?post=49221"}],"curies":[{"name":"wp","href":"https:\/\/api.w.org\/{rel}","templated":true}]}}