{"id":49090,"date":"2019-03-20T14:14:45","date_gmt":"2019-03-20T14:14:45","guid":{"rendered":"https:\/\/copealcoi.es\/?p=49090"},"modified":"2019-03-20T14:14:45","modified_gmt":"2019-03-20T14:14:45","slug":"el-union-alcoyana-fs-cae-en-casa-frente-al-aspe","status":"publish","type":"post","link":"https:\/\/www.copealcoy.es\/es\/el-union-alcoyana-fs-cae-en-casa-frente-al-aspe\/","title":{"rendered":"El Uni\u00f3n Alcoyana FS cae en casa frente al Aspe"},"content":{"rendered":"<p style=\"text-align: justify;\">El pasado s\u00e1bado <strong>nuestro Uni\u00f3n Alcoyana FS recibi\u00f3 en casa al Aspe<\/strong>, <strong>pen\u00faltimo en la clasificaci\u00f3n<\/strong> pero que de bien seguro iba a venir con el <strong>cuchillo entre los dientes<\/strong> para llevarse los tres puntos.<span class=\"Apple-converted-space\">\u00a0<\/span><\/p>\n<p style=\"text-align: justify;\">Los nuestros, <strong>avisados ya del \u00faltimo partido contra el CFS Futsal Ibi \u201cB\u201d<\/strong> en el que a pesar de la victoria <strong>no realizaron un buen partido<\/strong>, intentaron <strong>sumar la segunda victoria consecutiva<\/strong> pero no puedo ser. El Aspe <strong>pas\u00f3 por encima de los nuestros<\/strong> con un contundente 0-6.<\/p>\n<p style=\"text-align: justify;\">De inicio <strong>los de David Peinado<\/strong> saltaron a la pista con: <strong>Carlos, David, Carmo, Mauro y Dako<\/strong>. Mientras en el <strong>banquillo<\/strong> esperaban: Vicente, Miguel, Rom\u00e1n, Carlos y Pepe.<\/p>\n<p style=\"text-align: justify;\">La <strong>falta de intensidad defensiva<\/strong> se vio desde un principio. El equipo <strong>volvi\u00f3 a salir dormido<\/strong> como el jueves ante los ibenses. Tarde o temprano <strong>se iba a reflejar<\/strong>\u00a0en el marcador. Pese a ello, los nuestros las tuvieron y probaron en <strong>varias ocasiones<\/strong> al portero antes del gol del Aspe en el 5\u2019. Una <strong>jugada individual<\/strong> en banda y <strong>un tiro cruzado<\/strong> que batir\u00eda por debajo a Carlos <strong>pondr\u00eda 0-1<\/strong>. El <strong>segundo<\/strong>, de nuevo de jugada individual tras un <strong>saque de banda (0-2 en el 8\u2019)<\/strong>. En ataque <strong>no se consegu\u00eda crear<\/strong> y en defensa <strong>tampoco se estaba expeditivo<\/strong>, es m\u00e1s, se daban muchas facilidades. En los siguientes minutos parec\u00eda que el equipo alcoyano <strong>se rehac\u00eda y volv\u00eda a recuperar el control<\/strong> del partido creando ocasiones que con infortunio<strong> no acababan en la red<\/strong> pero justo antes de acabar la primera mitad (19\u2019), en una presi\u00f3n alta que<strong> dejar\u00eda un uno contra uno en defensa<\/strong>, <strong>subir\u00eda el 0-3<\/strong> dejaba a los nuestros <strong>muy tocados<\/strong> camino de los vestuarios.<\/p>\n<p style=\"text-align: justify;\">La <strong>segunda mitad<\/strong> empezar\u00eda con <strong>claro dominio<\/strong> de los nuestros jugando en pista contraria. A los dos minutos <strong>Pepe dispondr\u00eda de una ocasi\u00f3n clara<\/strong> para <strong>recortar distancias<\/strong> pero su disparo <strong>fue rechazado<\/strong> por el portero. No hab\u00eda manera, <strong>la suerte no nos iba a acompa\u00f1ar<\/strong> y se reflej\u00f3 en el <strong>0-4 (23\u2019)<\/strong>. Una contra aspense <strong>ser\u00eda introducida en propia puerta<\/strong> tras ir al suelo en un pase al segundo palo. David Peinado decidi\u00f3 dar <strong>un cambio de rumbo<\/strong> con portero jugador y casi 10 minutos por delante pero <strong>la remontada no se producir\u00eda<\/strong> como en el partido del jueves ante la mayor experiencia de los de Aspe. Se dispuso de <strong>multitud de ocasiones<\/strong> pero todas ellas <strong>sin acierto<\/strong> en los metros finales. Fruto del riesgo que estaban corriendo <strong>llegaron el 0-5 y 0-6 de los visitantes<\/strong> con sendos disparos lejanos sin portero.<\/p>\n<p style=\"text-align: justify;\">Un <strong>partido nefasto<\/strong> para los nuestros que <strong>necesitaban los tres puntos<\/strong> para seguir sumando ante <strong>un rival de abajo<\/strong> y <strong>continuar coloc\u00e1ndose en mejor situaci\u00f3n en la tabla<\/strong> pero que se escap\u00f3 y que se debe olvidar cuanto antes ante <strong>la inminente visita al Mar Denia<\/strong>, segundo clasificado y claro aspirante al t\u00edtulo liguero.<\/p>\n<p style=\"text-align: justify;\">La jornada acab\u00f3 con los siguientes resultados: Calpe Futsal \u2013 CFS Mar Denia (3-6), CFS Castalla \u2013 Xaloc Alacant FS (7-1), CFS Racing Novelda \u2013 Dinamita Albatera (3-3), CFS Horadada \u2013 Futsal Ibi \u201cB\u201d (6-2), CD La Vila FS \u2013 CFS San Blas Sax (12-4) y <strong>CFS Irefrank Elche \u2013 Ye Faky FS (4-3)<\/strong>.<span class=\"Apple-converted-space\">\u00a0<\/span><\/p>\n","protected":false},"excerpt":{"rendered":"<p>El pasado s\u00e1bado nuestro Uni\u00f3n Alcoyana FS recibi\u00f3 en casa al Aspe, pen\u00faltimo en la clasificaci\u00f3n pero que de bien&#8230;<\/p>\n","protected":false},"author":1,"featured_media":49091,"comment_status":"open","ping_status":"open","sticky":false,"template":"","format":"standard","meta":{"footnotes":""},"categories":[97,92,75],"tags":[3567,3022,3284],"class_list":["post-49090","post","type-post","status-publish","format-standard","has-post-thumbnail","hentry","category-alcoy","category-deportes","category-noticias","tag-aspe","tag-cae","tag-union-alcoyana-fs"],"yoast_head":"<!-- This site is optimized with the Yoast SEO plugin v27.3 - https:\/\/yoast.com\/product\/yoast-seo-wordpress\/ -->\n<title>El Uni\u00f3n Alcoyana FS cae en casa frente al Aspe - COPE Alcoy<\/title>\n<meta name=\"robots\" content=\"index, follow, max-snippet:-1, max-image-preview:large, max-video-preview:-1\" \/>\n<link rel=\"canonical\" href=\"https:\/\/www.copealcoy.es\/es\/el-union-alcoyana-fs-cae-en-casa-frente-al-aspe\/\" \/>\n<meta property=\"og:locale\" content=\"es_ES\" \/>\n<meta property=\"og:type\" content=\"article\" \/>\n<meta property=\"og:title\" content=\"El Uni\u00f3n Alcoyana FS cae en casa frente al Aspe - COPE Alcoy\" \/>\n<meta property=\"og:description\" content=\"El pasado s\u00e1bado nuestro Uni\u00f3n Alcoyana FS recibi\u00f3 en casa al Aspe, pen\u00faltimo en la clasificaci\u00f3n pero que de bien...\" \/>\n<meta property=\"og:url\" content=\"https:\/\/www.copealcoy.es\/es\/el-union-alcoyana-fs-cae-en-casa-frente-al-aspe\/\" \/>\n<meta property=\"og:site_name\" content=\"COPE Alcoy\" \/>\n<meta property=\"article:published_time\" content=\"2019-03-20T14:14:45+00:00\" \/>\n<meta property=\"og:image\" content=\"https:\/\/www.copealcoy.es\/wp-content\/uploads\/2019\/03\/PSTFotografia-160319-0032.jpg\" \/>\n\t<meta property=\"og:image:width\" content=\"1438\" \/>\n\t<meta property=\"og:image:height\" content=\"960\" \/>\n\t<meta property=\"og:image:type\" content=\"image\/jpeg\" \/>\n<meta name=\"author\" content=\"Cope Alcoy\" \/>\n<meta name=\"twitter:label1\" content=\"Escrito por\" \/>\n\t<meta name=\"twitter:data1\" content=\"Cope Alcoy\" \/>\n\t<meta name=\"twitter:label2\" content=\"Tiempo de lectura\" \/>\n\t<meta name=\"twitter:data2\" content=\"3 minutos\" \/>\n<script type=\"application\/ld+json\" class=\"yoast-schema-graph\">{\"@context\":\"https:\\\/\\\/schema.org\",\"@graph\":[{\"@type\":\"Article\",\"@id\":\"https:\\\/\\\/www.copealcoy.es\\\/es\\\/el-union-alcoyana-fs-cae-en-casa-frente-al-aspe\\\/#article\",\"isPartOf\":{\"@id\":\"https:\\\/\\\/www.copealcoy.es\\\/es\\\/el-union-alcoyana-fs-cae-en-casa-frente-al-aspe\\\/\"},\"author\":{\"name\":\"Cope Alcoy\",\"@id\":\"https:\\\/\\\/www.copealcoy.es\\\/es\\\/#\\\/schema\\\/person\\\/e777c87fa024e57d40170af9df39882c\"},\"headline\":\"El Uni\u00f3n Alcoyana FS cae en casa frente al Aspe\",\"datePublished\":\"2019-03-20T14:14:45+00:00\",\"mainEntityOfPage\":{\"@id\":\"https:\\\/\\\/www.copealcoy.es\\\/es\\\/el-union-alcoyana-fs-cae-en-casa-frente-al-aspe\\\/\"},\"wordCount\":555,\"commentCount\":0,\"image\":{\"@id\":\"https:\\\/\\\/www.copealcoy.es\\\/es\\\/el-union-alcoyana-fs-cae-en-casa-frente-al-aspe\\\/#primaryimage\"},\"thumbnailUrl\":\"https:\\\/\\\/www.copealcoy.es\\\/wp-content\\\/uploads\\\/2019\\\/03\\\/PSTFotografia-160319-0032.jpg\",\"keywords\":[\"Aspe\",\"cae\",\"Uni\u00f3n Alcoyana FS\"],\"articleSection\":[\"Alcoy\",\"Deportes\",\"Noticias\"],\"inLanguage\":\"es\"},{\"@type\":\"WebPage\",\"@id\":\"https:\\\/\\\/www.copealcoy.es\\\/es\\\/el-union-alcoyana-fs-cae-en-casa-frente-al-aspe\\\/\",\"url\":\"https:\\\/\\\/www.copealcoy.es\\\/es\\\/el-union-alcoyana-fs-cae-en-casa-frente-al-aspe\\\/\",\"name\":\"El Uni\u00f3n Alcoyana FS cae en casa frente al Aspe - COPE Alcoy\",\"isPartOf\":{\"@id\":\"https:\\\/\\\/www.copealcoy.es\\\/es\\\/#website\"},\"primaryImageOfPage\":{\"@id\":\"https:\\\/\\\/www.copealcoy.es\\\/es\\\/el-union-alcoyana-fs-cae-en-casa-frente-al-aspe\\\/#primaryimage\"},\"image\":{\"@id\":\"https:\\\/\\\/www.copealcoy.es\\\/es\\\/el-union-alcoyana-fs-cae-en-casa-frente-al-aspe\\\/#primaryimage\"},\"thumbnailUrl\":\"https:\\\/\\\/www.copealcoy.es\\\/wp-content\\\/uploads\\\/2019\\\/03\\\/PSTFotografia-160319-0032.jpg\",\"datePublished\":\"2019-03-20T14:14:45+00:00\",\"author\":{\"@id\":\"https:\\\/\\\/www.copealcoy.es\\\/es\\\/#\\\/schema\\\/person\\\/e777c87fa024e57d40170af9df39882c\"},\"breadcrumb\":{\"@id\":\"https:\\\/\\\/www.copealcoy.es\\\/es\\\/el-union-alcoyana-fs-cae-en-casa-frente-al-aspe\\\/#breadcrumb\"},\"inLanguage\":\"es\",\"potentialAction\":[{\"@type\":\"ReadAction\",\"target\":[\"https:\\\/\\\/www.copealcoy.es\\\/es\\\/el-union-alcoyana-fs-cae-en-casa-frente-al-aspe\\\/\"]}]},{\"@type\":\"ImageObject\",\"inLanguage\":\"es\",\"@id\":\"https:\\\/\\\/www.copealcoy.es\\\/es\\\/el-union-alcoyana-fs-cae-en-casa-frente-al-aspe\\\/#primaryimage\",\"url\":\"https:\\\/\\\/www.copealcoy.es\\\/wp-content\\\/uploads\\\/2019\\\/03\\\/PSTFotografia-160319-0032.jpg\",\"contentUrl\":\"https:\\\/\\\/www.copealcoy.es\\\/wp-content\\\/uploads\\\/2019\\\/03\\\/PSTFotografia-160319-0032.jpg\",\"width\":1438,\"height\":960,\"caption\":\"Imagen del partido disputado el pasado s\u00e1bado \\\/ Foto: PST Fotograf\u00eda\"},{\"@type\":\"BreadcrumbList\",\"@id\":\"https:\\\/\\\/www.copealcoy.es\\\/es\\\/el-union-alcoyana-fs-cae-en-casa-frente-al-aspe\\\/#breadcrumb\",\"itemListElement\":[{\"@type\":\"ListItem\",\"position\":1,\"name\":\"Portada\",\"item\":\"https:\\\/\\\/www.copealcoy.es\\\/es\\\/\"},{\"@type\":\"ListItem\",\"position\":2,\"name\":\"El Uni\u00f3n Alcoyana FS cae en casa frente al Aspe\"}]},{\"@type\":\"WebSite\",\"@id\":\"https:\\\/\\\/www.copealcoy.es\\\/es\\\/#website\",\"url\":\"https:\\\/\\\/www.copealcoy.es\\\/es\\\/\",\"name\":\"COPE Alcoy\",\"description\":\"Emisora COPE de radio local con emisi\u00f3n online. Pont de Sant Jordi 8-10 03803 Alcoy\",\"potentialAction\":[{\"@type\":\"SearchAction\",\"target\":{\"@type\":\"EntryPoint\",\"urlTemplate\":\"https:\\\/\\\/www.copealcoy.es\\\/es\\\/?s={search_term_string}\"},\"query-input\":{\"@type\":\"PropertyValueSpecification\",\"valueRequired\":true,\"valueName\":\"search_term_string\"}}],\"inLanguage\":\"es\"},{\"@type\":\"Person\",\"@id\":\"https:\\\/\\\/www.copealcoy.es\\\/es\\\/#\\\/schema\\\/person\\\/e777c87fa024e57d40170af9df39882c\",\"name\":\"Cope Alcoy\",\"image\":{\"@type\":\"ImageObject\",\"inLanguage\":\"es\",\"@id\":\"https:\\\/\\\/secure.gravatar.com\\\/avatar\\\/bb65d0283347e303893ba14f0692005417c1e0e690a325a4c5d8bb2b3943ee14?s=96&d=mm&r=g\",\"url\":\"https:\\\/\\\/secure.gravatar.com\\\/avatar\\\/bb65d0283347e303893ba14f0692005417c1e0e690a325a4c5d8bb2b3943ee14?s=96&d=mm&r=g\",\"contentUrl\":\"https:\\\/\\\/secure.gravatar.com\\\/avatar\\\/bb65d0283347e303893ba14f0692005417c1e0e690a325a4c5d8bb2b3943ee14?s=96&d=mm&r=g\",\"caption\":\"Cope Alcoy\"}}]}<\/script>\n<!-- \/ Yoast SEO plugin. -->","yoast_head_json":{"title":"El Uni\u00f3n Alcoyana FS cae en casa frente al Aspe - COPE Alcoy","robots":{"index":"index","follow":"follow","max-snippet":"max-snippet:-1","max-image-preview":"max-image-preview:large","max-video-preview":"max-video-preview:-1"},"canonical":"https:\/\/www.copealcoy.es\/es\/el-union-alcoyana-fs-cae-en-casa-frente-al-aspe\/","og_locale":"es_ES","og_type":"article","og_title":"El Uni\u00f3n Alcoyana FS cae en casa frente al Aspe - COPE Alcoy","og_description":"El pasado s\u00e1bado nuestro Uni\u00f3n Alcoyana FS recibi\u00f3 en casa al Aspe, pen\u00faltimo en la clasificaci\u00f3n pero que de bien...","og_url":"https:\/\/www.copealcoy.es\/es\/el-union-alcoyana-fs-cae-en-casa-frente-al-aspe\/","og_site_name":"COPE Alcoy","article_published_time":"2019-03-20T14:14:45+00:00","og_image":[{"width":1438,"height":960,"url":"https:\/\/www.copealcoy.es\/wp-content\/uploads\/2019\/03\/PSTFotografia-160319-0032.jpg","type":"image\/jpeg"}],"author":"Cope Alcoy","twitter_misc":{"Escrito por":"Cope Alcoy","Tiempo de lectura":"3 minutos"},"schema":{"@context":"https:\/\/schema.org","@graph":[{"@type":"Article","@id":"https:\/\/www.copealcoy.es\/es\/el-union-alcoyana-fs-cae-en-casa-frente-al-aspe\/#article","isPartOf":{"@id":"https:\/\/www.copealcoy.es\/es\/el-union-alcoyana-fs-cae-en-casa-frente-al-aspe\/"},"author":{"name":"Cope Alcoy","@id":"https:\/\/www.copealcoy.es\/es\/#\/schema\/person\/e777c87fa024e57d40170af9df39882c"},"headline":"El Uni\u00f3n Alcoyana FS cae en casa frente al Aspe","datePublished":"2019-03-20T14:14:45+00:00","mainEntityOfPage":{"@id":"https:\/\/www.copealcoy.es\/es\/el-union-alcoyana-fs-cae-en-casa-frente-al-aspe\/"},"wordCount":555,"commentCount":0,"image":{"@id":"https:\/\/www.copealcoy.es\/es\/el-union-alcoyana-fs-cae-en-casa-frente-al-aspe\/#primaryimage"},"thumbnailUrl":"https:\/\/www.copealcoy.es\/wp-content\/uploads\/2019\/03\/PSTFotografia-160319-0032.jpg","keywords":["Aspe","cae","Uni\u00f3n Alcoyana FS"],"articleSection":["Alcoy","Deportes","Noticias"],"inLanguage":"es"},{"@type":"WebPage","@id":"https:\/\/www.copealcoy.es\/es\/el-union-alcoyana-fs-cae-en-casa-frente-al-aspe\/","url":"https:\/\/www.copealcoy.es\/es\/el-union-alcoyana-fs-cae-en-casa-frente-al-aspe\/","name":"El Uni\u00f3n Alcoyana FS cae en casa frente al Aspe - COPE Alcoy","isPartOf":{"@id":"https:\/\/www.copealcoy.es\/es\/#website"},"primaryImageOfPage":{"@id":"https:\/\/www.copealcoy.es\/es\/el-union-alcoyana-fs-cae-en-casa-frente-al-aspe\/#primaryimage"},"image":{"@id":"https:\/\/www.copealcoy.es\/es\/el-union-alcoyana-fs-cae-en-casa-frente-al-aspe\/#primaryimage"},"thumbnailUrl":"https:\/\/www.copealcoy.es\/wp-content\/uploads\/2019\/03\/PSTFotografia-160319-0032.jpg","datePublished":"2019-03-20T14:14:45+00:00","author":{"@id":"https:\/\/www.copealcoy.es\/es\/#\/schema\/person\/e777c87fa024e57d40170af9df39882c"},"breadcrumb":{"@id":"https:\/\/www.copealcoy.es\/es\/el-union-alcoyana-fs-cae-en-casa-frente-al-aspe\/#breadcrumb"},"inLanguage":"es","potentialAction":[{"@type":"ReadAction","target":["https:\/\/www.copealcoy.es\/es\/el-union-alcoyana-fs-cae-en-casa-frente-al-aspe\/"]}]},{"@type":"ImageObject","inLanguage":"es","@id":"https:\/\/www.copealcoy.es\/es\/el-union-alcoyana-fs-cae-en-casa-frente-al-aspe\/#primaryimage","url":"https:\/\/www.copealcoy.es\/wp-content\/uploads\/2019\/03\/PSTFotografia-160319-0032.jpg","contentUrl":"https:\/\/www.copealcoy.es\/wp-content\/uploads\/2019\/03\/PSTFotografia-160319-0032.jpg","width":1438,"height":960,"caption":"Imagen del partido disputado el pasado s\u00e1bado \/ Foto: PST Fotograf\u00eda"},{"@type":"BreadcrumbList","@id":"https:\/\/www.copealcoy.es\/es\/el-union-alcoyana-fs-cae-en-casa-frente-al-aspe\/#breadcrumb","itemListElement":[{"@type":"ListItem","position":1,"name":"Portada","item":"https:\/\/www.copealcoy.es\/es\/"},{"@type":"ListItem","position":2,"name":"El Uni\u00f3n Alcoyana FS cae en casa frente al Aspe"}]},{"@type":"WebSite","@id":"https:\/\/www.copealcoy.es\/es\/#website","url":"https:\/\/www.copealcoy.es\/es\/","name":"COPE Alcoy","description":"Emisora COPE de radio local con emisi\u00f3n online. Pont de Sant Jordi 8-10 03803 Alcoy","potentialAction":[{"@type":"SearchAction","target":{"@type":"EntryPoint","urlTemplate":"https:\/\/www.copealcoy.es\/es\/?s={search_term_string}"},"query-input":{"@type":"PropertyValueSpecification","valueRequired":true,"valueName":"search_term_string"}}],"inLanguage":"es"},{"@type":"Person","@id":"https:\/\/www.copealcoy.es\/es\/#\/schema\/person\/e777c87fa024e57d40170af9df39882c","name":"Cope Alcoy","image":{"@type":"ImageObject","inLanguage":"es","@id":"https:\/\/secure.gravatar.com\/avatar\/bb65d0283347e303893ba14f0692005417c1e0e690a325a4c5d8bb2b3943ee14?s=96&d=mm&r=g","url":"https:\/\/secure.gravatar.com\/avatar\/bb65d0283347e303893ba14f0692005417c1e0e690a325a4c5d8bb2b3943ee14?s=96&d=mm&r=g","contentUrl":"https:\/\/secure.gravatar.com\/avatar\/bb65d0283347e303893ba14f0692005417c1e0e690a325a4c5d8bb2b3943ee14?s=96&d=mm&r=g","caption":"Cope Alcoy"}}]}},"_links":{"self":[{"href":"https:\/\/www.copealcoy.es\/es\/wp-json\/wp\/v2\/posts\/49090","targetHints":{"allow":["GET"]}}],"collection":[{"href":"https:\/\/www.copealcoy.es\/es\/wp-json\/wp\/v2\/posts"}],"about":[{"href":"https:\/\/www.copealcoy.es\/es\/wp-json\/wp\/v2\/types\/post"}],"author":[{"embeddable":true,"href":"https:\/\/www.copealcoy.es\/es\/wp-json\/wp\/v2\/users\/1"}],"replies":[{"embeddable":true,"href":"https:\/\/www.copealcoy.es\/es\/wp-json\/wp\/v2\/comments?post=49090"}],"version-history":[{"count":0,"href":"https:\/\/www.copealcoy.es\/es\/wp-json\/wp\/v2\/posts\/49090\/revisions"}],"wp:featuredmedia":[{"embeddable":true,"href":"https:\/\/www.copealcoy.es\/es\/wp-json\/wp\/v2\/media\/49091"}],"wp:attachment":[{"href":"https:\/\/www.copealcoy.es\/es\/wp-json\/wp\/v2\/media?parent=49090"}],"wp:term":[{"taxonomy":"category","embeddable":true,"href":"https:\/\/www.copealcoy.es\/es\/wp-json\/wp\/v2\/categories?post=49090"},{"taxonomy":"post_tag","embeddable":true,"href":"https:\/\/www.copealcoy.es\/es\/wp-json\/wp\/v2\/tags?post=49090"}],"curies":[{"name":"wp","href":"https:\/\/api.w.org\/{rel}","templated":true}]}}