{"id":49086,"date":"2019-03-15T11:58:03","date_gmt":"2019-03-15T11:58:03","guid":{"rendered":"https:\/\/copealcoi.es\/?p=49086"},"modified":"2019-03-15T11:58:03","modified_gmt":"2019-03-15T11:58:03","slug":"el-union-alcoyana-fs-vence-al-futsal-ibi-por-4-3","status":"publish","type":"post","link":"https:\/\/www.copealcoy.es\/es\/el-union-alcoyana-fs-vence-al-futsal-ibi-por-4-3\/","title":{"rendered":"El Uni\u00f3n Alcoyana FS vence al Futsal Ibi por 4-3"},"content":{"rendered":"<p style=\"text-align: justify;\">Ayer jueves se disput\u00f3 en el <strong>Pabell\u00f3n A del Francisco Laporta<\/strong> el <strong>partido aplazado<\/strong> correspondiente a <strong>la jornada 17<\/strong> de liga.<span class=\"Apple-converted-space\">\u00a0<\/span><\/p>\n<p style=\"text-align: justify;\">El rival, <strong>el CFS Futsal Ibi \u201cB\u201d<\/strong>, colista de la categor\u00eda y que ya hab\u00eda ganado al conjunto alcoyano en su casa, <strong>vino con la intenci\u00f3n de sacar los 3 puntos<\/strong> y cerca estuvieron de conseguirlo. Un <strong>mal partido<\/strong> de los alcoyanos casi les cuesta <strong>la victoria<\/strong> en un encuentro que <strong>tuvieron que remontar al Ibi<\/strong> que lleg\u00f3 a estar con dos goles de ventaja.<\/p>\n<p style=\"text-align: justify;\">El <strong>quinteto inicial<\/strong> que plante\u00f3 David Peinado lo formaron <strong>Carlos, I\u00f1aki, Miguel, Carmona y David<\/strong>; mientras <strong>en el banquillo<\/strong> esperaban Dani, Dako, Mauro, Vicente, Carlos y Pepe. Fueron baja Nacho y Rom\u00e1n.<\/p>\n<p style=\"text-align: justify;\">El partido empez\u00f3 con <strong>dominio y acercamientos del conjunto alcoyano<\/strong> y con <strong>un filial ibense<\/strong> que esperaba atr\u00e1s. Con el paso de los minutos los visitantes, ayer de blanco, <strong>se estiraban y creaban<\/strong> mucho peligro. Los nuestros <strong>eran muy imprecisos<\/strong> y <strong>provocaban clar\u00edsimas contras<\/strong> hac\u00eda la puerta celeste pero <strong>un imperial Carlos<\/strong> consegu\u00eda desbaratar todo lo que se le acercaba. A pesar de eso, <strong>los nuestros tambi\u00e9n consegu\u00edan llegar<\/strong> pero tambi\u00e9n sin \u00e9xito. Parec\u00eda que se iba a llegar al descanso <strong>sin goles<\/strong> pero la estrateg\u00eda <strong>rompi\u00f3<\/strong> el pron\u00f3stico. Una falta al borde del \u00e1rea sacada por Miguel <strong>provocaba<\/strong> que Vicen pudiera golpear duro y batir por abajo al meta visitante. Nos \u00edbamos al descanso <strong>arriba en el marcador<\/strong> pero con la <strong>sensaci\u00f3n agria<\/strong> de que el equipo visitante nos hab\u00eda creado demasiado peligro.<\/p>\n<p style=\"text-align: justify;\">Si la <strong>segunda mitad<\/strong> ten\u00eda que suponer <strong>un cambio<\/strong>\u00a0de rumbo en el Uni\u00f3n Alcoyana FS m\u00e1s bien <strong>fue todo lo contrario<\/strong>. Sali\u00f3 dormido y en cinco minutos, <strong>el Futsal Ibi \u201cB\u201d, no s\u00f3lo hab\u00edan empatado el partido sino que hab\u00edan dado la vuelta al marcador (1-2 en el 25\u2019)<\/strong>. El primero de penalti y el segundo en una p\u00e9rdida tras sacar de centro. Tras el duro golpe parec\u00eda que <strong>hab\u00eda una peque\u00f1a reacci\u00f3n<\/strong> por parte del conjunto celeste pero <strong>en el 30\u2019 llegar\u00eda el 1-3<\/strong> con un pase al segundo palo. Quedaban <strong>poco m\u00e1s de 6 minutos<\/strong> y <strong>David Peinado decidi\u00f3 cambiar la din\u00e1mica<\/strong> y empezar a jugar de 5. El resultado <strong>fue excelente<\/strong>. Se creaba en cada combinaci\u00f3n y <strong>Vicente 35\u2019 firmaba el 2-3<\/strong> que llenaba de esperanzas al equipo. Quedaba mucho y se consigui\u00f3. En el 37\u2019 un pase dirigido al segundo palo desde la esquina lo empujaba dentro un rival <strong>al intentar despejar<\/strong>. <strong>3-3 y quedaba tiempo para completar el desaf\u00edo<\/strong>. El gol no se hizo esperar ni un minuto. En el 38\u2019, nuestro capit\u00e1n <strong>Mauro<\/strong> consegu\u00eda <strong>el gol que a la postre nos dar\u00eda la victoria y los 3 puntos<\/strong>.<\/p>\n<p style=\"text-align: justify;\">Mal partido de los nuestros en l\u00edneas generales pero <strong>victoria important\u00edsima<\/strong> que, con poco tiempo de reacci\u00f3n, <strong>debe hacernos reflexionar de cara al inminente partido<\/strong> del s\u00e1bado en casa ante Aspe (17:30h).<\/p>\n","protected":false},"excerpt":{"rendered":"<p>Ayer jueves se disput\u00f3 en el Pabell\u00f3n A del Francisco Laporta el partido aplazado correspondiente a la jornada 17 de&#8230;<\/p>\n","protected":false},"author":1,"featured_media":49087,"comment_status":"open","ping_status":"open","sticky":false,"template":"","format":"standard","meta":{"footnotes":""},"categories":[97,92,75],"tags":[3853,3284,6835],"class_list":["post-49086","post","type-post","status-publish","format-standard","has-post-thumbnail","hentry","category-alcoy","category-deportes","category-noticias","tag-futsal-ibi","tag-union-alcoyana-fs","tag-vence"],"yoast_head":"<!-- This site is optimized with the Yoast SEO plugin v27.3 - https:\/\/yoast.com\/product\/yoast-seo-wordpress\/ -->\n<title>El Uni\u00f3n Alcoyana FS vence al Futsal Ibi por 4-3 - COPE Alcoy<\/title>\n<meta name=\"robots\" content=\"index, follow, max-snippet:-1, max-image-preview:large, max-video-preview:-1\" \/>\n<link rel=\"canonical\" href=\"https:\/\/www.copealcoy.es\/es\/el-union-alcoyana-fs-vence-al-futsal-ibi-por-4-3\/\" \/>\n<meta property=\"og:locale\" content=\"es_ES\" \/>\n<meta property=\"og:type\" content=\"article\" \/>\n<meta property=\"og:title\" content=\"El Uni\u00f3n Alcoyana FS vence al Futsal Ibi por 4-3 - COPE Alcoy\" \/>\n<meta property=\"og:description\" content=\"Ayer jueves se disput\u00f3 en el Pabell\u00f3n A del Francisco Laporta el partido aplazado correspondiente a la jornada 17 de...\" \/>\n<meta property=\"og:url\" content=\"https:\/\/www.copealcoy.es\/es\/el-union-alcoyana-fs-vence-al-futsal-ibi-por-4-3\/\" \/>\n<meta property=\"og:site_name\" content=\"COPE Alcoy\" \/>\n<meta property=\"article:published_time\" content=\"2019-03-15T11:58:03+00:00\" \/>\n<meta property=\"og:image\" content=\"https:\/\/www.copealcoy.es\/wp-content\/uploads\/2019\/03\/IMG_6534-1.png\" \/>\n\t<meta property=\"og:image:width\" content=\"1334\" \/>\n\t<meta property=\"og:image:height\" content=\"750\" \/>\n\t<meta property=\"og:image:type\" content=\"image\/png\" \/>\n<meta name=\"author\" content=\"Cope Alcoy\" \/>\n<meta name=\"twitter:label1\" content=\"Escrito por\" \/>\n\t<meta name=\"twitter:data1\" content=\"Cope Alcoy\" \/>\n\t<meta name=\"twitter:label2\" content=\"Tiempo de lectura\" \/>\n\t<meta name=\"twitter:data2\" content=\"3 minutos\" \/>\n<script type=\"application\/ld+json\" class=\"yoast-schema-graph\">{\"@context\":\"https:\\\/\\\/schema.org\",\"@graph\":[{\"@type\":\"Article\",\"@id\":\"https:\\\/\\\/www.copealcoy.es\\\/es\\\/el-union-alcoyana-fs-vence-al-futsal-ibi-por-4-3\\\/#article\",\"isPartOf\":{\"@id\":\"https:\\\/\\\/www.copealcoy.es\\\/es\\\/el-union-alcoyana-fs-vence-al-futsal-ibi-por-4-3\\\/\"},\"author\":{\"name\":\"Cope Alcoy\",\"@id\":\"https:\\\/\\\/www.copealcoy.es\\\/es\\\/#\\\/schema\\\/person\\\/e777c87fa024e57d40170af9df39882c\"},\"headline\":\"El Uni\u00f3n Alcoyana FS vence al Futsal Ibi por 4-3\",\"datePublished\":\"2019-03-15T11:58:03+00:00\",\"mainEntityOfPage\":{\"@id\":\"https:\\\/\\\/www.copealcoy.es\\\/es\\\/el-union-alcoyana-fs-vence-al-futsal-ibi-por-4-3\\\/\"},\"wordCount\":521,\"commentCount\":0,\"image\":{\"@id\":\"https:\\\/\\\/www.copealcoy.es\\\/es\\\/el-union-alcoyana-fs-vence-al-futsal-ibi-por-4-3\\\/#primaryimage\"},\"thumbnailUrl\":\"https:\\\/\\\/www.copealcoy.es\\\/wp-content\\\/uploads\\\/2019\\\/03\\\/IMG_6534-1.png\",\"keywords\":[\"Futsal Ibi\",\"Uni\u00f3n Alcoyana FS\",\"vence\"],\"articleSection\":[\"Alcoy\",\"Deportes\",\"Noticias\"],\"inLanguage\":\"es\"},{\"@type\":\"WebPage\",\"@id\":\"https:\\\/\\\/www.copealcoy.es\\\/es\\\/el-union-alcoyana-fs-vence-al-futsal-ibi-por-4-3\\\/\",\"url\":\"https:\\\/\\\/www.copealcoy.es\\\/es\\\/el-union-alcoyana-fs-vence-al-futsal-ibi-por-4-3\\\/\",\"name\":\"El Uni\u00f3n Alcoyana FS vence al Futsal Ibi por 4-3 - COPE Alcoy\",\"isPartOf\":{\"@id\":\"https:\\\/\\\/www.copealcoy.es\\\/es\\\/#website\"},\"primaryImageOfPage\":{\"@id\":\"https:\\\/\\\/www.copealcoy.es\\\/es\\\/el-union-alcoyana-fs-vence-al-futsal-ibi-por-4-3\\\/#primaryimage\"},\"image\":{\"@id\":\"https:\\\/\\\/www.copealcoy.es\\\/es\\\/el-union-alcoyana-fs-vence-al-futsal-ibi-por-4-3\\\/#primaryimage\"},\"thumbnailUrl\":\"https:\\\/\\\/www.copealcoy.es\\\/wp-content\\\/uploads\\\/2019\\\/03\\\/IMG_6534-1.png\",\"datePublished\":\"2019-03-15T11:58:03+00:00\",\"author\":{\"@id\":\"https:\\\/\\\/www.copealcoy.es\\\/es\\\/#\\\/schema\\\/person\\\/e777c87fa024e57d40170af9df39882c\"},\"breadcrumb\":{\"@id\":\"https:\\\/\\\/www.copealcoy.es\\\/es\\\/el-union-alcoyana-fs-vence-al-futsal-ibi-por-4-3\\\/#breadcrumb\"},\"inLanguage\":\"es\",\"potentialAction\":[{\"@type\":\"ReadAction\",\"target\":[\"https:\\\/\\\/www.copealcoy.es\\\/es\\\/el-union-alcoyana-fs-vence-al-futsal-ibi-por-4-3\\\/\"]}]},{\"@type\":\"ImageObject\",\"inLanguage\":\"es\",\"@id\":\"https:\\\/\\\/www.copealcoy.es\\\/es\\\/el-union-alcoyana-fs-vence-al-futsal-ibi-por-4-3\\\/#primaryimage\",\"url\":\"https:\\\/\\\/www.copealcoy.es\\\/wp-content\\\/uploads\\\/2019\\\/03\\\/IMG_6534-1.png\",\"contentUrl\":\"https:\\\/\\\/www.copealcoy.es\\\/wp-content\\\/uploads\\\/2019\\\/03\\\/IMG_6534-1.png\",\"width\":1334,\"height\":750,\"caption\":\"Una imagen del partido disputado ayer \\\/ Foto: PSt Fotograf\u00eda\"},{\"@type\":\"BreadcrumbList\",\"@id\":\"https:\\\/\\\/www.copealcoy.es\\\/es\\\/el-union-alcoyana-fs-vence-al-futsal-ibi-por-4-3\\\/#breadcrumb\",\"itemListElement\":[{\"@type\":\"ListItem\",\"position\":1,\"name\":\"Portada\",\"item\":\"https:\\\/\\\/www.copealcoy.es\\\/es\\\/\"},{\"@type\":\"ListItem\",\"position\":2,\"name\":\"El Uni\u00f3n Alcoyana FS vence al Futsal Ibi por 4-3\"}]},{\"@type\":\"WebSite\",\"@id\":\"https:\\\/\\\/www.copealcoy.es\\\/es\\\/#website\",\"url\":\"https:\\\/\\\/www.copealcoy.es\\\/es\\\/\",\"name\":\"COPE Alcoy\",\"description\":\"Emisora COPE de radio local con emisi\u00f3n online. Pont de Sant Jordi 8-10 03803 Alcoy\",\"potentialAction\":[{\"@type\":\"SearchAction\",\"target\":{\"@type\":\"EntryPoint\",\"urlTemplate\":\"https:\\\/\\\/www.copealcoy.es\\\/es\\\/?s={search_term_string}\"},\"query-input\":{\"@type\":\"PropertyValueSpecification\",\"valueRequired\":true,\"valueName\":\"search_term_string\"}}],\"inLanguage\":\"es\"},{\"@type\":\"Person\",\"@id\":\"https:\\\/\\\/www.copealcoy.es\\\/es\\\/#\\\/schema\\\/person\\\/e777c87fa024e57d40170af9df39882c\",\"name\":\"Cope Alcoy\",\"image\":{\"@type\":\"ImageObject\",\"inLanguage\":\"es\",\"@id\":\"https:\\\/\\\/secure.gravatar.com\\\/avatar\\\/bb65d0283347e303893ba14f0692005417c1e0e690a325a4c5d8bb2b3943ee14?s=96&d=mm&r=g\",\"url\":\"https:\\\/\\\/secure.gravatar.com\\\/avatar\\\/bb65d0283347e303893ba14f0692005417c1e0e690a325a4c5d8bb2b3943ee14?s=96&d=mm&r=g\",\"contentUrl\":\"https:\\\/\\\/secure.gravatar.com\\\/avatar\\\/bb65d0283347e303893ba14f0692005417c1e0e690a325a4c5d8bb2b3943ee14?s=96&d=mm&r=g\",\"caption\":\"Cope Alcoy\"}}]}<\/script>\n<!-- \/ Yoast SEO plugin. -->","yoast_head_json":{"title":"El Uni\u00f3n Alcoyana FS vence al Futsal Ibi por 4-3 - COPE Alcoy","robots":{"index":"index","follow":"follow","max-snippet":"max-snippet:-1","max-image-preview":"max-image-preview:large","max-video-preview":"max-video-preview:-1"},"canonical":"https:\/\/www.copealcoy.es\/es\/el-union-alcoyana-fs-vence-al-futsal-ibi-por-4-3\/","og_locale":"es_ES","og_type":"article","og_title":"El Uni\u00f3n Alcoyana FS vence al Futsal Ibi por 4-3 - COPE Alcoy","og_description":"Ayer jueves se disput\u00f3 en el Pabell\u00f3n A del Francisco Laporta el partido aplazado correspondiente a la jornada 17 de...","og_url":"https:\/\/www.copealcoy.es\/es\/el-union-alcoyana-fs-vence-al-futsal-ibi-por-4-3\/","og_site_name":"COPE Alcoy","article_published_time":"2019-03-15T11:58:03+00:00","og_image":[{"width":1334,"height":750,"url":"https:\/\/www.copealcoy.es\/wp-content\/uploads\/2019\/03\/IMG_6534-1.png","type":"image\/png"}],"author":"Cope Alcoy","twitter_misc":{"Escrito por":"Cope Alcoy","Tiempo de lectura":"3 minutos"},"schema":{"@context":"https:\/\/schema.org","@graph":[{"@type":"Article","@id":"https:\/\/www.copealcoy.es\/es\/el-union-alcoyana-fs-vence-al-futsal-ibi-por-4-3\/#article","isPartOf":{"@id":"https:\/\/www.copealcoy.es\/es\/el-union-alcoyana-fs-vence-al-futsal-ibi-por-4-3\/"},"author":{"name":"Cope Alcoy","@id":"https:\/\/www.copealcoy.es\/es\/#\/schema\/person\/e777c87fa024e57d40170af9df39882c"},"headline":"El Uni\u00f3n Alcoyana FS vence al Futsal Ibi por 4-3","datePublished":"2019-03-15T11:58:03+00:00","mainEntityOfPage":{"@id":"https:\/\/www.copealcoy.es\/es\/el-union-alcoyana-fs-vence-al-futsal-ibi-por-4-3\/"},"wordCount":521,"commentCount":0,"image":{"@id":"https:\/\/www.copealcoy.es\/es\/el-union-alcoyana-fs-vence-al-futsal-ibi-por-4-3\/#primaryimage"},"thumbnailUrl":"https:\/\/www.copealcoy.es\/wp-content\/uploads\/2019\/03\/IMG_6534-1.png","keywords":["Futsal Ibi","Uni\u00f3n Alcoyana FS","vence"],"articleSection":["Alcoy","Deportes","Noticias"],"inLanguage":"es"},{"@type":"WebPage","@id":"https:\/\/www.copealcoy.es\/es\/el-union-alcoyana-fs-vence-al-futsal-ibi-por-4-3\/","url":"https:\/\/www.copealcoy.es\/es\/el-union-alcoyana-fs-vence-al-futsal-ibi-por-4-3\/","name":"El Uni\u00f3n Alcoyana FS vence al Futsal Ibi por 4-3 - COPE Alcoy","isPartOf":{"@id":"https:\/\/www.copealcoy.es\/es\/#website"},"primaryImageOfPage":{"@id":"https:\/\/www.copealcoy.es\/es\/el-union-alcoyana-fs-vence-al-futsal-ibi-por-4-3\/#primaryimage"},"image":{"@id":"https:\/\/www.copealcoy.es\/es\/el-union-alcoyana-fs-vence-al-futsal-ibi-por-4-3\/#primaryimage"},"thumbnailUrl":"https:\/\/www.copealcoy.es\/wp-content\/uploads\/2019\/03\/IMG_6534-1.png","datePublished":"2019-03-15T11:58:03+00:00","author":{"@id":"https:\/\/www.copealcoy.es\/es\/#\/schema\/person\/e777c87fa024e57d40170af9df39882c"},"breadcrumb":{"@id":"https:\/\/www.copealcoy.es\/es\/el-union-alcoyana-fs-vence-al-futsal-ibi-por-4-3\/#breadcrumb"},"inLanguage":"es","potentialAction":[{"@type":"ReadAction","target":["https:\/\/www.copealcoy.es\/es\/el-union-alcoyana-fs-vence-al-futsal-ibi-por-4-3\/"]}]},{"@type":"ImageObject","inLanguage":"es","@id":"https:\/\/www.copealcoy.es\/es\/el-union-alcoyana-fs-vence-al-futsal-ibi-por-4-3\/#primaryimage","url":"https:\/\/www.copealcoy.es\/wp-content\/uploads\/2019\/03\/IMG_6534-1.png","contentUrl":"https:\/\/www.copealcoy.es\/wp-content\/uploads\/2019\/03\/IMG_6534-1.png","width":1334,"height":750,"caption":"Una imagen del partido disputado ayer \/ Foto: PSt Fotograf\u00eda"},{"@type":"BreadcrumbList","@id":"https:\/\/www.copealcoy.es\/es\/el-union-alcoyana-fs-vence-al-futsal-ibi-por-4-3\/#breadcrumb","itemListElement":[{"@type":"ListItem","position":1,"name":"Portada","item":"https:\/\/www.copealcoy.es\/es\/"},{"@type":"ListItem","position":2,"name":"El Uni\u00f3n Alcoyana FS vence al Futsal Ibi por 4-3"}]},{"@type":"WebSite","@id":"https:\/\/www.copealcoy.es\/es\/#website","url":"https:\/\/www.copealcoy.es\/es\/","name":"COPE Alcoy","description":"Emisora COPE de radio local con emisi\u00f3n online. Pont de Sant Jordi 8-10 03803 Alcoy","potentialAction":[{"@type":"SearchAction","target":{"@type":"EntryPoint","urlTemplate":"https:\/\/www.copealcoy.es\/es\/?s={search_term_string}"},"query-input":{"@type":"PropertyValueSpecification","valueRequired":true,"valueName":"search_term_string"}}],"inLanguage":"es"},{"@type":"Person","@id":"https:\/\/www.copealcoy.es\/es\/#\/schema\/person\/e777c87fa024e57d40170af9df39882c","name":"Cope Alcoy","image":{"@type":"ImageObject","inLanguage":"es","@id":"https:\/\/secure.gravatar.com\/avatar\/bb65d0283347e303893ba14f0692005417c1e0e690a325a4c5d8bb2b3943ee14?s=96&d=mm&r=g","url":"https:\/\/secure.gravatar.com\/avatar\/bb65d0283347e303893ba14f0692005417c1e0e690a325a4c5d8bb2b3943ee14?s=96&d=mm&r=g","contentUrl":"https:\/\/secure.gravatar.com\/avatar\/bb65d0283347e303893ba14f0692005417c1e0e690a325a4c5d8bb2b3943ee14?s=96&d=mm&r=g","caption":"Cope Alcoy"}}]}},"_links":{"self":[{"href":"https:\/\/www.copealcoy.es\/es\/wp-json\/wp\/v2\/posts\/49086","targetHints":{"allow":["GET"]}}],"collection":[{"href":"https:\/\/www.copealcoy.es\/es\/wp-json\/wp\/v2\/posts"}],"about":[{"href":"https:\/\/www.copealcoy.es\/es\/wp-json\/wp\/v2\/types\/post"}],"author":[{"embeddable":true,"href":"https:\/\/www.copealcoy.es\/es\/wp-json\/wp\/v2\/users\/1"}],"replies":[{"embeddable":true,"href":"https:\/\/www.copealcoy.es\/es\/wp-json\/wp\/v2\/comments?post=49086"}],"version-history":[{"count":0,"href":"https:\/\/www.copealcoy.es\/es\/wp-json\/wp\/v2\/posts\/49086\/revisions"}],"wp:featuredmedia":[{"embeddable":true,"href":"https:\/\/www.copealcoy.es\/es\/wp-json\/wp\/v2\/media\/49087"}],"wp:attachment":[{"href":"https:\/\/www.copealcoy.es\/es\/wp-json\/wp\/v2\/media?parent=49086"}],"wp:term":[{"taxonomy":"category","embeddable":true,"href":"https:\/\/www.copealcoy.es\/es\/wp-json\/wp\/v2\/categories?post=49086"},{"taxonomy":"post_tag","embeddable":true,"href":"https:\/\/www.copealcoy.es\/es\/wp-json\/wp\/v2\/tags?post=49086"}],"curies":[{"name":"wp","href":"https:\/\/api.w.org\/{rel}","templated":true}]}}