{"id":49038,"date":"2019-03-15T22:52:30","date_gmt":"2019-03-15T22:52:30","guid":{"rendered":"https:\/\/copealcoi.es\/?p=49038"},"modified":"2019-03-15T22:52:30","modified_gmt":"2019-03-15T22:52:30","slug":"alcoy-invierte-en-la-mejora-de-sus-zonas-humedas","status":"publish","type":"post","link":"https:\/\/www.copealcoy.es\/es\/alcoy-invierte-en-la-mejora-de-sus-zonas-humedas\/","title":{"rendered":"Alcoy invierte en la mejora de sus zonas h\u00famedas"},"content":{"rendered":"<p style=\"text-align: justify;\">El <strong>Ayuntamiento de Alcoy<\/strong> ha invertido <strong>m\u00e1s de 80.000 euros<\/strong> para la <strong>mejora de varias zonas h\u00famedas<\/strong> de la ciudad.<\/p>\n<p style=\"text-align: justify;\">La actuaci\u00f3n ha afectado <strong>al estanque de Buidaoli<\/strong> donde se ha hecho la construcci\u00f3n del colector para desviar aguas residuales contaminantes y la construcci\u00f3n del sistema de oxigenaci\u00f3n de agua. Tambi\u00e9n se han mejorado los accesos a la zona del <strong>Barranquet de Soler<\/strong>. En <strong>Serelles<\/strong>, las mejoras se han centrado en la reconstrucci\u00f3n del muro de la balsa y la reparaci\u00f3n de la conducci\u00f3n de agua de la fuente a la balsa. Por \u00faltimo en <strong>la fuente del Xorrador<\/strong> se ha realizado la reposici\u00f3n de la conducci\u00f3n de la citada fuente a la balsa.<\/p>\n<p style=\"text-align: justify;\">El edil de Medio Ambiente, <strong>Jordi Mart\u00ednez<\/strong>, destaca <strong>la importancia de estos espacios<\/strong> en la <strong>adecuaci\u00f3n general de la ciudad<\/strong> <em>&#8220;mejorar estas zonas donde se acumula agua nos ayuda, por un lado, a mejorar el aspecto de la ciudad ante los alcoyanos que disfrutan de estos espacios naturales y, por otro, tambi\u00e9n frente a los turistas que nos visitan buscando rutas naturales. El agua da vida y crea relajaci\u00f3n pero, tambi\u00e9n mejora la imagen global del espacio donde se encuentra<\/em>&#8220;, afirma.<\/p>\n<p style=\"text-align: justify;\">La propuesta <strong>fue la tercera m\u00e1s votada dentro de la campa\u00f1a de los Presupuestos Participativos del 2018<\/strong> y se suma a las <strong>actuaciones realizadas recientemente<\/strong> para recuperar diversas fuentes ornamentales de Alcoy.<\/p>\n","protected":false},"excerpt":{"rendered":"<p>El Ayuntamiento de Alcoy ha invertido m\u00e1s de 80.000 euros para la mejora de varias zonas h\u00famedas de la ciudad&#8230;.<\/p>\n","protected":false},"author":1,"featured_media":49039,"comment_status":"open","ping_status":"open","sticky":false,"template":"","format":"standard","meta":{"footnotes":""},"categories":[97,75,125],"tags":[1494,1182,139,8419],"class_list":["post-49038","post","type-post","status-publish","format-standard","has-post-thumbnail","hentry","category-alcoy","category-noticias","category-portada","tag-alcoy","tag-invierte","tag-mejora","tag-zonas-humedas"],"yoast_head":"<!-- This site is optimized with the Yoast SEO plugin v27.3 - https:\/\/yoast.com\/product\/yoast-seo-wordpress\/ -->\n<title>Alcoy invierte en la mejora de sus zonas h\u00famedas - COPE Alcoy<\/title>\n<meta name=\"robots\" content=\"index, follow, max-snippet:-1, max-image-preview:large, max-video-preview:-1\" \/>\n<link rel=\"canonical\" href=\"https:\/\/www.copealcoy.es\/es\/alcoy-invierte-en-la-mejora-de-sus-zonas-humedas\/\" \/>\n<meta property=\"og:locale\" content=\"es_ES\" \/>\n<meta property=\"og:type\" content=\"article\" \/>\n<meta property=\"og:title\" content=\"Alcoy invierte en la mejora de sus zonas h\u00famedas - COPE Alcoy\" \/>\n<meta property=\"og:description\" content=\"El Ayuntamiento de Alcoy ha invertido m\u00e1s de 80.000 euros para la mejora de varias zonas h\u00famedas de la ciudad....\" \/>\n<meta property=\"og:url\" content=\"https:\/\/www.copealcoy.es\/es\/alcoy-invierte-en-la-mejora-de-sus-zonas-humedas\/\" \/>\n<meta property=\"og:site_name\" content=\"COPE Alcoy\" \/>\n<meta property=\"article:published_time\" content=\"2019-03-15T22:52:30+00:00\" \/>\n<meta property=\"og:image\" content=\"https:\/\/www.copealcoy.es\/wp-content\/uploads\/2019\/03\/8344_zonas-humedas-1.jpg\" \/>\n\t<meta property=\"og:image:width\" content=\"980\" \/>\n\t<meta property=\"og:image:height\" content=\"551\" \/>\n\t<meta property=\"og:image:type\" content=\"image\/jpeg\" \/>\n<meta name=\"author\" content=\"Cope Alcoy\" \/>\n<meta name=\"twitter:label1\" content=\"Escrito por\" \/>\n\t<meta name=\"twitter:data1\" content=\"Cope Alcoy\" \/>\n\t<meta name=\"twitter:label2\" content=\"Tiempo de lectura\" \/>\n\t<meta name=\"twitter:data2\" content=\"1 minuto\" \/>\n<script type=\"application\/ld+json\" class=\"yoast-schema-graph\">{\"@context\":\"https:\\\/\\\/schema.org\",\"@graph\":[{\"@type\":\"Article\",\"@id\":\"https:\\\/\\\/www.copealcoy.es\\\/es\\\/alcoy-invierte-en-la-mejora-de-sus-zonas-humedas\\\/#article\",\"isPartOf\":{\"@id\":\"https:\\\/\\\/www.copealcoy.es\\\/es\\\/alcoy-invierte-en-la-mejora-de-sus-zonas-humedas\\\/\"},\"author\":{\"name\":\"Cope Alcoy\",\"@id\":\"https:\\\/\\\/www.copealcoy.es\\\/es\\\/#\\\/schema\\\/person\\\/e777c87fa024e57d40170af9df39882c\"},\"headline\":\"Alcoy invierte en la mejora de sus zonas h\u00famedas\",\"datePublished\":\"2019-03-15T22:52:30+00:00\",\"mainEntityOfPage\":{\"@id\":\"https:\\\/\\\/www.copealcoy.es\\\/es\\\/alcoy-invierte-en-la-mejora-de-sus-zonas-humedas\\\/\"},\"wordCount\":254,\"commentCount\":0,\"image\":{\"@id\":\"https:\\\/\\\/www.copealcoy.es\\\/es\\\/alcoy-invierte-en-la-mejora-de-sus-zonas-humedas\\\/#primaryimage\"},\"thumbnailUrl\":\"https:\\\/\\\/www.copealcoy.es\\\/wp-content\\\/uploads\\\/2019\\\/03\\\/8344_zonas-humedas-1.jpg\",\"keywords\":[\"Alcoy\",\"invierte\",\"Mejora\",\"zonas h\u00famedas\"],\"articleSection\":[\"Alcoy\",\"Noticias\",\"Portada\"],\"inLanguage\":\"es\"},{\"@type\":\"WebPage\",\"@id\":\"https:\\\/\\\/www.copealcoy.es\\\/es\\\/alcoy-invierte-en-la-mejora-de-sus-zonas-humedas\\\/\",\"url\":\"https:\\\/\\\/www.copealcoy.es\\\/es\\\/alcoy-invierte-en-la-mejora-de-sus-zonas-humedas\\\/\",\"name\":\"Alcoy invierte en la mejora de sus zonas h\u00famedas - COPE Alcoy\",\"isPartOf\":{\"@id\":\"https:\\\/\\\/www.copealcoy.es\\\/es\\\/#website\"},\"primaryImageOfPage\":{\"@id\":\"https:\\\/\\\/www.copealcoy.es\\\/es\\\/alcoy-invierte-en-la-mejora-de-sus-zonas-humedas\\\/#primaryimage\"},\"image\":{\"@id\":\"https:\\\/\\\/www.copealcoy.es\\\/es\\\/alcoy-invierte-en-la-mejora-de-sus-zonas-humedas\\\/#primaryimage\"},\"thumbnailUrl\":\"https:\\\/\\\/www.copealcoy.es\\\/wp-content\\\/uploads\\\/2019\\\/03\\\/8344_zonas-humedas-1.jpg\",\"datePublished\":\"2019-03-15T22:52:30+00:00\",\"author\":{\"@id\":\"https:\\\/\\\/www.copealcoy.es\\\/es\\\/#\\\/schema\\\/person\\\/e777c87fa024e57d40170af9df39882c\"},\"breadcrumb\":{\"@id\":\"https:\\\/\\\/www.copealcoy.es\\\/es\\\/alcoy-invierte-en-la-mejora-de-sus-zonas-humedas\\\/#breadcrumb\"},\"inLanguage\":\"es\",\"potentialAction\":[{\"@type\":\"ReadAction\",\"target\":[\"https:\\\/\\\/www.copealcoy.es\\\/es\\\/alcoy-invierte-en-la-mejora-de-sus-zonas-humedas\\\/\"]}]},{\"@type\":\"ImageObject\",\"inLanguage\":\"es\",\"@id\":\"https:\\\/\\\/www.copealcoy.es\\\/es\\\/alcoy-invierte-en-la-mejora-de-sus-zonas-humedas\\\/#primaryimage\",\"url\":\"https:\\\/\\\/www.copealcoy.es\\\/wp-content\\\/uploads\\\/2019\\\/03\\\/8344_zonas-humedas-1.jpg\",\"contentUrl\":\"https:\\\/\\\/www.copealcoy.es\\\/wp-content\\\/uploads\\\/2019\\\/03\\\/8344_zonas-humedas-1.jpg\",\"width\":980,\"height\":551},{\"@type\":\"BreadcrumbList\",\"@id\":\"https:\\\/\\\/www.copealcoy.es\\\/es\\\/alcoy-invierte-en-la-mejora-de-sus-zonas-humedas\\\/#breadcrumb\",\"itemListElement\":[{\"@type\":\"ListItem\",\"position\":1,\"name\":\"Portada\",\"item\":\"https:\\\/\\\/www.copealcoy.es\\\/es\\\/\"},{\"@type\":\"ListItem\",\"position\":2,\"name\":\"Alcoy invierte en la mejora de sus zonas h\u00famedas\"}]},{\"@type\":\"WebSite\",\"@id\":\"https:\\\/\\\/www.copealcoy.es\\\/es\\\/#website\",\"url\":\"https:\\\/\\\/www.copealcoy.es\\\/es\\\/\",\"name\":\"COPE Alcoy\",\"description\":\"Emisora COPE de radio local con emisi\u00f3n online. Pont de Sant Jordi 8-10 03803 Alcoy\",\"potentialAction\":[{\"@type\":\"SearchAction\",\"target\":{\"@type\":\"EntryPoint\",\"urlTemplate\":\"https:\\\/\\\/www.copealcoy.es\\\/es\\\/?s={search_term_string}\"},\"query-input\":{\"@type\":\"PropertyValueSpecification\",\"valueRequired\":true,\"valueName\":\"search_term_string\"}}],\"inLanguage\":\"es\"},{\"@type\":\"Person\",\"@id\":\"https:\\\/\\\/www.copealcoy.es\\\/es\\\/#\\\/schema\\\/person\\\/e777c87fa024e57d40170af9df39882c\",\"name\":\"Cope Alcoy\",\"image\":{\"@type\":\"ImageObject\",\"inLanguage\":\"es\",\"@id\":\"https:\\\/\\\/secure.gravatar.com\\\/avatar\\\/bb65d0283347e303893ba14f0692005417c1e0e690a325a4c5d8bb2b3943ee14?s=96&d=mm&r=g\",\"url\":\"https:\\\/\\\/secure.gravatar.com\\\/avatar\\\/bb65d0283347e303893ba14f0692005417c1e0e690a325a4c5d8bb2b3943ee14?s=96&d=mm&r=g\",\"contentUrl\":\"https:\\\/\\\/secure.gravatar.com\\\/avatar\\\/bb65d0283347e303893ba14f0692005417c1e0e690a325a4c5d8bb2b3943ee14?s=96&d=mm&r=g\",\"caption\":\"Cope Alcoy\"}}]}<\/script>\n<!-- \/ Yoast SEO plugin. -->","yoast_head_json":{"title":"Alcoy invierte en la mejora de sus zonas h\u00famedas - COPE Alcoy","robots":{"index":"index","follow":"follow","max-snippet":"max-snippet:-1","max-image-preview":"max-image-preview:large","max-video-preview":"max-video-preview:-1"},"canonical":"https:\/\/www.copealcoy.es\/es\/alcoy-invierte-en-la-mejora-de-sus-zonas-humedas\/","og_locale":"es_ES","og_type":"article","og_title":"Alcoy invierte en la mejora de sus zonas h\u00famedas - COPE Alcoy","og_description":"El Ayuntamiento de Alcoy ha invertido m\u00e1s de 80.000 euros para la mejora de varias zonas h\u00famedas de la ciudad....","og_url":"https:\/\/www.copealcoy.es\/es\/alcoy-invierte-en-la-mejora-de-sus-zonas-humedas\/","og_site_name":"COPE Alcoy","article_published_time":"2019-03-15T22:52:30+00:00","og_image":[{"width":980,"height":551,"url":"https:\/\/www.copealcoy.es\/wp-content\/uploads\/2019\/03\/8344_zonas-humedas-1.jpg","type":"image\/jpeg"}],"author":"Cope Alcoy","twitter_misc":{"Escrito por":"Cope Alcoy","Tiempo de lectura":"1 minuto"},"schema":{"@context":"https:\/\/schema.org","@graph":[{"@type":"Article","@id":"https:\/\/www.copealcoy.es\/es\/alcoy-invierte-en-la-mejora-de-sus-zonas-humedas\/#article","isPartOf":{"@id":"https:\/\/www.copealcoy.es\/es\/alcoy-invierte-en-la-mejora-de-sus-zonas-humedas\/"},"author":{"name":"Cope Alcoy","@id":"https:\/\/www.copealcoy.es\/es\/#\/schema\/person\/e777c87fa024e57d40170af9df39882c"},"headline":"Alcoy invierte en la mejora de sus zonas h\u00famedas","datePublished":"2019-03-15T22:52:30+00:00","mainEntityOfPage":{"@id":"https:\/\/www.copealcoy.es\/es\/alcoy-invierte-en-la-mejora-de-sus-zonas-humedas\/"},"wordCount":254,"commentCount":0,"image":{"@id":"https:\/\/www.copealcoy.es\/es\/alcoy-invierte-en-la-mejora-de-sus-zonas-humedas\/#primaryimage"},"thumbnailUrl":"https:\/\/www.copealcoy.es\/wp-content\/uploads\/2019\/03\/8344_zonas-humedas-1.jpg","keywords":["Alcoy","invierte","Mejora","zonas h\u00famedas"],"articleSection":["Alcoy","Noticias","Portada"],"inLanguage":"es"},{"@type":"WebPage","@id":"https:\/\/www.copealcoy.es\/es\/alcoy-invierte-en-la-mejora-de-sus-zonas-humedas\/","url":"https:\/\/www.copealcoy.es\/es\/alcoy-invierte-en-la-mejora-de-sus-zonas-humedas\/","name":"Alcoy invierte en la mejora de sus zonas h\u00famedas - COPE Alcoy","isPartOf":{"@id":"https:\/\/www.copealcoy.es\/es\/#website"},"primaryImageOfPage":{"@id":"https:\/\/www.copealcoy.es\/es\/alcoy-invierte-en-la-mejora-de-sus-zonas-humedas\/#primaryimage"},"image":{"@id":"https:\/\/www.copealcoy.es\/es\/alcoy-invierte-en-la-mejora-de-sus-zonas-humedas\/#primaryimage"},"thumbnailUrl":"https:\/\/www.copealcoy.es\/wp-content\/uploads\/2019\/03\/8344_zonas-humedas-1.jpg","datePublished":"2019-03-15T22:52:30+00:00","author":{"@id":"https:\/\/www.copealcoy.es\/es\/#\/schema\/person\/e777c87fa024e57d40170af9df39882c"},"breadcrumb":{"@id":"https:\/\/www.copealcoy.es\/es\/alcoy-invierte-en-la-mejora-de-sus-zonas-humedas\/#breadcrumb"},"inLanguage":"es","potentialAction":[{"@type":"ReadAction","target":["https:\/\/www.copealcoy.es\/es\/alcoy-invierte-en-la-mejora-de-sus-zonas-humedas\/"]}]},{"@type":"ImageObject","inLanguage":"es","@id":"https:\/\/www.copealcoy.es\/es\/alcoy-invierte-en-la-mejora-de-sus-zonas-humedas\/#primaryimage","url":"https:\/\/www.copealcoy.es\/wp-content\/uploads\/2019\/03\/8344_zonas-humedas-1.jpg","contentUrl":"https:\/\/www.copealcoy.es\/wp-content\/uploads\/2019\/03\/8344_zonas-humedas-1.jpg","width":980,"height":551},{"@type":"BreadcrumbList","@id":"https:\/\/www.copealcoy.es\/es\/alcoy-invierte-en-la-mejora-de-sus-zonas-humedas\/#breadcrumb","itemListElement":[{"@type":"ListItem","position":1,"name":"Portada","item":"https:\/\/www.copealcoy.es\/es\/"},{"@type":"ListItem","position":2,"name":"Alcoy invierte en la mejora de sus zonas h\u00famedas"}]},{"@type":"WebSite","@id":"https:\/\/www.copealcoy.es\/es\/#website","url":"https:\/\/www.copealcoy.es\/es\/","name":"COPE Alcoy","description":"Emisora COPE de radio local con emisi\u00f3n online. Pont de Sant Jordi 8-10 03803 Alcoy","potentialAction":[{"@type":"SearchAction","target":{"@type":"EntryPoint","urlTemplate":"https:\/\/www.copealcoy.es\/es\/?s={search_term_string}"},"query-input":{"@type":"PropertyValueSpecification","valueRequired":true,"valueName":"search_term_string"}}],"inLanguage":"es"},{"@type":"Person","@id":"https:\/\/www.copealcoy.es\/es\/#\/schema\/person\/e777c87fa024e57d40170af9df39882c","name":"Cope Alcoy","image":{"@type":"ImageObject","inLanguage":"es","@id":"https:\/\/secure.gravatar.com\/avatar\/bb65d0283347e303893ba14f0692005417c1e0e690a325a4c5d8bb2b3943ee14?s=96&d=mm&r=g","url":"https:\/\/secure.gravatar.com\/avatar\/bb65d0283347e303893ba14f0692005417c1e0e690a325a4c5d8bb2b3943ee14?s=96&d=mm&r=g","contentUrl":"https:\/\/secure.gravatar.com\/avatar\/bb65d0283347e303893ba14f0692005417c1e0e690a325a4c5d8bb2b3943ee14?s=96&d=mm&r=g","caption":"Cope Alcoy"}}]}},"_links":{"self":[{"href":"https:\/\/www.copealcoy.es\/es\/wp-json\/wp\/v2\/posts\/49038","targetHints":{"allow":["GET"]}}],"collection":[{"href":"https:\/\/www.copealcoy.es\/es\/wp-json\/wp\/v2\/posts"}],"about":[{"href":"https:\/\/www.copealcoy.es\/es\/wp-json\/wp\/v2\/types\/post"}],"author":[{"embeddable":true,"href":"https:\/\/www.copealcoy.es\/es\/wp-json\/wp\/v2\/users\/1"}],"replies":[{"embeddable":true,"href":"https:\/\/www.copealcoy.es\/es\/wp-json\/wp\/v2\/comments?post=49038"}],"version-history":[{"count":0,"href":"https:\/\/www.copealcoy.es\/es\/wp-json\/wp\/v2\/posts\/49038\/revisions"}],"wp:featuredmedia":[{"embeddable":true,"href":"https:\/\/www.copealcoy.es\/es\/wp-json\/wp\/v2\/media\/49039"}],"wp:attachment":[{"href":"https:\/\/www.copealcoy.es\/es\/wp-json\/wp\/v2\/media?parent=49038"}],"wp:term":[{"taxonomy":"category","embeddable":true,"href":"https:\/\/www.copealcoy.es\/es\/wp-json\/wp\/v2\/categories?post=49038"},{"taxonomy":"post_tag","embeddable":true,"href":"https:\/\/www.copealcoy.es\/es\/wp-json\/wp\/v2\/tags?post=49038"}],"curies":[{"name":"wp","href":"https:\/\/api.w.org\/{rel}","templated":true}]}}