{"id":49003,"date":"2019-03-28T21:39:32","date_gmt":"2019-03-28T21:39:32","guid":{"rendered":"https:\/\/copealcoi.es\/?p=49003"},"modified":"2019-03-28T21:39:32","modified_gmt":"2019-03-28T21:39:32","slug":"licitan-las-obras-del-centro-de-interpretacion-del-molinar","status":"publish","type":"post","link":"https:\/\/www.copealcoy.es\/es\/licitan-las-obras-del-centro-de-interpretacion-del-molinar\/","title":{"rendered":"Licitan las obras del Centro de Interpretaci\u00f3n del Molinar"},"content":{"rendered":"<p style=\"text-align: justify;\">El <strong>Ayuntamiento de Alcoy<\/strong> ha licitado <strong>las obras<\/strong> de la <strong>primera fase<\/strong> del proyecto que permitir\u00e1 <strong>convertir las f\u00e1bricas de primeras aguas<\/strong> del Molinar en un <strong>Centro de Interpretaci\u00f3n de la Industria Valenciana<\/strong>. El proyecto ha sido redactado por el arquitecto alcoyano, <strong>Ciro Manuel Vidal Climent<\/strong>, y est\u00e1 enfocado a <strong>dotar de uso<\/strong>\u00a0a la f\u00e1brica dels Solers para que sea un <strong>Centro de Interpretaci\u00f3n<\/strong> del conjunto industrial del Molinar, <strong>origen<\/strong> de la industria valenciana. La iniciativa <strong>est\u00e1 cofinanciada en un 50%<\/strong> por la Direcci\u00f3n General de Administraci\u00f3n Local de la Generalitat Valenciana, a trav\u00e9s de Fondos Feder de la Uni\u00f3n Europea.<\/p>\n<p style=\"text-align: justify;\">Hay que indicar que <strong>la\u00a0primera fase<\/strong> incluye la <strong>rehabilitaci\u00f3n de la mencionada f\u00e1brica<\/strong> y dotar al mencionado Centro de Interpretaci\u00f3n con <strong>los \u00faltimos recursos tecnol\u00f3gicos<\/strong>. Por su parte, la <strong>segunda fase<\/strong> comportar\u00e1 <strong>la consolidaci\u00f3n del Molino Viejo<\/strong>, la <strong>c\u00fapula del Acu\u00edfero del Molinar<\/strong> y la <strong>recuperaci\u00f3n de la red de las primeras aguas<\/strong>, incluyendo las <strong>ruedas hidr\u00e1ulicas<\/strong>. La licitaci\u00f3n de la misma ser\u00e1 realizada por la <strong>Generalitat Valenciana<\/strong>.<\/p>\n<p style=\"text-align: justify;\">La edil de Turismo, <strong>Lorena Zamorano<\/strong>, destaca <strong>la importancia de este proyecto<\/strong> y afirma que <strong>Alcoy<\/strong> &#8220;f<em>ue pionera de la revoluci\u00f3n industrial en la Comunidad Valenciana y en Espa\u00f1a. Reivindicar nuestro pasado mediante la conservaci\u00f3n del rico patrimonio arqueol\u00f3gico industrial que actualmente se conserva es uno de los prop\u00f3sitos que abandera este proyecto de rehabilitaci\u00f3n. Dotarlo de un uso continuado como Centro de Interpretaci\u00f3n del Molinar, que entra en fase de ejecuci\u00f3n, permitir\u00e1 garantizar la sostenibilidad de este recurso y su pervivencia en el tiempo<\/em>&#8220;, asevera.\u00a0<\/p>\n<p style=\"text-align: justify;\">Apuntar que el conjunto fabril del Molinar <strong>fue declarado Bien de Inter\u00e9s Cultural (BIC)<\/strong> por parte de la Generalitat Valenciana en 2005 y est\u00e1 considerado como <strong>la cuna de la industrializaci\u00f3n<\/strong> valenciana.<\/p>\n\n\n<p><br><\/p>\n","protected":false},"excerpt":{"rendered":"<p>El Ayuntamiento de Alcoy ha licitado las obras de la primera fase del proyecto que permitir\u00e1 convertir las f\u00e1bricas de&#8230;<\/p>\n","protected":false},"author":1,"featured_media":49005,"comment_status":"open","ping_status":"open","sticky":false,"template":"","format":"standard","meta":{"footnotes":""},"categories":[97,75,125],"tags":[295,3843,8446,1795],"class_list":["post-49003","post","type-post","status-publish","format-standard","has-post-thumbnail","hentry","category-alcoy","category-noticias","category-portada","tag-centro","tag-interpretacion","tag-licitan","tag-molinar"],"yoast_head":"<!-- This site is optimized with the Yoast SEO plugin v27.3 - https:\/\/yoast.com\/product\/yoast-seo-wordpress\/ -->\n<title>Licitan las obras del Centro de Interpretaci\u00f3n del Molinar - COPE Alcoy<\/title>\n<meta name=\"robots\" content=\"index, follow, max-snippet:-1, max-image-preview:large, max-video-preview:-1\" \/>\n<link rel=\"canonical\" href=\"https:\/\/www.copealcoy.es\/es\/licitan-las-obras-del-centro-de-interpretacion-del-molinar\/\" \/>\n<meta property=\"og:locale\" content=\"es_ES\" \/>\n<meta property=\"og:type\" content=\"article\" \/>\n<meta property=\"og:title\" content=\"Licitan las obras del Centro de Interpretaci\u00f3n del Molinar - COPE Alcoy\" \/>\n<meta property=\"og:description\" content=\"El Ayuntamiento de Alcoy ha licitado las obras de la primera fase del proyecto que permitir\u00e1 convertir las f\u00e1bricas de...\" \/>\n<meta property=\"og:url\" content=\"https:\/\/www.copealcoy.es\/es\/licitan-las-obras-del-centro-de-interpretacion-del-molinar\/\" \/>\n<meta property=\"og:site_name\" content=\"COPE Alcoy\" \/>\n<meta property=\"article:published_time\" content=\"2019-03-28T21:39:32+00:00\" \/>\n<meta property=\"og:image\" content=\"https:\/\/www.copealcoy.es\/wp-content\/uploads\/2019\/03\/ML02695-1.jpg\" \/>\n\t<meta property=\"og:image:width\" content=\"1600\" \/>\n\t<meta property=\"og:image:height\" content=\"1067\" \/>\n\t<meta property=\"og:image:type\" content=\"image\/jpeg\" \/>\n<meta name=\"author\" content=\"Cope Alcoy\" \/>\n<meta name=\"twitter:label1\" content=\"Escrito por\" \/>\n\t<meta name=\"twitter:data1\" content=\"Cope Alcoy\" \/>\n\t<meta name=\"twitter:label2\" content=\"Tiempo de lectura\" \/>\n\t<meta name=\"twitter:data2\" content=\"2 minutos\" \/>\n<script type=\"application\/ld+json\" class=\"yoast-schema-graph\">{\"@context\":\"https:\\\/\\\/schema.org\",\"@graph\":[{\"@type\":\"Article\",\"@id\":\"https:\\\/\\\/www.copealcoy.es\\\/es\\\/licitan-las-obras-del-centro-de-interpretacion-del-molinar\\\/#article\",\"isPartOf\":{\"@id\":\"https:\\\/\\\/www.copealcoy.es\\\/es\\\/licitan-las-obras-del-centro-de-interpretacion-del-molinar\\\/\"},\"author\":{\"name\":\"Cope Alcoy\",\"@id\":\"https:\\\/\\\/www.copealcoy.es\\\/es\\\/#\\\/schema\\\/person\\\/e777c87fa024e57d40170af9df39882c\"},\"headline\":\"Licitan las obras del Centro de Interpretaci\u00f3n del Molinar\",\"datePublished\":\"2019-03-28T21:39:32+00:00\",\"mainEntityOfPage\":{\"@id\":\"https:\\\/\\\/www.copealcoy.es\\\/es\\\/licitan-las-obras-del-centro-de-interpretacion-del-molinar\\\/\"},\"wordCount\":325,\"commentCount\":0,\"image\":{\"@id\":\"https:\\\/\\\/www.copealcoy.es\\\/es\\\/licitan-las-obras-del-centro-de-interpretacion-del-molinar\\\/#primaryimage\"},\"thumbnailUrl\":\"https:\\\/\\\/www.copealcoy.es\\\/wp-content\\\/uploads\\\/2019\\\/03\\\/ML02695-1.jpg\",\"keywords\":[\"Centro\",\"Interpretaci\u00f3n\",\"Licitan\",\"Molinar\"],\"articleSection\":[\"Alcoy\",\"Noticias\",\"Portada\"],\"inLanguage\":\"es\"},{\"@type\":\"WebPage\",\"@id\":\"https:\\\/\\\/www.copealcoy.es\\\/es\\\/licitan-las-obras-del-centro-de-interpretacion-del-molinar\\\/\",\"url\":\"https:\\\/\\\/www.copealcoy.es\\\/es\\\/licitan-las-obras-del-centro-de-interpretacion-del-molinar\\\/\",\"name\":\"Licitan las obras del Centro de Interpretaci\u00f3n del Molinar - COPE Alcoy\",\"isPartOf\":{\"@id\":\"https:\\\/\\\/www.copealcoy.es\\\/es\\\/#website\"},\"primaryImageOfPage\":{\"@id\":\"https:\\\/\\\/www.copealcoy.es\\\/es\\\/licitan-las-obras-del-centro-de-interpretacion-del-molinar\\\/#primaryimage\"},\"image\":{\"@id\":\"https:\\\/\\\/www.copealcoy.es\\\/es\\\/licitan-las-obras-del-centro-de-interpretacion-del-molinar\\\/#primaryimage\"},\"thumbnailUrl\":\"https:\\\/\\\/www.copealcoy.es\\\/wp-content\\\/uploads\\\/2019\\\/03\\\/ML02695-1.jpg\",\"datePublished\":\"2019-03-28T21:39:32+00:00\",\"author\":{\"@id\":\"https:\\\/\\\/www.copealcoy.es\\\/es\\\/#\\\/schema\\\/person\\\/e777c87fa024e57d40170af9df39882c\"},\"breadcrumb\":{\"@id\":\"https:\\\/\\\/www.copealcoy.es\\\/es\\\/licitan-las-obras-del-centro-de-interpretacion-del-molinar\\\/#breadcrumb\"},\"inLanguage\":\"es\",\"potentialAction\":[{\"@type\":\"ReadAction\",\"target\":[\"https:\\\/\\\/www.copealcoy.es\\\/es\\\/licitan-las-obras-del-centro-de-interpretacion-del-molinar\\\/\"]}]},{\"@type\":\"ImageObject\",\"inLanguage\":\"es\",\"@id\":\"https:\\\/\\\/www.copealcoy.es\\\/es\\\/licitan-las-obras-del-centro-de-interpretacion-del-molinar\\\/#primaryimage\",\"url\":\"https:\\\/\\\/www.copealcoy.es\\\/wp-content\\\/uploads\\\/2019\\\/03\\\/ML02695-1.jpg\",\"contentUrl\":\"https:\\\/\\\/www.copealcoy.es\\\/wp-content\\\/uploads\\\/2019\\\/03\\\/ML02695-1.jpg\",\"width\":1600,\"height\":1067,\"caption\":\"Imagen del entorno de la F\u00e1brica de Els Solers \\\/ Foto: Miguel Lorenzo\"},{\"@type\":\"BreadcrumbList\",\"@id\":\"https:\\\/\\\/www.copealcoy.es\\\/es\\\/licitan-las-obras-del-centro-de-interpretacion-del-molinar\\\/#breadcrumb\",\"itemListElement\":[{\"@type\":\"ListItem\",\"position\":1,\"name\":\"Portada\",\"item\":\"https:\\\/\\\/www.copealcoy.es\\\/es\\\/\"},{\"@type\":\"ListItem\",\"position\":2,\"name\":\"Licitan las obras del Centro de Interpretaci\u00f3n del Molinar\"}]},{\"@type\":\"WebSite\",\"@id\":\"https:\\\/\\\/www.copealcoy.es\\\/es\\\/#website\",\"url\":\"https:\\\/\\\/www.copealcoy.es\\\/es\\\/\",\"name\":\"COPE Alcoy\",\"description\":\"Emisora COPE de radio local con emisi\u00f3n online. Pont de Sant Jordi 8-10 03803 Alcoy\",\"potentialAction\":[{\"@type\":\"SearchAction\",\"target\":{\"@type\":\"EntryPoint\",\"urlTemplate\":\"https:\\\/\\\/www.copealcoy.es\\\/es\\\/?s={search_term_string}\"},\"query-input\":{\"@type\":\"PropertyValueSpecification\",\"valueRequired\":true,\"valueName\":\"search_term_string\"}}],\"inLanguage\":\"es\"},{\"@type\":\"Person\",\"@id\":\"https:\\\/\\\/www.copealcoy.es\\\/es\\\/#\\\/schema\\\/person\\\/e777c87fa024e57d40170af9df39882c\",\"name\":\"Cope Alcoy\",\"image\":{\"@type\":\"ImageObject\",\"inLanguage\":\"es\",\"@id\":\"https:\\\/\\\/secure.gravatar.com\\\/avatar\\\/bb65d0283347e303893ba14f0692005417c1e0e690a325a4c5d8bb2b3943ee14?s=96&d=mm&r=g\",\"url\":\"https:\\\/\\\/secure.gravatar.com\\\/avatar\\\/bb65d0283347e303893ba14f0692005417c1e0e690a325a4c5d8bb2b3943ee14?s=96&d=mm&r=g\",\"contentUrl\":\"https:\\\/\\\/secure.gravatar.com\\\/avatar\\\/bb65d0283347e303893ba14f0692005417c1e0e690a325a4c5d8bb2b3943ee14?s=96&d=mm&r=g\",\"caption\":\"Cope Alcoy\"}}]}<\/script>\n<!-- \/ Yoast SEO plugin. -->","yoast_head_json":{"title":"Licitan las obras del Centro de Interpretaci\u00f3n del Molinar - COPE Alcoy","robots":{"index":"index","follow":"follow","max-snippet":"max-snippet:-1","max-image-preview":"max-image-preview:large","max-video-preview":"max-video-preview:-1"},"canonical":"https:\/\/www.copealcoy.es\/es\/licitan-las-obras-del-centro-de-interpretacion-del-molinar\/","og_locale":"es_ES","og_type":"article","og_title":"Licitan las obras del Centro de Interpretaci\u00f3n del Molinar - COPE Alcoy","og_description":"El Ayuntamiento de Alcoy ha licitado las obras de la primera fase del proyecto que permitir\u00e1 convertir las f\u00e1bricas de...","og_url":"https:\/\/www.copealcoy.es\/es\/licitan-las-obras-del-centro-de-interpretacion-del-molinar\/","og_site_name":"COPE Alcoy","article_published_time":"2019-03-28T21:39:32+00:00","og_image":[{"width":1600,"height":1067,"url":"https:\/\/www.copealcoy.es\/wp-content\/uploads\/2019\/03\/ML02695-1.jpg","type":"image\/jpeg"}],"author":"Cope Alcoy","twitter_misc":{"Escrito por":"Cope Alcoy","Tiempo de lectura":"2 minutos"},"schema":{"@context":"https:\/\/schema.org","@graph":[{"@type":"Article","@id":"https:\/\/www.copealcoy.es\/es\/licitan-las-obras-del-centro-de-interpretacion-del-molinar\/#article","isPartOf":{"@id":"https:\/\/www.copealcoy.es\/es\/licitan-las-obras-del-centro-de-interpretacion-del-molinar\/"},"author":{"name":"Cope Alcoy","@id":"https:\/\/www.copealcoy.es\/es\/#\/schema\/person\/e777c87fa024e57d40170af9df39882c"},"headline":"Licitan las obras del Centro de Interpretaci\u00f3n del Molinar","datePublished":"2019-03-28T21:39:32+00:00","mainEntityOfPage":{"@id":"https:\/\/www.copealcoy.es\/es\/licitan-las-obras-del-centro-de-interpretacion-del-molinar\/"},"wordCount":325,"commentCount":0,"image":{"@id":"https:\/\/www.copealcoy.es\/es\/licitan-las-obras-del-centro-de-interpretacion-del-molinar\/#primaryimage"},"thumbnailUrl":"https:\/\/www.copealcoy.es\/wp-content\/uploads\/2019\/03\/ML02695-1.jpg","keywords":["Centro","Interpretaci\u00f3n","Licitan","Molinar"],"articleSection":["Alcoy","Noticias","Portada"],"inLanguage":"es"},{"@type":"WebPage","@id":"https:\/\/www.copealcoy.es\/es\/licitan-las-obras-del-centro-de-interpretacion-del-molinar\/","url":"https:\/\/www.copealcoy.es\/es\/licitan-las-obras-del-centro-de-interpretacion-del-molinar\/","name":"Licitan las obras del Centro de Interpretaci\u00f3n del Molinar - COPE Alcoy","isPartOf":{"@id":"https:\/\/www.copealcoy.es\/es\/#website"},"primaryImageOfPage":{"@id":"https:\/\/www.copealcoy.es\/es\/licitan-las-obras-del-centro-de-interpretacion-del-molinar\/#primaryimage"},"image":{"@id":"https:\/\/www.copealcoy.es\/es\/licitan-las-obras-del-centro-de-interpretacion-del-molinar\/#primaryimage"},"thumbnailUrl":"https:\/\/www.copealcoy.es\/wp-content\/uploads\/2019\/03\/ML02695-1.jpg","datePublished":"2019-03-28T21:39:32+00:00","author":{"@id":"https:\/\/www.copealcoy.es\/es\/#\/schema\/person\/e777c87fa024e57d40170af9df39882c"},"breadcrumb":{"@id":"https:\/\/www.copealcoy.es\/es\/licitan-las-obras-del-centro-de-interpretacion-del-molinar\/#breadcrumb"},"inLanguage":"es","potentialAction":[{"@type":"ReadAction","target":["https:\/\/www.copealcoy.es\/es\/licitan-las-obras-del-centro-de-interpretacion-del-molinar\/"]}]},{"@type":"ImageObject","inLanguage":"es","@id":"https:\/\/www.copealcoy.es\/es\/licitan-las-obras-del-centro-de-interpretacion-del-molinar\/#primaryimage","url":"https:\/\/www.copealcoy.es\/wp-content\/uploads\/2019\/03\/ML02695-1.jpg","contentUrl":"https:\/\/www.copealcoy.es\/wp-content\/uploads\/2019\/03\/ML02695-1.jpg","width":1600,"height":1067,"caption":"Imagen del entorno de la F\u00e1brica de Els Solers \/ Foto: Miguel Lorenzo"},{"@type":"BreadcrumbList","@id":"https:\/\/www.copealcoy.es\/es\/licitan-las-obras-del-centro-de-interpretacion-del-molinar\/#breadcrumb","itemListElement":[{"@type":"ListItem","position":1,"name":"Portada","item":"https:\/\/www.copealcoy.es\/es\/"},{"@type":"ListItem","position":2,"name":"Licitan las obras del Centro de Interpretaci\u00f3n del Molinar"}]},{"@type":"WebSite","@id":"https:\/\/www.copealcoy.es\/es\/#website","url":"https:\/\/www.copealcoy.es\/es\/","name":"COPE Alcoy","description":"Emisora COPE de radio local con emisi\u00f3n online. Pont de Sant Jordi 8-10 03803 Alcoy","potentialAction":[{"@type":"SearchAction","target":{"@type":"EntryPoint","urlTemplate":"https:\/\/www.copealcoy.es\/es\/?s={search_term_string}"},"query-input":{"@type":"PropertyValueSpecification","valueRequired":true,"valueName":"search_term_string"}}],"inLanguage":"es"},{"@type":"Person","@id":"https:\/\/www.copealcoy.es\/es\/#\/schema\/person\/e777c87fa024e57d40170af9df39882c","name":"Cope Alcoy","image":{"@type":"ImageObject","inLanguage":"es","@id":"https:\/\/secure.gravatar.com\/avatar\/bb65d0283347e303893ba14f0692005417c1e0e690a325a4c5d8bb2b3943ee14?s=96&d=mm&r=g","url":"https:\/\/secure.gravatar.com\/avatar\/bb65d0283347e303893ba14f0692005417c1e0e690a325a4c5d8bb2b3943ee14?s=96&d=mm&r=g","contentUrl":"https:\/\/secure.gravatar.com\/avatar\/bb65d0283347e303893ba14f0692005417c1e0e690a325a4c5d8bb2b3943ee14?s=96&d=mm&r=g","caption":"Cope Alcoy"}}]}},"_links":{"self":[{"href":"https:\/\/www.copealcoy.es\/es\/wp-json\/wp\/v2\/posts\/49003","targetHints":{"allow":["GET"]}}],"collection":[{"href":"https:\/\/www.copealcoy.es\/es\/wp-json\/wp\/v2\/posts"}],"about":[{"href":"https:\/\/www.copealcoy.es\/es\/wp-json\/wp\/v2\/types\/post"}],"author":[{"embeddable":true,"href":"https:\/\/www.copealcoy.es\/es\/wp-json\/wp\/v2\/users\/1"}],"replies":[{"embeddable":true,"href":"https:\/\/www.copealcoy.es\/es\/wp-json\/wp\/v2\/comments?post=49003"}],"version-history":[{"count":0,"href":"https:\/\/www.copealcoy.es\/es\/wp-json\/wp\/v2\/posts\/49003\/revisions"}],"wp:featuredmedia":[{"embeddable":true,"href":"https:\/\/www.copealcoy.es\/es\/wp-json\/wp\/v2\/media\/49005"}],"wp:attachment":[{"href":"https:\/\/www.copealcoy.es\/es\/wp-json\/wp\/v2\/media?parent=49003"}],"wp:term":[{"taxonomy":"category","embeddable":true,"href":"https:\/\/www.copealcoy.es\/es\/wp-json\/wp\/v2\/categories?post=49003"},{"taxonomy":"post_tag","embeddable":true,"href":"https:\/\/www.copealcoy.es\/es\/wp-json\/wp\/v2\/tags?post=49003"}],"curies":[{"name":"wp","href":"https:\/\/api.w.org\/{rel}","templated":true}]}}