{"id":48922,"date":"2019-03-25T14:59:44","date_gmt":"2019-03-25T14:59:44","guid":{"rendered":"https:\/\/copealcoi.es\/?p=48922"},"modified":"2019-03-25T14:59:44","modified_gmt":"2019-03-25T14:59:44","slug":"la-cofradia-del-nazareno-coordinara-la-organizacion-de-la-semana-santa-de-cocentaina","status":"publish","type":"post","link":"https:\/\/www.copealcoy.es\/es\/la-cofradia-del-nazareno-coordinara-la-organizacion-de-la-semana-santa-de-cocentaina\/","title":{"rendered":"La Cofrad\u00eda del Nazareno coordinar\u00e1 la organizaci\u00f3n de la Semana Santa de Cocentaina"},"content":{"rendered":"<p style=\"text-align: justify;\">La <strong>Cofrad\u00eda de Jes\u00fas Nazareno de Cocentaina<\/strong>, cuya imagen se venera en el Monasterio de la Mare de D\u00e9u del Miracle, preside este a\u00f1o <strong>la Junta Central de Cofrad\u00edas<\/strong> y por este motivo asume la tarea de <strong>organizar los diferentes actos interparroquiales<\/strong> que se desarrollar\u00e1n en la Villa Condal durante las pr\u00f3ximas semanas y que se dieron a conocer <strong>el pasado 6 de marzo<\/strong> coincidiendo con el <strong>Mi\u00e9rcoles de Ceniza<\/strong>.<\/p>\n<p style=\"text-align: justify;\">En la <strong>extensa programaci\u00f3n<\/strong> figuran diferentes actividades durante <strong>los d\u00edas de Cuaresma<\/strong> como por ejemplo los Ejercicios Espirituales, <strong>las oraciones semanales<\/strong> ante varios pasos o <strong>el rezo del V\u00eda Crucis<\/strong> los viernes en la parroquia de Santa Mar\u00eda o en el calvario de los Padres Franciscanos en la tarde del domingo. Adem\u00e1s destaca la novedad de <strong>un concierto<\/strong> el domingo 31 de marzo, a las siete de la tarde, en el que se podr\u00e1 escuchar en la citada iglesia de Santa Mar\u00eda <strong>el \u2018Requiem\u2018 de Mozart<\/strong> interpretado por el Cor de Cambra Discantus, la Agrupaci\u00f3n Vocal Eduardo Torres y la Orquesta Sinf\u00f3nica Caixa Ontinyent.<\/p>\n<p style=\"text-align: justify;\">Ya en los d\u00edas previos a la Semana Santa las cofrad\u00edas llevar\u00e1n a cabo <strong>cultos propios<\/strong> como <strong>misas<\/strong> en recuerdo de sus miembros difuntos, <strong>el Septenario<\/strong> en honor a La Dolorosa, la <strong>Oraci\u00f3n de Getseman\u00ed<\/strong> ante Jes\u00fas del Huerto el Lunes Santo y el <strong>Triduo<\/strong> dedicado al Nazareno desde este \u00faltimo d\u00eda al Mi\u00e9rcoles Santo.\u00a0Asimismo el s\u00e1bado 14 de abril se representar\u00e1 <strong>La Pasi\u00f3n Viviente<\/strong> por las calles, al d\u00eda siguiente se realizar\u00e1n las habituales celebraciones del<strong> Domingo de Ramos<\/strong> y el Jueves Santo, adem\u00e1s de las tradicionales eucarist\u00edas, saldr\u00e1 el <strong>Crist dels Llauradors<\/strong> en la Procesi\u00f3n del Silencio a medianoche.<\/p>\n<p style=\"text-align: justify;\">A todo ello se le suman el <strong>V\u00eda Crucis matinal del Viernes Santo<\/strong> con la imagen del Nazareno y la <strong>Procesi\u00f3n del Santo Entierro<\/strong> por la tarde, la <strong>Vigilia Pascual<\/strong> del S\u00e1bado Santo y el <strong>Encuentro Glorioso de Resurrecci\u00f3n<\/strong> que mantendr\u00e1 el formato puesto en pr\u00e1ctica el a\u00f1o pasado\u00a0 y se desarrollar\u00e1 en El Pla a la una de la madrugada del Domingo de Pascua. En el mismo tomar\u00e1n parte<strong> las im\u00e1genes<\/strong> de Cristo Resucitado, San Juan y La Dolorosa.<\/p>\n<p style=\"text-align: justify;\">Indicar que el 30 de marzo, en el mismo Monasterio de las Clarisas, se descubrir\u00e1 a partir de las 20:15h el <strong>cartel anunciador de la Semana Santa<\/strong>, obra de <strong>Mar\u00eda Jes\u00fas Camps<\/strong>, y <strong>Mari Carmen Valls<\/strong> pronunciar\u00e1 <strong>el Preg\u00f3n<\/strong>.<\/p>\n","protected":false},"excerpt":{"rendered":"<p>La Cofrad\u00eda de Jes\u00fas Nazareno de Cocentaina, cuya imagen se venera en el Monasterio de la Mare de D\u00e9u del&#8230;<\/p>\n","protected":false},"author":1,"featured_media":48927,"comment_status":"open","ping_status":"open","sticky":false,"template":"","format":"standard","meta":{"footnotes":""},"categories":[98,75],"tags":[132,8427,622,745],"class_list":["post-48922","post","type-post","status-publish","format-standard","has-post-thumbnail","hentry","category-comarcas","category-noticias","tag-cocentaina","tag-cofradia-del-nazareno","tag-organizacion","tag-semana-santa"],"yoast_head":"<!-- This site is optimized with the Yoast SEO plugin v27.3 - https:\/\/yoast.com\/product\/yoast-seo-wordpress\/ -->\n<title>La Cofrad\u00eda del Nazareno coordinar\u00e1 la organizaci\u00f3n de la Semana Santa de Cocentaina - COPE Alcoy<\/title>\n<meta name=\"robots\" content=\"index, follow, max-snippet:-1, max-image-preview:large, max-video-preview:-1\" \/>\n<link rel=\"canonical\" href=\"https:\/\/www.copealcoy.es\/es\/la-cofradia-del-nazareno-coordinara-la-organizacion-de-la-semana-santa-de-cocentaina\/\" \/>\n<meta property=\"og:locale\" content=\"es_ES\" \/>\n<meta property=\"og:type\" content=\"article\" \/>\n<meta property=\"og:title\" content=\"La Cofrad\u00eda del Nazareno coordinar\u00e1 la organizaci\u00f3n de la Semana Santa de Cocentaina - COPE Alcoy\" \/>\n<meta property=\"og:description\" content=\"La Cofrad\u00eda de Jes\u00fas Nazareno de Cocentaina, cuya imagen se venera en el Monasterio de la Mare de D\u00e9u del...\" \/>\n<meta property=\"og:url\" content=\"https:\/\/www.copealcoy.es\/es\/la-cofradia-del-nazareno-coordinara-la-organizacion-de-la-semana-santa-de-cocentaina\/\" \/>\n<meta property=\"og:site_name\" content=\"COPE Alcoy\" \/>\n<meta property=\"article:published_time\" content=\"2019-03-25T14:59:44+00:00\" \/>\n<meta property=\"og:image\" content=\"https:\/\/www.copealcoy.es\/wp-content\/uploads\/2019\/03\/17884188_1064392833704201_6923467956357955761_n-1.jpg\" \/>\n\t<meta property=\"og:image:width\" content=\"960\" \/>\n\t<meta property=\"og:image:height\" content=\"600\" \/>\n\t<meta property=\"og:image:type\" content=\"image\/jpeg\" \/>\n<meta name=\"author\" content=\"Cope Alcoy\" \/>\n<meta name=\"twitter:label1\" content=\"Escrito por\" \/>\n\t<meta name=\"twitter:data1\" content=\"Cope Alcoy\" \/>\n\t<meta name=\"twitter:label2\" content=\"Tiempo de lectura\" \/>\n\t<meta name=\"twitter:data2\" content=\"2 minutos\" \/>\n<script type=\"application\/ld+json\" class=\"yoast-schema-graph\">{\"@context\":\"https:\\\/\\\/schema.org\",\"@graph\":[{\"@type\":\"Article\",\"@id\":\"https:\\\/\\\/www.copealcoy.es\\\/es\\\/la-cofradia-del-nazareno-coordinara-la-organizacion-de-la-semana-santa-de-cocentaina\\\/#article\",\"isPartOf\":{\"@id\":\"https:\\\/\\\/www.copealcoy.es\\\/es\\\/la-cofradia-del-nazareno-coordinara-la-organizacion-de-la-semana-santa-de-cocentaina\\\/\"},\"author\":{\"name\":\"Cope Alcoy\",\"@id\":\"https:\\\/\\\/www.copealcoy.es\\\/es\\\/#\\\/schema\\\/person\\\/e777c87fa024e57d40170af9df39882c\"},\"headline\":\"La Cofrad\u00eda del Nazareno coordinar\u00e1 la organizaci\u00f3n de la Semana Santa de Cocentaina\",\"datePublished\":\"2019-03-25T14:59:44+00:00\",\"mainEntityOfPage\":{\"@id\":\"https:\\\/\\\/www.copealcoy.es\\\/es\\\/la-cofradia-del-nazareno-coordinara-la-organizacion-de-la-semana-santa-de-cocentaina\\\/\"},\"wordCount\":447,\"commentCount\":0,\"image\":{\"@id\":\"https:\\\/\\\/www.copealcoy.es\\\/es\\\/la-cofradia-del-nazareno-coordinara-la-organizacion-de-la-semana-santa-de-cocentaina\\\/#primaryimage\"},\"thumbnailUrl\":\"https:\\\/\\\/www.copealcoy.es\\\/wp-content\\\/uploads\\\/2019\\\/03\\\/17884188_1064392833704201_6923467956357955761_n-1.jpg\",\"keywords\":[\"Cocentaina\",\"Cofrad\u00eda del Nazareno\",\"Organizaci\u00f3n\",\"Semana Santa\"],\"articleSection\":[\"Comarcas\",\"Noticias\"],\"inLanguage\":\"es\"},{\"@type\":\"WebPage\",\"@id\":\"https:\\\/\\\/www.copealcoy.es\\\/es\\\/la-cofradia-del-nazareno-coordinara-la-organizacion-de-la-semana-santa-de-cocentaina\\\/\",\"url\":\"https:\\\/\\\/www.copealcoy.es\\\/es\\\/la-cofradia-del-nazareno-coordinara-la-organizacion-de-la-semana-santa-de-cocentaina\\\/\",\"name\":\"La Cofrad\u00eda del Nazareno coordinar\u00e1 la organizaci\u00f3n de la Semana Santa de Cocentaina - COPE Alcoy\",\"isPartOf\":{\"@id\":\"https:\\\/\\\/www.copealcoy.es\\\/es\\\/#website\"},\"primaryImageOfPage\":{\"@id\":\"https:\\\/\\\/www.copealcoy.es\\\/es\\\/la-cofradia-del-nazareno-coordinara-la-organizacion-de-la-semana-santa-de-cocentaina\\\/#primaryimage\"},\"image\":{\"@id\":\"https:\\\/\\\/www.copealcoy.es\\\/es\\\/la-cofradia-del-nazareno-coordinara-la-organizacion-de-la-semana-santa-de-cocentaina\\\/#primaryimage\"},\"thumbnailUrl\":\"https:\\\/\\\/www.copealcoy.es\\\/wp-content\\\/uploads\\\/2019\\\/03\\\/17884188_1064392833704201_6923467956357955761_n-1.jpg\",\"datePublished\":\"2019-03-25T14:59:44+00:00\",\"author\":{\"@id\":\"https:\\\/\\\/www.copealcoy.es\\\/es\\\/#\\\/schema\\\/person\\\/e777c87fa024e57d40170af9df39882c\"},\"breadcrumb\":{\"@id\":\"https:\\\/\\\/www.copealcoy.es\\\/es\\\/la-cofradia-del-nazareno-coordinara-la-organizacion-de-la-semana-santa-de-cocentaina\\\/#breadcrumb\"},\"inLanguage\":\"es\",\"potentialAction\":[{\"@type\":\"ReadAction\",\"target\":[\"https:\\\/\\\/www.copealcoy.es\\\/es\\\/la-cofradia-del-nazareno-coordinara-la-organizacion-de-la-semana-santa-de-cocentaina\\\/\"]}]},{\"@type\":\"ImageObject\",\"inLanguage\":\"es\",\"@id\":\"https:\\\/\\\/www.copealcoy.es\\\/es\\\/la-cofradia-del-nazareno-coordinara-la-organizacion-de-la-semana-santa-de-cocentaina\\\/#primaryimage\",\"url\":\"https:\\\/\\\/www.copealcoy.es\\\/wp-content\\\/uploads\\\/2019\\\/03\\\/17884188_1064392833704201_6923467956357955761_n-1.jpg\",\"contentUrl\":\"https:\\\/\\\/www.copealcoy.es\\\/wp-content\\\/uploads\\\/2019\\\/03\\\/17884188_1064392833704201_6923467956357955761_n-1.jpg\",\"width\":960,\"height\":600,\"caption\":\"La imagen del Nazareno despierta enorme devoci\u00f3n en la Villa Condal \\\/ Foto: G. Pascual\"},{\"@type\":\"BreadcrumbList\",\"@id\":\"https:\\\/\\\/www.copealcoy.es\\\/es\\\/la-cofradia-del-nazareno-coordinara-la-organizacion-de-la-semana-santa-de-cocentaina\\\/#breadcrumb\",\"itemListElement\":[{\"@type\":\"ListItem\",\"position\":1,\"name\":\"Portada\",\"item\":\"https:\\\/\\\/www.copealcoy.es\\\/es\\\/\"},{\"@type\":\"ListItem\",\"position\":2,\"name\":\"La Cofrad\u00eda del Nazareno coordinar\u00e1 la organizaci\u00f3n de la Semana Santa de Cocentaina\"}]},{\"@type\":\"WebSite\",\"@id\":\"https:\\\/\\\/www.copealcoy.es\\\/es\\\/#website\",\"url\":\"https:\\\/\\\/www.copealcoy.es\\\/es\\\/\",\"name\":\"COPE Alcoy\",\"description\":\"Emisora COPE de radio local con emisi\u00f3n online. Pont de Sant Jordi 8-10 03803 Alcoy\",\"potentialAction\":[{\"@type\":\"SearchAction\",\"target\":{\"@type\":\"EntryPoint\",\"urlTemplate\":\"https:\\\/\\\/www.copealcoy.es\\\/es\\\/?s={search_term_string}\"},\"query-input\":{\"@type\":\"PropertyValueSpecification\",\"valueRequired\":true,\"valueName\":\"search_term_string\"}}],\"inLanguage\":\"es\"},{\"@type\":\"Person\",\"@id\":\"https:\\\/\\\/www.copealcoy.es\\\/es\\\/#\\\/schema\\\/person\\\/e777c87fa024e57d40170af9df39882c\",\"name\":\"Cope Alcoy\",\"image\":{\"@type\":\"ImageObject\",\"inLanguage\":\"es\",\"@id\":\"https:\\\/\\\/secure.gravatar.com\\\/avatar\\\/bb65d0283347e303893ba14f0692005417c1e0e690a325a4c5d8bb2b3943ee14?s=96&d=mm&r=g\",\"url\":\"https:\\\/\\\/secure.gravatar.com\\\/avatar\\\/bb65d0283347e303893ba14f0692005417c1e0e690a325a4c5d8bb2b3943ee14?s=96&d=mm&r=g\",\"contentUrl\":\"https:\\\/\\\/secure.gravatar.com\\\/avatar\\\/bb65d0283347e303893ba14f0692005417c1e0e690a325a4c5d8bb2b3943ee14?s=96&d=mm&r=g\",\"caption\":\"Cope Alcoy\"}}]}<\/script>\n<!-- \/ Yoast SEO plugin. -->","yoast_head_json":{"title":"La Cofrad\u00eda del Nazareno coordinar\u00e1 la organizaci\u00f3n de la Semana Santa de Cocentaina - COPE Alcoy","robots":{"index":"index","follow":"follow","max-snippet":"max-snippet:-1","max-image-preview":"max-image-preview:large","max-video-preview":"max-video-preview:-1"},"canonical":"https:\/\/www.copealcoy.es\/es\/la-cofradia-del-nazareno-coordinara-la-organizacion-de-la-semana-santa-de-cocentaina\/","og_locale":"es_ES","og_type":"article","og_title":"La Cofrad\u00eda del Nazareno coordinar\u00e1 la organizaci\u00f3n de la Semana Santa de Cocentaina - COPE Alcoy","og_description":"La Cofrad\u00eda de Jes\u00fas Nazareno de Cocentaina, cuya imagen se venera en el Monasterio de la Mare de D\u00e9u del...","og_url":"https:\/\/www.copealcoy.es\/es\/la-cofradia-del-nazareno-coordinara-la-organizacion-de-la-semana-santa-de-cocentaina\/","og_site_name":"COPE Alcoy","article_published_time":"2019-03-25T14:59:44+00:00","og_image":[{"width":960,"height":600,"url":"https:\/\/www.copealcoy.es\/wp-content\/uploads\/2019\/03\/17884188_1064392833704201_6923467956357955761_n-1.jpg","type":"image\/jpeg"}],"author":"Cope Alcoy","twitter_misc":{"Escrito por":"Cope Alcoy","Tiempo de lectura":"2 minutos"},"schema":{"@context":"https:\/\/schema.org","@graph":[{"@type":"Article","@id":"https:\/\/www.copealcoy.es\/es\/la-cofradia-del-nazareno-coordinara-la-organizacion-de-la-semana-santa-de-cocentaina\/#article","isPartOf":{"@id":"https:\/\/www.copealcoy.es\/es\/la-cofradia-del-nazareno-coordinara-la-organizacion-de-la-semana-santa-de-cocentaina\/"},"author":{"name":"Cope Alcoy","@id":"https:\/\/www.copealcoy.es\/es\/#\/schema\/person\/e777c87fa024e57d40170af9df39882c"},"headline":"La Cofrad\u00eda del Nazareno coordinar\u00e1 la organizaci\u00f3n de la Semana Santa de Cocentaina","datePublished":"2019-03-25T14:59:44+00:00","mainEntityOfPage":{"@id":"https:\/\/www.copealcoy.es\/es\/la-cofradia-del-nazareno-coordinara-la-organizacion-de-la-semana-santa-de-cocentaina\/"},"wordCount":447,"commentCount":0,"image":{"@id":"https:\/\/www.copealcoy.es\/es\/la-cofradia-del-nazareno-coordinara-la-organizacion-de-la-semana-santa-de-cocentaina\/#primaryimage"},"thumbnailUrl":"https:\/\/www.copealcoy.es\/wp-content\/uploads\/2019\/03\/17884188_1064392833704201_6923467956357955761_n-1.jpg","keywords":["Cocentaina","Cofrad\u00eda del Nazareno","Organizaci\u00f3n","Semana Santa"],"articleSection":["Comarcas","Noticias"],"inLanguage":"es"},{"@type":"WebPage","@id":"https:\/\/www.copealcoy.es\/es\/la-cofradia-del-nazareno-coordinara-la-organizacion-de-la-semana-santa-de-cocentaina\/","url":"https:\/\/www.copealcoy.es\/es\/la-cofradia-del-nazareno-coordinara-la-organizacion-de-la-semana-santa-de-cocentaina\/","name":"La Cofrad\u00eda del Nazareno coordinar\u00e1 la organizaci\u00f3n de la Semana Santa de Cocentaina - COPE Alcoy","isPartOf":{"@id":"https:\/\/www.copealcoy.es\/es\/#website"},"primaryImageOfPage":{"@id":"https:\/\/www.copealcoy.es\/es\/la-cofradia-del-nazareno-coordinara-la-organizacion-de-la-semana-santa-de-cocentaina\/#primaryimage"},"image":{"@id":"https:\/\/www.copealcoy.es\/es\/la-cofradia-del-nazareno-coordinara-la-organizacion-de-la-semana-santa-de-cocentaina\/#primaryimage"},"thumbnailUrl":"https:\/\/www.copealcoy.es\/wp-content\/uploads\/2019\/03\/17884188_1064392833704201_6923467956357955761_n-1.jpg","datePublished":"2019-03-25T14:59:44+00:00","author":{"@id":"https:\/\/www.copealcoy.es\/es\/#\/schema\/person\/e777c87fa024e57d40170af9df39882c"},"breadcrumb":{"@id":"https:\/\/www.copealcoy.es\/es\/la-cofradia-del-nazareno-coordinara-la-organizacion-de-la-semana-santa-de-cocentaina\/#breadcrumb"},"inLanguage":"es","potentialAction":[{"@type":"ReadAction","target":["https:\/\/www.copealcoy.es\/es\/la-cofradia-del-nazareno-coordinara-la-organizacion-de-la-semana-santa-de-cocentaina\/"]}]},{"@type":"ImageObject","inLanguage":"es","@id":"https:\/\/www.copealcoy.es\/es\/la-cofradia-del-nazareno-coordinara-la-organizacion-de-la-semana-santa-de-cocentaina\/#primaryimage","url":"https:\/\/www.copealcoy.es\/wp-content\/uploads\/2019\/03\/17884188_1064392833704201_6923467956357955761_n-1.jpg","contentUrl":"https:\/\/www.copealcoy.es\/wp-content\/uploads\/2019\/03\/17884188_1064392833704201_6923467956357955761_n-1.jpg","width":960,"height":600,"caption":"La imagen del Nazareno despierta enorme devoci\u00f3n en la Villa Condal \/ Foto: G. Pascual"},{"@type":"BreadcrumbList","@id":"https:\/\/www.copealcoy.es\/es\/la-cofradia-del-nazareno-coordinara-la-organizacion-de-la-semana-santa-de-cocentaina\/#breadcrumb","itemListElement":[{"@type":"ListItem","position":1,"name":"Portada","item":"https:\/\/www.copealcoy.es\/es\/"},{"@type":"ListItem","position":2,"name":"La Cofrad\u00eda del Nazareno coordinar\u00e1 la organizaci\u00f3n de la Semana Santa de Cocentaina"}]},{"@type":"WebSite","@id":"https:\/\/www.copealcoy.es\/es\/#website","url":"https:\/\/www.copealcoy.es\/es\/","name":"COPE Alcoy","description":"Emisora COPE de radio local con emisi\u00f3n online. Pont de Sant Jordi 8-10 03803 Alcoy","potentialAction":[{"@type":"SearchAction","target":{"@type":"EntryPoint","urlTemplate":"https:\/\/www.copealcoy.es\/es\/?s={search_term_string}"},"query-input":{"@type":"PropertyValueSpecification","valueRequired":true,"valueName":"search_term_string"}}],"inLanguage":"es"},{"@type":"Person","@id":"https:\/\/www.copealcoy.es\/es\/#\/schema\/person\/e777c87fa024e57d40170af9df39882c","name":"Cope Alcoy","image":{"@type":"ImageObject","inLanguage":"es","@id":"https:\/\/secure.gravatar.com\/avatar\/bb65d0283347e303893ba14f0692005417c1e0e690a325a4c5d8bb2b3943ee14?s=96&d=mm&r=g","url":"https:\/\/secure.gravatar.com\/avatar\/bb65d0283347e303893ba14f0692005417c1e0e690a325a4c5d8bb2b3943ee14?s=96&d=mm&r=g","contentUrl":"https:\/\/secure.gravatar.com\/avatar\/bb65d0283347e303893ba14f0692005417c1e0e690a325a4c5d8bb2b3943ee14?s=96&d=mm&r=g","caption":"Cope Alcoy"}}]}},"_links":{"self":[{"href":"https:\/\/www.copealcoy.es\/es\/wp-json\/wp\/v2\/posts\/48922","targetHints":{"allow":["GET"]}}],"collection":[{"href":"https:\/\/www.copealcoy.es\/es\/wp-json\/wp\/v2\/posts"}],"about":[{"href":"https:\/\/www.copealcoy.es\/es\/wp-json\/wp\/v2\/types\/post"}],"author":[{"embeddable":true,"href":"https:\/\/www.copealcoy.es\/es\/wp-json\/wp\/v2\/users\/1"}],"replies":[{"embeddable":true,"href":"https:\/\/www.copealcoy.es\/es\/wp-json\/wp\/v2\/comments?post=48922"}],"version-history":[{"count":0,"href":"https:\/\/www.copealcoy.es\/es\/wp-json\/wp\/v2\/posts\/48922\/revisions"}],"wp:featuredmedia":[{"embeddable":true,"href":"https:\/\/www.copealcoy.es\/es\/wp-json\/wp\/v2\/media\/48927"}],"wp:attachment":[{"href":"https:\/\/www.copealcoy.es\/es\/wp-json\/wp\/v2\/media?parent=48922"}],"wp:term":[{"taxonomy":"category","embeddable":true,"href":"https:\/\/www.copealcoy.es\/es\/wp-json\/wp\/v2\/categories?post=48922"},{"taxonomy":"post_tag","embeddable":true,"href":"https:\/\/www.copealcoy.es\/es\/wp-json\/wp\/v2\/tags?post=48922"}],"curies":[{"name":"wp","href":"https:\/\/api.w.org\/{rel}","templated":true}]}}