{"id":48800,"date":"2019-03-01T17:34:40","date_gmt":"2019-03-01T17:34:40","guid":{"rendered":"https:\/\/copealcoi.es\/?p=48800"},"modified":"2019-03-01T17:34:40","modified_gmt":"2019-03-01T17:34:40","slug":"el-teruel-golea-en-su-feudo-al-cd-alcoyano","status":"publish","type":"post","link":"https:\/\/www.copealcoy.es\/es\/el-teruel-golea-en-su-feudo-al-cd-alcoyano\/","title":{"rendered":"El Teruel golea en su feudo al CD Alcoyano"},"content":{"rendered":"<p style=\"text-align: justify;\">Nueva <strong>derrota<\/strong> del Deportivo, en uno de los partidos <strong>m\u00e1s importantes<\/strong> de la temporada. Los blanquiazules <strong>viajaron a Teruel<\/strong> en uno de esos partidos llamados <strong>de \u201c6 puntos\u201d<\/strong>, ya que son <strong>los 3 de la victoria<\/strong> m\u00e1s <strong>los 3 que no puede ganar<\/strong> el contrario. Los puntos <strong>se quedaron en tierras aragonesas<\/strong> tras un partido en el que los locales aprovecharon sus oportunidades.<\/p>\n<p style=\"text-align: justify;\">El encuentro <strong>comenz\u00f3 con alternativas<\/strong> pero <strong>sin llegadas<\/strong> rese\u00f1ables a ning\u00fan \u00e1rea, los alcoyanistas no pod\u00edan imaginar lo que pasar\u00eda <strong>a partir del ecuador<\/strong> de la primera mitad. En una jugada en la que <strong>la defensa de los visitantes<\/strong> se qued\u00f3 protestando una posible posici\u00f3n irregular, el Teruel <strong>supo aprovechar esa indecisi\u00f3n<\/strong> para poner el primero en el marcador, obra de Dieste. Cuando los blanquiazules a\u00fan no se hab\u00edan recuperado del primer jarro de agua fr\u00eda, 9 minutos despu\u00e9s los locales tras rechazar un bal\u00f3n en el palo,<strong> han puesto m\u00e1s ventaja<\/strong> en el marcador.<\/p>\n<p style=\"text-align: justify;\">Tras este <strong>segundo tanto<\/strong>, los locales replegaron un poco las l\u00edneas y <strong>el Alcoyano<\/strong> pudo pisar \u00e1rea rival. Los blanquiazules <strong>quer\u00edan recortar distancias<\/strong> antes del descanso y un error del portero local, permiti\u00f3 a Navarro <strong>empujar un bal\u00f3n<\/strong> a la red. El partido llegaba a su intermedio con la esperanza de que tras el paso por los vestuarios, los visitantes <strong>pudieran darle la vuelta<\/strong> completamente al marcador.<\/p>\n<p style=\"text-align: justify;\">Parec\u00eda que <strong>pod\u00eda llegar el empate<\/strong> tras una oportunidad clar\u00edsima <strong>por parte del Bryan Reyna<\/strong>, un centro medido de Barreda <strong>le ha llegado al peruano<\/strong> que tras rematar de primeras el bal\u00f3n se march\u00f3 por encima del larguero. En un partido de esa tensi\u00f3n <strong>las oportunidades falladas<\/strong> son las que marcan el destino del encuentro, ya que los locales <strong>volvieron a poner tierra de por medio<\/strong>, en el minuto 63, tras un disparo cruzado de Dieste. Su goleador que alcanza la cifra de 10 goles en la liga, <strong>dejaba pr\u00e1cticamente sentenciado<\/strong> el encuentro.<\/p>\n<p style=\"text-align: justify;\">La sangr\u00eda no qued\u00f3 ah\u00ed, en el \u00faltimo minuto con el Alcoyano volcado <strong>intentando reducir distancias<\/strong> en el marcador, los aragoneses <strong>trenzaron una buena contra<\/strong> que supo aprovechar su delantero Becerra para cerrar el marcador.<\/p>\n<p style=\"text-align: justify;\">Tras los resultados de esta jornada <strong>el Alcoyano se sit\u00faa en el puesto n\u00famero 16<\/strong>, de finalizar en esa posici\u00f3n, tendr\u00eda que jugar <strong>un playout de descenso<\/strong> con el resto de equipos situados en dicho puesto del resto de los 4 grupos. Toca levantarse e intentar <strong>lograr esa ansiada victoria<\/strong> que tanto se resiste en el Collao, para alejar los fantasmas del descenso lo antes posible.<\/p>\n","protected":false},"excerpt":{"rendered":"<p>Nueva derrota del Deportivo, en uno de los partidos m\u00e1s importantes de la temporada. Los blanquiazules viajaron a Teruel en&#8230;<\/p>\n","protected":false},"author":1,"featured_media":48802,"comment_status":"open","ping_status":"open","sticky":false,"template":"","format":"standard","meta":{"footnotes":""},"categories":[92,75],"tags":[2118,7997,8382,8383],"class_list":["post-48800","post","type-post","status-publish","format-standard","has-post-thumbnail","hentry","category-deportes","category-noticias","tag-cd-alcoyano","tag-golea","tag-su-feudo","tag-teruel"],"yoast_head":"<!-- This site is optimized with the Yoast SEO plugin v27.3 - https:\/\/yoast.com\/product\/yoast-seo-wordpress\/ -->\n<title>El Teruel golea en su feudo al CD Alcoyano - COPE Alcoy<\/title>\n<meta name=\"robots\" content=\"index, follow, max-snippet:-1, max-image-preview:large, max-video-preview:-1\" \/>\n<link rel=\"canonical\" href=\"https:\/\/www.copealcoy.es\/es\/el-teruel-golea-en-su-feudo-al-cd-alcoyano\/\" \/>\n<meta property=\"og:locale\" content=\"es_ES\" \/>\n<meta property=\"og:type\" content=\"article\" \/>\n<meta property=\"og:title\" content=\"El Teruel golea en su feudo al CD Alcoyano - COPE Alcoy\" \/>\n<meta property=\"og:description\" content=\"Nueva derrota del Deportivo, en uno de los partidos m\u00e1s importantes de la temporada. Los blanquiazules viajaron a Teruel en...\" \/>\n<meta property=\"og:url\" content=\"https:\/\/www.copealcoy.es\/es\/el-teruel-golea-en-su-feudo-al-cd-alcoyano\/\" \/>\n<meta property=\"og:site_name\" content=\"COPE Alcoy\" \/>\n<meta property=\"article:published_time\" content=\"2019-03-01T17:34:40+00:00\" \/>\n<meta property=\"og:image\" content=\"https:\/\/www.copealcoy.es\/wp-content\/uploads\/2019\/03\/teruel-760908-1.jpg\" \/>\n\t<meta property=\"og:image:width\" content=\"1600\" \/>\n\t<meta property=\"og:image:height\" content=\"1067\" \/>\n\t<meta property=\"og:image:type\" content=\"image\/jpeg\" \/>\n<meta name=\"author\" content=\"Cope Alcoy\" \/>\n<meta name=\"twitter:label1\" content=\"Escrito por\" \/>\n\t<meta name=\"twitter:data1\" content=\"Cope Alcoy\" \/>\n\t<meta name=\"twitter:label2\" content=\"Tiempo de lectura\" \/>\n\t<meta name=\"twitter:data2\" content=\"2 minutos\" \/>\n<script type=\"application\/ld+json\" class=\"yoast-schema-graph\">{\"@context\":\"https:\\\/\\\/schema.org\",\"@graph\":[{\"@type\":\"Article\",\"@id\":\"https:\\\/\\\/www.copealcoy.es\\\/es\\\/el-teruel-golea-en-su-feudo-al-cd-alcoyano\\\/#article\",\"isPartOf\":{\"@id\":\"https:\\\/\\\/www.copealcoy.es\\\/es\\\/el-teruel-golea-en-su-feudo-al-cd-alcoyano\\\/\"},\"author\":{\"name\":\"Cope Alcoy\",\"@id\":\"https:\\\/\\\/www.copealcoy.es\\\/es\\\/#\\\/schema\\\/person\\\/e777c87fa024e57d40170af9df39882c\"},\"headline\":\"El Teruel golea en su feudo al CD Alcoyano\",\"datePublished\":\"2019-03-01T17:34:40+00:00\",\"mainEntityOfPage\":{\"@id\":\"https:\\\/\\\/www.copealcoy.es\\\/es\\\/el-teruel-golea-en-su-feudo-al-cd-alcoyano\\\/\"},\"wordCount\":448,\"commentCount\":0,\"image\":{\"@id\":\"https:\\\/\\\/www.copealcoy.es\\\/es\\\/el-teruel-golea-en-su-feudo-al-cd-alcoyano\\\/#primaryimage\"},\"thumbnailUrl\":\"https:\\\/\\\/www.copealcoy.es\\\/wp-content\\\/uploads\\\/2019\\\/03\\\/teruel-760908-1.jpg\",\"keywords\":[\"CD Alcoyano\",\"golea\",\"su feudo\",\"Teruel\"],\"articleSection\":[\"Deportes\",\"Noticias\"],\"inLanguage\":\"es\"},{\"@type\":\"WebPage\",\"@id\":\"https:\\\/\\\/www.copealcoy.es\\\/es\\\/el-teruel-golea-en-su-feudo-al-cd-alcoyano\\\/\",\"url\":\"https:\\\/\\\/www.copealcoy.es\\\/es\\\/el-teruel-golea-en-su-feudo-al-cd-alcoyano\\\/\",\"name\":\"El Teruel golea en su feudo al CD Alcoyano - COPE Alcoy\",\"isPartOf\":{\"@id\":\"https:\\\/\\\/www.copealcoy.es\\\/es\\\/#website\"},\"primaryImageOfPage\":{\"@id\":\"https:\\\/\\\/www.copealcoy.es\\\/es\\\/el-teruel-golea-en-su-feudo-al-cd-alcoyano\\\/#primaryimage\"},\"image\":{\"@id\":\"https:\\\/\\\/www.copealcoy.es\\\/es\\\/el-teruel-golea-en-su-feudo-al-cd-alcoyano\\\/#primaryimage\"},\"thumbnailUrl\":\"https:\\\/\\\/www.copealcoy.es\\\/wp-content\\\/uploads\\\/2019\\\/03\\\/teruel-760908-1.jpg\",\"datePublished\":\"2019-03-01T17:34:40+00:00\",\"author\":{\"@id\":\"https:\\\/\\\/www.copealcoy.es\\\/es\\\/#\\\/schema\\\/person\\\/e777c87fa024e57d40170af9df39882c\"},\"breadcrumb\":{\"@id\":\"https:\\\/\\\/www.copealcoy.es\\\/es\\\/el-teruel-golea-en-su-feudo-al-cd-alcoyano\\\/#breadcrumb\"},\"inLanguage\":\"es\",\"potentialAction\":[{\"@type\":\"ReadAction\",\"target\":[\"https:\\\/\\\/www.copealcoy.es\\\/es\\\/el-teruel-golea-en-su-feudo-al-cd-alcoyano\\\/\"]}]},{\"@type\":\"ImageObject\",\"inLanguage\":\"es\",\"@id\":\"https:\\\/\\\/www.copealcoy.es\\\/es\\\/el-teruel-golea-en-su-feudo-al-cd-alcoyano\\\/#primaryimage\",\"url\":\"https:\\\/\\\/www.copealcoy.es\\\/wp-content\\\/uploads\\\/2019\\\/03\\\/teruel-760908-1.jpg\",\"contentUrl\":\"https:\\\/\\\/www.copealcoy.es\\\/wp-content\\\/uploads\\\/2019\\\/03\\\/teruel-760908-1.jpg\",\"width\":1600,\"height\":1067},{\"@type\":\"BreadcrumbList\",\"@id\":\"https:\\\/\\\/www.copealcoy.es\\\/es\\\/el-teruel-golea-en-su-feudo-al-cd-alcoyano\\\/#breadcrumb\",\"itemListElement\":[{\"@type\":\"ListItem\",\"position\":1,\"name\":\"Portada\",\"item\":\"https:\\\/\\\/www.copealcoy.es\\\/es\\\/\"},{\"@type\":\"ListItem\",\"position\":2,\"name\":\"El Teruel golea en su feudo al CD Alcoyano\"}]},{\"@type\":\"WebSite\",\"@id\":\"https:\\\/\\\/www.copealcoy.es\\\/es\\\/#website\",\"url\":\"https:\\\/\\\/www.copealcoy.es\\\/es\\\/\",\"name\":\"COPE Alcoy\",\"description\":\"Emisora COPE de radio local con emisi\u00f3n online. Pont de Sant Jordi 8-10 03803 Alcoy\",\"potentialAction\":[{\"@type\":\"SearchAction\",\"target\":{\"@type\":\"EntryPoint\",\"urlTemplate\":\"https:\\\/\\\/www.copealcoy.es\\\/es\\\/?s={search_term_string}\"},\"query-input\":{\"@type\":\"PropertyValueSpecification\",\"valueRequired\":true,\"valueName\":\"search_term_string\"}}],\"inLanguage\":\"es\"},{\"@type\":\"Person\",\"@id\":\"https:\\\/\\\/www.copealcoy.es\\\/es\\\/#\\\/schema\\\/person\\\/e777c87fa024e57d40170af9df39882c\",\"name\":\"Cope Alcoy\",\"image\":{\"@type\":\"ImageObject\",\"inLanguage\":\"es\",\"@id\":\"https:\\\/\\\/secure.gravatar.com\\\/avatar\\\/bb65d0283347e303893ba14f0692005417c1e0e690a325a4c5d8bb2b3943ee14?s=96&d=mm&r=g\",\"url\":\"https:\\\/\\\/secure.gravatar.com\\\/avatar\\\/bb65d0283347e303893ba14f0692005417c1e0e690a325a4c5d8bb2b3943ee14?s=96&d=mm&r=g\",\"contentUrl\":\"https:\\\/\\\/secure.gravatar.com\\\/avatar\\\/bb65d0283347e303893ba14f0692005417c1e0e690a325a4c5d8bb2b3943ee14?s=96&d=mm&r=g\",\"caption\":\"Cope Alcoy\"}}]}<\/script>\n<!-- \/ Yoast SEO plugin. -->","yoast_head_json":{"title":"El Teruel golea en su feudo al CD Alcoyano - COPE Alcoy","robots":{"index":"index","follow":"follow","max-snippet":"max-snippet:-1","max-image-preview":"max-image-preview:large","max-video-preview":"max-video-preview:-1"},"canonical":"https:\/\/www.copealcoy.es\/es\/el-teruel-golea-en-su-feudo-al-cd-alcoyano\/","og_locale":"es_ES","og_type":"article","og_title":"El Teruel golea en su feudo al CD Alcoyano - COPE Alcoy","og_description":"Nueva derrota del Deportivo, en uno de los partidos m\u00e1s importantes de la temporada. Los blanquiazules viajaron a Teruel en...","og_url":"https:\/\/www.copealcoy.es\/es\/el-teruel-golea-en-su-feudo-al-cd-alcoyano\/","og_site_name":"COPE Alcoy","article_published_time":"2019-03-01T17:34:40+00:00","og_image":[{"width":1600,"height":1067,"url":"https:\/\/www.copealcoy.es\/wp-content\/uploads\/2019\/03\/teruel-760908-1.jpg","type":"image\/jpeg"}],"author":"Cope Alcoy","twitter_misc":{"Escrito por":"Cope Alcoy","Tiempo de lectura":"2 minutos"},"schema":{"@context":"https:\/\/schema.org","@graph":[{"@type":"Article","@id":"https:\/\/www.copealcoy.es\/es\/el-teruel-golea-en-su-feudo-al-cd-alcoyano\/#article","isPartOf":{"@id":"https:\/\/www.copealcoy.es\/es\/el-teruel-golea-en-su-feudo-al-cd-alcoyano\/"},"author":{"name":"Cope Alcoy","@id":"https:\/\/www.copealcoy.es\/es\/#\/schema\/person\/e777c87fa024e57d40170af9df39882c"},"headline":"El Teruel golea en su feudo al CD Alcoyano","datePublished":"2019-03-01T17:34:40+00:00","mainEntityOfPage":{"@id":"https:\/\/www.copealcoy.es\/es\/el-teruel-golea-en-su-feudo-al-cd-alcoyano\/"},"wordCount":448,"commentCount":0,"image":{"@id":"https:\/\/www.copealcoy.es\/es\/el-teruel-golea-en-su-feudo-al-cd-alcoyano\/#primaryimage"},"thumbnailUrl":"https:\/\/www.copealcoy.es\/wp-content\/uploads\/2019\/03\/teruel-760908-1.jpg","keywords":["CD Alcoyano","golea","su feudo","Teruel"],"articleSection":["Deportes","Noticias"],"inLanguage":"es"},{"@type":"WebPage","@id":"https:\/\/www.copealcoy.es\/es\/el-teruel-golea-en-su-feudo-al-cd-alcoyano\/","url":"https:\/\/www.copealcoy.es\/es\/el-teruel-golea-en-su-feudo-al-cd-alcoyano\/","name":"El Teruel golea en su feudo al CD Alcoyano - COPE Alcoy","isPartOf":{"@id":"https:\/\/www.copealcoy.es\/es\/#website"},"primaryImageOfPage":{"@id":"https:\/\/www.copealcoy.es\/es\/el-teruel-golea-en-su-feudo-al-cd-alcoyano\/#primaryimage"},"image":{"@id":"https:\/\/www.copealcoy.es\/es\/el-teruel-golea-en-su-feudo-al-cd-alcoyano\/#primaryimage"},"thumbnailUrl":"https:\/\/www.copealcoy.es\/wp-content\/uploads\/2019\/03\/teruel-760908-1.jpg","datePublished":"2019-03-01T17:34:40+00:00","author":{"@id":"https:\/\/www.copealcoy.es\/es\/#\/schema\/person\/e777c87fa024e57d40170af9df39882c"},"breadcrumb":{"@id":"https:\/\/www.copealcoy.es\/es\/el-teruel-golea-en-su-feudo-al-cd-alcoyano\/#breadcrumb"},"inLanguage":"es","potentialAction":[{"@type":"ReadAction","target":["https:\/\/www.copealcoy.es\/es\/el-teruel-golea-en-su-feudo-al-cd-alcoyano\/"]}]},{"@type":"ImageObject","inLanguage":"es","@id":"https:\/\/www.copealcoy.es\/es\/el-teruel-golea-en-su-feudo-al-cd-alcoyano\/#primaryimage","url":"https:\/\/www.copealcoy.es\/wp-content\/uploads\/2019\/03\/teruel-760908-1.jpg","contentUrl":"https:\/\/www.copealcoy.es\/wp-content\/uploads\/2019\/03\/teruel-760908-1.jpg","width":1600,"height":1067},{"@type":"BreadcrumbList","@id":"https:\/\/www.copealcoy.es\/es\/el-teruel-golea-en-su-feudo-al-cd-alcoyano\/#breadcrumb","itemListElement":[{"@type":"ListItem","position":1,"name":"Portada","item":"https:\/\/www.copealcoy.es\/es\/"},{"@type":"ListItem","position":2,"name":"El Teruel golea en su feudo al CD Alcoyano"}]},{"@type":"WebSite","@id":"https:\/\/www.copealcoy.es\/es\/#website","url":"https:\/\/www.copealcoy.es\/es\/","name":"COPE Alcoy","description":"Emisora COPE de radio local con emisi\u00f3n online. Pont de Sant Jordi 8-10 03803 Alcoy","potentialAction":[{"@type":"SearchAction","target":{"@type":"EntryPoint","urlTemplate":"https:\/\/www.copealcoy.es\/es\/?s={search_term_string}"},"query-input":{"@type":"PropertyValueSpecification","valueRequired":true,"valueName":"search_term_string"}}],"inLanguage":"es"},{"@type":"Person","@id":"https:\/\/www.copealcoy.es\/es\/#\/schema\/person\/e777c87fa024e57d40170af9df39882c","name":"Cope Alcoy","image":{"@type":"ImageObject","inLanguage":"es","@id":"https:\/\/secure.gravatar.com\/avatar\/bb65d0283347e303893ba14f0692005417c1e0e690a325a4c5d8bb2b3943ee14?s=96&d=mm&r=g","url":"https:\/\/secure.gravatar.com\/avatar\/bb65d0283347e303893ba14f0692005417c1e0e690a325a4c5d8bb2b3943ee14?s=96&d=mm&r=g","contentUrl":"https:\/\/secure.gravatar.com\/avatar\/bb65d0283347e303893ba14f0692005417c1e0e690a325a4c5d8bb2b3943ee14?s=96&d=mm&r=g","caption":"Cope Alcoy"}}]}},"_links":{"self":[{"href":"https:\/\/www.copealcoy.es\/es\/wp-json\/wp\/v2\/posts\/48800","targetHints":{"allow":["GET"]}}],"collection":[{"href":"https:\/\/www.copealcoy.es\/es\/wp-json\/wp\/v2\/posts"}],"about":[{"href":"https:\/\/www.copealcoy.es\/es\/wp-json\/wp\/v2\/types\/post"}],"author":[{"embeddable":true,"href":"https:\/\/www.copealcoy.es\/es\/wp-json\/wp\/v2\/users\/1"}],"replies":[{"embeddable":true,"href":"https:\/\/www.copealcoy.es\/es\/wp-json\/wp\/v2\/comments?post=48800"}],"version-history":[{"count":0,"href":"https:\/\/www.copealcoy.es\/es\/wp-json\/wp\/v2\/posts\/48800\/revisions"}],"wp:featuredmedia":[{"embeddable":true,"href":"https:\/\/www.copealcoy.es\/es\/wp-json\/wp\/v2\/media\/48802"}],"wp:attachment":[{"href":"https:\/\/www.copealcoy.es\/es\/wp-json\/wp\/v2\/media?parent=48800"}],"wp:term":[{"taxonomy":"category","embeddable":true,"href":"https:\/\/www.copealcoy.es\/es\/wp-json\/wp\/v2\/categories?post=48800"},{"taxonomy":"post_tag","embeddable":true,"href":"https:\/\/www.copealcoy.es\/es\/wp-json\/wp\/v2\/tags?post=48800"}],"curies":[{"name":"wp","href":"https:\/\/api.w.org\/{rel}","templated":true}]}}