{"id":48736,"date":"2019-02-18T21:41:30","date_gmt":"2019-02-18T21:41:30","guid":{"rendered":"https:\/\/copealcoi.es\/?p=48736"},"modified":"2019-02-18T21:41:30","modified_gmt":"2019-02-18T21:41:30","slug":"cocentaina-restaurara-la-imagen-procesional-de-san-hipolito-martir","status":"publish","type":"post","link":"https:\/\/www.copealcoy.es\/es\/cocentaina-restaurara-la-imagen-procesional-de-san-hipolito-martir\/","title":{"rendered":"Cocentaina restaurar\u00e1 la imagen procesional de San Hip\u00f3lito M\u00e1rtir"},"content":{"rendered":"<p style=\"text-align: justify;\">La <strong>Federaci\u00f3n Junta de Fiestas de Moros y Cristianos de Cocentaina<\/strong> ha acordado recientemente llevar adelante <strong>la restauraci\u00f3n \u00edntegra<\/strong> de la <strong>imagen procesional de San Hip\u00f3lito M\u00e1rtir<\/strong> que se ubica en una de las capillas laterales de la nave central de la parroquia de Santa Mar\u00eda. Los trabajos afectar\u00e1n a <strong>todo el conjunto escult\u00f3rico<\/strong> formado tanto por la imagen de San Hip\u00f3lito, que se asienta sobre una peana ornamentada con elementos vegetales, como a los dos \u00e1ngeles que se sit\u00faan junto al patr\u00f3n y que sostienen los elementos del martirio as\u00ed como el escudo de Cocentaina.<\/p>\n<p style=\"text-align: justify;\">El Vicepresidente de Culto de la Junta de Fiestas, <strong>Quino Palac\u00ed<\/strong>, explica que la intervenci\u00f3n se llevar\u00e1 a cabo en <strong>los locales parroquiales de la iglesia de Santa Mar\u00eda<\/strong>, al igual que se hizo en su d\u00eda con el Crist dels Llauradors, para <strong>evitar transportar la imagen<\/strong> a un sitio externo &#8220;<em>es una escultura a la que Cocentaina le profesa una gran devoci\u00f3n y que hasta el momento no ha sido objeto de ning\u00fan trabajo de consolidaci\u00f3n. Con esta restauraci\u00f3n lo que se pretende es darle todo su esplendor, garantizar su protecci\u00f3n y hacer que luzca como se merece en la calle durante la procesi\u00f3n general de nuestras Fiestas de Moros y Cristianos<\/em> &#8220;, asegura. Adem\u00e1s Palac\u00ed detalla que esta restauraci\u00f3n <strong>estar\u00e1 finalizada antes de la pr\u00f3xima trilog\u00eda festera<\/strong> &#8220;<em>una vez terminen las celebraciones del 7 de mayo, en las que se recuerda la elecci\u00f3n de San Hip\u00f3lito como patr\u00f3n, comenzar\u00e1 la restauraci\u00f3n de la figura con el objetivo de que sea una realidad antes de la Novena en honor al santo que arrancar\u00e1 a finales de julio. Ahora mismo estamos pendientes del informe t\u00e9cnico por parte del equipo de restauraci\u00f3n para determinar qu\u00e9 tipo de actuaci\u00f3n se har\u00e1, si ser\u00e1 s\u00f3lo la limpieza de la imagen o si hay que reponer algunos elementos que hayan podido desaparecer debido al paso del tiempo o las inclemencias climatol\u00f3gicas<\/em>&#8220;, afirma.<\/p>\n<p style=\"text-align: justify;\">Recordar que la imagen procesional de San Hip\u00f3lito M\u00e1rtir <strong>data del a\u00f1o 1940<\/strong> y la misma fue creada por<strong> el escultor Jos\u00e9 Vila Rafel <\/strong>sustituyendo a la anterior que fue destruida durante la Guerra Civil.<\/p>\n","protected":false},"excerpt":{"rendered":"<p>La Federaci\u00f3n Junta de Fiestas de Moros y Cristianos de Cocentaina ha acordado recientemente llevar adelante la restauraci\u00f3n \u00edntegra de&#8230;<\/p>\n","protected":false},"author":1,"featured_media":44922,"comment_status":"open","ping_status":"open","sticky":false,"template":"","format":"standard","meta":{"footnotes":""},"categories":[98,75],"tags":[132,8340,4337,4488],"class_list":["post-48736","post","type-post","status-publish","format-standard","has-post-thumbnail","hentry","category-comarcas","category-noticias","tag-cocentaina","tag-la-imagen-procesional","tag-restaurara","tag-san-hipolito-martir"],"yoast_head":"<!-- This site is optimized with the Yoast SEO plugin v27.3 - https:\/\/yoast.com\/product\/yoast-seo-wordpress\/ -->\n<title>Cocentaina restaurar\u00e1 la imagen procesional de San Hip\u00f3lito M\u00e1rtir - COPE Alcoy<\/title>\n<meta name=\"robots\" content=\"index, follow, max-snippet:-1, max-image-preview:large, max-video-preview:-1\" \/>\n<link rel=\"canonical\" href=\"https:\/\/www.copealcoy.es\/es\/cocentaina-restaurara-la-imagen-procesional-de-san-hipolito-martir\/\" \/>\n<meta property=\"og:locale\" content=\"es_ES\" \/>\n<meta property=\"og:type\" content=\"article\" \/>\n<meta property=\"og:title\" content=\"Cocentaina restaurar\u00e1 la imagen procesional de San Hip\u00f3lito M\u00e1rtir - COPE Alcoy\" \/>\n<meta property=\"og:description\" content=\"La Federaci\u00f3n Junta de Fiestas de Moros y Cristianos de Cocentaina ha acordado recientemente llevar adelante la restauraci\u00f3n \u00edntegra de...\" \/>\n<meta property=\"og:url\" content=\"https:\/\/www.copealcoy.es\/es\/cocentaina-restaurara-la-imagen-procesional-de-san-hipolito-martir\/\" \/>\n<meta property=\"og:site_name\" content=\"COPE Alcoy\" \/>\n<meta property=\"article:published_time\" content=\"2019-02-18T21:41:30+00:00\" \/>\n<meta property=\"og:image\" content=\"https:\/\/www.copealcoy.es\/wp-content\/uploads\/2018\/08\/38955265_1434375856705895_1173681336406245376_n-e1534111713202.jpg\" \/>\n\t<meta property=\"og:image:width\" content=\"960\" \/>\n\t<meta property=\"og:image:height\" content=\"561\" \/>\n\t<meta property=\"og:image:type\" content=\"image\/jpeg\" \/>\n<meta name=\"author\" content=\"Cope Alcoy\" \/>\n<meta name=\"twitter:label1\" content=\"Escrito por\" \/>\n\t<meta name=\"twitter:data1\" content=\"Cope Alcoy\" \/>\n\t<meta name=\"twitter:label2\" content=\"Tiempo de lectura\" \/>\n\t<meta name=\"twitter:data2\" content=\"2 minutos\" \/>\n<script type=\"application\/ld+json\" class=\"yoast-schema-graph\">{\"@context\":\"https:\\\/\\\/schema.org\",\"@graph\":[{\"@type\":\"Article\",\"@id\":\"https:\\\/\\\/www.copealcoy.es\\\/es\\\/cocentaina-restaurara-la-imagen-procesional-de-san-hipolito-martir\\\/#article\",\"isPartOf\":{\"@id\":\"https:\\\/\\\/www.copealcoy.es\\\/es\\\/cocentaina-restaurara-la-imagen-procesional-de-san-hipolito-martir\\\/\"},\"author\":{\"name\":\"Cope Alcoy\",\"@id\":\"https:\\\/\\\/www.copealcoy.es\\\/es\\\/#\\\/schema\\\/person\\\/e777c87fa024e57d40170af9df39882c\"},\"headline\":\"Cocentaina restaurar\u00e1 la imagen procesional de San Hip\u00f3lito M\u00e1rtir\",\"datePublished\":\"2019-02-18T21:41:30+00:00\",\"mainEntityOfPage\":{\"@id\":\"https:\\\/\\\/www.copealcoy.es\\\/es\\\/cocentaina-restaurara-la-imagen-procesional-de-san-hipolito-martir\\\/\"},\"wordCount\":402,\"commentCount\":0,\"image\":{\"@id\":\"https:\\\/\\\/www.copealcoy.es\\\/es\\\/cocentaina-restaurara-la-imagen-procesional-de-san-hipolito-martir\\\/#primaryimage\"},\"thumbnailUrl\":\"https:\\\/\\\/www.copealcoy.es\\\/wp-content\\\/uploads\\\/2018\\\/08\\\/38955265_1434375856705895_1173681336406245376_n-e1534111713202.jpg\",\"keywords\":[\"Cocentaina\",\"la imagen procesional\",\"restaurar\u00e1\",\"San Hip\u00f3lito M\u00e1rtir\"],\"articleSection\":[\"Comarcas\",\"Noticias\"],\"inLanguage\":\"es\"},{\"@type\":\"WebPage\",\"@id\":\"https:\\\/\\\/www.copealcoy.es\\\/es\\\/cocentaina-restaurara-la-imagen-procesional-de-san-hipolito-martir\\\/\",\"url\":\"https:\\\/\\\/www.copealcoy.es\\\/es\\\/cocentaina-restaurara-la-imagen-procesional-de-san-hipolito-martir\\\/\",\"name\":\"Cocentaina restaurar\u00e1 la imagen procesional de San Hip\u00f3lito M\u00e1rtir - COPE Alcoy\",\"isPartOf\":{\"@id\":\"https:\\\/\\\/www.copealcoy.es\\\/es\\\/#website\"},\"primaryImageOfPage\":{\"@id\":\"https:\\\/\\\/www.copealcoy.es\\\/es\\\/cocentaina-restaurara-la-imagen-procesional-de-san-hipolito-martir\\\/#primaryimage\"},\"image\":{\"@id\":\"https:\\\/\\\/www.copealcoy.es\\\/es\\\/cocentaina-restaurara-la-imagen-procesional-de-san-hipolito-martir\\\/#primaryimage\"},\"thumbnailUrl\":\"https:\\\/\\\/www.copealcoy.es\\\/wp-content\\\/uploads\\\/2018\\\/08\\\/38955265_1434375856705895_1173681336406245376_n-e1534111713202.jpg\",\"datePublished\":\"2019-02-18T21:41:30+00:00\",\"author\":{\"@id\":\"https:\\\/\\\/www.copealcoy.es\\\/es\\\/#\\\/schema\\\/person\\\/e777c87fa024e57d40170af9df39882c\"},\"breadcrumb\":{\"@id\":\"https:\\\/\\\/www.copealcoy.es\\\/es\\\/cocentaina-restaurara-la-imagen-procesional-de-san-hipolito-martir\\\/#breadcrumb\"},\"inLanguage\":\"es\",\"potentialAction\":[{\"@type\":\"ReadAction\",\"target\":[\"https:\\\/\\\/www.copealcoy.es\\\/es\\\/cocentaina-restaurara-la-imagen-procesional-de-san-hipolito-martir\\\/\"]}]},{\"@type\":\"ImageObject\",\"inLanguage\":\"es\",\"@id\":\"https:\\\/\\\/www.copealcoy.es\\\/es\\\/cocentaina-restaurara-la-imagen-procesional-de-san-hipolito-martir\\\/#primaryimage\",\"url\":\"https:\\\/\\\/www.copealcoy.es\\\/wp-content\\\/uploads\\\/2018\\\/08\\\/38955265_1434375856705895_1173681336406245376_n-e1534111713202.jpg\",\"contentUrl\":\"https:\\\/\\\/www.copealcoy.es\\\/wp-content\\\/uploads\\\/2018\\\/08\\\/38955265_1434375856705895_1173681336406245376_n-e1534111713202.jpg\",\"width\":960,\"height\":561,\"caption\":\"La imagen del patr\u00f3n a la salida del templo de Santa Mar\u00eda \\\/ Foto: G. Pascual\"},{\"@type\":\"BreadcrumbList\",\"@id\":\"https:\\\/\\\/www.copealcoy.es\\\/es\\\/cocentaina-restaurara-la-imagen-procesional-de-san-hipolito-martir\\\/#breadcrumb\",\"itemListElement\":[{\"@type\":\"ListItem\",\"position\":1,\"name\":\"Portada\",\"item\":\"https:\\\/\\\/www.copealcoy.es\\\/es\\\/\"},{\"@type\":\"ListItem\",\"position\":2,\"name\":\"Cocentaina restaurar\u00e1 la imagen procesional de San Hip\u00f3lito M\u00e1rtir\"}]},{\"@type\":\"WebSite\",\"@id\":\"https:\\\/\\\/www.copealcoy.es\\\/es\\\/#website\",\"url\":\"https:\\\/\\\/www.copealcoy.es\\\/es\\\/\",\"name\":\"COPE Alcoy\",\"description\":\"Emisora COPE de radio local con emisi\u00f3n online. Pont de Sant Jordi 8-10 03803 Alcoy\",\"potentialAction\":[{\"@type\":\"SearchAction\",\"target\":{\"@type\":\"EntryPoint\",\"urlTemplate\":\"https:\\\/\\\/www.copealcoy.es\\\/es\\\/?s={search_term_string}\"},\"query-input\":{\"@type\":\"PropertyValueSpecification\",\"valueRequired\":true,\"valueName\":\"search_term_string\"}}],\"inLanguage\":\"es\"},{\"@type\":\"Person\",\"@id\":\"https:\\\/\\\/www.copealcoy.es\\\/es\\\/#\\\/schema\\\/person\\\/e777c87fa024e57d40170af9df39882c\",\"name\":\"Cope Alcoy\",\"image\":{\"@type\":\"ImageObject\",\"inLanguage\":\"es\",\"@id\":\"https:\\\/\\\/secure.gravatar.com\\\/avatar\\\/bb65d0283347e303893ba14f0692005417c1e0e690a325a4c5d8bb2b3943ee14?s=96&d=mm&r=g\",\"url\":\"https:\\\/\\\/secure.gravatar.com\\\/avatar\\\/bb65d0283347e303893ba14f0692005417c1e0e690a325a4c5d8bb2b3943ee14?s=96&d=mm&r=g\",\"contentUrl\":\"https:\\\/\\\/secure.gravatar.com\\\/avatar\\\/bb65d0283347e303893ba14f0692005417c1e0e690a325a4c5d8bb2b3943ee14?s=96&d=mm&r=g\",\"caption\":\"Cope Alcoy\"}}]}<\/script>\n<!-- \/ Yoast SEO plugin. -->","yoast_head_json":{"title":"Cocentaina restaurar\u00e1 la imagen procesional de San Hip\u00f3lito M\u00e1rtir - COPE Alcoy","robots":{"index":"index","follow":"follow","max-snippet":"max-snippet:-1","max-image-preview":"max-image-preview:large","max-video-preview":"max-video-preview:-1"},"canonical":"https:\/\/www.copealcoy.es\/es\/cocentaina-restaurara-la-imagen-procesional-de-san-hipolito-martir\/","og_locale":"es_ES","og_type":"article","og_title":"Cocentaina restaurar\u00e1 la imagen procesional de San Hip\u00f3lito M\u00e1rtir - COPE Alcoy","og_description":"La Federaci\u00f3n Junta de Fiestas de Moros y Cristianos de Cocentaina ha acordado recientemente llevar adelante la restauraci\u00f3n \u00edntegra de...","og_url":"https:\/\/www.copealcoy.es\/es\/cocentaina-restaurara-la-imagen-procesional-de-san-hipolito-martir\/","og_site_name":"COPE Alcoy","article_published_time":"2019-02-18T21:41:30+00:00","og_image":[{"width":960,"height":561,"url":"https:\/\/www.copealcoy.es\/wp-content\/uploads\/2018\/08\/38955265_1434375856705895_1173681336406245376_n-e1534111713202.jpg","type":"image\/jpeg"}],"author":"Cope Alcoy","twitter_misc":{"Escrito por":"Cope Alcoy","Tiempo de lectura":"2 minutos"},"schema":{"@context":"https:\/\/schema.org","@graph":[{"@type":"Article","@id":"https:\/\/www.copealcoy.es\/es\/cocentaina-restaurara-la-imagen-procesional-de-san-hipolito-martir\/#article","isPartOf":{"@id":"https:\/\/www.copealcoy.es\/es\/cocentaina-restaurara-la-imagen-procesional-de-san-hipolito-martir\/"},"author":{"name":"Cope Alcoy","@id":"https:\/\/www.copealcoy.es\/es\/#\/schema\/person\/e777c87fa024e57d40170af9df39882c"},"headline":"Cocentaina restaurar\u00e1 la imagen procesional de San Hip\u00f3lito M\u00e1rtir","datePublished":"2019-02-18T21:41:30+00:00","mainEntityOfPage":{"@id":"https:\/\/www.copealcoy.es\/es\/cocentaina-restaurara-la-imagen-procesional-de-san-hipolito-martir\/"},"wordCount":402,"commentCount":0,"image":{"@id":"https:\/\/www.copealcoy.es\/es\/cocentaina-restaurara-la-imagen-procesional-de-san-hipolito-martir\/#primaryimage"},"thumbnailUrl":"https:\/\/www.copealcoy.es\/wp-content\/uploads\/2018\/08\/38955265_1434375856705895_1173681336406245376_n-e1534111713202.jpg","keywords":["Cocentaina","la imagen procesional","restaurar\u00e1","San Hip\u00f3lito M\u00e1rtir"],"articleSection":["Comarcas","Noticias"],"inLanguage":"es"},{"@type":"WebPage","@id":"https:\/\/www.copealcoy.es\/es\/cocentaina-restaurara-la-imagen-procesional-de-san-hipolito-martir\/","url":"https:\/\/www.copealcoy.es\/es\/cocentaina-restaurara-la-imagen-procesional-de-san-hipolito-martir\/","name":"Cocentaina restaurar\u00e1 la imagen procesional de San Hip\u00f3lito M\u00e1rtir - COPE Alcoy","isPartOf":{"@id":"https:\/\/www.copealcoy.es\/es\/#website"},"primaryImageOfPage":{"@id":"https:\/\/www.copealcoy.es\/es\/cocentaina-restaurara-la-imagen-procesional-de-san-hipolito-martir\/#primaryimage"},"image":{"@id":"https:\/\/www.copealcoy.es\/es\/cocentaina-restaurara-la-imagen-procesional-de-san-hipolito-martir\/#primaryimage"},"thumbnailUrl":"https:\/\/www.copealcoy.es\/wp-content\/uploads\/2018\/08\/38955265_1434375856705895_1173681336406245376_n-e1534111713202.jpg","datePublished":"2019-02-18T21:41:30+00:00","author":{"@id":"https:\/\/www.copealcoy.es\/es\/#\/schema\/person\/e777c87fa024e57d40170af9df39882c"},"breadcrumb":{"@id":"https:\/\/www.copealcoy.es\/es\/cocentaina-restaurara-la-imagen-procesional-de-san-hipolito-martir\/#breadcrumb"},"inLanguage":"es","potentialAction":[{"@type":"ReadAction","target":["https:\/\/www.copealcoy.es\/es\/cocentaina-restaurara-la-imagen-procesional-de-san-hipolito-martir\/"]}]},{"@type":"ImageObject","inLanguage":"es","@id":"https:\/\/www.copealcoy.es\/es\/cocentaina-restaurara-la-imagen-procesional-de-san-hipolito-martir\/#primaryimage","url":"https:\/\/www.copealcoy.es\/wp-content\/uploads\/2018\/08\/38955265_1434375856705895_1173681336406245376_n-e1534111713202.jpg","contentUrl":"https:\/\/www.copealcoy.es\/wp-content\/uploads\/2018\/08\/38955265_1434375856705895_1173681336406245376_n-e1534111713202.jpg","width":960,"height":561,"caption":"La imagen del patr\u00f3n a la salida del templo de Santa Mar\u00eda \/ Foto: G. Pascual"},{"@type":"BreadcrumbList","@id":"https:\/\/www.copealcoy.es\/es\/cocentaina-restaurara-la-imagen-procesional-de-san-hipolito-martir\/#breadcrumb","itemListElement":[{"@type":"ListItem","position":1,"name":"Portada","item":"https:\/\/www.copealcoy.es\/es\/"},{"@type":"ListItem","position":2,"name":"Cocentaina restaurar\u00e1 la imagen procesional de San Hip\u00f3lito M\u00e1rtir"}]},{"@type":"WebSite","@id":"https:\/\/www.copealcoy.es\/es\/#website","url":"https:\/\/www.copealcoy.es\/es\/","name":"COPE Alcoy","description":"Emisora COPE de radio local con emisi\u00f3n online. Pont de Sant Jordi 8-10 03803 Alcoy","potentialAction":[{"@type":"SearchAction","target":{"@type":"EntryPoint","urlTemplate":"https:\/\/www.copealcoy.es\/es\/?s={search_term_string}"},"query-input":{"@type":"PropertyValueSpecification","valueRequired":true,"valueName":"search_term_string"}}],"inLanguage":"es"},{"@type":"Person","@id":"https:\/\/www.copealcoy.es\/es\/#\/schema\/person\/e777c87fa024e57d40170af9df39882c","name":"Cope Alcoy","image":{"@type":"ImageObject","inLanguage":"es","@id":"https:\/\/secure.gravatar.com\/avatar\/bb65d0283347e303893ba14f0692005417c1e0e690a325a4c5d8bb2b3943ee14?s=96&d=mm&r=g","url":"https:\/\/secure.gravatar.com\/avatar\/bb65d0283347e303893ba14f0692005417c1e0e690a325a4c5d8bb2b3943ee14?s=96&d=mm&r=g","contentUrl":"https:\/\/secure.gravatar.com\/avatar\/bb65d0283347e303893ba14f0692005417c1e0e690a325a4c5d8bb2b3943ee14?s=96&d=mm&r=g","caption":"Cope Alcoy"}}]}},"_links":{"self":[{"href":"https:\/\/www.copealcoy.es\/es\/wp-json\/wp\/v2\/posts\/48736","targetHints":{"allow":["GET"]}}],"collection":[{"href":"https:\/\/www.copealcoy.es\/es\/wp-json\/wp\/v2\/posts"}],"about":[{"href":"https:\/\/www.copealcoy.es\/es\/wp-json\/wp\/v2\/types\/post"}],"author":[{"embeddable":true,"href":"https:\/\/www.copealcoy.es\/es\/wp-json\/wp\/v2\/users\/1"}],"replies":[{"embeddable":true,"href":"https:\/\/www.copealcoy.es\/es\/wp-json\/wp\/v2\/comments?post=48736"}],"version-history":[{"count":0,"href":"https:\/\/www.copealcoy.es\/es\/wp-json\/wp\/v2\/posts\/48736\/revisions"}],"wp:featuredmedia":[{"embeddable":true,"href":"https:\/\/www.copealcoy.es\/es\/wp-json\/wp\/v2\/media\/44922"}],"wp:attachment":[{"href":"https:\/\/www.copealcoy.es\/es\/wp-json\/wp\/v2\/media?parent=48736"}],"wp:term":[{"taxonomy":"category","embeddable":true,"href":"https:\/\/www.copealcoy.es\/es\/wp-json\/wp\/v2\/categories?post=48736"},{"taxonomy":"post_tag","embeddable":true,"href":"https:\/\/www.copealcoy.es\/es\/wp-json\/wp\/v2\/tags?post=48736"}],"curies":[{"name":"wp","href":"https:\/\/api.w.org\/{rel}","templated":true}]}}