{"id":48722,"date":"2019-02-15T12:52:36","date_gmt":"2019-02-15T12:52:36","guid":{"rendered":"https:\/\/copealcoi.es\/?p=48722"},"modified":"2019-02-15T12:52:36","modified_gmt":"2019-02-15T12:52:36","slug":"el-gobierno-local-denuncia-una-campana-de-acoso-por-parte-del-sipol","status":"publish","type":"post","link":"https:\/\/www.copealcoy.es\/es\/el-gobierno-local-denuncia-una-campana-de-acoso-por-parte-del-sipol\/","title":{"rendered":"El Gobierno Local denuncia una campa\u00f1a de acoso por parte del SIPOL"},"content":{"rendered":"<p style=\"text-align: justify;\">El alcalde, <strong>Antonio Franc\u00e9s<\/strong>, la edil de R\u00e9gimen Jur\u00eddico, <strong>Lorena Zamorano<\/strong>, y el portavoz del Gobierno Municipal, <strong>Jordi Mart\u00ednez<\/strong>, explicaron ayer <strong>los pasos que van a dar<\/strong> ante la causa judicial que tienen abierta tras <strong>las denuncias efectuadas desde 2014\u00a0<\/strong>por el sindicato SIPOL tras el pago de <strong>unas horas extras<\/strong> a un funcionario de la Polic\u00eda Local que desde <strong>la citada organizaci\u00f3n sindical<\/strong> consideran injustificada. La cuant\u00eda econ\u00f3mica de las horas extras que se denuncian asciende a\u00a0<strong>4.700 euros<\/strong>\u00a0y corresponden al <strong>periodo transcurrido\u00a0<\/strong>entre julio de<strong>\u00a0<\/strong>2012 y\u00a0noviembre de<strong>\u00a0<\/strong>2013.<\/p>\n<p style=\"text-align: justify;\">Los tres destacaron queestas denuncias <strong>buscan ir contra el Gobierno Local <\/strong>en v\u00edsperas de las elecciones municipales y <strong>aclararon <\/strong>que no tienen fundamento puesto que \u00a0el pago de las mencionadas horas extraordinarias est\u00e1<strong>\u00a0<\/strong><strong>avalado por<\/strong><strong>\u00a0<\/strong><strong>informes t\u00e9cnicos <\/strong>&#8220;<em>ninguna de las denuncias previas han prosperado y todo obedece a una maniobra electoral, a una campa\u00f1a de acoso para acabar con el Gobierno Municipal<\/em>&#8220;<strong>, <\/strong>aseveraron.<\/p>\n<p style=\"text-align: justify;\">Por \u00faltimo dijeron que<strong> van a estudiar todas las v\u00edas<\/strong> para mantener la\u00a0<strong>honorabilidad <\/strong>del Ejecutivo Municipal. La causa <strong>va a pasar a manos ahora del juzgado<\/strong>, que deber\u00e1 decidir el sobreseimiento o la apertura de juicio oral.<\/p>\n","protected":false},"excerpt":{"rendered":"<p>El alcalde, Antonio Franc\u00e9s, la edil de R\u00e9gimen Jur\u00eddico, Lorena Zamorano, y el portavoz del Gobierno Municipal, Jordi Mart\u00ednez, explicaron&#8230;<\/p>\n","protected":false},"author":1,"featured_media":48723,"comment_status":"open","ping_status":"open","sticky":false,"template":"","format":"standard","meta":{"footnotes":""},"categories":[97,75,125],"tags":[8336,199,1461,1195,1458],"class_list":["post-48722","post","type-post","status-publish","format-standard","has-post-thumbnail","hentry","category-alcoy","category-noticias","category-portada","tag-acoso","tag-campana","tag-denuncia","tag-gobierno-local","tag-sipol"],"yoast_head":"<!-- This site is optimized with the Yoast SEO plugin v27.3 - https:\/\/yoast.com\/product\/yoast-seo-wordpress\/ -->\n<title>El Gobierno Local denuncia una campa\u00f1a de acoso por parte del SIPOL - COPE Alcoy<\/title>\n<meta name=\"robots\" content=\"index, follow, max-snippet:-1, max-image-preview:large, max-video-preview:-1\" \/>\n<link rel=\"canonical\" href=\"https:\/\/www.copealcoy.es\/es\/el-gobierno-local-denuncia-una-campana-de-acoso-por-parte-del-sipol\/\" \/>\n<meta property=\"og:locale\" content=\"es_ES\" \/>\n<meta property=\"og:type\" content=\"article\" \/>\n<meta property=\"og:title\" content=\"El Gobierno Local denuncia una campa\u00f1a de acoso por parte del SIPOL - COPE Alcoy\" \/>\n<meta property=\"og:description\" content=\"El alcalde, Antonio Franc\u00e9s, la edil de R\u00e9gimen Jur\u00eddico, Lorena Zamorano, y el portavoz del Gobierno Municipal, Jordi Mart\u00ednez, explicaron...\" \/>\n<meta property=\"og:url\" content=\"https:\/\/www.copealcoy.es\/es\/el-gobierno-local-denuncia-una-campana-de-acoso-por-parte-del-sipol\/\" \/>\n<meta property=\"og:site_name\" content=\"COPE Alcoy\" \/>\n<meta property=\"article:published_time\" content=\"2019-02-15T12:52:36+00:00\" \/>\n<meta property=\"og:image\" content=\"https:\/\/www.copealcoy.es\/wp-content\/uploads\/2019\/02\/IMG_6232_20190214022355-e1550249752805-1.jpg\" \/>\n\t<meta property=\"og:image:width\" content=\"786\" \/>\n\t<meta property=\"og:image:height\" content=\"472\" \/>\n\t<meta property=\"og:image:type\" content=\"image\/jpeg\" \/>\n<meta name=\"author\" content=\"Cope Alcoy\" \/>\n<meta name=\"twitter:label1\" content=\"Escrito por\" \/>\n\t<meta name=\"twitter:data1\" content=\"Cope Alcoy\" \/>\n\t<meta name=\"twitter:label2\" content=\"Tiempo de lectura\" \/>\n\t<meta name=\"twitter:data2\" content=\"1 minuto\" \/>\n<script type=\"application\/ld+json\" class=\"yoast-schema-graph\">{\"@context\":\"https:\\\/\\\/schema.org\",\"@graph\":[{\"@type\":\"Article\",\"@id\":\"https:\\\/\\\/www.copealcoy.es\\\/es\\\/el-gobierno-local-denuncia-una-campana-de-acoso-por-parte-del-sipol\\\/#article\",\"isPartOf\":{\"@id\":\"https:\\\/\\\/www.copealcoy.es\\\/es\\\/el-gobierno-local-denuncia-una-campana-de-acoso-por-parte-del-sipol\\\/\"},\"author\":{\"name\":\"Cope Alcoy\",\"@id\":\"https:\\\/\\\/www.copealcoy.es\\\/es\\\/#\\\/schema\\\/person\\\/e777c87fa024e57d40170af9df39882c\"},\"headline\":\"El Gobierno Local denuncia una campa\u00f1a de acoso por parte del SIPOL\",\"datePublished\":\"2019-02-15T12:52:36+00:00\",\"mainEntityOfPage\":{\"@id\":\"https:\\\/\\\/www.copealcoy.es\\\/es\\\/el-gobierno-local-denuncia-una-campana-de-acoso-por-parte-del-sipol\\\/\"},\"wordCount\":215,\"commentCount\":0,\"image\":{\"@id\":\"https:\\\/\\\/www.copealcoy.es\\\/es\\\/el-gobierno-local-denuncia-una-campana-de-acoso-por-parte-del-sipol\\\/#primaryimage\"},\"thumbnailUrl\":\"https:\\\/\\\/www.copealcoy.es\\\/wp-content\\\/uploads\\\/2019\\\/02\\\/IMG_6232_20190214022355-e1550249752805-1.jpg\",\"keywords\":[\"acoso\",\"Campa\u00f1a\",\"Denuncia\",\"Gobierno Local\",\"SIPOL\"],\"articleSection\":[\"Alcoy\",\"Noticias\",\"Portada\"],\"inLanguage\":\"es\"},{\"@type\":\"WebPage\",\"@id\":\"https:\\\/\\\/www.copealcoy.es\\\/es\\\/el-gobierno-local-denuncia-una-campana-de-acoso-por-parte-del-sipol\\\/\",\"url\":\"https:\\\/\\\/www.copealcoy.es\\\/es\\\/el-gobierno-local-denuncia-una-campana-de-acoso-por-parte-del-sipol\\\/\",\"name\":\"El Gobierno Local denuncia una campa\u00f1a de acoso por parte del SIPOL - COPE Alcoy\",\"isPartOf\":{\"@id\":\"https:\\\/\\\/www.copealcoy.es\\\/es\\\/#website\"},\"primaryImageOfPage\":{\"@id\":\"https:\\\/\\\/www.copealcoy.es\\\/es\\\/el-gobierno-local-denuncia-una-campana-de-acoso-por-parte-del-sipol\\\/#primaryimage\"},\"image\":{\"@id\":\"https:\\\/\\\/www.copealcoy.es\\\/es\\\/el-gobierno-local-denuncia-una-campana-de-acoso-por-parte-del-sipol\\\/#primaryimage\"},\"thumbnailUrl\":\"https:\\\/\\\/www.copealcoy.es\\\/wp-content\\\/uploads\\\/2019\\\/02\\\/IMG_6232_20190214022355-e1550249752805-1.jpg\",\"datePublished\":\"2019-02-15T12:52:36+00:00\",\"author\":{\"@id\":\"https:\\\/\\\/www.copealcoy.es\\\/es\\\/#\\\/schema\\\/person\\\/e777c87fa024e57d40170af9df39882c\"},\"breadcrumb\":{\"@id\":\"https:\\\/\\\/www.copealcoy.es\\\/es\\\/el-gobierno-local-denuncia-una-campana-de-acoso-por-parte-del-sipol\\\/#breadcrumb\"},\"inLanguage\":\"es\",\"potentialAction\":[{\"@type\":\"ReadAction\",\"target\":[\"https:\\\/\\\/www.copealcoy.es\\\/es\\\/el-gobierno-local-denuncia-una-campana-de-acoso-por-parte-del-sipol\\\/\"]}]},{\"@type\":\"ImageObject\",\"inLanguage\":\"es\",\"@id\":\"https:\\\/\\\/www.copealcoy.es\\\/es\\\/el-gobierno-local-denuncia-una-campana-de-acoso-por-parte-del-sipol\\\/#primaryimage\",\"url\":\"https:\\\/\\\/www.copealcoy.es\\\/wp-content\\\/uploads\\\/2019\\\/02\\\/IMG_6232_20190214022355-e1550249752805-1.jpg\",\"contentUrl\":\"https:\\\/\\\/www.copealcoy.es\\\/wp-content\\\/uploads\\\/2019\\\/02\\\/IMG_6232_20190214022355-e1550249752805-1.jpg\",\"width\":786,\"height\":472},{\"@type\":\"BreadcrumbList\",\"@id\":\"https:\\\/\\\/www.copealcoy.es\\\/es\\\/el-gobierno-local-denuncia-una-campana-de-acoso-por-parte-del-sipol\\\/#breadcrumb\",\"itemListElement\":[{\"@type\":\"ListItem\",\"position\":1,\"name\":\"Portada\",\"item\":\"https:\\\/\\\/www.copealcoy.es\\\/es\\\/\"},{\"@type\":\"ListItem\",\"position\":2,\"name\":\"El Gobierno Local denuncia una campa\u00f1a de acoso por parte del SIPOL\"}]},{\"@type\":\"WebSite\",\"@id\":\"https:\\\/\\\/www.copealcoy.es\\\/es\\\/#website\",\"url\":\"https:\\\/\\\/www.copealcoy.es\\\/es\\\/\",\"name\":\"COPE Alcoy\",\"description\":\"Emisora COPE de radio local con emisi\u00f3n online. Pont de Sant Jordi 8-10 03803 Alcoy\",\"potentialAction\":[{\"@type\":\"SearchAction\",\"target\":{\"@type\":\"EntryPoint\",\"urlTemplate\":\"https:\\\/\\\/www.copealcoy.es\\\/es\\\/?s={search_term_string}\"},\"query-input\":{\"@type\":\"PropertyValueSpecification\",\"valueRequired\":true,\"valueName\":\"search_term_string\"}}],\"inLanguage\":\"es\"},{\"@type\":\"Person\",\"@id\":\"https:\\\/\\\/www.copealcoy.es\\\/es\\\/#\\\/schema\\\/person\\\/e777c87fa024e57d40170af9df39882c\",\"name\":\"Cope Alcoy\",\"image\":{\"@type\":\"ImageObject\",\"inLanguage\":\"es\",\"@id\":\"https:\\\/\\\/secure.gravatar.com\\\/avatar\\\/bb65d0283347e303893ba14f0692005417c1e0e690a325a4c5d8bb2b3943ee14?s=96&d=mm&r=g\",\"url\":\"https:\\\/\\\/secure.gravatar.com\\\/avatar\\\/bb65d0283347e303893ba14f0692005417c1e0e690a325a4c5d8bb2b3943ee14?s=96&d=mm&r=g\",\"contentUrl\":\"https:\\\/\\\/secure.gravatar.com\\\/avatar\\\/bb65d0283347e303893ba14f0692005417c1e0e690a325a4c5d8bb2b3943ee14?s=96&d=mm&r=g\",\"caption\":\"Cope Alcoy\"}}]}<\/script>\n<!-- \/ Yoast SEO plugin. -->","yoast_head_json":{"title":"El Gobierno Local denuncia una campa\u00f1a de acoso por parte del SIPOL - COPE Alcoy","robots":{"index":"index","follow":"follow","max-snippet":"max-snippet:-1","max-image-preview":"max-image-preview:large","max-video-preview":"max-video-preview:-1"},"canonical":"https:\/\/www.copealcoy.es\/es\/el-gobierno-local-denuncia-una-campana-de-acoso-por-parte-del-sipol\/","og_locale":"es_ES","og_type":"article","og_title":"El Gobierno Local denuncia una campa\u00f1a de acoso por parte del SIPOL - COPE Alcoy","og_description":"El alcalde, Antonio Franc\u00e9s, la edil de R\u00e9gimen Jur\u00eddico, Lorena Zamorano, y el portavoz del Gobierno Municipal, Jordi Mart\u00ednez, explicaron...","og_url":"https:\/\/www.copealcoy.es\/es\/el-gobierno-local-denuncia-una-campana-de-acoso-por-parte-del-sipol\/","og_site_name":"COPE Alcoy","article_published_time":"2019-02-15T12:52:36+00:00","og_image":[{"width":786,"height":472,"url":"https:\/\/www.copealcoy.es\/wp-content\/uploads\/2019\/02\/IMG_6232_20190214022355-e1550249752805-1.jpg","type":"image\/jpeg"}],"author":"Cope Alcoy","twitter_misc":{"Escrito por":"Cope Alcoy","Tiempo de lectura":"1 minuto"},"schema":{"@context":"https:\/\/schema.org","@graph":[{"@type":"Article","@id":"https:\/\/www.copealcoy.es\/es\/el-gobierno-local-denuncia-una-campana-de-acoso-por-parte-del-sipol\/#article","isPartOf":{"@id":"https:\/\/www.copealcoy.es\/es\/el-gobierno-local-denuncia-una-campana-de-acoso-por-parte-del-sipol\/"},"author":{"name":"Cope Alcoy","@id":"https:\/\/www.copealcoy.es\/es\/#\/schema\/person\/e777c87fa024e57d40170af9df39882c"},"headline":"El Gobierno Local denuncia una campa\u00f1a de acoso por parte del SIPOL","datePublished":"2019-02-15T12:52:36+00:00","mainEntityOfPage":{"@id":"https:\/\/www.copealcoy.es\/es\/el-gobierno-local-denuncia-una-campana-de-acoso-por-parte-del-sipol\/"},"wordCount":215,"commentCount":0,"image":{"@id":"https:\/\/www.copealcoy.es\/es\/el-gobierno-local-denuncia-una-campana-de-acoso-por-parte-del-sipol\/#primaryimage"},"thumbnailUrl":"https:\/\/www.copealcoy.es\/wp-content\/uploads\/2019\/02\/IMG_6232_20190214022355-e1550249752805-1.jpg","keywords":["acoso","Campa\u00f1a","Denuncia","Gobierno Local","SIPOL"],"articleSection":["Alcoy","Noticias","Portada"],"inLanguage":"es"},{"@type":"WebPage","@id":"https:\/\/www.copealcoy.es\/es\/el-gobierno-local-denuncia-una-campana-de-acoso-por-parte-del-sipol\/","url":"https:\/\/www.copealcoy.es\/es\/el-gobierno-local-denuncia-una-campana-de-acoso-por-parte-del-sipol\/","name":"El Gobierno Local denuncia una campa\u00f1a de acoso por parte del SIPOL - COPE Alcoy","isPartOf":{"@id":"https:\/\/www.copealcoy.es\/es\/#website"},"primaryImageOfPage":{"@id":"https:\/\/www.copealcoy.es\/es\/el-gobierno-local-denuncia-una-campana-de-acoso-por-parte-del-sipol\/#primaryimage"},"image":{"@id":"https:\/\/www.copealcoy.es\/es\/el-gobierno-local-denuncia-una-campana-de-acoso-por-parte-del-sipol\/#primaryimage"},"thumbnailUrl":"https:\/\/www.copealcoy.es\/wp-content\/uploads\/2019\/02\/IMG_6232_20190214022355-e1550249752805-1.jpg","datePublished":"2019-02-15T12:52:36+00:00","author":{"@id":"https:\/\/www.copealcoy.es\/es\/#\/schema\/person\/e777c87fa024e57d40170af9df39882c"},"breadcrumb":{"@id":"https:\/\/www.copealcoy.es\/es\/el-gobierno-local-denuncia-una-campana-de-acoso-por-parte-del-sipol\/#breadcrumb"},"inLanguage":"es","potentialAction":[{"@type":"ReadAction","target":["https:\/\/www.copealcoy.es\/es\/el-gobierno-local-denuncia-una-campana-de-acoso-por-parte-del-sipol\/"]}]},{"@type":"ImageObject","inLanguage":"es","@id":"https:\/\/www.copealcoy.es\/es\/el-gobierno-local-denuncia-una-campana-de-acoso-por-parte-del-sipol\/#primaryimage","url":"https:\/\/www.copealcoy.es\/wp-content\/uploads\/2019\/02\/IMG_6232_20190214022355-e1550249752805-1.jpg","contentUrl":"https:\/\/www.copealcoy.es\/wp-content\/uploads\/2019\/02\/IMG_6232_20190214022355-e1550249752805-1.jpg","width":786,"height":472},{"@type":"BreadcrumbList","@id":"https:\/\/www.copealcoy.es\/es\/el-gobierno-local-denuncia-una-campana-de-acoso-por-parte-del-sipol\/#breadcrumb","itemListElement":[{"@type":"ListItem","position":1,"name":"Portada","item":"https:\/\/www.copealcoy.es\/es\/"},{"@type":"ListItem","position":2,"name":"El Gobierno Local denuncia una campa\u00f1a de acoso por parte del SIPOL"}]},{"@type":"WebSite","@id":"https:\/\/www.copealcoy.es\/es\/#website","url":"https:\/\/www.copealcoy.es\/es\/","name":"COPE Alcoy","description":"Emisora COPE de radio local con emisi\u00f3n online. Pont de Sant Jordi 8-10 03803 Alcoy","potentialAction":[{"@type":"SearchAction","target":{"@type":"EntryPoint","urlTemplate":"https:\/\/www.copealcoy.es\/es\/?s={search_term_string}"},"query-input":{"@type":"PropertyValueSpecification","valueRequired":true,"valueName":"search_term_string"}}],"inLanguage":"es"},{"@type":"Person","@id":"https:\/\/www.copealcoy.es\/es\/#\/schema\/person\/e777c87fa024e57d40170af9df39882c","name":"Cope Alcoy","image":{"@type":"ImageObject","inLanguage":"es","@id":"https:\/\/secure.gravatar.com\/avatar\/bb65d0283347e303893ba14f0692005417c1e0e690a325a4c5d8bb2b3943ee14?s=96&d=mm&r=g","url":"https:\/\/secure.gravatar.com\/avatar\/bb65d0283347e303893ba14f0692005417c1e0e690a325a4c5d8bb2b3943ee14?s=96&d=mm&r=g","contentUrl":"https:\/\/secure.gravatar.com\/avatar\/bb65d0283347e303893ba14f0692005417c1e0e690a325a4c5d8bb2b3943ee14?s=96&d=mm&r=g","caption":"Cope Alcoy"}}]}},"_links":{"self":[{"href":"https:\/\/www.copealcoy.es\/es\/wp-json\/wp\/v2\/posts\/48722","targetHints":{"allow":["GET"]}}],"collection":[{"href":"https:\/\/www.copealcoy.es\/es\/wp-json\/wp\/v2\/posts"}],"about":[{"href":"https:\/\/www.copealcoy.es\/es\/wp-json\/wp\/v2\/types\/post"}],"author":[{"embeddable":true,"href":"https:\/\/www.copealcoy.es\/es\/wp-json\/wp\/v2\/users\/1"}],"replies":[{"embeddable":true,"href":"https:\/\/www.copealcoy.es\/es\/wp-json\/wp\/v2\/comments?post=48722"}],"version-history":[{"count":0,"href":"https:\/\/www.copealcoy.es\/es\/wp-json\/wp\/v2\/posts\/48722\/revisions"}],"wp:featuredmedia":[{"embeddable":true,"href":"https:\/\/www.copealcoy.es\/es\/wp-json\/wp\/v2\/media\/48723"}],"wp:attachment":[{"href":"https:\/\/www.copealcoy.es\/es\/wp-json\/wp\/v2\/media?parent=48722"}],"wp:term":[{"taxonomy":"category","embeddable":true,"href":"https:\/\/www.copealcoy.es\/es\/wp-json\/wp\/v2\/categories?post=48722"},{"taxonomy":"post_tag","embeddable":true,"href":"https:\/\/www.copealcoy.es\/es\/wp-json\/wp\/v2\/tags?post=48722"}],"curies":[{"name":"wp","href":"https:\/\/api.w.org\/{rel}","templated":true}]}}