{"id":48717,"date":"2019-02-14T22:37:49","date_gmt":"2019-02-14T22:37:49","guid":{"rendered":"https:\/\/copealcoi.es\/?p=48717"},"modified":"2019-02-14T22:37:49","modified_gmt":"2019-02-14T22:37:49","slug":"sentencia-favorable-al-ayuntamiento-de-alcoy-por-el-derrumbe-de-la-calle-calderon","status":"publish","type":"post","link":"https:\/\/www.copealcoy.es\/es\/sentencia-favorable-al-ayuntamiento-de-alcoy-por-el-derrumbe-de-la-calle-calderon\/","title":{"rendered":"Sentencia favorable al Ayuntamiento de Alcoy por el derrumbe de la calle Calder\u00f3n"},"content":{"rendered":"<p style=\"text-align: justify;\">Dictada <strong>sentencia favorable<\/strong> para el Ayuntamiento de Alcoy por <strong>la ca\u00edda del muro<\/strong> ubicado en la calle Calder\u00f3n.<\/p>\n<p style=\"text-align: justify;\">La <strong>secci\u00f3n quinta\u00a0<\/strong>de la <strong>Audiencia Provincial de Alicante<\/strong> ratifica as\u00ed <strong>la sentencia del Juzgado de Primera Instancia e Instrucci\u00f3n n\u00famero 4 de Alcoy<\/strong> que determin\u00f3 que <strong>la empresa aseguradora<\/strong> tendr\u00e1 que pagar al Consistorio <strong>un total 220.472,90 euros<\/strong>, m\u00e1s los intereses y las costas del procedimiento, por <strong>la ca\u00edda del muro de contenci\u00f3n<\/strong> de la calle Calder\u00f3n al tratarse de <strong>un siniestro<\/strong> cubierto por la p\u00f3liza.\u00a0<strong>\u00a0<\/strong>La citada empresa <strong>tiene 20 d\u00edas para poder presentar un recurso de casaci\u00f3n<\/strong> aunque desde el Gobierno Local aseguran que esto <strong>es pr\u00e1cticamente improbable<\/strong> tras recibir el Ayuntamiento <strong>dos sentencias favorables<\/strong> por este asunto &#8220;<em>ya son dos instancias las que nos han dado la raz\u00f3n, vemos muy complicado que pueda estimarse una casaci\u00f3n. Lo m\u00e1s importante es que recuperaremos 220.000 euros para Alcoy, una cantidad que con los intereses podr\u00eda llegar al doble<\/em>&#8220;, asegura la edil de R\u00e9gimen Jur\u00eddico; <strong>Lorena Zamorano<\/strong>.<\/p>\n<p style=\"text-align: justify;\">Recordar que el muro de la calle Calder\u00f3n <strong>se vino abajo el 17 de enero del a\u00f1o 2012<\/strong> tras las intensas lluvias que se registraron en aquella jornada.<\/p>\n","protected":false},"excerpt":{"rendered":"<p>Dictada sentencia favorable para el Ayuntamiento de Alcoy por la ca\u00edda del muro ubicado en la calle Calder\u00f3n. La secci\u00f3n&#8230;<\/p>\n","protected":false},"author":1,"featured_media":17777,"comment_status":"open","ping_status":"open","sticky":false,"template":"","format":"standard","meta":{"footnotes":""},"categories":[97,75,125],"tags":[2058,723,4319,8334,516],"class_list":["post-48717","post","type-post","status-publish","format-standard","has-post-thumbnail","hentry","category-alcoy","category-noticias","category-portada","tag-ayuntamiento-de-alcoy","tag-calle-calderon","tag-derrumbe","tag-favorable","tag-sentencia"],"yoast_head":"<!-- This site is optimized with the Yoast SEO plugin v27.3 - https:\/\/yoast.com\/product\/yoast-seo-wordpress\/ -->\n<title>Sentencia favorable al Ayuntamiento de Alcoy por el derrumbe de la calle Calder\u00f3n - COPE Alcoy<\/title>\n<meta name=\"robots\" content=\"index, follow, max-snippet:-1, max-image-preview:large, max-video-preview:-1\" \/>\n<link rel=\"canonical\" href=\"https:\/\/www.copealcoy.es\/es\/sentencia-favorable-al-ayuntamiento-de-alcoy-por-el-derrumbe-de-la-calle-calderon\/\" \/>\n<meta property=\"og:locale\" content=\"es_ES\" \/>\n<meta property=\"og:type\" content=\"article\" \/>\n<meta property=\"og:title\" content=\"Sentencia favorable al Ayuntamiento de Alcoy por el derrumbe de la calle Calder\u00f3n - COPE Alcoy\" \/>\n<meta property=\"og:description\" content=\"Dictada sentencia favorable para el Ayuntamiento de Alcoy por la ca\u00edda del muro ubicado en la calle Calder\u00f3n. La secci\u00f3n...\" \/>\n<meta property=\"og:url\" content=\"https:\/\/www.copealcoy.es\/es\/sentencia-favorable-al-ayuntamiento-de-alcoy-por-el-derrumbe-de-la-calle-calderon\/\" \/>\n<meta property=\"og:site_name\" content=\"COPE Alcoy\" \/>\n<meta property=\"article:published_time\" content=\"2019-02-14T22:37:49+00:00\" \/>\n<meta property=\"og:image\" content=\"https:\/\/www.copealcoy.es\/wp-content\/uploads\/2015\/12\/12376177_760814780728676_97586481147385914_n.jpg\" \/>\n\t<meta property=\"og:image:width\" content=\"960\" \/>\n\t<meta property=\"og:image:height\" content=\"640\" \/>\n\t<meta property=\"og:image:type\" content=\"image\/jpeg\" \/>\n<meta name=\"author\" content=\"Cope Alcoy\" \/>\n<meta name=\"twitter:label1\" content=\"Escrito por\" \/>\n\t<meta name=\"twitter:data1\" content=\"Cope Alcoy\" \/>\n\t<meta name=\"twitter:label2\" content=\"Tiempo de lectura\" \/>\n\t<meta name=\"twitter:data2\" content=\"1 minuto\" \/>\n<script type=\"application\/ld+json\" class=\"yoast-schema-graph\">{\"@context\":\"https:\\\/\\\/schema.org\",\"@graph\":[{\"@type\":\"Article\",\"@id\":\"https:\\\/\\\/www.copealcoy.es\\\/es\\\/sentencia-favorable-al-ayuntamiento-de-alcoy-por-el-derrumbe-de-la-calle-calderon\\\/#article\",\"isPartOf\":{\"@id\":\"https:\\\/\\\/www.copealcoy.es\\\/es\\\/sentencia-favorable-al-ayuntamiento-de-alcoy-por-el-derrumbe-de-la-calle-calderon\\\/\"},\"author\":{\"name\":\"Cope Alcoy\",\"@id\":\"https:\\\/\\\/www.copealcoy.es\\\/es\\\/#\\\/schema\\\/person\\\/e777c87fa024e57d40170af9df39882c\"},\"headline\":\"Sentencia favorable al Ayuntamiento de Alcoy por el derrumbe de la calle Calder\u00f3n\",\"datePublished\":\"2019-02-14T22:37:49+00:00\",\"mainEntityOfPage\":{\"@id\":\"https:\\\/\\\/www.copealcoy.es\\\/es\\\/sentencia-favorable-al-ayuntamiento-de-alcoy-por-el-derrumbe-de-la-calle-calderon\\\/\"},\"wordCount\":223,\"commentCount\":0,\"image\":{\"@id\":\"https:\\\/\\\/www.copealcoy.es\\\/es\\\/sentencia-favorable-al-ayuntamiento-de-alcoy-por-el-derrumbe-de-la-calle-calderon\\\/#primaryimage\"},\"thumbnailUrl\":\"https:\\\/\\\/www.copealcoy.es\\\/wp-content\\\/uploads\\\/2015\\\/12\\\/12376177_760814780728676_97586481147385914_n.jpg\",\"keywords\":[\"Ayuntamiento de Alcoy\",\"Calle Calder\u00f3n\",\"derrumbe\",\"favorable\",\"Sentencia\"],\"articleSection\":[\"Alcoy\",\"Noticias\",\"Portada\"],\"inLanguage\":\"es\"},{\"@type\":\"WebPage\",\"@id\":\"https:\\\/\\\/www.copealcoy.es\\\/es\\\/sentencia-favorable-al-ayuntamiento-de-alcoy-por-el-derrumbe-de-la-calle-calderon\\\/\",\"url\":\"https:\\\/\\\/www.copealcoy.es\\\/es\\\/sentencia-favorable-al-ayuntamiento-de-alcoy-por-el-derrumbe-de-la-calle-calderon\\\/\",\"name\":\"Sentencia favorable al Ayuntamiento de Alcoy por el derrumbe de la calle Calder\u00f3n - COPE Alcoy\",\"isPartOf\":{\"@id\":\"https:\\\/\\\/www.copealcoy.es\\\/es\\\/#website\"},\"primaryImageOfPage\":{\"@id\":\"https:\\\/\\\/www.copealcoy.es\\\/es\\\/sentencia-favorable-al-ayuntamiento-de-alcoy-por-el-derrumbe-de-la-calle-calderon\\\/#primaryimage\"},\"image\":{\"@id\":\"https:\\\/\\\/www.copealcoy.es\\\/es\\\/sentencia-favorable-al-ayuntamiento-de-alcoy-por-el-derrumbe-de-la-calle-calderon\\\/#primaryimage\"},\"thumbnailUrl\":\"https:\\\/\\\/www.copealcoy.es\\\/wp-content\\\/uploads\\\/2015\\\/12\\\/12376177_760814780728676_97586481147385914_n.jpg\",\"datePublished\":\"2019-02-14T22:37:49+00:00\",\"author\":{\"@id\":\"https:\\\/\\\/www.copealcoy.es\\\/es\\\/#\\\/schema\\\/person\\\/e777c87fa024e57d40170af9df39882c\"},\"breadcrumb\":{\"@id\":\"https:\\\/\\\/www.copealcoy.es\\\/es\\\/sentencia-favorable-al-ayuntamiento-de-alcoy-por-el-derrumbe-de-la-calle-calderon\\\/#breadcrumb\"},\"inLanguage\":\"es\",\"potentialAction\":[{\"@type\":\"ReadAction\",\"target\":[\"https:\\\/\\\/www.copealcoy.es\\\/es\\\/sentencia-favorable-al-ayuntamiento-de-alcoy-por-el-derrumbe-de-la-calle-calderon\\\/\"]}]},{\"@type\":\"ImageObject\",\"inLanguage\":\"es\",\"@id\":\"https:\\\/\\\/www.copealcoy.es\\\/es\\\/sentencia-favorable-al-ayuntamiento-de-alcoy-por-el-derrumbe-de-la-calle-calderon\\\/#primaryimage\",\"url\":\"https:\\\/\\\/www.copealcoy.es\\\/wp-content\\\/uploads\\\/2015\\\/12\\\/12376177_760814780728676_97586481147385914_n.jpg\",\"contentUrl\":\"https:\\\/\\\/www.copealcoy.es\\\/wp-content\\\/uploads\\\/2015\\\/12\\\/12376177_760814780728676_97586481147385914_n.jpg\",\"width\":960,\"height\":640,\"caption\":\"Veh\u00edculos circulando por la calle Calder\u00f3n de Alcoy\"},{\"@type\":\"BreadcrumbList\",\"@id\":\"https:\\\/\\\/www.copealcoy.es\\\/es\\\/sentencia-favorable-al-ayuntamiento-de-alcoy-por-el-derrumbe-de-la-calle-calderon\\\/#breadcrumb\",\"itemListElement\":[{\"@type\":\"ListItem\",\"position\":1,\"name\":\"Portada\",\"item\":\"https:\\\/\\\/www.copealcoy.es\\\/es\\\/\"},{\"@type\":\"ListItem\",\"position\":2,\"name\":\"Sentencia favorable al Ayuntamiento de Alcoy por el derrumbe de la calle Calder\u00f3n\"}]},{\"@type\":\"WebSite\",\"@id\":\"https:\\\/\\\/www.copealcoy.es\\\/es\\\/#website\",\"url\":\"https:\\\/\\\/www.copealcoy.es\\\/es\\\/\",\"name\":\"COPE Alcoy\",\"description\":\"Emisora COPE de radio local con emisi\u00f3n online. Pont de Sant Jordi 8-10 03803 Alcoy\",\"potentialAction\":[{\"@type\":\"SearchAction\",\"target\":{\"@type\":\"EntryPoint\",\"urlTemplate\":\"https:\\\/\\\/www.copealcoy.es\\\/es\\\/?s={search_term_string}\"},\"query-input\":{\"@type\":\"PropertyValueSpecification\",\"valueRequired\":true,\"valueName\":\"search_term_string\"}}],\"inLanguage\":\"es\"},{\"@type\":\"Person\",\"@id\":\"https:\\\/\\\/www.copealcoy.es\\\/es\\\/#\\\/schema\\\/person\\\/e777c87fa024e57d40170af9df39882c\",\"name\":\"Cope Alcoy\",\"image\":{\"@type\":\"ImageObject\",\"inLanguage\":\"es\",\"@id\":\"https:\\\/\\\/secure.gravatar.com\\\/avatar\\\/bb65d0283347e303893ba14f0692005417c1e0e690a325a4c5d8bb2b3943ee14?s=96&d=mm&r=g\",\"url\":\"https:\\\/\\\/secure.gravatar.com\\\/avatar\\\/bb65d0283347e303893ba14f0692005417c1e0e690a325a4c5d8bb2b3943ee14?s=96&d=mm&r=g\",\"contentUrl\":\"https:\\\/\\\/secure.gravatar.com\\\/avatar\\\/bb65d0283347e303893ba14f0692005417c1e0e690a325a4c5d8bb2b3943ee14?s=96&d=mm&r=g\",\"caption\":\"Cope Alcoy\"}}]}<\/script>\n<!-- \/ Yoast SEO plugin. -->","yoast_head_json":{"title":"Sentencia favorable al Ayuntamiento de Alcoy por el derrumbe de la calle Calder\u00f3n - COPE Alcoy","robots":{"index":"index","follow":"follow","max-snippet":"max-snippet:-1","max-image-preview":"max-image-preview:large","max-video-preview":"max-video-preview:-1"},"canonical":"https:\/\/www.copealcoy.es\/es\/sentencia-favorable-al-ayuntamiento-de-alcoy-por-el-derrumbe-de-la-calle-calderon\/","og_locale":"es_ES","og_type":"article","og_title":"Sentencia favorable al Ayuntamiento de Alcoy por el derrumbe de la calle Calder\u00f3n - COPE Alcoy","og_description":"Dictada sentencia favorable para el Ayuntamiento de Alcoy por la ca\u00edda del muro ubicado en la calle Calder\u00f3n. La secci\u00f3n...","og_url":"https:\/\/www.copealcoy.es\/es\/sentencia-favorable-al-ayuntamiento-de-alcoy-por-el-derrumbe-de-la-calle-calderon\/","og_site_name":"COPE Alcoy","article_published_time":"2019-02-14T22:37:49+00:00","og_image":[{"width":960,"height":640,"url":"https:\/\/www.copealcoy.es\/wp-content\/uploads\/2015\/12\/12376177_760814780728676_97586481147385914_n.jpg","type":"image\/jpeg"}],"author":"Cope Alcoy","twitter_misc":{"Escrito por":"Cope Alcoy","Tiempo de lectura":"1 minuto"},"schema":{"@context":"https:\/\/schema.org","@graph":[{"@type":"Article","@id":"https:\/\/www.copealcoy.es\/es\/sentencia-favorable-al-ayuntamiento-de-alcoy-por-el-derrumbe-de-la-calle-calderon\/#article","isPartOf":{"@id":"https:\/\/www.copealcoy.es\/es\/sentencia-favorable-al-ayuntamiento-de-alcoy-por-el-derrumbe-de-la-calle-calderon\/"},"author":{"name":"Cope Alcoy","@id":"https:\/\/www.copealcoy.es\/es\/#\/schema\/person\/e777c87fa024e57d40170af9df39882c"},"headline":"Sentencia favorable al Ayuntamiento de Alcoy por el derrumbe de la calle Calder\u00f3n","datePublished":"2019-02-14T22:37:49+00:00","mainEntityOfPage":{"@id":"https:\/\/www.copealcoy.es\/es\/sentencia-favorable-al-ayuntamiento-de-alcoy-por-el-derrumbe-de-la-calle-calderon\/"},"wordCount":223,"commentCount":0,"image":{"@id":"https:\/\/www.copealcoy.es\/es\/sentencia-favorable-al-ayuntamiento-de-alcoy-por-el-derrumbe-de-la-calle-calderon\/#primaryimage"},"thumbnailUrl":"https:\/\/www.copealcoy.es\/wp-content\/uploads\/2015\/12\/12376177_760814780728676_97586481147385914_n.jpg","keywords":["Ayuntamiento de Alcoy","Calle Calder\u00f3n","derrumbe","favorable","Sentencia"],"articleSection":["Alcoy","Noticias","Portada"],"inLanguage":"es"},{"@type":"WebPage","@id":"https:\/\/www.copealcoy.es\/es\/sentencia-favorable-al-ayuntamiento-de-alcoy-por-el-derrumbe-de-la-calle-calderon\/","url":"https:\/\/www.copealcoy.es\/es\/sentencia-favorable-al-ayuntamiento-de-alcoy-por-el-derrumbe-de-la-calle-calderon\/","name":"Sentencia favorable al Ayuntamiento de Alcoy por el derrumbe de la calle Calder\u00f3n - COPE Alcoy","isPartOf":{"@id":"https:\/\/www.copealcoy.es\/es\/#website"},"primaryImageOfPage":{"@id":"https:\/\/www.copealcoy.es\/es\/sentencia-favorable-al-ayuntamiento-de-alcoy-por-el-derrumbe-de-la-calle-calderon\/#primaryimage"},"image":{"@id":"https:\/\/www.copealcoy.es\/es\/sentencia-favorable-al-ayuntamiento-de-alcoy-por-el-derrumbe-de-la-calle-calderon\/#primaryimage"},"thumbnailUrl":"https:\/\/www.copealcoy.es\/wp-content\/uploads\/2015\/12\/12376177_760814780728676_97586481147385914_n.jpg","datePublished":"2019-02-14T22:37:49+00:00","author":{"@id":"https:\/\/www.copealcoy.es\/es\/#\/schema\/person\/e777c87fa024e57d40170af9df39882c"},"breadcrumb":{"@id":"https:\/\/www.copealcoy.es\/es\/sentencia-favorable-al-ayuntamiento-de-alcoy-por-el-derrumbe-de-la-calle-calderon\/#breadcrumb"},"inLanguage":"es","potentialAction":[{"@type":"ReadAction","target":["https:\/\/www.copealcoy.es\/es\/sentencia-favorable-al-ayuntamiento-de-alcoy-por-el-derrumbe-de-la-calle-calderon\/"]}]},{"@type":"ImageObject","inLanguage":"es","@id":"https:\/\/www.copealcoy.es\/es\/sentencia-favorable-al-ayuntamiento-de-alcoy-por-el-derrumbe-de-la-calle-calderon\/#primaryimage","url":"https:\/\/www.copealcoy.es\/wp-content\/uploads\/2015\/12\/12376177_760814780728676_97586481147385914_n.jpg","contentUrl":"https:\/\/www.copealcoy.es\/wp-content\/uploads\/2015\/12\/12376177_760814780728676_97586481147385914_n.jpg","width":960,"height":640,"caption":"Veh\u00edculos circulando por la calle Calder\u00f3n de Alcoy"},{"@type":"BreadcrumbList","@id":"https:\/\/www.copealcoy.es\/es\/sentencia-favorable-al-ayuntamiento-de-alcoy-por-el-derrumbe-de-la-calle-calderon\/#breadcrumb","itemListElement":[{"@type":"ListItem","position":1,"name":"Portada","item":"https:\/\/www.copealcoy.es\/es\/"},{"@type":"ListItem","position":2,"name":"Sentencia favorable al Ayuntamiento de Alcoy por el derrumbe de la calle Calder\u00f3n"}]},{"@type":"WebSite","@id":"https:\/\/www.copealcoy.es\/es\/#website","url":"https:\/\/www.copealcoy.es\/es\/","name":"COPE Alcoy","description":"Emisora COPE de radio local con emisi\u00f3n online. Pont de Sant Jordi 8-10 03803 Alcoy","potentialAction":[{"@type":"SearchAction","target":{"@type":"EntryPoint","urlTemplate":"https:\/\/www.copealcoy.es\/es\/?s={search_term_string}"},"query-input":{"@type":"PropertyValueSpecification","valueRequired":true,"valueName":"search_term_string"}}],"inLanguage":"es"},{"@type":"Person","@id":"https:\/\/www.copealcoy.es\/es\/#\/schema\/person\/e777c87fa024e57d40170af9df39882c","name":"Cope Alcoy","image":{"@type":"ImageObject","inLanguage":"es","@id":"https:\/\/secure.gravatar.com\/avatar\/bb65d0283347e303893ba14f0692005417c1e0e690a325a4c5d8bb2b3943ee14?s=96&d=mm&r=g","url":"https:\/\/secure.gravatar.com\/avatar\/bb65d0283347e303893ba14f0692005417c1e0e690a325a4c5d8bb2b3943ee14?s=96&d=mm&r=g","contentUrl":"https:\/\/secure.gravatar.com\/avatar\/bb65d0283347e303893ba14f0692005417c1e0e690a325a4c5d8bb2b3943ee14?s=96&d=mm&r=g","caption":"Cope Alcoy"}}]}},"_links":{"self":[{"href":"https:\/\/www.copealcoy.es\/es\/wp-json\/wp\/v2\/posts\/48717","targetHints":{"allow":["GET"]}}],"collection":[{"href":"https:\/\/www.copealcoy.es\/es\/wp-json\/wp\/v2\/posts"}],"about":[{"href":"https:\/\/www.copealcoy.es\/es\/wp-json\/wp\/v2\/types\/post"}],"author":[{"embeddable":true,"href":"https:\/\/www.copealcoy.es\/es\/wp-json\/wp\/v2\/users\/1"}],"replies":[{"embeddable":true,"href":"https:\/\/www.copealcoy.es\/es\/wp-json\/wp\/v2\/comments?post=48717"}],"version-history":[{"count":0,"href":"https:\/\/www.copealcoy.es\/es\/wp-json\/wp\/v2\/posts\/48717\/revisions"}],"wp:featuredmedia":[{"embeddable":true,"href":"https:\/\/www.copealcoy.es\/es\/wp-json\/wp\/v2\/media\/17777"}],"wp:attachment":[{"href":"https:\/\/www.copealcoy.es\/es\/wp-json\/wp\/v2\/media?parent=48717"}],"wp:term":[{"taxonomy":"category","embeddable":true,"href":"https:\/\/www.copealcoy.es\/es\/wp-json\/wp\/v2\/categories?post=48717"},{"taxonomy":"post_tag","embeddable":true,"href":"https:\/\/www.copealcoy.es\/es\/wp-json\/wp\/v2\/tags?post=48717"}],"curies":[{"name":"wp","href":"https:\/\/api.w.org\/{rel}","templated":true}]}}