{"id":48709,"date":"2019-02-11T23:18:56","date_gmt":"2019-02-11T23:18:56","guid":{"rendered":"https:\/\/copealcoi.es\/?p=48709"},"modified":"2019-02-11T23:18:56","modified_gmt":"2019-02-11T23:18:56","slug":"la-guardia-civil-detiene-a-un-hombre-por-degollar-a-su-pareja-en-planes","status":"publish","type":"post","link":"https:\/\/www.copealcoy.es\/es\/la-guardia-civil-detiene-a-un-hombre-por-degollar-a-su-pareja-en-planes\/","title":{"rendered":"La Guardia Civil detiene a un hombre por degollar a su pareja en Planes"},"content":{"rendered":"<p style=\"text-align: justify;\">La\u00a0<strong>Guardia Civil ha detenido en Planes (Alicante) a un hombre de 34 a\u00f1os acusado de degollar\u00a0a su pareja<\/strong>, una mujer de 29 a\u00f1os que fue hallada el pasado s\u00e1bado sin vida\u00a0en una casa de campo.<\/p>\n<p style=\"text-align: justify;\">En un principio y durante 48 horas\u00a0<strong>todo apuntaba a que la mujer, natural de la poblaci\u00f3n vecina de Alcoy,\u00a0se hab\u00eda suicidado<\/strong>. Sin embargo,\u00a0la investigaci\u00f3n ha dado un giro a ra\u00edz de que este lunes<strong>\u00a0la autopsia\u00a0revelara heridas &#8220;incompatibles&#8221; con que se hubiera quitado la vida<\/strong>, seg\u00fan la\u00a0Guardia Civil.<\/p>\n<p style=\"text-align: justify;\">Esto ha conducido al arresto de su pareja, tambi\u00e9n natural de Alcoy, como supuesto homicida.<strong>\u00a0<\/strong>El hombre, que<strong>\u00a0ten\u00eda con la mujer un beb\u00e9 de poco m\u00e1s de tres meses<\/strong>,<strong>\u00a0<\/strong>se halla en los calabozos de la Guardia Civil de Villena hasta su puesta a disposici\u00f3n de la jueza en un plazo m\u00e1ximo de 72 horas.<\/p>\n<p style=\"text-align: justify;\">El juzgado de Primera Instancia e Instrucci\u00f3n n\u00famero 1 de Alcoy, que lleva las competencias de\u00a0violencia de g\u00e9nero\u00a0en ese partido judicial, ha declarado el\u00a0<strong>secreto de sumario<\/strong>.<\/p>\n<p><span style=\"text-align: justify;\">El crimen se conoci\u00f3 sobre las seis de la ma\u00f1ana del pasado s\u00e1bado, cuando el ahora detenido telefone\u00f3 a los servicios de emergencia alertando de que el llanto del beb\u00e9 le hab\u00eda despertado y de que\u00a0<\/span><strong style=\"text-align: justify;\">al descender a la planta baja de la vivienda encontr\u00f3 en el suelo el cuerpo sin vida de la mujer junto a un cuchillo<\/strong><span style=\"text-align: justify;\">.<\/span><\/p>\n<div class=\"section\" style=\"text-align: justify;\">\n<p>Desde un primer momento,<strong>\u00a0los agentes descartaron casi por completo la posibilidad de que se tratara de un robo y vieron como primera opci\u00f3n el suicidio<\/strong>, aunque sin descartar otras hip\u00f3tesis.<\/p>\n<p>La mujer y el presunto agresor\u00a0<strong>viv\u00edan desde hac\u00eda alrededor de un a\u00f1o en el lugar donde ocurrieron los hechos<\/strong>, una casa de campo situada en la partida de La Ceba, en el t\u00e9rmino de Planes (en el interior de la provincia de Alicante), muy cerca del municipio de Benimarful.<\/p>\n<p>El alcalde de Planes, Javier Sendra, ha relatado a EFE que\u00a0<strong>la pareja hac\u00eda &#8220;muy poca vida&#8221; en el pueblo<\/strong>\u00a0y tampoco en Benimarful, pese a lo cual esta peque\u00f1a localidad de unos 750 vecinos se halla &#8220;conmocionada&#8221;.<\/p>\n<\/div>\n<div class=\"section\">\n<p style=\"text-align: justify;\">El ayuntamiento de\u00a0<strong>Planes ha convocado para el pr\u00f3ximo martes\u00a0al mediod\u00eda una concentraci\u00f3n de un minuto de silencio<\/strong>\u00a0en repulsa por el homicidio y contra la lacra de la violencia machista, al igual que la subdelegaci\u00f3n del Gobierno en la ciudad de Alicante.<\/p>\n<\/div>\n","protected":false},"excerpt":{"rendered":"<p>La\u00a0Guardia Civil ha detenido en Planes (Alicante) a un hombre de 34 a\u00f1os acusado de degollar\u00a0a su pareja, una mujer&#8230;<\/p>\n","protected":false},"author":1,"featured_media":48710,"comment_status":"open","ping_status":"open","sticky":false,"template":"","format":"standard","meta":{"footnotes":""},"categories":[75,80],"tags":[8320,8321,2187,963,8322,8323],"class_list":["post-48709","post","type-post","status-publish","format-standard","has-post-thumbnail","hentry","category-noticias","category-sucesos","tag-degollar","tag-detiene","tag-guardia-civil","tag-planes","tag-su-pareja","tag-un-hombre"],"yoast_head":"<!-- This site is optimized with the Yoast SEO plugin v27.3 - https:\/\/yoast.com\/product\/yoast-seo-wordpress\/ -->\n<title>La Guardia Civil detiene a un hombre por degollar a su pareja en Planes - COPE Alcoy<\/title>\n<meta name=\"robots\" content=\"index, follow, max-snippet:-1, max-image-preview:large, max-video-preview:-1\" \/>\n<link rel=\"canonical\" href=\"https:\/\/www.copealcoy.es\/es\/la-guardia-civil-detiene-a-un-hombre-por-degollar-a-su-pareja-en-planes\/\" \/>\n<meta property=\"og:locale\" content=\"es_ES\" \/>\n<meta property=\"og:type\" content=\"article\" \/>\n<meta property=\"og:title\" content=\"La Guardia Civil detiene a un hombre por degollar a su pareja en Planes - COPE Alcoy\" \/>\n<meta property=\"og:description\" content=\"La\u00a0Guardia Civil ha detenido en Planes (Alicante) a un hombre de 34 a\u00f1os acusado de degollar\u00a0a su pareja, una mujer...\" \/>\n<meta property=\"og:url\" content=\"https:\/\/www.copealcoy.es\/es\/la-guardia-civil-detiene-a-un-hombre-por-degollar-a-su-pareja-en-planes\/\" \/>\n<meta property=\"og:site_name\" content=\"COPE Alcoy\" \/>\n<meta property=\"article:published_time\" content=\"2019-02-11T23:18:56+00:00\" \/>\n<meta property=\"og:image\" content=\"https:\/\/www.copealcoy.es\/wp-content\/uploads\/2019\/02\/4980998-1.jpeg\" \/>\n\t<meta property=\"og:image:width\" content=\"1600\" \/>\n\t<meta property=\"og:image:height\" content=\"899\" \/>\n\t<meta property=\"og:image:type\" content=\"image\/jpeg\" \/>\n<meta name=\"author\" content=\"Cope Alcoy\" \/>\n<meta name=\"twitter:label1\" content=\"Escrito por\" \/>\n\t<meta name=\"twitter:data1\" content=\"Cope Alcoy\" \/>\n\t<meta name=\"twitter:label2\" content=\"Tiempo de lectura\" \/>\n\t<meta name=\"twitter:data2\" content=\"2 minutos\" \/>\n<script type=\"application\/ld+json\" class=\"yoast-schema-graph\">{\"@context\":\"https:\\\/\\\/schema.org\",\"@graph\":[{\"@type\":\"Article\",\"@id\":\"https:\\\/\\\/www.copealcoy.es\\\/es\\\/la-guardia-civil-detiene-a-un-hombre-por-degollar-a-su-pareja-en-planes\\\/#article\",\"isPartOf\":{\"@id\":\"https:\\\/\\\/www.copealcoy.es\\\/es\\\/la-guardia-civil-detiene-a-un-hombre-por-degollar-a-su-pareja-en-planes\\\/\"},\"author\":{\"name\":\"Cope Alcoy\",\"@id\":\"https:\\\/\\\/www.copealcoy.es\\\/es\\\/#\\\/schema\\\/person\\\/e777c87fa024e57d40170af9df39882c\"},\"headline\":\"La Guardia Civil detiene a un hombre por degollar a su pareja en Planes\",\"datePublished\":\"2019-02-11T23:18:56+00:00\",\"mainEntityOfPage\":{\"@id\":\"https:\\\/\\\/www.copealcoy.es\\\/es\\\/la-guardia-civil-detiene-a-un-hombre-por-degollar-a-su-pareja-en-planes\\\/\"},\"wordCount\":438,\"commentCount\":0,\"image\":{\"@id\":\"https:\\\/\\\/www.copealcoy.es\\\/es\\\/la-guardia-civil-detiene-a-un-hombre-por-degollar-a-su-pareja-en-planes\\\/#primaryimage\"},\"thumbnailUrl\":\"https:\\\/\\\/www.copealcoy.es\\\/wp-content\\\/uploads\\\/2019\\\/02\\\/4980998-1.jpeg\",\"keywords\":[\"degollar\",\"detiene\",\"Guardia Civil\",\"Planes\",\"su pareja\",\"un hombre\"],\"articleSection\":[\"Noticias\",\"Sucesos\"],\"inLanguage\":\"es\"},{\"@type\":\"WebPage\",\"@id\":\"https:\\\/\\\/www.copealcoy.es\\\/es\\\/la-guardia-civil-detiene-a-un-hombre-por-degollar-a-su-pareja-en-planes\\\/\",\"url\":\"https:\\\/\\\/www.copealcoy.es\\\/es\\\/la-guardia-civil-detiene-a-un-hombre-por-degollar-a-su-pareja-en-planes\\\/\",\"name\":\"La Guardia Civil detiene a un hombre por degollar a su pareja en Planes - COPE Alcoy\",\"isPartOf\":{\"@id\":\"https:\\\/\\\/www.copealcoy.es\\\/es\\\/#website\"},\"primaryImageOfPage\":{\"@id\":\"https:\\\/\\\/www.copealcoy.es\\\/es\\\/la-guardia-civil-detiene-a-un-hombre-por-degollar-a-su-pareja-en-planes\\\/#primaryimage\"},\"image\":{\"@id\":\"https:\\\/\\\/www.copealcoy.es\\\/es\\\/la-guardia-civil-detiene-a-un-hombre-por-degollar-a-su-pareja-en-planes\\\/#primaryimage\"},\"thumbnailUrl\":\"https:\\\/\\\/www.copealcoy.es\\\/wp-content\\\/uploads\\\/2019\\\/02\\\/4980998-1.jpeg\",\"datePublished\":\"2019-02-11T23:18:56+00:00\",\"author\":{\"@id\":\"https:\\\/\\\/www.copealcoy.es\\\/es\\\/#\\\/schema\\\/person\\\/e777c87fa024e57d40170af9df39882c\"},\"breadcrumb\":{\"@id\":\"https:\\\/\\\/www.copealcoy.es\\\/es\\\/la-guardia-civil-detiene-a-un-hombre-por-degollar-a-su-pareja-en-planes\\\/#breadcrumb\"},\"inLanguage\":\"es\",\"potentialAction\":[{\"@type\":\"ReadAction\",\"target\":[\"https:\\\/\\\/www.copealcoy.es\\\/es\\\/la-guardia-civil-detiene-a-un-hombre-por-degollar-a-su-pareja-en-planes\\\/\"]}]},{\"@type\":\"ImageObject\",\"inLanguage\":\"es\",\"@id\":\"https:\\\/\\\/www.copealcoy.es\\\/es\\\/la-guardia-civil-detiene-a-un-hombre-por-degollar-a-su-pareja-en-planes\\\/#primaryimage\",\"url\":\"https:\\\/\\\/www.copealcoy.es\\\/wp-content\\\/uploads\\\/2019\\\/02\\\/4980998-1.jpeg\",\"contentUrl\":\"https:\\\/\\\/www.copealcoy.es\\\/wp-content\\\/uploads\\\/2019\\\/02\\\/4980998-1.jpeg\",\"width\":1600,\"height\":899},{\"@type\":\"BreadcrumbList\",\"@id\":\"https:\\\/\\\/www.copealcoy.es\\\/es\\\/la-guardia-civil-detiene-a-un-hombre-por-degollar-a-su-pareja-en-planes\\\/#breadcrumb\",\"itemListElement\":[{\"@type\":\"ListItem\",\"position\":1,\"name\":\"Portada\",\"item\":\"https:\\\/\\\/www.copealcoy.es\\\/es\\\/\"},{\"@type\":\"ListItem\",\"position\":2,\"name\":\"La Guardia Civil detiene a un hombre por degollar a su pareja en Planes\"}]},{\"@type\":\"WebSite\",\"@id\":\"https:\\\/\\\/www.copealcoy.es\\\/es\\\/#website\",\"url\":\"https:\\\/\\\/www.copealcoy.es\\\/es\\\/\",\"name\":\"COPE Alcoy\",\"description\":\"Emisora COPE de radio local con emisi\u00f3n online. Pont de Sant Jordi 8-10 03803 Alcoy\",\"potentialAction\":[{\"@type\":\"SearchAction\",\"target\":{\"@type\":\"EntryPoint\",\"urlTemplate\":\"https:\\\/\\\/www.copealcoy.es\\\/es\\\/?s={search_term_string}\"},\"query-input\":{\"@type\":\"PropertyValueSpecification\",\"valueRequired\":true,\"valueName\":\"search_term_string\"}}],\"inLanguage\":\"es\"},{\"@type\":\"Person\",\"@id\":\"https:\\\/\\\/www.copealcoy.es\\\/es\\\/#\\\/schema\\\/person\\\/e777c87fa024e57d40170af9df39882c\",\"name\":\"Cope Alcoy\",\"image\":{\"@type\":\"ImageObject\",\"inLanguage\":\"es\",\"@id\":\"https:\\\/\\\/secure.gravatar.com\\\/avatar\\\/bb65d0283347e303893ba14f0692005417c1e0e690a325a4c5d8bb2b3943ee14?s=96&d=mm&r=g\",\"url\":\"https:\\\/\\\/secure.gravatar.com\\\/avatar\\\/bb65d0283347e303893ba14f0692005417c1e0e690a325a4c5d8bb2b3943ee14?s=96&d=mm&r=g\",\"contentUrl\":\"https:\\\/\\\/secure.gravatar.com\\\/avatar\\\/bb65d0283347e303893ba14f0692005417c1e0e690a325a4c5d8bb2b3943ee14?s=96&d=mm&r=g\",\"caption\":\"Cope Alcoy\"}}]}<\/script>\n<!-- \/ Yoast SEO plugin. -->","yoast_head_json":{"title":"La Guardia Civil detiene a un hombre por degollar a su pareja en Planes - COPE Alcoy","robots":{"index":"index","follow":"follow","max-snippet":"max-snippet:-1","max-image-preview":"max-image-preview:large","max-video-preview":"max-video-preview:-1"},"canonical":"https:\/\/www.copealcoy.es\/es\/la-guardia-civil-detiene-a-un-hombre-por-degollar-a-su-pareja-en-planes\/","og_locale":"es_ES","og_type":"article","og_title":"La Guardia Civil detiene a un hombre por degollar a su pareja en Planes - COPE Alcoy","og_description":"La\u00a0Guardia Civil ha detenido en Planes (Alicante) a un hombre de 34 a\u00f1os acusado de degollar\u00a0a su pareja, una mujer...","og_url":"https:\/\/www.copealcoy.es\/es\/la-guardia-civil-detiene-a-un-hombre-por-degollar-a-su-pareja-en-planes\/","og_site_name":"COPE Alcoy","article_published_time":"2019-02-11T23:18:56+00:00","og_image":[{"width":1600,"height":899,"url":"https:\/\/www.copealcoy.es\/wp-content\/uploads\/2019\/02\/4980998-1.jpeg","type":"image\/jpeg"}],"author":"Cope Alcoy","twitter_misc":{"Escrito por":"Cope Alcoy","Tiempo de lectura":"2 minutos"},"schema":{"@context":"https:\/\/schema.org","@graph":[{"@type":"Article","@id":"https:\/\/www.copealcoy.es\/es\/la-guardia-civil-detiene-a-un-hombre-por-degollar-a-su-pareja-en-planes\/#article","isPartOf":{"@id":"https:\/\/www.copealcoy.es\/es\/la-guardia-civil-detiene-a-un-hombre-por-degollar-a-su-pareja-en-planes\/"},"author":{"name":"Cope Alcoy","@id":"https:\/\/www.copealcoy.es\/es\/#\/schema\/person\/e777c87fa024e57d40170af9df39882c"},"headline":"La Guardia Civil detiene a un hombre por degollar a su pareja en Planes","datePublished":"2019-02-11T23:18:56+00:00","mainEntityOfPage":{"@id":"https:\/\/www.copealcoy.es\/es\/la-guardia-civil-detiene-a-un-hombre-por-degollar-a-su-pareja-en-planes\/"},"wordCount":438,"commentCount":0,"image":{"@id":"https:\/\/www.copealcoy.es\/es\/la-guardia-civil-detiene-a-un-hombre-por-degollar-a-su-pareja-en-planes\/#primaryimage"},"thumbnailUrl":"https:\/\/www.copealcoy.es\/wp-content\/uploads\/2019\/02\/4980998-1.jpeg","keywords":["degollar","detiene","Guardia Civil","Planes","su pareja","un hombre"],"articleSection":["Noticias","Sucesos"],"inLanguage":"es"},{"@type":"WebPage","@id":"https:\/\/www.copealcoy.es\/es\/la-guardia-civil-detiene-a-un-hombre-por-degollar-a-su-pareja-en-planes\/","url":"https:\/\/www.copealcoy.es\/es\/la-guardia-civil-detiene-a-un-hombre-por-degollar-a-su-pareja-en-planes\/","name":"La Guardia Civil detiene a un hombre por degollar a su pareja en Planes - COPE Alcoy","isPartOf":{"@id":"https:\/\/www.copealcoy.es\/es\/#website"},"primaryImageOfPage":{"@id":"https:\/\/www.copealcoy.es\/es\/la-guardia-civil-detiene-a-un-hombre-por-degollar-a-su-pareja-en-planes\/#primaryimage"},"image":{"@id":"https:\/\/www.copealcoy.es\/es\/la-guardia-civil-detiene-a-un-hombre-por-degollar-a-su-pareja-en-planes\/#primaryimage"},"thumbnailUrl":"https:\/\/www.copealcoy.es\/wp-content\/uploads\/2019\/02\/4980998-1.jpeg","datePublished":"2019-02-11T23:18:56+00:00","author":{"@id":"https:\/\/www.copealcoy.es\/es\/#\/schema\/person\/e777c87fa024e57d40170af9df39882c"},"breadcrumb":{"@id":"https:\/\/www.copealcoy.es\/es\/la-guardia-civil-detiene-a-un-hombre-por-degollar-a-su-pareja-en-planes\/#breadcrumb"},"inLanguage":"es","potentialAction":[{"@type":"ReadAction","target":["https:\/\/www.copealcoy.es\/es\/la-guardia-civil-detiene-a-un-hombre-por-degollar-a-su-pareja-en-planes\/"]}]},{"@type":"ImageObject","inLanguage":"es","@id":"https:\/\/www.copealcoy.es\/es\/la-guardia-civil-detiene-a-un-hombre-por-degollar-a-su-pareja-en-planes\/#primaryimage","url":"https:\/\/www.copealcoy.es\/wp-content\/uploads\/2019\/02\/4980998-1.jpeg","contentUrl":"https:\/\/www.copealcoy.es\/wp-content\/uploads\/2019\/02\/4980998-1.jpeg","width":1600,"height":899},{"@type":"BreadcrumbList","@id":"https:\/\/www.copealcoy.es\/es\/la-guardia-civil-detiene-a-un-hombre-por-degollar-a-su-pareja-en-planes\/#breadcrumb","itemListElement":[{"@type":"ListItem","position":1,"name":"Portada","item":"https:\/\/www.copealcoy.es\/es\/"},{"@type":"ListItem","position":2,"name":"La Guardia Civil detiene a un hombre por degollar a su pareja en Planes"}]},{"@type":"WebSite","@id":"https:\/\/www.copealcoy.es\/es\/#website","url":"https:\/\/www.copealcoy.es\/es\/","name":"COPE Alcoy","description":"Emisora COPE de radio local con emisi\u00f3n online. Pont de Sant Jordi 8-10 03803 Alcoy","potentialAction":[{"@type":"SearchAction","target":{"@type":"EntryPoint","urlTemplate":"https:\/\/www.copealcoy.es\/es\/?s={search_term_string}"},"query-input":{"@type":"PropertyValueSpecification","valueRequired":true,"valueName":"search_term_string"}}],"inLanguage":"es"},{"@type":"Person","@id":"https:\/\/www.copealcoy.es\/es\/#\/schema\/person\/e777c87fa024e57d40170af9df39882c","name":"Cope Alcoy","image":{"@type":"ImageObject","inLanguage":"es","@id":"https:\/\/secure.gravatar.com\/avatar\/bb65d0283347e303893ba14f0692005417c1e0e690a325a4c5d8bb2b3943ee14?s=96&d=mm&r=g","url":"https:\/\/secure.gravatar.com\/avatar\/bb65d0283347e303893ba14f0692005417c1e0e690a325a4c5d8bb2b3943ee14?s=96&d=mm&r=g","contentUrl":"https:\/\/secure.gravatar.com\/avatar\/bb65d0283347e303893ba14f0692005417c1e0e690a325a4c5d8bb2b3943ee14?s=96&d=mm&r=g","caption":"Cope Alcoy"}}]}},"_links":{"self":[{"href":"https:\/\/www.copealcoy.es\/es\/wp-json\/wp\/v2\/posts\/48709","targetHints":{"allow":["GET"]}}],"collection":[{"href":"https:\/\/www.copealcoy.es\/es\/wp-json\/wp\/v2\/posts"}],"about":[{"href":"https:\/\/www.copealcoy.es\/es\/wp-json\/wp\/v2\/types\/post"}],"author":[{"embeddable":true,"href":"https:\/\/www.copealcoy.es\/es\/wp-json\/wp\/v2\/users\/1"}],"replies":[{"embeddable":true,"href":"https:\/\/www.copealcoy.es\/es\/wp-json\/wp\/v2\/comments?post=48709"}],"version-history":[{"count":0,"href":"https:\/\/www.copealcoy.es\/es\/wp-json\/wp\/v2\/posts\/48709\/revisions"}],"wp:featuredmedia":[{"embeddable":true,"href":"https:\/\/www.copealcoy.es\/es\/wp-json\/wp\/v2\/media\/48710"}],"wp:attachment":[{"href":"https:\/\/www.copealcoy.es\/es\/wp-json\/wp\/v2\/media?parent=48709"}],"wp:term":[{"taxonomy":"category","embeddable":true,"href":"https:\/\/www.copealcoy.es\/es\/wp-json\/wp\/v2\/categories?post=48709"},{"taxonomy":"post_tag","embeddable":true,"href":"https:\/\/www.copealcoy.es\/es\/wp-json\/wp\/v2\/tags?post=48709"}],"curies":[{"name":"wp","href":"https:\/\/api.w.org\/{rel}","templated":true}]}}