{"id":48632,"date":"2019-02-07T22:39:55","date_gmt":"2019-02-07T22:39:55","guid":{"rendered":"https:\/\/copealcoi.es\/?p=48632"},"modified":"2019-02-07T22:39:55","modified_gmt":"2019-02-07T22:39:55","slug":"la-consellera-barcelo-visita-la-ampliacion-del-centro-de-salud-de-cocentaina","status":"publish","type":"post","link":"https:\/\/www.copealcoy.es\/es\/la-consellera-barcelo-visita-la-ampliacion-del-centro-de-salud-de-cocentaina\/","title":{"rendered":"La Consellera Barcel\u00f3 visita la ampliaci\u00f3n del Centro de Salud de Cocentaina"},"content":{"rendered":"<p style=\"text-align: justify;\">La Consellera de Sanidad, <strong>Ana Barcel\u00f3<\/strong>, acudi\u00f3 ayer\u00a0al <strong>Centro de Salud de Cocentaina<\/strong> tras haber finalizado las obras que han permitido <strong>la ampliaci\u00f3n de esta infraestructura<\/strong> estrenada a principios de la d\u00e9cada de los noventa.<\/p>\n<p style=\"text-align: justify;\">Durante la visita Barcel\u00f3 <strong>tuvo oportunidad de recorrer<\/strong> las instalaciones del centro sanitario y conoci\u00f3 de cerca <strong>el proyecto<\/strong> ejecutado en los \u00faltimos meses, unos trabajos que han permitido <strong>ampliar el complejo en una superficie de 457\u20196 metros cuadrados<\/strong> repartidos en dos plantas. La intervenci\u00f3n ha supuesto <strong>una inversi\u00f3n de 1\u20192 millones de euros<\/strong> y <strong>ha consistido<\/strong> en crear un nuevo inmueble, remodelar el existente y reubicar departamentos. Asimismo <strong>se han habilitado<\/strong> nuevas salas para consultas, servicios de urgencias, despachos m\u00e9dicos as\u00ed como un gimnasio destinado a las tareas de rehabilitaci\u00f3n \u201c<em>esta reorganizaci\u00f3n de espacios ha permitido\u00a0<\/em><em>poder <\/em><em>llevar a cabo una asistencia adecuada y que los profesionales puedan trabajar en las condiciones m\u00e1s dignas, lo que beneficiar\u00e1 a los pacientes y usuarios de este Centro de Salud<\/em>\u201d, afirm\u00f3 la Consellera.\u00a0Por su parte la alcaldesa de la Villa Condal, <strong>Mireia Estepa<\/strong>, record\u00f3 que la ampliaci\u00f3n del Centro de Salud <strong>era una reivindicaci\u00f3n hist\u00f3rica del municipio<\/strong> que empez\u00f3 a ser una realidad a partir del a\u00f1o 2016 \u201c<em>en aquel momento arrancaron las obras de un proyecto muy esperado y que ha sido atendido en esta legislatura gracias al gobierno de la Generalitat Valenciana que presidente Ximo Puig<\/em>\u201d, concluy\u00f3.<\/p>\n<p style=\"text-align: justify;\">Recordar que el Centro de Salud de Cocentaina <strong>tiene una poblaci\u00f3n asignada de<\/strong>\u00a0<strong>11.043 personas<\/strong><strong>\u00a0<\/strong>de las que 1.506 son menores de 14 a\u00f1os y 9.537 adultos.<\/p>\n<p style=\"text-align: justify;\"><strong>Col\u00b7lectiu 03820-Comprom\u00eds califica la visita de \u2018electoralista\u2019<\/strong><\/p>\n<p style=\"text-align: justify;\">Apuntar que <strong>el Col\u00b7lectiu 03820-Comprom\u00eds<\/strong> mostr\u00f3 <strong>su malestar<\/strong> por la visita de la Consellera de Sanidad, Ana Barcel\u00f3, y acus\u00f3 al Gobierno Municipal del PSOE de <strong>no avisar de la misma<\/strong> a los grupos pol\u00edticos de la oposici\u00f3n. El portavoz de la coalici\u00f3n y candidato a la alcald\u00eda, <strong>Jordi Pla<\/strong>, dijo que la citada visita <strong>ten\u00eda un car\u00e1cter electoralista<\/strong> \u201c<em>Cocentaina necesita una Alcald\u00eda que gobierne para todos y que se deje el carn\u00e9 del Partido Socialista en casa en grandes temas del pueblo. Ya est\u00e1 bien de campa\u00f1as de autobombo que no solucionan los problemas de nuestra gente<\/em>\u201d, concluy\u00f3.<\/p>\n","protected":false},"excerpt":{"rendered":"<p>La Consellera de Sanidad, Ana Barcel\u00f3, acudi\u00f3 ayer\u00a0al Centro de Salud de Cocentaina tras haber finalizado las obras que han&#8230;<\/p>\n","protected":false},"author":1,"featured_media":48633,"comment_status":"open","ping_status":"open","sticky":false,"template":"","format":"standard","meta":{"footnotes":""},"categories":[98,75],"tags":[1338,1022,132,8311,1154],"class_list":["post-48632","post","type-post","status-publish","format-standard","has-post-thumbnail","hentry","category-comarcas","category-noticias","tag-ampliacion","tag-centro-de-salud","tag-cocentaina","tag-consellera-barcelo","tag-visita"],"yoast_head":"<!-- This site is optimized with the Yoast SEO plugin v27.3 - https:\/\/yoast.com\/product\/yoast-seo-wordpress\/ -->\n<title>La Consellera Barcel\u00f3 visita la ampliaci\u00f3n del Centro de Salud de Cocentaina - COPE Alcoy<\/title>\n<meta name=\"robots\" content=\"index, follow, max-snippet:-1, max-image-preview:large, max-video-preview:-1\" \/>\n<link rel=\"canonical\" href=\"https:\/\/www.copealcoy.es\/es\/la-consellera-barcelo-visita-la-ampliacion-del-centro-de-salud-de-cocentaina\/\" \/>\n<meta property=\"og:locale\" content=\"es_ES\" \/>\n<meta property=\"og:type\" content=\"article\" \/>\n<meta property=\"og:title\" content=\"La Consellera Barcel\u00f3 visita la ampliaci\u00f3n del Centro de Salud de Cocentaina - COPE Alcoy\" \/>\n<meta property=\"og:description\" content=\"La Consellera de Sanidad, Ana Barcel\u00f3, acudi\u00f3 ayer\u00a0al Centro de Salud de Cocentaina tras haber finalizado las obras que han...\" \/>\n<meta property=\"og:url\" content=\"https:\/\/www.copealcoy.es\/es\/la-consellera-barcelo-visita-la-ampliacion-del-centro-de-salud-de-cocentaina\/\" \/>\n<meta property=\"og:site_name\" content=\"COPE Alcoy\" \/>\n<meta property=\"article:published_time\" content=\"2019-02-07T22:39:55+00:00\" \/>\n<meta property=\"og:image\" content=\"https:\/\/www.copealcoy.es\/wp-content\/uploads\/2019\/02\/6-La-Consellera-junto-a-la-alcaldesa-y-el-equipo-directivo-del-Centro-de-Salud-Foto-Gabriel-Pascual-1.jpg\" \/>\n\t<meta property=\"og:image:width\" content=\"960\" \/>\n\t<meta property=\"og:image:height\" content=\"533\" \/>\n\t<meta property=\"og:image:type\" content=\"image\/jpeg\" \/>\n<meta name=\"author\" content=\"Cope Alcoy\" \/>\n<meta name=\"twitter:label1\" content=\"Escrito por\" \/>\n\t<meta name=\"twitter:data1\" content=\"Cope Alcoy\" \/>\n\t<meta name=\"twitter:label2\" content=\"Tiempo de lectura\" \/>\n\t<meta name=\"twitter:data2\" content=\"2 minutos\" \/>\n<script type=\"application\/ld+json\" class=\"yoast-schema-graph\">{\"@context\":\"https:\\\/\\\/schema.org\",\"@graph\":[{\"@type\":\"Article\",\"@id\":\"https:\\\/\\\/www.copealcoy.es\\\/es\\\/la-consellera-barcelo-visita-la-ampliacion-del-centro-de-salud-de-cocentaina\\\/#article\",\"isPartOf\":{\"@id\":\"https:\\\/\\\/www.copealcoy.es\\\/es\\\/la-consellera-barcelo-visita-la-ampliacion-del-centro-de-salud-de-cocentaina\\\/\"},\"author\":{\"name\":\"Cope Alcoy\",\"@id\":\"https:\\\/\\\/www.copealcoy.es\\\/es\\\/#\\\/schema\\\/person\\\/e777c87fa024e57d40170af9df39882c\"},\"headline\":\"La Consellera Barcel\u00f3 visita la ampliaci\u00f3n del Centro de Salud de Cocentaina\",\"datePublished\":\"2019-02-07T22:39:55+00:00\",\"mainEntityOfPage\":{\"@id\":\"https:\\\/\\\/www.copealcoy.es\\\/es\\\/la-consellera-barcelo-visita-la-ampliacion-del-centro-de-salud-de-cocentaina\\\/\"},\"wordCount\":399,\"commentCount\":0,\"image\":{\"@id\":\"https:\\\/\\\/www.copealcoy.es\\\/es\\\/la-consellera-barcelo-visita-la-ampliacion-del-centro-de-salud-de-cocentaina\\\/#primaryimage\"},\"thumbnailUrl\":\"https:\\\/\\\/www.copealcoy.es\\\/wp-content\\\/uploads\\\/2019\\\/02\\\/6-La-Consellera-junto-a-la-alcaldesa-y-el-equipo-directivo-del-Centro-de-Salud-Foto-Gabriel-Pascual-1.jpg\",\"keywords\":[\"ampliaci\u00f3n\",\"Centro de Salud\",\"Cocentaina\",\"Consellera Barcel\u00f3\",\"Visita\"],\"articleSection\":[\"Comarcas\",\"Noticias\"],\"inLanguage\":\"es\"},{\"@type\":\"WebPage\",\"@id\":\"https:\\\/\\\/www.copealcoy.es\\\/es\\\/la-consellera-barcelo-visita-la-ampliacion-del-centro-de-salud-de-cocentaina\\\/\",\"url\":\"https:\\\/\\\/www.copealcoy.es\\\/es\\\/la-consellera-barcelo-visita-la-ampliacion-del-centro-de-salud-de-cocentaina\\\/\",\"name\":\"La Consellera Barcel\u00f3 visita la ampliaci\u00f3n del Centro de Salud de Cocentaina - COPE Alcoy\",\"isPartOf\":{\"@id\":\"https:\\\/\\\/www.copealcoy.es\\\/es\\\/#website\"},\"primaryImageOfPage\":{\"@id\":\"https:\\\/\\\/www.copealcoy.es\\\/es\\\/la-consellera-barcelo-visita-la-ampliacion-del-centro-de-salud-de-cocentaina\\\/#primaryimage\"},\"image\":{\"@id\":\"https:\\\/\\\/www.copealcoy.es\\\/es\\\/la-consellera-barcelo-visita-la-ampliacion-del-centro-de-salud-de-cocentaina\\\/#primaryimage\"},\"thumbnailUrl\":\"https:\\\/\\\/www.copealcoy.es\\\/wp-content\\\/uploads\\\/2019\\\/02\\\/6-La-Consellera-junto-a-la-alcaldesa-y-el-equipo-directivo-del-Centro-de-Salud-Foto-Gabriel-Pascual-1.jpg\",\"datePublished\":\"2019-02-07T22:39:55+00:00\",\"author\":{\"@id\":\"https:\\\/\\\/www.copealcoy.es\\\/es\\\/#\\\/schema\\\/person\\\/e777c87fa024e57d40170af9df39882c\"},\"breadcrumb\":{\"@id\":\"https:\\\/\\\/www.copealcoy.es\\\/es\\\/la-consellera-barcelo-visita-la-ampliacion-del-centro-de-salud-de-cocentaina\\\/#breadcrumb\"},\"inLanguage\":\"es\",\"potentialAction\":[{\"@type\":\"ReadAction\",\"target\":[\"https:\\\/\\\/www.copealcoy.es\\\/es\\\/la-consellera-barcelo-visita-la-ampliacion-del-centro-de-salud-de-cocentaina\\\/\"]}]},{\"@type\":\"ImageObject\",\"inLanguage\":\"es\",\"@id\":\"https:\\\/\\\/www.copealcoy.es\\\/es\\\/la-consellera-barcelo-visita-la-ampliacion-del-centro-de-salud-de-cocentaina\\\/#primaryimage\",\"url\":\"https:\\\/\\\/www.copealcoy.es\\\/wp-content\\\/uploads\\\/2019\\\/02\\\/6-La-Consellera-junto-a-la-alcaldesa-y-el-equipo-directivo-del-Centro-de-Salud-Foto-Gabriel-Pascual-1.jpg\",\"contentUrl\":\"https:\\\/\\\/www.copealcoy.es\\\/wp-content\\\/uploads\\\/2019\\\/02\\\/6-La-Consellera-junto-a-la-alcaldesa-y-el-equipo-directivo-del-Centro-de-Salud-Foto-Gabriel-Pascual-1.jpg\",\"width\":960,\"height\":533,\"caption\":\"La Consellera junto a la alcaldesa y el equipo directivo del Centro de Salud \\\/ Foto Gabriel Pascual\"},{\"@type\":\"BreadcrumbList\",\"@id\":\"https:\\\/\\\/www.copealcoy.es\\\/es\\\/la-consellera-barcelo-visita-la-ampliacion-del-centro-de-salud-de-cocentaina\\\/#breadcrumb\",\"itemListElement\":[{\"@type\":\"ListItem\",\"position\":1,\"name\":\"Portada\",\"item\":\"https:\\\/\\\/www.copealcoy.es\\\/es\\\/\"},{\"@type\":\"ListItem\",\"position\":2,\"name\":\"La Consellera Barcel\u00f3 visita la ampliaci\u00f3n del Centro de Salud de Cocentaina\"}]},{\"@type\":\"WebSite\",\"@id\":\"https:\\\/\\\/www.copealcoy.es\\\/es\\\/#website\",\"url\":\"https:\\\/\\\/www.copealcoy.es\\\/es\\\/\",\"name\":\"COPE Alcoy\",\"description\":\"Emisora COPE de radio local con emisi\u00f3n online. Pont de Sant Jordi 8-10 03803 Alcoy\",\"potentialAction\":[{\"@type\":\"SearchAction\",\"target\":{\"@type\":\"EntryPoint\",\"urlTemplate\":\"https:\\\/\\\/www.copealcoy.es\\\/es\\\/?s={search_term_string}\"},\"query-input\":{\"@type\":\"PropertyValueSpecification\",\"valueRequired\":true,\"valueName\":\"search_term_string\"}}],\"inLanguage\":\"es\"},{\"@type\":\"Person\",\"@id\":\"https:\\\/\\\/www.copealcoy.es\\\/es\\\/#\\\/schema\\\/person\\\/e777c87fa024e57d40170af9df39882c\",\"name\":\"Cope Alcoy\",\"image\":{\"@type\":\"ImageObject\",\"inLanguage\":\"es\",\"@id\":\"https:\\\/\\\/secure.gravatar.com\\\/avatar\\\/bb65d0283347e303893ba14f0692005417c1e0e690a325a4c5d8bb2b3943ee14?s=96&d=mm&r=g\",\"url\":\"https:\\\/\\\/secure.gravatar.com\\\/avatar\\\/bb65d0283347e303893ba14f0692005417c1e0e690a325a4c5d8bb2b3943ee14?s=96&d=mm&r=g\",\"contentUrl\":\"https:\\\/\\\/secure.gravatar.com\\\/avatar\\\/bb65d0283347e303893ba14f0692005417c1e0e690a325a4c5d8bb2b3943ee14?s=96&d=mm&r=g\",\"caption\":\"Cope Alcoy\"}}]}<\/script>\n<!-- \/ Yoast SEO plugin. -->","yoast_head_json":{"title":"La Consellera Barcel\u00f3 visita la ampliaci\u00f3n del Centro de Salud de Cocentaina - COPE Alcoy","robots":{"index":"index","follow":"follow","max-snippet":"max-snippet:-1","max-image-preview":"max-image-preview:large","max-video-preview":"max-video-preview:-1"},"canonical":"https:\/\/www.copealcoy.es\/es\/la-consellera-barcelo-visita-la-ampliacion-del-centro-de-salud-de-cocentaina\/","og_locale":"es_ES","og_type":"article","og_title":"La Consellera Barcel\u00f3 visita la ampliaci\u00f3n del Centro de Salud de Cocentaina - COPE Alcoy","og_description":"La Consellera de Sanidad, Ana Barcel\u00f3, acudi\u00f3 ayer\u00a0al Centro de Salud de Cocentaina tras haber finalizado las obras que han...","og_url":"https:\/\/www.copealcoy.es\/es\/la-consellera-barcelo-visita-la-ampliacion-del-centro-de-salud-de-cocentaina\/","og_site_name":"COPE Alcoy","article_published_time":"2019-02-07T22:39:55+00:00","og_image":[{"width":960,"height":533,"url":"https:\/\/www.copealcoy.es\/wp-content\/uploads\/2019\/02\/6-La-Consellera-junto-a-la-alcaldesa-y-el-equipo-directivo-del-Centro-de-Salud-Foto-Gabriel-Pascual-1.jpg","type":"image\/jpeg"}],"author":"Cope Alcoy","twitter_misc":{"Escrito por":"Cope Alcoy","Tiempo de lectura":"2 minutos"},"schema":{"@context":"https:\/\/schema.org","@graph":[{"@type":"Article","@id":"https:\/\/www.copealcoy.es\/es\/la-consellera-barcelo-visita-la-ampliacion-del-centro-de-salud-de-cocentaina\/#article","isPartOf":{"@id":"https:\/\/www.copealcoy.es\/es\/la-consellera-barcelo-visita-la-ampliacion-del-centro-de-salud-de-cocentaina\/"},"author":{"name":"Cope Alcoy","@id":"https:\/\/www.copealcoy.es\/es\/#\/schema\/person\/e777c87fa024e57d40170af9df39882c"},"headline":"La Consellera Barcel\u00f3 visita la ampliaci\u00f3n del Centro de Salud de Cocentaina","datePublished":"2019-02-07T22:39:55+00:00","mainEntityOfPage":{"@id":"https:\/\/www.copealcoy.es\/es\/la-consellera-barcelo-visita-la-ampliacion-del-centro-de-salud-de-cocentaina\/"},"wordCount":399,"commentCount":0,"image":{"@id":"https:\/\/www.copealcoy.es\/es\/la-consellera-barcelo-visita-la-ampliacion-del-centro-de-salud-de-cocentaina\/#primaryimage"},"thumbnailUrl":"https:\/\/www.copealcoy.es\/wp-content\/uploads\/2019\/02\/6-La-Consellera-junto-a-la-alcaldesa-y-el-equipo-directivo-del-Centro-de-Salud-Foto-Gabriel-Pascual-1.jpg","keywords":["ampliaci\u00f3n","Centro de Salud","Cocentaina","Consellera Barcel\u00f3","Visita"],"articleSection":["Comarcas","Noticias"],"inLanguage":"es"},{"@type":"WebPage","@id":"https:\/\/www.copealcoy.es\/es\/la-consellera-barcelo-visita-la-ampliacion-del-centro-de-salud-de-cocentaina\/","url":"https:\/\/www.copealcoy.es\/es\/la-consellera-barcelo-visita-la-ampliacion-del-centro-de-salud-de-cocentaina\/","name":"La Consellera Barcel\u00f3 visita la ampliaci\u00f3n del Centro de Salud de Cocentaina - COPE Alcoy","isPartOf":{"@id":"https:\/\/www.copealcoy.es\/es\/#website"},"primaryImageOfPage":{"@id":"https:\/\/www.copealcoy.es\/es\/la-consellera-barcelo-visita-la-ampliacion-del-centro-de-salud-de-cocentaina\/#primaryimage"},"image":{"@id":"https:\/\/www.copealcoy.es\/es\/la-consellera-barcelo-visita-la-ampliacion-del-centro-de-salud-de-cocentaina\/#primaryimage"},"thumbnailUrl":"https:\/\/www.copealcoy.es\/wp-content\/uploads\/2019\/02\/6-La-Consellera-junto-a-la-alcaldesa-y-el-equipo-directivo-del-Centro-de-Salud-Foto-Gabriel-Pascual-1.jpg","datePublished":"2019-02-07T22:39:55+00:00","author":{"@id":"https:\/\/www.copealcoy.es\/es\/#\/schema\/person\/e777c87fa024e57d40170af9df39882c"},"breadcrumb":{"@id":"https:\/\/www.copealcoy.es\/es\/la-consellera-barcelo-visita-la-ampliacion-del-centro-de-salud-de-cocentaina\/#breadcrumb"},"inLanguage":"es","potentialAction":[{"@type":"ReadAction","target":["https:\/\/www.copealcoy.es\/es\/la-consellera-barcelo-visita-la-ampliacion-del-centro-de-salud-de-cocentaina\/"]}]},{"@type":"ImageObject","inLanguage":"es","@id":"https:\/\/www.copealcoy.es\/es\/la-consellera-barcelo-visita-la-ampliacion-del-centro-de-salud-de-cocentaina\/#primaryimage","url":"https:\/\/www.copealcoy.es\/wp-content\/uploads\/2019\/02\/6-La-Consellera-junto-a-la-alcaldesa-y-el-equipo-directivo-del-Centro-de-Salud-Foto-Gabriel-Pascual-1.jpg","contentUrl":"https:\/\/www.copealcoy.es\/wp-content\/uploads\/2019\/02\/6-La-Consellera-junto-a-la-alcaldesa-y-el-equipo-directivo-del-Centro-de-Salud-Foto-Gabriel-Pascual-1.jpg","width":960,"height":533,"caption":"La Consellera junto a la alcaldesa y el equipo directivo del Centro de Salud \/ Foto Gabriel Pascual"},{"@type":"BreadcrumbList","@id":"https:\/\/www.copealcoy.es\/es\/la-consellera-barcelo-visita-la-ampliacion-del-centro-de-salud-de-cocentaina\/#breadcrumb","itemListElement":[{"@type":"ListItem","position":1,"name":"Portada","item":"https:\/\/www.copealcoy.es\/es\/"},{"@type":"ListItem","position":2,"name":"La Consellera Barcel\u00f3 visita la ampliaci\u00f3n del Centro de Salud de Cocentaina"}]},{"@type":"WebSite","@id":"https:\/\/www.copealcoy.es\/es\/#website","url":"https:\/\/www.copealcoy.es\/es\/","name":"COPE Alcoy","description":"Emisora COPE de radio local con emisi\u00f3n online. Pont de Sant Jordi 8-10 03803 Alcoy","potentialAction":[{"@type":"SearchAction","target":{"@type":"EntryPoint","urlTemplate":"https:\/\/www.copealcoy.es\/es\/?s={search_term_string}"},"query-input":{"@type":"PropertyValueSpecification","valueRequired":true,"valueName":"search_term_string"}}],"inLanguage":"es"},{"@type":"Person","@id":"https:\/\/www.copealcoy.es\/es\/#\/schema\/person\/e777c87fa024e57d40170af9df39882c","name":"Cope Alcoy","image":{"@type":"ImageObject","inLanguage":"es","@id":"https:\/\/secure.gravatar.com\/avatar\/bb65d0283347e303893ba14f0692005417c1e0e690a325a4c5d8bb2b3943ee14?s=96&d=mm&r=g","url":"https:\/\/secure.gravatar.com\/avatar\/bb65d0283347e303893ba14f0692005417c1e0e690a325a4c5d8bb2b3943ee14?s=96&d=mm&r=g","contentUrl":"https:\/\/secure.gravatar.com\/avatar\/bb65d0283347e303893ba14f0692005417c1e0e690a325a4c5d8bb2b3943ee14?s=96&d=mm&r=g","caption":"Cope Alcoy"}}]}},"_links":{"self":[{"href":"https:\/\/www.copealcoy.es\/es\/wp-json\/wp\/v2\/posts\/48632","targetHints":{"allow":["GET"]}}],"collection":[{"href":"https:\/\/www.copealcoy.es\/es\/wp-json\/wp\/v2\/posts"}],"about":[{"href":"https:\/\/www.copealcoy.es\/es\/wp-json\/wp\/v2\/types\/post"}],"author":[{"embeddable":true,"href":"https:\/\/www.copealcoy.es\/es\/wp-json\/wp\/v2\/users\/1"}],"replies":[{"embeddable":true,"href":"https:\/\/www.copealcoy.es\/es\/wp-json\/wp\/v2\/comments?post=48632"}],"version-history":[{"count":0,"href":"https:\/\/www.copealcoy.es\/es\/wp-json\/wp\/v2\/posts\/48632\/revisions"}],"wp:featuredmedia":[{"embeddable":true,"href":"https:\/\/www.copealcoy.es\/es\/wp-json\/wp\/v2\/media\/48633"}],"wp:attachment":[{"href":"https:\/\/www.copealcoy.es\/es\/wp-json\/wp\/v2\/media?parent=48632"}],"wp:term":[{"taxonomy":"category","embeddable":true,"href":"https:\/\/www.copealcoy.es\/es\/wp-json\/wp\/v2\/categories?post=48632"},{"taxonomy":"post_tag","embeddable":true,"href":"https:\/\/www.copealcoy.es\/es\/wp-json\/wp\/v2\/tags?post=48632"}],"curies":[{"name":"wp","href":"https:\/\/api.w.org\/{rel}","templated":true}]}}