{"id":48597,"date":"2019-02-01T18:08:08","date_gmt":"2019-02-01T18:08:08","guid":{"rendered":"https:\/\/copealcoi.es\/?p=48597"},"modified":"2019-02-01T18:08:08","modified_gmt":"2019-02-01T18:08:08","slug":"aprobados-los-presupuestos-municipales-del-2019","status":"publish","type":"post","link":"https:\/\/www.copealcoy.es\/es\/aprobados-los-presupuestos-municipales-del-2019\/","title":{"rendered":"Aprobados los Presupuestos Municipales del 2019"},"content":{"rendered":"<p style=\"text-align: justify;\">El <strong>pleno extraordinario<\/strong> del Ayuntamiento de Alcoy aprob\u00f3 ayer por la tarde <strong>los Presupuestos Municipales de 2019<\/strong>, unas cuentas que superan <strong>los m\u00e1s de 64 millones de euros<\/strong> y que contemplan tambi\u00e9n<strong> inversiones<\/strong> con <strong>un valor cercano a los 12&#8217;5 millones<\/strong>.<\/p>\n<p style=\"text-align: justify;\">En esta sesi\u00f3n plenaria <strong>Comprom\u00eds vot\u00f3 a favor<\/strong> tras incluirse sus propuestas entre las que destaca <strong>la creaci\u00f3n de un espacio autogestionado<\/strong> en el que se desarrollar\u00e1n diferentes disciplinas; especialmente las art\u00edsticas. El portavoz de la formaci\u00f3n nacionalista, <strong>M\u00e0rius Ivorra<\/strong>, record\u00f3 que la nueva pol\u00edtica <strong>plantea el escenario de la negociaci\u00f3n entre todas las fuerzas pol\u00edticas<\/strong> representadas en la Corporaci\u00f3n Local dejando atr\u00e1s las siglas de cada una de ellas &#8220;<em>un gobierno en minor\u00eda implica un esfuerzo general para todos<\/em>&#8220;. asever\u00f3. Por su parte <strong>Ciudadanos<\/strong> destac\u00f3 que el Presupuesto <strong>se deber\u00eda de haber debatido antes de acabar el a\u00f1o anterior<\/strong> para que pudiese entrar en vigor en 2019 al mismo tiempo que enfatiz\u00f3 que la formaci\u00f3n naranja<strong> hab\u00eda presentado 20 propuestas<\/strong> de las que el Ejecutivo Municipal hab\u00eda aceptado unas cuantas &#8220;<em>no obstante nos abstenemos por responsabilidad para no condicionar la gesti\u00f3n de la nueva Corporaci\u00f3n Municipal que surja tras las Elecciones de mayo. Hacemos un ejercicio de responsabilidad, pero no es una carta blanca para que el gobierno pueda relajarse. Es importante que, llegados a este punto, finalicen proyectos que est\u00e1n en marcha de ejercicios anteriores<\/em>&#8220;, dijo. El <strong>Partido Popular<\/strong> dijo s\u00ed\u00a0argumentando que <strong>hab\u00eda conseguido darle un giro a las cuentas<\/strong> para hacerlas m\u00e1s aceptables. Los populares detallaron que el Gobierno del PSOE <strong>hab\u00eda aceptado cuatro de sus propuestas<\/strong>: la creaci\u00f3n de una oficina de captaci\u00f3n de inversiones, un estudio detallado para la creaci\u00f3n de suelo industrial, el desarrollo de la ronda industrial sur y la creaci\u00f3n del acceso Alcoy desde el Viaducto; entre otras cuestiones. El portavoz del PP, <strong>Rafa Mir\u00f3<\/strong>, enumer\u00f3 que <strong>era el \u00faltimo presupuesto municipal que debat\u00eda en la Corporaci\u00f3n<\/strong> y dijo que no compart\u00edan que los socialistas no hubiesen tenido en cuenta su petici\u00f3n de <strong>reservar una importante partida para el mantenimiento de la ciudad<\/strong> &#8220;<em>estamos en un a\u00f1o electoral y el PP aspira a gestionar los Presupuestos que hoy votamos \u00a0a partir de junio<\/em>&#8220;, asever\u00f3.<\/p>\n<p><strong>Guanyar, \u00fanico partido en votar en contra<\/strong><\/p>\n<p style=\"text-align: justify;\">Guanyar Alcoi <strong>fue el \u00fanico partido que vot\u00f3 en contra<\/strong> al considerar que el Presupuesto<strong> no apuesta por avanzar hacia un nuevo modelo de ciudad<\/strong> al mismo tiempo que <strong>recordaron<\/strong> que en 2017 dijeron si a las cuentas y el Gobierno Local del PSOE no ha ejecutado hasta el momento ni el 20% de los planteamientos hechos en aquel momento por la plataforma. Estefan\u00eda Blanes, <strong>portavoz de Guanyar Alcoi<\/strong>, record\u00f3 que <strong>hab\u00edan presentado esta vez 70 propuestas para las cuentas<\/strong> y anunci\u00f3 que el Gobierno de Franc\u00e9s <strong>no hab\u00eda tenido voluntad pol\u00edtica de negociar con ellos<\/strong> &#8220;<em>o este Presupuesto no tiene propuestas de progreso o el PP ha llegado a la conclusi\u00f3n de que con esto que les dan se conforman<\/em>&#8220;, afirm\u00f3 contundentemente.<\/p>\n<p style=\"text-align: justify;\">El alcalde, <strong>Antonio Franc\u00e9s<\/strong>, cerr\u00f3 el debate y <strong>agradeci\u00f3 el respaldo de los grupos pol\u00edticos<\/strong> que apoyaron el Presupuesto al igual que matiz\u00f3 que la ciudad <strong>no puede permitirse en estos momentos unas cuentas prorrogadas<\/strong> a pesar de estar en a\u00f1o electoral. El primer edil concluy\u00f3 su intervenci\u00f3n resumiendo que <strong>la ciudad contaba con unos buenos Presupuestos locales<\/strong> &#8220;<em>tenemos un buen presupuesto, un presupuesto que impulsar\u00e1 Alcoy, unas cuentas que\u00a0nos merecemos las alcoyanas y los alcoyanos\u00a0y que nos permitir\u00e1n dar respuesta a sus necesidades. Y s\u00ed, nos queda mucho por hacer y mucho por so\u00f1ar, y lo seguiremos haciendo desde el consenso, desde la suma y desde\u00a0el convencimiento de que Alcoy es una ciudad importante, y lo es gracias a todos lo que trabajamos para mejorarla<\/em>&#8220;, apunt\u00f3.<\/p>\n<p style=\"text-align: justify;\">Tras la aprobaci\u00f3n,<strong> la tramitaci\u00f3n administrativa<\/strong> de los Presupuestos Municipales del 2019 sigue su curso a la espera de que estas<strong> entren en vigor<\/strong> durante las pr\u00f3ximas semanas.<\/p>\n","protected":false},"excerpt":{"rendered":"<p>El pleno extraordinario del Ayuntamiento de Alcoy aprob\u00f3 ayer por la tarde los Presupuestos Municipales de 2019, unas cuentas que&#8230;<\/p>\n","protected":false},"author":1,"featured_media":48598,"comment_status":"open","ping_status":"open","sticky":false,"template":"","format":"standard","meta":{"footnotes":""},"categories":[97,75,125],"tags":[5994,8297,1572],"class_list":["post-48597","post","type-post","status-publish","format-standard","has-post-thumbnail","hentry","category-alcoy","category-noticias","category-portada","tag-5994","tag-aprpbados","tag-presupuestos-municipales"],"yoast_head":"<!-- This site is optimized with the Yoast SEO plugin v27.3 - https:\/\/yoast.com\/product\/yoast-seo-wordpress\/ -->\n<title>Aprobados los Presupuestos Municipales del 2019 - COPE Alcoy<\/title>\n<meta name=\"robots\" content=\"index, follow, max-snippet:-1, max-image-preview:large, max-video-preview:-1\" \/>\n<link rel=\"canonical\" href=\"https:\/\/www.copealcoy.es\/es\/aprobados-los-presupuestos-municipales-del-2019\/\" \/>\n<meta property=\"og:locale\" content=\"es_ES\" \/>\n<meta property=\"og:type\" content=\"article\" \/>\n<meta property=\"og:title\" content=\"Aprobados los Presupuestos Municipales del 2019 - COPE Alcoy\" \/>\n<meta property=\"og:description\" content=\"El pleno extraordinario del Ayuntamiento de Alcoy aprob\u00f3 ayer por la tarde los Presupuestos Municipales de 2019, unas cuentas que...\" \/>\n<meta property=\"og:url\" content=\"https:\/\/www.copealcoy.es\/es\/aprobados-los-presupuestos-municipales-del-2019\/\" \/>\n<meta property=\"og:site_name\" content=\"COPE Alcoy\" \/>\n<meta property=\"article:published_time\" content=\"2019-02-01T18:08:08+00:00\" \/>\n<meta property=\"og:image\" content=\"https:\/\/www.copealcoy.es\/wp-content\/uploads\/2019\/02\/50973552_2972437086115789_2109195221441970176_n-1.jpg\" \/>\n\t<meta property=\"og:image:width\" content=\"960\" \/>\n\t<meta property=\"og:image:height\" content=\"540\" \/>\n\t<meta property=\"og:image:type\" content=\"image\/jpeg\" \/>\n<meta name=\"author\" content=\"Cope Alcoy\" \/>\n<meta name=\"twitter:label1\" content=\"Escrito por\" \/>\n\t<meta name=\"twitter:data1\" content=\"Cope Alcoy\" \/>\n\t<meta name=\"twitter:label2\" content=\"Tiempo de lectura\" \/>\n\t<meta name=\"twitter:data2\" content=\"3 minutos\" \/>\n<script type=\"application\/ld+json\" class=\"yoast-schema-graph\">{\"@context\":\"https:\\\/\\\/schema.org\",\"@graph\":[{\"@type\":\"Article\",\"@id\":\"https:\\\/\\\/www.copealcoy.es\\\/es\\\/aprobados-los-presupuestos-municipales-del-2019\\\/#article\",\"isPartOf\":{\"@id\":\"https:\\\/\\\/www.copealcoy.es\\\/es\\\/aprobados-los-presupuestos-municipales-del-2019\\\/\"},\"author\":{\"name\":\"Cope Alcoy\",\"@id\":\"https:\\\/\\\/www.copealcoy.es\\\/es\\\/#\\\/schema\\\/person\\\/e777c87fa024e57d40170af9df39882c\"},\"headline\":\"Aprobados los Presupuestos Municipales del 2019\",\"datePublished\":\"2019-02-01T18:08:08+00:00\",\"mainEntityOfPage\":{\"@id\":\"https:\\\/\\\/www.copealcoy.es\\\/es\\\/aprobados-los-presupuestos-municipales-del-2019\\\/\"},\"wordCount\":698,\"commentCount\":0,\"image\":{\"@id\":\"https:\\\/\\\/www.copealcoy.es\\\/es\\\/aprobados-los-presupuestos-municipales-del-2019\\\/#primaryimage\"},\"thumbnailUrl\":\"https:\\\/\\\/www.copealcoy.es\\\/wp-content\\\/uploads\\\/2019\\\/02\\\/50973552_2972437086115789_2109195221441970176_n-1.jpg\",\"keywords\":[\"2019\",\"Aprpbados\",\"Presupuestos Municipales\"],\"articleSection\":[\"Alcoy\",\"Noticias\",\"Portada\"],\"inLanguage\":\"es\"},{\"@type\":\"WebPage\",\"@id\":\"https:\\\/\\\/www.copealcoy.es\\\/es\\\/aprobados-los-presupuestos-municipales-del-2019\\\/\",\"url\":\"https:\\\/\\\/www.copealcoy.es\\\/es\\\/aprobados-los-presupuestos-municipales-del-2019\\\/\",\"name\":\"Aprobados los Presupuestos Municipales del 2019 - COPE Alcoy\",\"isPartOf\":{\"@id\":\"https:\\\/\\\/www.copealcoy.es\\\/es\\\/#website\"},\"primaryImageOfPage\":{\"@id\":\"https:\\\/\\\/www.copealcoy.es\\\/es\\\/aprobados-los-presupuestos-municipales-del-2019\\\/#primaryimage\"},\"image\":{\"@id\":\"https:\\\/\\\/www.copealcoy.es\\\/es\\\/aprobados-los-presupuestos-municipales-del-2019\\\/#primaryimage\"},\"thumbnailUrl\":\"https:\\\/\\\/www.copealcoy.es\\\/wp-content\\\/uploads\\\/2019\\\/02\\\/50973552_2972437086115789_2109195221441970176_n-1.jpg\",\"datePublished\":\"2019-02-01T18:08:08+00:00\",\"author\":{\"@id\":\"https:\\\/\\\/www.copealcoy.es\\\/es\\\/#\\\/schema\\\/person\\\/e777c87fa024e57d40170af9df39882c\"},\"breadcrumb\":{\"@id\":\"https:\\\/\\\/www.copealcoy.es\\\/es\\\/aprobados-los-presupuestos-municipales-del-2019\\\/#breadcrumb\"},\"inLanguage\":\"es\",\"potentialAction\":[{\"@type\":\"ReadAction\",\"target\":[\"https:\\\/\\\/www.copealcoy.es\\\/es\\\/aprobados-los-presupuestos-municipales-del-2019\\\/\"]}]},{\"@type\":\"ImageObject\",\"inLanguage\":\"es\",\"@id\":\"https:\\\/\\\/www.copealcoy.es\\\/es\\\/aprobados-los-presupuestos-municipales-del-2019\\\/#primaryimage\",\"url\":\"https:\\\/\\\/www.copealcoy.es\\\/wp-content\\\/uploads\\\/2019\\\/02\\\/50973552_2972437086115789_2109195221441970176_n-1.jpg\",\"contentUrl\":\"https:\\\/\\\/www.copealcoy.es\\\/wp-content\\\/uploads\\\/2019\\\/02\\\/50973552_2972437086115789_2109195221441970176_n-1.jpg\",\"width\":960,\"height\":540,\"caption\":\"Imagen de la votaci\u00f3n realizada ayer \\\/ Foto: Ajuntament d'Alcoi\"},{\"@type\":\"BreadcrumbList\",\"@id\":\"https:\\\/\\\/www.copealcoy.es\\\/es\\\/aprobados-los-presupuestos-municipales-del-2019\\\/#breadcrumb\",\"itemListElement\":[{\"@type\":\"ListItem\",\"position\":1,\"name\":\"Portada\",\"item\":\"https:\\\/\\\/www.copealcoy.es\\\/es\\\/\"},{\"@type\":\"ListItem\",\"position\":2,\"name\":\"Aprobados los Presupuestos Municipales del 2019\"}]},{\"@type\":\"WebSite\",\"@id\":\"https:\\\/\\\/www.copealcoy.es\\\/es\\\/#website\",\"url\":\"https:\\\/\\\/www.copealcoy.es\\\/es\\\/\",\"name\":\"COPE Alcoy\",\"description\":\"Emisora COPE de radio local con emisi\u00f3n online. Pont de Sant Jordi 8-10 03803 Alcoy\",\"potentialAction\":[{\"@type\":\"SearchAction\",\"target\":{\"@type\":\"EntryPoint\",\"urlTemplate\":\"https:\\\/\\\/www.copealcoy.es\\\/es\\\/?s={search_term_string}\"},\"query-input\":{\"@type\":\"PropertyValueSpecification\",\"valueRequired\":true,\"valueName\":\"search_term_string\"}}],\"inLanguage\":\"es\"},{\"@type\":\"Person\",\"@id\":\"https:\\\/\\\/www.copealcoy.es\\\/es\\\/#\\\/schema\\\/person\\\/e777c87fa024e57d40170af9df39882c\",\"name\":\"Cope Alcoy\",\"image\":{\"@type\":\"ImageObject\",\"inLanguage\":\"es\",\"@id\":\"https:\\\/\\\/secure.gravatar.com\\\/avatar\\\/bb65d0283347e303893ba14f0692005417c1e0e690a325a4c5d8bb2b3943ee14?s=96&d=mm&r=g\",\"url\":\"https:\\\/\\\/secure.gravatar.com\\\/avatar\\\/bb65d0283347e303893ba14f0692005417c1e0e690a325a4c5d8bb2b3943ee14?s=96&d=mm&r=g\",\"contentUrl\":\"https:\\\/\\\/secure.gravatar.com\\\/avatar\\\/bb65d0283347e303893ba14f0692005417c1e0e690a325a4c5d8bb2b3943ee14?s=96&d=mm&r=g\",\"caption\":\"Cope Alcoy\"}}]}<\/script>\n<!-- \/ Yoast SEO plugin. -->","yoast_head_json":{"title":"Aprobados los Presupuestos Municipales del 2019 - COPE Alcoy","robots":{"index":"index","follow":"follow","max-snippet":"max-snippet:-1","max-image-preview":"max-image-preview:large","max-video-preview":"max-video-preview:-1"},"canonical":"https:\/\/www.copealcoy.es\/es\/aprobados-los-presupuestos-municipales-del-2019\/","og_locale":"es_ES","og_type":"article","og_title":"Aprobados los Presupuestos Municipales del 2019 - COPE Alcoy","og_description":"El pleno extraordinario del Ayuntamiento de Alcoy aprob\u00f3 ayer por la tarde los Presupuestos Municipales de 2019, unas cuentas que...","og_url":"https:\/\/www.copealcoy.es\/es\/aprobados-los-presupuestos-municipales-del-2019\/","og_site_name":"COPE Alcoy","article_published_time":"2019-02-01T18:08:08+00:00","og_image":[{"width":960,"height":540,"url":"https:\/\/www.copealcoy.es\/wp-content\/uploads\/2019\/02\/50973552_2972437086115789_2109195221441970176_n-1.jpg","type":"image\/jpeg"}],"author":"Cope Alcoy","twitter_misc":{"Escrito por":"Cope Alcoy","Tiempo de lectura":"3 minutos"},"schema":{"@context":"https:\/\/schema.org","@graph":[{"@type":"Article","@id":"https:\/\/www.copealcoy.es\/es\/aprobados-los-presupuestos-municipales-del-2019\/#article","isPartOf":{"@id":"https:\/\/www.copealcoy.es\/es\/aprobados-los-presupuestos-municipales-del-2019\/"},"author":{"name":"Cope Alcoy","@id":"https:\/\/www.copealcoy.es\/es\/#\/schema\/person\/e777c87fa024e57d40170af9df39882c"},"headline":"Aprobados los Presupuestos Municipales del 2019","datePublished":"2019-02-01T18:08:08+00:00","mainEntityOfPage":{"@id":"https:\/\/www.copealcoy.es\/es\/aprobados-los-presupuestos-municipales-del-2019\/"},"wordCount":698,"commentCount":0,"image":{"@id":"https:\/\/www.copealcoy.es\/es\/aprobados-los-presupuestos-municipales-del-2019\/#primaryimage"},"thumbnailUrl":"https:\/\/www.copealcoy.es\/wp-content\/uploads\/2019\/02\/50973552_2972437086115789_2109195221441970176_n-1.jpg","keywords":["2019","Aprpbados","Presupuestos Municipales"],"articleSection":["Alcoy","Noticias","Portada"],"inLanguage":"es"},{"@type":"WebPage","@id":"https:\/\/www.copealcoy.es\/es\/aprobados-los-presupuestos-municipales-del-2019\/","url":"https:\/\/www.copealcoy.es\/es\/aprobados-los-presupuestos-municipales-del-2019\/","name":"Aprobados los Presupuestos Municipales del 2019 - COPE Alcoy","isPartOf":{"@id":"https:\/\/www.copealcoy.es\/es\/#website"},"primaryImageOfPage":{"@id":"https:\/\/www.copealcoy.es\/es\/aprobados-los-presupuestos-municipales-del-2019\/#primaryimage"},"image":{"@id":"https:\/\/www.copealcoy.es\/es\/aprobados-los-presupuestos-municipales-del-2019\/#primaryimage"},"thumbnailUrl":"https:\/\/www.copealcoy.es\/wp-content\/uploads\/2019\/02\/50973552_2972437086115789_2109195221441970176_n-1.jpg","datePublished":"2019-02-01T18:08:08+00:00","author":{"@id":"https:\/\/www.copealcoy.es\/es\/#\/schema\/person\/e777c87fa024e57d40170af9df39882c"},"breadcrumb":{"@id":"https:\/\/www.copealcoy.es\/es\/aprobados-los-presupuestos-municipales-del-2019\/#breadcrumb"},"inLanguage":"es","potentialAction":[{"@type":"ReadAction","target":["https:\/\/www.copealcoy.es\/es\/aprobados-los-presupuestos-municipales-del-2019\/"]}]},{"@type":"ImageObject","inLanguage":"es","@id":"https:\/\/www.copealcoy.es\/es\/aprobados-los-presupuestos-municipales-del-2019\/#primaryimage","url":"https:\/\/www.copealcoy.es\/wp-content\/uploads\/2019\/02\/50973552_2972437086115789_2109195221441970176_n-1.jpg","contentUrl":"https:\/\/www.copealcoy.es\/wp-content\/uploads\/2019\/02\/50973552_2972437086115789_2109195221441970176_n-1.jpg","width":960,"height":540,"caption":"Imagen de la votaci\u00f3n realizada ayer \/ Foto: Ajuntament d'Alcoi"},{"@type":"BreadcrumbList","@id":"https:\/\/www.copealcoy.es\/es\/aprobados-los-presupuestos-municipales-del-2019\/#breadcrumb","itemListElement":[{"@type":"ListItem","position":1,"name":"Portada","item":"https:\/\/www.copealcoy.es\/es\/"},{"@type":"ListItem","position":2,"name":"Aprobados los Presupuestos Municipales del 2019"}]},{"@type":"WebSite","@id":"https:\/\/www.copealcoy.es\/es\/#website","url":"https:\/\/www.copealcoy.es\/es\/","name":"COPE Alcoy","description":"Emisora COPE de radio local con emisi\u00f3n online. Pont de Sant Jordi 8-10 03803 Alcoy","potentialAction":[{"@type":"SearchAction","target":{"@type":"EntryPoint","urlTemplate":"https:\/\/www.copealcoy.es\/es\/?s={search_term_string}"},"query-input":{"@type":"PropertyValueSpecification","valueRequired":true,"valueName":"search_term_string"}}],"inLanguage":"es"},{"@type":"Person","@id":"https:\/\/www.copealcoy.es\/es\/#\/schema\/person\/e777c87fa024e57d40170af9df39882c","name":"Cope Alcoy","image":{"@type":"ImageObject","inLanguage":"es","@id":"https:\/\/secure.gravatar.com\/avatar\/bb65d0283347e303893ba14f0692005417c1e0e690a325a4c5d8bb2b3943ee14?s=96&d=mm&r=g","url":"https:\/\/secure.gravatar.com\/avatar\/bb65d0283347e303893ba14f0692005417c1e0e690a325a4c5d8bb2b3943ee14?s=96&d=mm&r=g","contentUrl":"https:\/\/secure.gravatar.com\/avatar\/bb65d0283347e303893ba14f0692005417c1e0e690a325a4c5d8bb2b3943ee14?s=96&d=mm&r=g","caption":"Cope Alcoy"}}]}},"_links":{"self":[{"href":"https:\/\/www.copealcoy.es\/es\/wp-json\/wp\/v2\/posts\/48597","targetHints":{"allow":["GET"]}}],"collection":[{"href":"https:\/\/www.copealcoy.es\/es\/wp-json\/wp\/v2\/posts"}],"about":[{"href":"https:\/\/www.copealcoy.es\/es\/wp-json\/wp\/v2\/types\/post"}],"author":[{"embeddable":true,"href":"https:\/\/www.copealcoy.es\/es\/wp-json\/wp\/v2\/users\/1"}],"replies":[{"embeddable":true,"href":"https:\/\/www.copealcoy.es\/es\/wp-json\/wp\/v2\/comments?post=48597"}],"version-history":[{"count":0,"href":"https:\/\/www.copealcoy.es\/es\/wp-json\/wp\/v2\/posts\/48597\/revisions"}],"wp:featuredmedia":[{"embeddable":true,"href":"https:\/\/www.copealcoy.es\/es\/wp-json\/wp\/v2\/media\/48598"}],"wp:attachment":[{"href":"https:\/\/www.copealcoy.es\/es\/wp-json\/wp\/v2\/media?parent=48597"}],"wp:term":[{"taxonomy":"category","embeddable":true,"href":"https:\/\/www.copealcoy.es\/es\/wp-json\/wp\/v2\/categories?post=48597"},{"taxonomy":"post_tag","embeddable":true,"href":"https:\/\/www.copealcoy.es\/es\/wp-json\/wp\/v2\/tags?post=48597"}],"curies":[{"name":"wp","href":"https:\/\/api.w.org\/{rel}","templated":true}]}}