{"id":48592,"date":"2019-01-31T12:50:00","date_gmt":"2019-01-31T12:50:00","guid":{"rendered":"https:\/\/copealcoi.es\/?p=48592"},"modified":"2019-01-31T12:50:00","modified_gmt":"2019-01-31T12:50:00","slug":"el-sector-del-juguete-acude-a-la-feria-internacional-de-nuremberg","status":"publish","type":"post","link":"https:\/\/www.copealcoy.es\/es\/el-sector-del-juguete-acude-a-la-feria-internacional-de-nuremberg\/","title":{"rendered":"El sector del juguete acude a la Feria Internacional de Nuremberg"},"content":{"rendered":"<p style=\"text-align: justify;\">La\u00a0<strong>Feria Internacional del Juguete 2019<\/strong> sigue en marcha en <strong>Nuremberg<\/strong>\u00a0y en esta edici\u00f3n participan <strong>un total de 122 empresas espa\u00f1olas<\/strong>, de las que<strong> 52 son valencianas<\/strong>, la mayor\u00eda de la Foia de Castalla.<\/p>\n<p style=\"text-align: justify;\">El Conseller Climent visit\u00f3 ayer el certamen <strong>junto a Julia Company<\/strong>, directora del IVACE, e indic\u00f3 que <strong>entre 2016 y 2018 se han concedido ayudas al sector por un importe de\u00a011,7 millones de euros<\/strong> y asever\u00f3 que, seg\u00fan los datos de afiliaciones a la Seguridad Social del cuarto trimestre de 2018, <strong>proporciona\u00a0empleo directo a 1.438 personas<\/strong>, lo que supone <strong>un aumento anual del 2,1%<\/strong>. \u00a0Adem\u00e1s Rafael Climent <strong>se refiri\u00f3 a\u00a0la internacionalizaci\u00f3n de las empresas valencianas<\/strong> como &#8220;<em>un reto necesario para el sector del juguete en una econom\u00eda tan globalizada por el car\u00e1cter tradicional de este sector y por la menor dimensi\u00f3n de sus empresas. Las cifras demuestran que se est\u00e1 trabajando en la l\u00ednea correcta.\u00a0IVACE Internacional desarrollar\u00e1 un ambicioso Plan de Promoci\u00f3n en el \u00a0exterior, que en el 2019 desarrollar\u00e1 cerca de 80 acciones de promoci\u00f3n en 40 mercados<\/em>&#8220;, afirm\u00f3.<\/p>\n<p style=\"text-align: justify;\">Indicar que este <strong>Plan de Promoci\u00f3n Exterior 2019<\/strong>, cuenta con una dotaci\u00f3n superior al <strong>medio mill\u00f3n<\/strong> de euros. Recoge, adem\u00e1s, todas las actuaciones plateadas por <strong>IVACE Internacional<\/strong> despu\u00e9s de conocer <strong>las demandas e inquietudes<\/strong> de las asociaciones sectoriales y las c\u00e1maras de comercio con fin de <strong>facilitar la promoci\u00f3n<\/strong> de productos en mercados estrat\u00e9gicos y nuevas posibilidades de venta para las empresas. Para este 2019 se han convocado ayudas para el sector incluidas en el <strong>Plan Estrat\u00e9gico de la<\/strong> <strong>Industria Valenciana <\/strong>por valor superior a <strong>2,1 millones de euros<\/strong>.<\/p>\n","protected":false},"excerpt":{"rendered":"<p>La\u00a0Feria Internacional del Juguete 2019 sigue en marcha en Nuremberg\u00a0y en esta edici\u00f3n participan un total de 122 empresas espa\u00f1olas,&#8230;<\/p>\n","protected":false},"author":1,"featured_media":48593,"comment_status":"open","ping_status":"open","sticky":false,"template":"","format":"standard","meta":{"footnotes":""},"categories":[75,79],"tags":[8294,7047,8295],"class_list":["post-48592","post","type-post","status-publish","format-standard","has-post-thumbnail","hentry","category-noticias","category-politicayeconomia","tag-feria-internacional","tag-nuremberg","tag-sector-del-juguete"],"yoast_head":"<!-- This site is optimized with the Yoast SEO plugin v27.3 - https:\/\/yoast.com\/product\/yoast-seo-wordpress\/ -->\n<title>El sector del juguete acude a la Feria Internacional de Nuremberg - COPE Alcoy<\/title>\n<meta name=\"robots\" content=\"index, follow, max-snippet:-1, max-image-preview:large, max-video-preview:-1\" \/>\n<link rel=\"canonical\" href=\"https:\/\/www.copealcoy.es\/es\/el-sector-del-juguete-acude-a-la-feria-internacional-de-nuremberg\/\" \/>\n<meta property=\"og:locale\" content=\"es_ES\" \/>\n<meta property=\"og:type\" content=\"article\" \/>\n<meta property=\"og:title\" content=\"El sector del juguete acude a la Feria Internacional de Nuremberg - COPE Alcoy\" \/>\n<meta property=\"og:description\" content=\"La\u00a0Feria Internacional del Juguete 2019 sigue en marcha en Nuremberg\u00a0y en esta edici\u00f3n participan un total de 122 empresas espa\u00f1olas,...\" \/>\n<meta property=\"og:url\" content=\"https:\/\/www.copealcoy.es\/es\/el-sector-del-juguete-acude-a-la-feria-internacional-de-nuremberg\/\" \/>\n<meta property=\"og:site_name\" content=\"COPE Alcoy\" \/>\n<meta property=\"article:published_time\" content=\"2019-01-31T12:50:00+00:00\" \/>\n<meta property=\"og:image\" content=\"https:\/\/www.copealcoy.es\/wp-content\/uploads\/2019\/02\/8691_fira-joguet-nuremberg-1.jpg\" \/>\n\t<meta property=\"og:image:width\" content=\"980\" \/>\n\t<meta property=\"og:image:height\" content=\"551\" \/>\n\t<meta property=\"og:image:type\" content=\"image\/jpeg\" \/>\n<meta name=\"author\" content=\"Cope Alcoy\" \/>\n<meta name=\"twitter:label1\" content=\"Escrito por\" \/>\n\t<meta name=\"twitter:data1\" content=\"Cope Alcoy\" \/>\n\t<meta name=\"twitter:label2\" content=\"Tiempo de lectura\" \/>\n\t<meta name=\"twitter:data2\" content=\"1 minuto\" \/>\n<script type=\"application\/ld+json\" class=\"yoast-schema-graph\">{\"@context\":\"https:\\\/\\\/schema.org\",\"@graph\":[{\"@type\":\"Article\",\"@id\":\"https:\\\/\\\/www.copealcoy.es\\\/es\\\/el-sector-del-juguete-acude-a-la-feria-internacional-de-nuremberg\\\/#article\",\"isPartOf\":{\"@id\":\"https:\\\/\\\/www.copealcoy.es\\\/es\\\/el-sector-del-juguete-acude-a-la-feria-internacional-de-nuremberg\\\/\"},\"author\":{\"name\":\"Cope Alcoy\",\"@id\":\"https:\\\/\\\/www.copealcoy.es\\\/es\\\/#\\\/schema\\\/person\\\/e777c87fa024e57d40170af9df39882c\"},\"headline\":\"El sector del juguete acude a la Feria Internacional de Nuremberg\",\"datePublished\":\"2019-01-31T12:50:00+00:00\",\"mainEntityOfPage\":{\"@id\":\"https:\\\/\\\/www.copealcoy.es\\\/es\\\/el-sector-del-juguete-acude-a-la-feria-internacional-de-nuremberg\\\/\"},\"wordCount\":285,\"commentCount\":0,\"image\":{\"@id\":\"https:\\\/\\\/www.copealcoy.es\\\/es\\\/el-sector-del-juguete-acude-a-la-feria-internacional-de-nuremberg\\\/#primaryimage\"},\"thumbnailUrl\":\"https:\\\/\\\/www.copealcoy.es\\\/wp-content\\\/uploads\\\/2019\\\/02\\\/8691_fira-joguet-nuremberg-1.jpg\",\"keywords\":[\"Feria Internacional\",\"Nuremberg\",\"Sector del Juguete\"],\"articleSection\":[\"Noticias\",\"Pol\u00edtica y Econom\u00eda\"],\"inLanguage\":\"es\"},{\"@type\":\"WebPage\",\"@id\":\"https:\\\/\\\/www.copealcoy.es\\\/es\\\/el-sector-del-juguete-acude-a-la-feria-internacional-de-nuremberg\\\/\",\"url\":\"https:\\\/\\\/www.copealcoy.es\\\/es\\\/el-sector-del-juguete-acude-a-la-feria-internacional-de-nuremberg\\\/\",\"name\":\"El sector del juguete acude a la Feria Internacional de Nuremberg - COPE Alcoy\",\"isPartOf\":{\"@id\":\"https:\\\/\\\/www.copealcoy.es\\\/es\\\/#website\"},\"primaryImageOfPage\":{\"@id\":\"https:\\\/\\\/www.copealcoy.es\\\/es\\\/el-sector-del-juguete-acude-a-la-feria-internacional-de-nuremberg\\\/#primaryimage\"},\"image\":{\"@id\":\"https:\\\/\\\/www.copealcoy.es\\\/es\\\/el-sector-del-juguete-acude-a-la-feria-internacional-de-nuremberg\\\/#primaryimage\"},\"thumbnailUrl\":\"https:\\\/\\\/www.copealcoy.es\\\/wp-content\\\/uploads\\\/2019\\\/02\\\/8691_fira-joguet-nuremberg-1.jpg\",\"datePublished\":\"2019-01-31T12:50:00+00:00\",\"author\":{\"@id\":\"https:\\\/\\\/www.copealcoy.es\\\/es\\\/#\\\/schema\\\/person\\\/e777c87fa024e57d40170af9df39882c\"},\"breadcrumb\":{\"@id\":\"https:\\\/\\\/www.copealcoy.es\\\/es\\\/el-sector-del-juguete-acude-a-la-feria-internacional-de-nuremberg\\\/#breadcrumb\"},\"inLanguage\":\"es\",\"potentialAction\":[{\"@type\":\"ReadAction\",\"target\":[\"https:\\\/\\\/www.copealcoy.es\\\/es\\\/el-sector-del-juguete-acude-a-la-feria-internacional-de-nuremberg\\\/\"]}]},{\"@type\":\"ImageObject\",\"inLanguage\":\"es\",\"@id\":\"https:\\\/\\\/www.copealcoy.es\\\/es\\\/el-sector-del-juguete-acude-a-la-feria-internacional-de-nuremberg\\\/#primaryimage\",\"url\":\"https:\\\/\\\/www.copealcoy.es\\\/wp-content\\\/uploads\\\/2019\\\/02\\\/8691_fira-joguet-nuremberg-1.jpg\",\"contentUrl\":\"https:\\\/\\\/www.copealcoy.es\\\/wp-content\\\/uploads\\\/2019\\\/02\\\/8691_fira-joguet-nuremberg-1.jpg\",\"width\":980,\"height\":551,\"caption\":\"Climent durante su visita a la Feria\"},{\"@type\":\"BreadcrumbList\",\"@id\":\"https:\\\/\\\/www.copealcoy.es\\\/es\\\/el-sector-del-juguete-acude-a-la-feria-internacional-de-nuremberg\\\/#breadcrumb\",\"itemListElement\":[{\"@type\":\"ListItem\",\"position\":1,\"name\":\"Portada\",\"item\":\"https:\\\/\\\/www.copealcoy.es\\\/es\\\/\"},{\"@type\":\"ListItem\",\"position\":2,\"name\":\"El sector del juguete acude a la Feria Internacional de Nuremberg\"}]},{\"@type\":\"WebSite\",\"@id\":\"https:\\\/\\\/www.copealcoy.es\\\/es\\\/#website\",\"url\":\"https:\\\/\\\/www.copealcoy.es\\\/es\\\/\",\"name\":\"COPE Alcoy\",\"description\":\"Emisora COPE de radio local con emisi\u00f3n online. Pont de Sant Jordi 8-10 03803 Alcoy\",\"potentialAction\":[{\"@type\":\"SearchAction\",\"target\":{\"@type\":\"EntryPoint\",\"urlTemplate\":\"https:\\\/\\\/www.copealcoy.es\\\/es\\\/?s={search_term_string}\"},\"query-input\":{\"@type\":\"PropertyValueSpecification\",\"valueRequired\":true,\"valueName\":\"search_term_string\"}}],\"inLanguage\":\"es\"},{\"@type\":\"Person\",\"@id\":\"https:\\\/\\\/www.copealcoy.es\\\/es\\\/#\\\/schema\\\/person\\\/e777c87fa024e57d40170af9df39882c\",\"name\":\"Cope Alcoy\",\"image\":{\"@type\":\"ImageObject\",\"inLanguage\":\"es\",\"@id\":\"https:\\\/\\\/secure.gravatar.com\\\/avatar\\\/bb65d0283347e303893ba14f0692005417c1e0e690a325a4c5d8bb2b3943ee14?s=96&d=mm&r=g\",\"url\":\"https:\\\/\\\/secure.gravatar.com\\\/avatar\\\/bb65d0283347e303893ba14f0692005417c1e0e690a325a4c5d8bb2b3943ee14?s=96&d=mm&r=g\",\"contentUrl\":\"https:\\\/\\\/secure.gravatar.com\\\/avatar\\\/bb65d0283347e303893ba14f0692005417c1e0e690a325a4c5d8bb2b3943ee14?s=96&d=mm&r=g\",\"caption\":\"Cope Alcoy\"}}]}<\/script>\n<!-- \/ Yoast SEO plugin. -->","yoast_head_json":{"title":"El sector del juguete acude a la Feria Internacional de Nuremberg - COPE Alcoy","robots":{"index":"index","follow":"follow","max-snippet":"max-snippet:-1","max-image-preview":"max-image-preview:large","max-video-preview":"max-video-preview:-1"},"canonical":"https:\/\/www.copealcoy.es\/es\/el-sector-del-juguete-acude-a-la-feria-internacional-de-nuremberg\/","og_locale":"es_ES","og_type":"article","og_title":"El sector del juguete acude a la Feria Internacional de Nuremberg - COPE Alcoy","og_description":"La\u00a0Feria Internacional del Juguete 2019 sigue en marcha en Nuremberg\u00a0y en esta edici\u00f3n participan un total de 122 empresas espa\u00f1olas,...","og_url":"https:\/\/www.copealcoy.es\/es\/el-sector-del-juguete-acude-a-la-feria-internacional-de-nuremberg\/","og_site_name":"COPE Alcoy","article_published_time":"2019-01-31T12:50:00+00:00","og_image":[{"width":980,"height":551,"url":"https:\/\/www.copealcoy.es\/wp-content\/uploads\/2019\/02\/8691_fira-joguet-nuremberg-1.jpg","type":"image\/jpeg"}],"author":"Cope Alcoy","twitter_misc":{"Escrito por":"Cope Alcoy","Tiempo de lectura":"1 minuto"},"schema":{"@context":"https:\/\/schema.org","@graph":[{"@type":"Article","@id":"https:\/\/www.copealcoy.es\/es\/el-sector-del-juguete-acude-a-la-feria-internacional-de-nuremberg\/#article","isPartOf":{"@id":"https:\/\/www.copealcoy.es\/es\/el-sector-del-juguete-acude-a-la-feria-internacional-de-nuremberg\/"},"author":{"name":"Cope Alcoy","@id":"https:\/\/www.copealcoy.es\/es\/#\/schema\/person\/e777c87fa024e57d40170af9df39882c"},"headline":"El sector del juguete acude a la Feria Internacional de Nuremberg","datePublished":"2019-01-31T12:50:00+00:00","mainEntityOfPage":{"@id":"https:\/\/www.copealcoy.es\/es\/el-sector-del-juguete-acude-a-la-feria-internacional-de-nuremberg\/"},"wordCount":285,"commentCount":0,"image":{"@id":"https:\/\/www.copealcoy.es\/es\/el-sector-del-juguete-acude-a-la-feria-internacional-de-nuremberg\/#primaryimage"},"thumbnailUrl":"https:\/\/www.copealcoy.es\/wp-content\/uploads\/2019\/02\/8691_fira-joguet-nuremberg-1.jpg","keywords":["Feria Internacional","Nuremberg","Sector del Juguete"],"articleSection":["Noticias","Pol\u00edtica y Econom\u00eda"],"inLanguage":"es"},{"@type":"WebPage","@id":"https:\/\/www.copealcoy.es\/es\/el-sector-del-juguete-acude-a-la-feria-internacional-de-nuremberg\/","url":"https:\/\/www.copealcoy.es\/es\/el-sector-del-juguete-acude-a-la-feria-internacional-de-nuremberg\/","name":"El sector del juguete acude a la Feria Internacional de Nuremberg - COPE Alcoy","isPartOf":{"@id":"https:\/\/www.copealcoy.es\/es\/#website"},"primaryImageOfPage":{"@id":"https:\/\/www.copealcoy.es\/es\/el-sector-del-juguete-acude-a-la-feria-internacional-de-nuremberg\/#primaryimage"},"image":{"@id":"https:\/\/www.copealcoy.es\/es\/el-sector-del-juguete-acude-a-la-feria-internacional-de-nuremberg\/#primaryimage"},"thumbnailUrl":"https:\/\/www.copealcoy.es\/wp-content\/uploads\/2019\/02\/8691_fira-joguet-nuremberg-1.jpg","datePublished":"2019-01-31T12:50:00+00:00","author":{"@id":"https:\/\/www.copealcoy.es\/es\/#\/schema\/person\/e777c87fa024e57d40170af9df39882c"},"breadcrumb":{"@id":"https:\/\/www.copealcoy.es\/es\/el-sector-del-juguete-acude-a-la-feria-internacional-de-nuremberg\/#breadcrumb"},"inLanguage":"es","potentialAction":[{"@type":"ReadAction","target":["https:\/\/www.copealcoy.es\/es\/el-sector-del-juguete-acude-a-la-feria-internacional-de-nuremberg\/"]}]},{"@type":"ImageObject","inLanguage":"es","@id":"https:\/\/www.copealcoy.es\/es\/el-sector-del-juguete-acude-a-la-feria-internacional-de-nuremberg\/#primaryimage","url":"https:\/\/www.copealcoy.es\/wp-content\/uploads\/2019\/02\/8691_fira-joguet-nuremberg-1.jpg","contentUrl":"https:\/\/www.copealcoy.es\/wp-content\/uploads\/2019\/02\/8691_fira-joguet-nuremberg-1.jpg","width":980,"height":551,"caption":"Climent durante su visita a la Feria"},{"@type":"BreadcrumbList","@id":"https:\/\/www.copealcoy.es\/es\/el-sector-del-juguete-acude-a-la-feria-internacional-de-nuremberg\/#breadcrumb","itemListElement":[{"@type":"ListItem","position":1,"name":"Portada","item":"https:\/\/www.copealcoy.es\/es\/"},{"@type":"ListItem","position":2,"name":"El sector del juguete acude a la Feria Internacional de Nuremberg"}]},{"@type":"WebSite","@id":"https:\/\/www.copealcoy.es\/es\/#website","url":"https:\/\/www.copealcoy.es\/es\/","name":"COPE Alcoy","description":"Emisora COPE de radio local con emisi\u00f3n online. Pont de Sant Jordi 8-10 03803 Alcoy","potentialAction":[{"@type":"SearchAction","target":{"@type":"EntryPoint","urlTemplate":"https:\/\/www.copealcoy.es\/es\/?s={search_term_string}"},"query-input":{"@type":"PropertyValueSpecification","valueRequired":true,"valueName":"search_term_string"}}],"inLanguage":"es"},{"@type":"Person","@id":"https:\/\/www.copealcoy.es\/es\/#\/schema\/person\/e777c87fa024e57d40170af9df39882c","name":"Cope Alcoy","image":{"@type":"ImageObject","inLanguage":"es","@id":"https:\/\/secure.gravatar.com\/avatar\/bb65d0283347e303893ba14f0692005417c1e0e690a325a4c5d8bb2b3943ee14?s=96&d=mm&r=g","url":"https:\/\/secure.gravatar.com\/avatar\/bb65d0283347e303893ba14f0692005417c1e0e690a325a4c5d8bb2b3943ee14?s=96&d=mm&r=g","contentUrl":"https:\/\/secure.gravatar.com\/avatar\/bb65d0283347e303893ba14f0692005417c1e0e690a325a4c5d8bb2b3943ee14?s=96&d=mm&r=g","caption":"Cope Alcoy"}}]}},"_links":{"self":[{"href":"https:\/\/www.copealcoy.es\/es\/wp-json\/wp\/v2\/posts\/48592","targetHints":{"allow":["GET"]}}],"collection":[{"href":"https:\/\/www.copealcoy.es\/es\/wp-json\/wp\/v2\/posts"}],"about":[{"href":"https:\/\/www.copealcoy.es\/es\/wp-json\/wp\/v2\/types\/post"}],"author":[{"embeddable":true,"href":"https:\/\/www.copealcoy.es\/es\/wp-json\/wp\/v2\/users\/1"}],"replies":[{"embeddable":true,"href":"https:\/\/www.copealcoy.es\/es\/wp-json\/wp\/v2\/comments?post=48592"}],"version-history":[{"count":0,"href":"https:\/\/www.copealcoy.es\/es\/wp-json\/wp\/v2\/posts\/48592\/revisions"}],"wp:featuredmedia":[{"embeddable":true,"href":"https:\/\/www.copealcoy.es\/es\/wp-json\/wp\/v2\/media\/48593"}],"wp:attachment":[{"href":"https:\/\/www.copealcoy.es\/es\/wp-json\/wp\/v2\/media?parent=48592"}],"wp:term":[{"taxonomy":"category","embeddable":true,"href":"https:\/\/www.copealcoy.es\/es\/wp-json\/wp\/v2\/categories?post=48592"},{"taxonomy":"post_tag","embeddable":true,"href":"https:\/\/www.copealcoy.es\/es\/wp-json\/wp\/v2\/tags?post=48592"}],"curies":[{"name":"wp","href":"https:\/\/api.w.org\/{rel}","templated":true}]}}