{"id":48575,"date":"2019-01-28T10:13:41","date_gmt":"2019-01-28T10:13:41","guid":{"rendered":"https:\/\/copealcoi.es\/?p=48575"},"modified":"2019-01-28T10:13:41","modified_gmt":"2019-01-28T10:13:41","slug":"los-goles-tambien-se-resistieron-en-el-ontinyent-cf-cd-alcoyano","status":"publish","type":"post","link":"https:\/\/www.copealcoy.es\/es\/los-goles-tambien-se-resistieron-en-el-ontinyent-cf-cd-alcoyano\/","title":{"rendered":"Los goles tambi\u00e9n se resistieron en el Ontinyent CF &#8211; CD Alcoyano"},"content":{"rendered":"<p style=\"text-align: justify;\">Segundo partido <strong>jugado fuera de casa<\/strong> en esta segunda vuelta, esta vez en el estadio <strong>El Clariano<\/strong> contra el <strong>Ontinyent C.F<\/strong>., un derbi importante por<strong> la clasificaci\u00f3n<\/strong> de ambos equipos. En el partido de ida <strong>quedaron empate a 0<\/strong> en El Collao<\/p>\n<p style=\"text-align: justify;\">El partido ha empezado con<strong> un disparo local<\/strong> en el minuto 15, que <strong>detiene Ba\u00f1uz<\/strong> en el palo corto. Contin\u00faa con <strong>una buena jugada de Reyna<\/strong> que casi desv\u00eda dentro Lino. En el minuto 36 <strong>la ha tenido Nieto<\/strong> con un dur\u00edsimo disparo desde la frontal, finalmente <strong>se ha escapado<\/strong> por arriba del larguero. La <strong>primera parte<\/strong> del partido <strong>ha sido tranquila<\/strong> y con <strong>pocas ocasiones de gol<\/strong> para el CD Alcoyano.<\/p>\n<p style=\"text-align: justify;\">En el comienzo de<strong> la segunda parte<\/strong> en el minuto 49 hay<strong> una ocasi\u00f3n para el Alcoyano<\/strong>, se escapan desde el centro del campo<strong> Nieto y Lino<\/strong> ante el meta local pero este \u00faltimo <strong>ha incurrido en fuera de juego<\/strong>. Otra buena jugada en <strong>el minuto 53 de Nieto<\/strong> tras <strong>un buen pase<\/strong> de 50 metros de Anaba.<\/p>\n<p style=\"text-align: justify;\">Gran ocasi\u00f3n <strong>para el Ontinyent CF<\/strong> en el minuto 63 que <strong>Ba\u00f1uz desbarataba<\/strong> y despu\u00e9s <strong>David Torres dentro del \u00e1rea peque\u00f1a<\/strong> pero que no ha podido materializar. Ba\u00f1uz <strong>logra parar otra vez el gol<\/strong> en el minuto 90. Gran <strong>ocasi\u00f3n de Reyna<\/strong> en el minuto 93, <strong>casi gol<\/strong> contra 3 para 2 que casi hace el 0-1, <strong>le esperaba Anaba<\/strong> en el segundo palo.<\/p>\n<p style=\"text-align: justify;\">Finalmente <strong>ha habido un empate sin goles en El Clariano<\/strong> en un partido con pocas ocasiones. Ba\u00f1uz ha desbaratado <strong>las pocas locales y las claras contras<\/strong> del Deportivo no se han podido transformar. Sumamos <strong>un punto<\/strong> en la tabla.<\/p>\n<p style=\"text-align: justify;\"><strong>CD Alcoyano<\/strong><\/p>\n<p style=\"text-align: justify;\">Once titular: Ba\u00f1uz, Barreda, Hermosa, Primi, Fomeyem, C\u00f3rcoles (Anaba 25\u2019), Nieto (Vicente 65\u2019), De Lerma, Lino (Braulio 74\u2019), B. Reyna y Pino.<\/p>\n<p style=\"text-align: justify;\">Banquillo: Anaba, Ortega, Yvan, Braulio, Vicente, Rubio y \u00d3scar D\u00edaz.<\/p>\n<p style=\"text-align: justify;\">Tarjetas: C\u00f3rcoles (3\u2019), De Lerma (22\u2019), Anaba (63\u2019), Pino (87\u2019) y Primi (89\u2019).<\/p>\n<p style=\"text-align: justify;\"><strong>Ontinyent CF<\/strong><\/p>\n<p style=\"text-align: justify;\">Once titular: Craviotto, Soler, Fuster, Enrique, Jose, Julen, Felip, Zarzo (Javier 59\u2019), Juanan, Torres, Fran, Machado y Alberto (Pablo 81\u2019).<\/p>\n<p style=\"text-align: justify;\">Banquillo: Sergio, Satoca, Carbonell, LLor y Henrique.<\/p>\n<p style=\"text-align: justify;\">Tarjetas: Fuster (18\u2019), Machado (20\u2019) y Zarzo (56\u2019).<\/p>\n<p style=\"text-align: justify;\">La jornada 23 <strong>se disputar\u00e1 en El Collao el domingo 3 de febrero a las 17:15 horas<\/strong> entre el Club Deportivo Alcoyano y Villarreal Club Futbol B.<\/p>\n","protected":false},"excerpt":{"rendered":"<p>Segundo partido jugado fuera de casa en esta segunda vuelta, esta vez en el estadio El Clariano contra el Ontinyent&#8230;<\/p>\n","protected":false},"author":1,"featured_media":48576,"comment_status":"open","ping_status":"open","sticky":false,"template":"","format":"standard","meta":{"footnotes":""},"categories":[92,75],"tags":[2118,8284,8285,8286,6547],"class_list":["post-48575","post","type-post","status-publish","format-standard","has-post-thumbnail","hentry","category-deportes","category-noticias","tag-cd-alcoyano","tag-los-goles","tag-ontinyent-cf","tag-se-resisitieron","tag-tambien"],"yoast_head":"<!-- This site is optimized with the Yoast SEO plugin v27.3 - https:\/\/yoast.com\/product\/yoast-seo-wordpress\/ -->\n<title>Los goles tambi\u00e9n se resistieron en el Ontinyent CF - CD Alcoyano - COPE Alcoy<\/title>\n<meta name=\"robots\" content=\"index, follow, max-snippet:-1, max-image-preview:large, max-video-preview:-1\" \/>\n<link rel=\"canonical\" href=\"https:\/\/www.copealcoy.es\/es\/los-goles-tambien-se-resistieron-en-el-ontinyent-cf-cd-alcoyano\/\" \/>\n<meta property=\"og:locale\" content=\"es_ES\" \/>\n<meta property=\"og:type\" content=\"article\" \/>\n<meta property=\"og:title\" content=\"Los goles tambi\u00e9n se resistieron en el Ontinyent CF - CD Alcoyano - COPE Alcoy\" \/>\n<meta property=\"og:description\" content=\"Segundo partido jugado fuera de casa en esta segunda vuelta, esta vez en el estadio El Clariano contra el Ontinyent...\" \/>\n<meta property=\"og:url\" content=\"https:\/\/www.copealcoy.es\/es\/los-goles-tambien-se-resistieron-en-el-ontinyent-cf-cd-alcoyano\/\" \/>\n<meta property=\"og:site_name\" content=\"COPE Alcoy\" \/>\n<meta property=\"article:published_time\" content=\"2019-01-28T10:13:41+00:00\" \/>\n<meta property=\"og:image\" content=\"https:\/\/www.copealcoy.es\/wp-content\/uploads\/2019\/02\/onti-16520-e1549102597930-1.jpg\" \/>\n\t<meta property=\"og:image:width\" content=\"969\" \/>\n\t<meta property=\"og:image:height\" content=\"561\" \/>\n\t<meta property=\"og:image:type\" content=\"image\/jpeg\" \/>\n<meta name=\"author\" content=\"Cope Alcoy\" \/>\n<meta name=\"twitter:label1\" content=\"Escrito por\" \/>\n\t<meta name=\"twitter:data1\" content=\"Cope Alcoy\" \/>\n\t<meta name=\"twitter:label2\" content=\"Tiempo de lectura\" \/>\n\t<meta name=\"twitter:data2\" content=\"2 minutos\" \/>\n<script type=\"application\/ld+json\" class=\"yoast-schema-graph\">{\"@context\":\"https:\\\/\\\/schema.org\",\"@graph\":[{\"@type\":\"Article\",\"@id\":\"https:\\\/\\\/www.copealcoy.es\\\/es\\\/los-goles-tambien-se-resistieron-en-el-ontinyent-cf-cd-alcoyano\\\/#article\",\"isPartOf\":{\"@id\":\"https:\\\/\\\/www.copealcoy.es\\\/es\\\/los-goles-tambien-se-resistieron-en-el-ontinyent-cf-cd-alcoyano\\\/\"},\"author\":{\"name\":\"Cope Alcoy\",\"@id\":\"https:\\\/\\\/www.copealcoy.es\\\/es\\\/#\\\/schema\\\/person\\\/e777c87fa024e57d40170af9df39882c\"},\"headline\":\"Los goles tambi\u00e9n se resistieron en el Ontinyent CF &#8211; CD Alcoyano\",\"datePublished\":\"2019-01-28T10:13:41+00:00\",\"mainEntityOfPage\":{\"@id\":\"https:\\\/\\\/www.copealcoy.es\\\/es\\\/los-goles-tambien-se-resistieron-en-el-ontinyent-cf-cd-alcoyano\\\/\"},\"wordCount\":390,\"commentCount\":0,\"image\":{\"@id\":\"https:\\\/\\\/www.copealcoy.es\\\/es\\\/los-goles-tambien-se-resistieron-en-el-ontinyent-cf-cd-alcoyano\\\/#primaryimage\"},\"thumbnailUrl\":\"https:\\\/\\\/www.copealcoy.es\\\/wp-content\\\/uploads\\\/2019\\\/02\\\/onti-16520-e1549102597930-1.jpg\",\"keywords\":[\"CD Alcoyano\",\"Los goles\",\"Ontinyent CF\",\"se resisitieron\",\"tambi\u00e9n\"],\"articleSection\":[\"Deportes\",\"Noticias\"],\"inLanguage\":\"es\"},{\"@type\":\"WebPage\",\"@id\":\"https:\\\/\\\/www.copealcoy.es\\\/es\\\/los-goles-tambien-se-resistieron-en-el-ontinyent-cf-cd-alcoyano\\\/\",\"url\":\"https:\\\/\\\/www.copealcoy.es\\\/es\\\/los-goles-tambien-se-resistieron-en-el-ontinyent-cf-cd-alcoyano\\\/\",\"name\":\"Los goles tambi\u00e9n se resistieron en el Ontinyent CF - CD Alcoyano - COPE Alcoy\",\"isPartOf\":{\"@id\":\"https:\\\/\\\/www.copealcoy.es\\\/es\\\/#website\"},\"primaryImageOfPage\":{\"@id\":\"https:\\\/\\\/www.copealcoy.es\\\/es\\\/los-goles-tambien-se-resistieron-en-el-ontinyent-cf-cd-alcoyano\\\/#primaryimage\"},\"image\":{\"@id\":\"https:\\\/\\\/www.copealcoy.es\\\/es\\\/los-goles-tambien-se-resistieron-en-el-ontinyent-cf-cd-alcoyano\\\/#primaryimage\"},\"thumbnailUrl\":\"https:\\\/\\\/www.copealcoy.es\\\/wp-content\\\/uploads\\\/2019\\\/02\\\/onti-16520-e1549102597930-1.jpg\",\"datePublished\":\"2019-01-28T10:13:41+00:00\",\"author\":{\"@id\":\"https:\\\/\\\/www.copealcoy.es\\\/es\\\/#\\\/schema\\\/person\\\/e777c87fa024e57d40170af9df39882c\"},\"breadcrumb\":{\"@id\":\"https:\\\/\\\/www.copealcoy.es\\\/es\\\/los-goles-tambien-se-resistieron-en-el-ontinyent-cf-cd-alcoyano\\\/#breadcrumb\"},\"inLanguage\":\"es\",\"potentialAction\":[{\"@type\":\"ReadAction\",\"target\":[\"https:\\\/\\\/www.copealcoy.es\\\/es\\\/los-goles-tambien-se-resistieron-en-el-ontinyent-cf-cd-alcoyano\\\/\"]}]},{\"@type\":\"ImageObject\",\"inLanguage\":\"es\",\"@id\":\"https:\\\/\\\/www.copealcoy.es\\\/es\\\/los-goles-tambien-se-resistieron-en-el-ontinyent-cf-cd-alcoyano\\\/#primaryimage\",\"url\":\"https:\\\/\\\/www.copealcoy.es\\\/wp-content\\\/uploads\\\/2019\\\/02\\\/onti-16520-e1549102597930-1.jpg\",\"contentUrl\":\"https:\\\/\\\/www.copealcoy.es\\\/wp-content\\\/uploads\\\/2019\\\/02\\\/onti-16520-e1549102597930-1.jpg\",\"width\":969,\"height\":561},{\"@type\":\"BreadcrumbList\",\"@id\":\"https:\\\/\\\/www.copealcoy.es\\\/es\\\/los-goles-tambien-se-resistieron-en-el-ontinyent-cf-cd-alcoyano\\\/#breadcrumb\",\"itemListElement\":[{\"@type\":\"ListItem\",\"position\":1,\"name\":\"Portada\",\"item\":\"https:\\\/\\\/www.copealcoy.es\\\/es\\\/\"},{\"@type\":\"ListItem\",\"position\":2,\"name\":\"Los goles tambi\u00e9n se resistieron en el Ontinyent CF &#8211; CD Alcoyano\"}]},{\"@type\":\"WebSite\",\"@id\":\"https:\\\/\\\/www.copealcoy.es\\\/es\\\/#website\",\"url\":\"https:\\\/\\\/www.copealcoy.es\\\/es\\\/\",\"name\":\"COPE Alcoy\",\"description\":\"Emisora COPE de radio local con emisi\u00f3n online. Pont de Sant Jordi 8-10 03803 Alcoy\",\"potentialAction\":[{\"@type\":\"SearchAction\",\"target\":{\"@type\":\"EntryPoint\",\"urlTemplate\":\"https:\\\/\\\/www.copealcoy.es\\\/es\\\/?s={search_term_string}\"},\"query-input\":{\"@type\":\"PropertyValueSpecification\",\"valueRequired\":true,\"valueName\":\"search_term_string\"}}],\"inLanguage\":\"es\"},{\"@type\":\"Person\",\"@id\":\"https:\\\/\\\/www.copealcoy.es\\\/es\\\/#\\\/schema\\\/person\\\/e777c87fa024e57d40170af9df39882c\",\"name\":\"Cope Alcoy\",\"image\":{\"@type\":\"ImageObject\",\"inLanguage\":\"es\",\"@id\":\"https:\\\/\\\/secure.gravatar.com\\\/avatar\\\/bb65d0283347e303893ba14f0692005417c1e0e690a325a4c5d8bb2b3943ee14?s=96&d=mm&r=g\",\"url\":\"https:\\\/\\\/secure.gravatar.com\\\/avatar\\\/bb65d0283347e303893ba14f0692005417c1e0e690a325a4c5d8bb2b3943ee14?s=96&d=mm&r=g\",\"contentUrl\":\"https:\\\/\\\/secure.gravatar.com\\\/avatar\\\/bb65d0283347e303893ba14f0692005417c1e0e690a325a4c5d8bb2b3943ee14?s=96&d=mm&r=g\",\"caption\":\"Cope Alcoy\"}}]}<\/script>\n<!-- \/ Yoast SEO plugin. -->","yoast_head_json":{"title":"Los goles tambi\u00e9n se resistieron en el Ontinyent CF - CD Alcoyano - COPE Alcoy","robots":{"index":"index","follow":"follow","max-snippet":"max-snippet:-1","max-image-preview":"max-image-preview:large","max-video-preview":"max-video-preview:-1"},"canonical":"https:\/\/www.copealcoy.es\/es\/los-goles-tambien-se-resistieron-en-el-ontinyent-cf-cd-alcoyano\/","og_locale":"es_ES","og_type":"article","og_title":"Los goles tambi\u00e9n se resistieron en el Ontinyent CF - CD Alcoyano - COPE Alcoy","og_description":"Segundo partido jugado fuera de casa en esta segunda vuelta, esta vez en el estadio El Clariano contra el Ontinyent...","og_url":"https:\/\/www.copealcoy.es\/es\/los-goles-tambien-se-resistieron-en-el-ontinyent-cf-cd-alcoyano\/","og_site_name":"COPE Alcoy","article_published_time":"2019-01-28T10:13:41+00:00","og_image":[{"width":969,"height":561,"url":"https:\/\/www.copealcoy.es\/wp-content\/uploads\/2019\/02\/onti-16520-e1549102597930-1.jpg","type":"image\/jpeg"}],"author":"Cope Alcoy","twitter_misc":{"Escrito por":"Cope Alcoy","Tiempo de lectura":"2 minutos"},"schema":{"@context":"https:\/\/schema.org","@graph":[{"@type":"Article","@id":"https:\/\/www.copealcoy.es\/es\/los-goles-tambien-se-resistieron-en-el-ontinyent-cf-cd-alcoyano\/#article","isPartOf":{"@id":"https:\/\/www.copealcoy.es\/es\/los-goles-tambien-se-resistieron-en-el-ontinyent-cf-cd-alcoyano\/"},"author":{"name":"Cope Alcoy","@id":"https:\/\/www.copealcoy.es\/es\/#\/schema\/person\/e777c87fa024e57d40170af9df39882c"},"headline":"Los goles tambi\u00e9n se resistieron en el Ontinyent CF &#8211; CD Alcoyano","datePublished":"2019-01-28T10:13:41+00:00","mainEntityOfPage":{"@id":"https:\/\/www.copealcoy.es\/es\/los-goles-tambien-se-resistieron-en-el-ontinyent-cf-cd-alcoyano\/"},"wordCount":390,"commentCount":0,"image":{"@id":"https:\/\/www.copealcoy.es\/es\/los-goles-tambien-se-resistieron-en-el-ontinyent-cf-cd-alcoyano\/#primaryimage"},"thumbnailUrl":"https:\/\/www.copealcoy.es\/wp-content\/uploads\/2019\/02\/onti-16520-e1549102597930-1.jpg","keywords":["CD Alcoyano","Los goles","Ontinyent CF","se resisitieron","tambi\u00e9n"],"articleSection":["Deportes","Noticias"],"inLanguage":"es"},{"@type":"WebPage","@id":"https:\/\/www.copealcoy.es\/es\/los-goles-tambien-se-resistieron-en-el-ontinyent-cf-cd-alcoyano\/","url":"https:\/\/www.copealcoy.es\/es\/los-goles-tambien-se-resistieron-en-el-ontinyent-cf-cd-alcoyano\/","name":"Los goles tambi\u00e9n se resistieron en el Ontinyent CF - CD Alcoyano - COPE Alcoy","isPartOf":{"@id":"https:\/\/www.copealcoy.es\/es\/#website"},"primaryImageOfPage":{"@id":"https:\/\/www.copealcoy.es\/es\/los-goles-tambien-se-resistieron-en-el-ontinyent-cf-cd-alcoyano\/#primaryimage"},"image":{"@id":"https:\/\/www.copealcoy.es\/es\/los-goles-tambien-se-resistieron-en-el-ontinyent-cf-cd-alcoyano\/#primaryimage"},"thumbnailUrl":"https:\/\/www.copealcoy.es\/wp-content\/uploads\/2019\/02\/onti-16520-e1549102597930-1.jpg","datePublished":"2019-01-28T10:13:41+00:00","author":{"@id":"https:\/\/www.copealcoy.es\/es\/#\/schema\/person\/e777c87fa024e57d40170af9df39882c"},"breadcrumb":{"@id":"https:\/\/www.copealcoy.es\/es\/los-goles-tambien-se-resistieron-en-el-ontinyent-cf-cd-alcoyano\/#breadcrumb"},"inLanguage":"es","potentialAction":[{"@type":"ReadAction","target":["https:\/\/www.copealcoy.es\/es\/los-goles-tambien-se-resistieron-en-el-ontinyent-cf-cd-alcoyano\/"]}]},{"@type":"ImageObject","inLanguage":"es","@id":"https:\/\/www.copealcoy.es\/es\/los-goles-tambien-se-resistieron-en-el-ontinyent-cf-cd-alcoyano\/#primaryimage","url":"https:\/\/www.copealcoy.es\/wp-content\/uploads\/2019\/02\/onti-16520-e1549102597930-1.jpg","contentUrl":"https:\/\/www.copealcoy.es\/wp-content\/uploads\/2019\/02\/onti-16520-e1549102597930-1.jpg","width":969,"height":561},{"@type":"BreadcrumbList","@id":"https:\/\/www.copealcoy.es\/es\/los-goles-tambien-se-resistieron-en-el-ontinyent-cf-cd-alcoyano\/#breadcrumb","itemListElement":[{"@type":"ListItem","position":1,"name":"Portada","item":"https:\/\/www.copealcoy.es\/es\/"},{"@type":"ListItem","position":2,"name":"Los goles tambi\u00e9n se resistieron en el Ontinyent CF &#8211; CD Alcoyano"}]},{"@type":"WebSite","@id":"https:\/\/www.copealcoy.es\/es\/#website","url":"https:\/\/www.copealcoy.es\/es\/","name":"COPE Alcoy","description":"Emisora COPE de radio local con emisi\u00f3n online. Pont de Sant Jordi 8-10 03803 Alcoy","potentialAction":[{"@type":"SearchAction","target":{"@type":"EntryPoint","urlTemplate":"https:\/\/www.copealcoy.es\/es\/?s={search_term_string}"},"query-input":{"@type":"PropertyValueSpecification","valueRequired":true,"valueName":"search_term_string"}}],"inLanguage":"es"},{"@type":"Person","@id":"https:\/\/www.copealcoy.es\/es\/#\/schema\/person\/e777c87fa024e57d40170af9df39882c","name":"Cope Alcoy","image":{"@type":"ImageObject","inLanguage":"es","@id":"https:\/\/secure.gravatar.com\/avatar\/bb65d0283347e303893ba14f0692005417c1e0e690a325a4c5d8bb2b3943ee14?s=96&d=mm&r=g","url":"https:\/\/secure.gravatar.com\/avatar\/bb65d0283347e303893ba14f0692005417c1e0e690a325a4c5d8bb2b3943ee14?s=96&d=mm&r=g","contentUrl":"https:\/\/secure.gravatar.com\/avatar\/bb65d0283347e303893ba14f0692005417c1e0e690a325a4c5d8bb2b3943ee14?s=96&d=mm&r=g","caption":"Cope Alcoy"}}]}},"_links":{"self":[{"href":"https:\/\/www.copealcoy.es\/es\/wp-json\/wp\/v2\/posts\/48575","targetHints":{"allow":["GET"]}}],"collection":[{"href":"https:\/\/www.copealcoy.es\/es\/wp-json\/wp\/v2\/posts"}],"about":[{"href":"https:\/\/www.copealcoy.es\/es\/wp-json\/wp\/v2\/types\/post"}],"author":[{"embeddable":true,"href":"https:\/\/www.copealcoy.es\/es\/wp-json\/wp\/v2\/users\/1"}],"replies":[{"embeddable":true,"href":"https:\/\/www.copealcoy.es\/es\/wp-json\/wp\/v2\/comments?post=48575"}],"version-history":[{"count":0,"href":"https:\/\/www.copealcoy.es\/es\/wp-json\/wp\/v2\/posts\/48575\/revisions"}],"wp:featuredmedia":[{"embeddable":true,"href":"https:\/\/www.copealcoy.es\/es\/wp-json\/wp\/v2\/media\/48576"}],"wp:attachment":[{"href":"https:\/\/www.copealcoy.es\/es\/wp-json\/wp\/v2\/media?parent=48575"}],"wp:term":[{"taxonomy":"category","embeddable":true,"href":"https:\/\/www.copealcoy.es\/es\/wp-json\/wp\/v2\/categories?post=48575"},{"taxonomy":"post_tag","embeddable":true,"href":"https:\/\/www.copealcoy.es\/es\/wp-json\/wp\/v2\/tags?post=48575"}],"curies":[{"name":"wp","href":"https:\/\/api.w.org\/{rel}","templated":true}]}}