{"id":48550,"date":"2019-01-25T15:39:18","date_gmt":"2019-01-25T15:39:18","guid":{"rendered":"https:\/\/copealcoi.es\/?p=48550"},"modified":"2019-01-25T15:39:18","modified_gmt":"2019-01-25T15:39:18","slug":"servicios-sociales-incrementa-su-plantilla-desde-el-ano-2011","status":"publish","type":"post","link":"https:\/\/www.copealcoy.es\/es\/servicios-sociales-incrementa-su-plantilla-desde-el-ano-2011\/","title":{"rendered":"Servicios Sociales incrementa su plantilla desde el a\u00f1o 2011"},"content":{"rendered":"<p style=\"text-align: justify;\">El Ayuntamiento contratar\u00e1 en breve a <strong>2 promotoras de igualdad<\/strong> y <strong>2 T\u00e9cnicos en Inserci\u00f3n Social (TIS)<\/strong>,\u00a0aumentando as\u00ed <strong>los efectivos<\/strong> del Departamento de Pol\u00edticas Sociales. De este modo, la plantilla del citado departamento <strong>se incrementar\u00e1 hasta los 60 trabajadores<\/strong>, <strong>26 nuevos durante los \u00faltimos a\u00f1os<\/strong>, adem\u00e1s de <strong>los 42 de contrataci\u00f3n externa<\/strong> que trabajan para servicios sociales. En total, <strong>102 personas<\/strong> dedican su tarea a las pol\u00edticas sociales municipales. En la actualidad hay\u00a0<strong>56 personas trabajando<\/strong>, tanto en servicios sociales generales como en servicios especializados, y un total de\u00a0<strong>42 personas<\/strong> de contrataci\u00f3n externa. Adem\u00e1s la Generalitat <strong>aporta m\u00e1s de un mill\u00f3n de euros<\/strong> para <strong>facilitar estas contrataciones<\/strong> por medio de diferentes programa sociales.<\/p>\n<p style=\"text-align: justify;\">La <strong>edil de Pol\u00edticas Sociales<\/strong> en el Ayuntamiento de Alcoy, <strong>Aroa Mira<\/strong>, se refiri\u00f3 ayer a esta cuesti\u00f3n en el Tiempo de An\u00e1lisis de La Ma\u00f1ana en Alcoy y <strong>coment\u00f3<\/strong> que &#8220;<em>es evidente el esfuerzo realizado por este gobierno en pol\u00edticas sociales desde que lleg\u00f3 al Ayuntamiento, m\u00e1s dinero, aumentando hasta un 200% el presupuesto; m\u00e1s programas como \u00abEntender al beb\u00e9\u00bb, \u00abFaro\u00bb y la redacci\u00f3n de planes como el de igualdad y el de infancia; y, m\u00e1s personal, 26 nuevas personas que dedican sus esfuerzos a mejorar la vida otras personas<\/em>&#8220;, indic\u00f3. Adem\u00e1s <strong>se\u00f1al\u00f3<\/strong> que &#8220;<em>que la Conselleria subvenciona gran parte de las contrataciones, puesto que hablamos de muchos servicios donde la competencia es auton\u00f3mica pero, al final, somos las entidades locales las m\u00e1s pr\u00f3ximas a los ciudadanos, las que recibimos las quejas y nos afectan los problemas de los vecinos por eso, es imprescindible, prestar estos servicios<\/em>&#8220;; concluy\u00f3.<\/p>\n<p style=\"text-align: justify;\">Al personal de la Concejal\u00eda de Pol\u00edticas Social<strong>\u00a0se tienen que sumar tambi\u00e9n las 7 personas<\/strong> que trabajan en la Concejal\u00eda de Vivienda\u00a0que tambi\u00e9n ha visto aumentado su personal de 3 a 7 personas.<\/p>\n","protected":false},"excerpt":{"rendered":"<p>El Ayuntamiento contratar\u00e1 en breve a 2 promotoras de igualdad y 2 T\u00e9cnicos en Inserci\u00f3n Social (TIS),\u00a0aumentando as\u00ed los efectivos&#8230;<\/p>\n","protected":false},"author":1,"featured_media":13024,"comment_status":"open","ping_status":"open","sticky":false,"template":"","format":"standard","meta":{"footnotes":""},"categories":[97,75,125],"tags":[8268,8231,2428,695],"class_list":["post-48550","post","type-post","status-publish","format-standard","has-post-thumbnail","hentry","category-alcoy","category-noticias","category-portada","tag-ano-2011","tag-incrementa","tag-plantilla","tag-servicios-sociales"],"yoast_head":"<!-- This site is optimized with the Yoast SEO plugin v27.3 - https:\/\/yoast.com\/product\/yoast-seo-wordpress\/ -->\n<title>Servicios Sociales incrementa su plantilla desde el a\u00f1o 2011 - COPE Alcoy<\/title>\n<meta name=\"robots\" content=\"index, follow, max-snippet:-1, max-image-preview:large, max-video-preview:-1\" \/>\n<link rel=\"canonical\" href=\"https:\/\/www.copealcoy.es\/es\/servicios-sociales-incrementa-su-plantilla-desde-el-ano-2011\/\" \/>\n<meta property=\"og:locale\" content=\"es_ES\" \/>\n<meta property=\"og:type\" content=\"article\" \/>\n<meta property=\"og:title\" content=\"Servicios Sociales incrementa su plantilla desde el a\u00f1o 2011 - COPE Alcoy\" \/>\n<meta property=\"og:description\" content=\"El Ayuntamiento contratar\u00e1 en breve a 2 promotoras de igualdad y 2 T\u00e9cnicos en Inserci\u00f3n Social (TIS),\u00a0aumentando as\u00ed los efectivos...\" \/>\n<meta property=\"og:url\" content=\"https:\/\/www.copealcoy.es\/es\/servicios-sociales-incrementa-su-plantilla-desde-el-ano-2011\/\" \/>\n<meta property=\"og:site_name\" content=\"COPE Alcoy\" \/>\n<meta property=\"article:published_time\" content=\"2019-01-25T15:39:18+00:00\" \/>\n<meta property=\"og:image\" content=\"https:\/\/www.copealcoy.es\/wp-content\/uploads\/2015\/05\/13387-alcoy-001-1-jpg.jpeg\" \/>\n\t<meta property=\"og:image:width\" content=\"1400\" \/>\n\t<meta property=\"og:image:height\" content=\"1050\" \/>\n\t<meta property=\"og:image:type\" content=\"image\/jpeg\" \/>\n<meta name=\"author\" content=\"Cope Alcoy\" \/>\n<meta name=\"twitter:label1\" content=\"Escrito por\" \/>\n\t<meta name=\"twitter:data1\" content=\"Cope Alcoy\" \/>\n\t<meta name=\"twitter:label2\" content=\"Tiempo de lectura\" \/>\n\t<meta name=\"twitter:data2\" content=\"2 minutos\" \/>\n<script type=\"application\/ld+json\" class=\"yoast-schema-graph\">{\"@context\":\"https:\\\/\\\/schema.org\",\"@graph\":[{\"@type\":\"Article\",\"@id\":\"https:\\\/\\\/www.copealcoy.es\\\/es\\\/servicios-sociales-incrementa-su-plantilla-desde-el-ano-2011\\\/#article\",\"isPartOf\":{\"@id\":\"https:\\\/\\\/www.copealcoy.es\\\/es\\\/servicios-sociales-incrementa-su-plantilla-desde-el-ano-2011\\\/\"},\"author\":{\"name\":\"Cope Alcoy\",\"@id\":\"https:\\\/\\\/www.copealcoy.es\\\/es\\\/#\\\/schema\\\/person\\\/e777c87fa024e57d40170af9df39882c\"},\"headline\":\"Servicios Sociales incrementa su plantilla desde el a\u00f1o 2011\",\"datePublished\":\"2019-01-25T15:39:18+00:00\",\"mainEntityOfPage\":{\"@id\":\"https:\\\/\\\/www.copealcoy.es\\\/es\\\/servicios-sociales-incrementa-su-plantilla-desde-el-ano-2011\\\/\"},\"wordCount\":325,\"commentCount\":0,\"image\":{\"@id\":\"https:\\\/\\\/www.copealcoy.es\\\/es\\\/servicios-sociales-incrementa-su-plantilla-desde-el-ano-2011\\\/#primaryimage\"},\"thumbnailUrl\":\"https:\\\/\\\/www.copealcoy.es\\\/wp-content\\\/uploads\\\/2015\\\/05\\\/13387-alcoy-001-1-jpg.jpeg\",\"keywords\":[\"a\u00f1o 2011\",\"incrementa\",\"Plantilla\",\"Servicios sociales\"],\"articleSection\":[\"Alcoy\",\"Noticias\",\"Portada\"],\"inLanguage\":\"es\"},{\"@type\":\"WebPage\",\"@id\":\"https:\\\/\\\/www.copealcoy.es\\\/es\\\/servicios-sociales-incrementa-su-plantilla-desde-el-ano-2011\\\/\",\"url\":\"https:\\\/\\\/www.copealcoy.es\\\/es\\\/servicios-sociales-incrementa-su-plantilla-desde-el-ano-2011\\\/\",\"name\":\"Servicios Sociales incrementa su plantilla desde el a\u00f1o 2011 - COPE Alcoy\",\"isPartOf\":{\"@id\":\"https:\\\/\\\/www.copealcoy.es\\\/es\\\/#website\"},\"primaryImageOfPage\":{\"@id\":\"https:\\\/\\\/www.copealcoy.es\\\/es\\\/servicios-sociales-incrementa-su-plantilla-desde-el-ano-2011\\\/#primaryimage\"},\"image\":{\"@id\":\"https:\\\/\\\/www.copealcoy.es\\\/es\\\/servicios-sociales-incrementa-su-plantilla-desde-el-ano-2011\\\/#primaryimage\"},\"thumbnailUrl\":\"https:\\\/\\\/www.copealcoy.es\\\/wp-content\\\/uploads\\\/2015\\\/05\\\/13387-alcoy-001-1-jpg.jpeg\",\"datePublished\":\"2019-01-25T15:39:18+00:00\",\"author\":{\"@id\":\"https:\\\/\\\/www.copealcoy.es\\\/es\\\/#\\\/schema\\\/person\\\/e777c87fa024e57d40170af9df39882c\"},\"breadcrumb\":{\"@id\":\"https:\\\/\\\/www.copealcoy.es\\\/es\\\/servicios-sociales-incrementa-su-plantilla-desde-el-ano-2011\\\/#breadcrumb\"},\"inLanguage\":\"es\",\"potentialAction\":[{\"@type\":\"ReadAction\",\"target\":[\"https:\\\/\\\/www.copealcoy.es\\\/es\\\/servicios-sociales-incrementa-su-plantilla-desde-el-ano-2011\\\/\"]}]},{\"@type\":\"ImageObject\",\"inLanguage\":\"es\",\"@id\":\"https:\\\/\\\/www.copealcoy.es\\\/es\\\/servicios-sociales-incrementa-su-plantilla-desde-el-ano-2011\\\/#primaryimage\",\"url\":\"https:\\\/\\\/www.copealcoy.es\\\/wp-content\\\/uploads\\\/2015\\\/05\\\/13387-alcoy-001-1-jpg.jpeg\",\"contentUrl\":\"https:\\\/\\\/www.copealcoy.es\\\/wp-content\\\/uploads\\\/2015\\\/05\\\/13387-alcoy-001-1-jpg.jpeg\",\"width\":1400,\"height\":1050,\"caption\":\"Ayuntamiento de Alcoy\"},{\"@type\":\"BreadcrumbList\",\"@id\":\"https:\\\/\\\/www.copealcoy.es\\\/es\\\/servicios-sociales-incrementa-su-plantilla-desde-el-ano-2011\\\/#breadcrumb\",\"itemListElement\":[{\"@type\":\"ListItem\",\"position\":1,\"name\":\"Portada\",\"item\":\"https:\\\/\\\/www.copealcoy.es\\\/es\\\/\"},{\"@type\":\"ListItem\",\"position\":2,\"name\":\"Servicios Sociales incrementa su plantilla desde el a\u00f1o 2011\"}]},{\"@type\":\"WebSite\",\"@id\":\"https:\\\/\\\/www.copealcoy.es\\\/es\\\/#website\",\"url\":\"https:\\\/\\\/www.copealcoy.es\\\/es\\\/\",\"name\":\"COPE Alcoy\",\"description\":\"Emisora COPE de radio local con emisi\u00f3n online. Pont de Sant Jordi 8-10 03803 Alcoy\",\"potentialAction\":[{\"@type\":\"SearchAction\",\"target\":{\"@type\":\"EntryPoint\",\"urlTemplate\":\"https:\\\/\\\/www.copealcoy.es\\\/es\\\/?s={search_term_string}\"},\"query-input\":{\"@type\":\"PropertyValueSpecification\",\"valueRequired\":true,\"valueName\":\"search_term_string\"}}],\"inLanguage\":\"es\"},{\"@type\":\"Person\",\"@id\":\"https:\\\/\\\/www.copealcoy.es\\\/es\\\/#\\\/schema\\\/person\\\/e777c87fa024e57d40170af9df39882c\",\"name\":\"Cope Alcoy\",\"image\":{\"@type\":\"ImageObject\",\"inLanguage\":\"es\",\"@id\":\"https:\\\/\\\/secure.gravatar.com\\\/avatar\\\/bb65d0283347e303893ba14f0692005417c1e0e690a325a4c5d8bb2b3943ee14?s=96&d=mm&r=g\",\"url\":\"https:\\\/\\\/secure.gravatar.com\\\/avatar\\\/bb65d0283347e303893ba14f0692005417c1e0e690a325a4c5d8bb2b3943ee14?s=96&d=mm&r=g\",\"contentUrl\":\"https:\\\/\\\/secure.gravatar.com\\\/avatar\\\/bb65d0283347e303893ba14f0692005417c1e0e690a325a4c5d8bb2b3943ee14?s=96&d=mm&r=g\",\"caption\":\"Cope Alcoy\"}}]}<\/script>\n<!-- \/ Yoast SEO plugin. -->","yoast_head_json":{"title":"Servicios Sociales incrementa su plantilla desde el a\u00f1o 2011 - COPE Alcoy","robots":{"index":"index","follow":"follow","max-snippet":"max-snippet:-1","max-image-preview":"max-image-preview:large","max-video-preview":"max-video-preview:-1"},"canonical":"https:\/\/www.copealcoy.es\/es\/servicios-sociales-incrementa-su-plantilla-desde-el-ano-2011\/","og_locale":"es_ES","og_type":"article","og_title":"Servicios Sociales incrementa su plantilla desde el a\u00f1o 2011 - COPE Alcoy","og_description":"El Ayuntamiento contratar\u00e1 en breve a 2 promotoras de igualdad y 2 T\u00e9cnicos en Inserci\u00f3n Social (TIS),\u00a0aumentando as\u00ed los efectivos...","og_url":"https:\/\/www.copealcoy.es\/es\/servicios-sociales-incrementa-su-plantilla-desde-el-ano-2011\/","og_site_name":"COPE Alcoy","article_published_time":"2019-01-25T15:39:18+00:00","og_image":[{"width":1400,"height":1050,"url":"https:\/\/www.copealcoy.es\/wp-content\/uploads\/2015\/05\/13387-alcoy-001-1-jpg.jpeg","type":"image\/jpeg"}],"author":"Cope Alcoy","twitter_misc":{"Escrito por":"Cope Alcoy","Tiempo de lectura":"2 minutos"},"schema":{"@context":"https:\/\/schema.org","@graph":[{"@type":"Article","@id":"https:\/\/www.copealcoy.es\/es\/servicios-sociales-incrementa-su-plantilla-desde-el-ano-2011\/#article","isPartOf":{"@id":"https:\/\/www.copealcoy.es\/es\/servicios-sociales-incrementa-su-plantilla-desde-el-ano-2011\/"},"author":{"name":"Cope Alcoy","@id":"https:\/\/www.copealcoy.es\/es\/#\/schema\/person\/e777c87fa024e57d40170af9df39882c"},"headline":"Servicios Sociales incrementa su plantilla desde el a\u00f1o 2011","datePublished":"2019-01-25T15:39:18+00:00","mainEntityOfPage":{"@id":"https:\/\/www.copealcoy.es\/es\/servicios-sociales-incrementa-su-plantilla-desde-el-ano-2011\/"},"wordCount":325,"commentCount":0,"image":{"@id":"https:\/\/www.copealcoy.es\/es\/servicios-sociales-incrementa-su-plantilla-desde-el-ano-2011\/#primaryimage"},"thumbnailUrl":"https:\/\/www.copealcoy.es\/wp-content\/uploads\/2015\/05\/13387-alcoy-001-1-jpg.jpeg","keywords":["a\u00f1o 2011","incrementa","Plantilla","Servicios sociales"],"articleSection":["Alcoy","Noticias","Portada"],"inLanguage":"es"},{"@type":"WebPage","@id":"https:\/\/www.copealcoy.es\/es\/servicios-sociales-incrementa-su-plantilla-desde-el-ano-2011\/","url":"https:\/\/www.copealcoy.es\/es\/servicios-sociales-incrementa-su-plantilla-desde-el-ano-2011\/","name":"Servicios Sociales incrementa su plantilla desde el a\u00f1o 2011 - COPE Alcoy","isPartOf":{"@id":"https:\/\/www.copealcoy.es\/es\/#website"},"primaryImageOfPage":{"@id":"https:\/\/www.copealcoy.es\/es\/servicios-sociales-incrementa-su-plantilla-desde-el-ano-2011\/#primaryimage"},"image":{"@id":"https:\/\/www.copealcoy.es\/es\/servicios-sociales-incrementa-su-plantilla-desde-el-ano-2011\/#primaryimage"},"thumbnailUrl":"https:\/\/www.copealcoy.es\/wp-content\/uploads\/2015\/05\/13387-alcoy-001-1-jpg.jpeg","datePublished":"2019-01-25T15:39:18+00:00","author":{"@id":"https:\/\/www.copealcoy.es\/es\/#\/schema\/person\/e777c87fa024e57d40170af9df39882c"},"breadcrumb":{"@id":"https:\/\/www.copealcoy.es\/es\/servicios-sociales-incrementa-su-plantilla-desde-el-ano-2011\/#breadcrumb"},"inLanguage":"es","potentialAction":[{"@type":"ReadAction","target":["https:\/\/www.copealcoy.es\/es\/servicios-sociales-incrementa-su-plantilla-desde-el-ano-2011\/"]}]},{"@type":"ImageObject","inLanguage":"es","@id":"https:\/\/www.copealcoy.es\/es\/servicios-sociales-incrementa-su-plantilla-desde-el-ano-2011\/#primaryimage","url":"https:\/\/www.copealcoy.es\/wp-content\/uploads\/2015\/05\/13387-alcoy-001-1-jpg.jpeg","contentUrl":"https:\/\/www.copealcoy.es\/wp-content\/uploads\/2015\/05\/13387-alcoy-001-1-jpg.jpeg","width":1400,"height":1050,"caption":"Ayuntamiento de Alcoy"},{"@type":"BreadcrumbList","@id":"https:\/\/www.copealcoy.es\/es\/servicios-sociales-incrementa-su-plantilla-desde-el-ano-2011\/#breadcrumb","itemListElement":[{"@type":"ListItem","position":1,"name":"Portada","item":"https:\/\/www.copealcoy.es\/es\/"},{"@type":"ListItem","position":2,"name":"Servicios Sociales incrementa su plantilla desde el a\u00f1o 2011"}]},{"@type":"WebSite","@id":"https:\/\/www.copealcoy.es\/es\/#website","url":"https:\/\/www.copealcoy.es\/es\/","name":"COPE Alcoy","description":"Emisora COPE de radio local con emisi\u00f3n online. Pont de Sant Jordi 8-10 03803 Alcoy","potentialAction":[{"@type":"SearchAction","target":{"@type":"EntryPoint","urlTemplate":"https:\/\/www.copealcoy.es\/es\/?s={search_term_string}"},"query-input":{"@type":"PropertyValueSpecification","valueRequired":true,"valueName":"search_term_string"}}],"inLanguage":"es"},{"@type":"Person","@id":"https:\/\/www.copealcoy.es\/es\/#\/schema\/person\/e777c87fa024e57d40170af9df39882c","name":"Cope Alcoy","image":{"@type":"ImageObject","inLanguage":"es","@id":"https:\/\/secure.gravatar.com\/avatar\/bb65d0283347e303893ba14f0692005417c1e0e690a325a4c5d8bb2b3943ee14?s=96&d=mm&r=g","url":"https:\/\/secure.gravatar.com\/avatar\/bb65d0283347e303893ba14f0692005417c1e0e690a325a4c5d8bb2b3943ee14?s=96&d=mm&r=g","contentUrl":"https:\/\/secure.gravatar.com\/avatar\/bb65d0283347e303893ba14f0692005417c1e0e690a325a4c5d8bb2b3943ee14?s=96&d=mm&r=g","caption":"Cope Alcoy"}}]}},"_links":{"self":[{"href":"https:\/\/www.copealcoy.es\/es\/wp-json\/wp\/v2\/posts\/48550","targetHints":{"allow":["GET"]}}],"collection":[{"href":"https:\/\/www.copealcoy.es\/es\/wp-json\/wp\/v2\/posts"}],"about":[{"href":"https:\/\/www.copealcoy.es\/es\/wp-json\/wp\/v2\/types\/post"}],"author":[{"embeddable":true,"href":"https:\/\/www.copealcoy.es\/es\/wp-json\/wp\/v2\/users\/1"}],"replies":[{"embeddable":true,"href":"https:\/\/www.copealcoy.es\/es\/wp-json\/wp\/v2\/comments?post=48550"}],"version-history":[{"count":0,"href":"https:\/\/www.copealcoy.es\/es\/wp-json\/wp\/v2\/posts\/48550\/revisions"}],"wp:featuredmedia":[{"embeddable":true,"href":"https:\/\/www.copealcoy.es\/es\/wp-json\/wp\/v2\/media\/13024"}],"wp:attachment":[{"href":"https:\/\/www.copealcoy.es\/es\/wp-json\/wp\/v2\/media?parent=48550"}],"wp:term":[{"taxonomy":"category","embeddable":true,"href":"https:\/\/www.copealcoy.es\/es\/wp-json\/wp\/v2\/categories?post=48550"},{"taxonomy":"post_tag","embeddable":true,"href":"https:\/\/www.copealcoy.es\/es\/wp-json\/wp\/v2\/tags?post=48550"}],"curies":[{"name":"wp","href":"https:\/\/api.w.org\/{rel}","templated":true}]}}