{"id":48536,"date":"2019-01-23T20:20:24","date_gmt":"2019-01-23T20:20:24","guid":{"rendered":"https:\/\/copealcoi.es\/?p=48536"},"modified":"2019-01-23T20:20:24","modified_gmt":"2019-01-23T20:20:24","slug":"pistoletazo-de-salida-para-fitur-2019","status":"publish","type":"post","link":"https:\/\/www.copealcoy.es\/es\/pistoletazo-de-salida-para-fitur-2019\/","title":{"rendered":"Pistoletazo de salida para FITUR 2019"},"content":{"rendered":"<p style=\"text-align: justify;\">La <strong>Feria Internacional del Turismo<\/strong>, FITUR, ha arrancado este mi\u00e9rcoles en Madrid. El <strong>Patronato Costa Blanca<\/strong> tiene previsto desarrollar <strong>una intensa agenda de trabajo<\/strong> a partir de hoy que <strong>incluye<\/strong> <strong>13 actividades<\/strong> en la plaza central del stand de la Comunidad Valenciana, <strong>16 citas de trabajo<\/strong> con touroperadores, empresas y directores de las oficinas espa\u00f1olas de turismo en el extranjero, <strong>44 ruedas de prensa<\/strong> de los municipios de la provincia y <strong>19 acciones<\/strong> de demostraciones culinarias.<\/p>\n<p style=\"text-align: justify;\">Costa Blanca participa en el espacio de turismo de la Comunitat Valenciana con <strong>un stand de\u00a0205 metros cuadrados\u00a0<\/strong>que incluye <strong>una zona de videowall<\/strong> en la que <strong>se proyectar\u00e1n im\u00e1genes<\/strong> de los municipios de la provincia y se llevar\u00e1n a cabo diariamente presentaciones. En esta edici\u00f3n <strong>se apuesta por la promoci\u00f3n<\/strong> de las fiestas populares, el deporte, \u00a0la gastronom\u00eda e incluso \u00a0las acciones de las diferentes film offices de la provincia.<\/p>\n<p style=\"text-align: justify;\">El Diputado de Turismo, <strong>Eduardo Dol\u00f3n<\/strong>, se\u00f1ala que <strong>la apuesta<\/strong> que se va realizar en relaci\u00f3n a este \u00faltimo concepto &#8220;<em>un producto desde el que estamos desarrollando una serie de herramientas para poder promocionarlo y a su vez ejercer de paraguas para el resto de film offices de la provincia.\u00a0La realizaci\u00f3n de un rodaje en un territorio determinado genera un impacto econ\u00f3mico considerable ya que se estima que m\u00e1s del 30 por ciento del presupuesto global de una producci\u00f3n se ejecuta en las localizaciones elegidas, ya sea a trav\u00e9s de gastos directos, indirectos e inducidos<\/em>&#8220;, afirma.<\/p>\n<p style=\"text-align: justify;\">Recordar que FITUR <strong>se celebrar\u00e1 hasta el domingo<\/strong> y en este evento est\u00e1n presentes tambi\u00e9n <strong>Alcoy o Cocentaina<\/strong> para promocionar sus atractivos tur\u00edsticos. Tambi\u00e9n destaca <strong>la presencia de colectivos<\/strong> como la Asociaci\u00f3n de Turismo Alicante Interior o JOVEMPA.<\/p>\n","protected":false},"excerpt":{"rendered":"<p>La Feria Internacional del Turismo, FITUR, ha arrancado este mi\u00e9rcoles en Madrid. El Patronato Costa Blanca tiene previsto desarrollar una&#8230;<\/p>\n","protected":false},"author":1,"featured_media":0,"comment_status":"open","ping_status":"open","sticky":false,"template":"","format":"standard","meta":{"footnotes":""},"categories":[75,125],"tags":[5994,8265,596,8266],"class_list":["post-48536","post","type-post","status-publish","format-standard","hentry","category-noticias","category-portada","tag-5994","tag-de-salida","tag-fitur","tag-pistoletazo"],"yoast_head":"<!-- This site is optimized with the Yoast SEO plugin v27.3 - https:\/\/yoast.com\/product\/yoast-seo-wordpress\/ -->\n<title>Pistoletazo de salida para FITUR 2019 - COPE Alcoy<\/title>\n<meta name=\"robots\" content=\"index, follow, max-snippet:-1, max-image-preview:large, max-video-preview:-1\" \/>\n<link rel=\"canonical\" href=\"https:\/\/www.copealcoy.es\/es\/pistoletazo-de-salida-para-fitur-2019\/\" \/>\n<meta property=\"og:locale\" content=\"es_ES\" \/>\n<meta property=\"og:type\" content=\"article\" \/>\n<meta property=\"og:title\" content=\"Pistoletazo de salida para FITUR 2019 - COPE Alcoy\" \/>\n<meta property=\"og:description\" content=\"La Feria Internacional del Turismo, FITUR, ha arrancado este mi\u00e9rcoles en Madrid. El Patronato Costa Blanca tiene previsto desarrollar una...\" \/>\n<meta property=\"og:url\" content=\"https:\/\/www.copealcoy.es\/es\/pistoletazo-de-salida-para-fitur-2019\/\" \/>\n<meta property=\"og:site_name\" content=\"COPE Alcoy\" \/>\n<meta property=\"article:published_time\" content=\"2019-01-23T20:20:24+00:00\" \/>\n<meta property=\"og:image\" content=\"https:\/\/www.copealcoy.es\/wp-content\/uploads\/2019\/01\/50463146_2387304147970002_7756398984511356928_n-e1548585182964-1.jpg\" \/>\n\t<meta property=\"og:image:width\" content=\"960\" \/>\n\t<meta property=\"og:image:height\" content=\"532\" \/>\n\t<meta property=\"og:image:type\" content=\"image\/jpeg\" \/>\n<meta name=\"author\" content=\"Cope Alcoy\" \/>\n<meta name=\"twitter:label1\" content=\"Escrito por\" \/>\n\t<meta name=\"twitter:data1\" content=\"Cope Alcoy\" \/>\n\t<meta name=\"twitter:label2\" content=\"Tiempo de lectura\" \/>\n\t<meta name=\"twitter:data2\" content=\"1 minuto\" \/>\n<script type=\"application\/ld+json\" class=\"yoast-schema-graph\">{\"@context\":\"https:\\\/\\\/schema.org\",\"@graph\":[{\"@type\":\"Article\",\"@id\":\"https:\\\/\\\/www.copealcoy.es\\\/es\\\/pistoletazo-de-salida-para-fitur-2019\\\/#article\",\"isPartOf\":{\"@id\":\"https:\\\/\\\/www.copealcoy.es\\\/es\\\/pistoletazo-de-salida-para-fitur-2019\\\/\"},\"author\":{\"name\":\"Cope Alcoy\",\"@id\":\"https:\\\/\\\/www.copealcoy.es\\\/es\\\/#\\\/schema\\\/person\\\/e777c87fa024e57d40170af9df39882c\"},\"headline\":\"Pistoletazo de salida para FITUR 2019\",\"datePublished\":\"2019-01-23T20:20:24+00:00\",\"mainEntityOfPage\":{\"@id\":\"https:\\\/\\\/www.copealcoy.es\\\/es\\\/pistoletazo-de-salida-para-fitur-2019\\\/\"},\"wordCount\":303,\"commentCount\":0,\"keywords\":[\"2019\",\"de salida\",\"FITUR\",\"pistoletazo\"],\"articleSection\":[\"Noticias\",\"Portada\"],\"inLanguage\":\"es\"},{\"@type\":\"WebPage\",\"@id\":\"https:\\\/\\\/www.copealcoy.es\\\/es\\\/pistoletazo-de-salida-para-fitur-2019\\\/\",\"url\":\"https:\\\/\\\/www.copealcoy.es\\\/es\\\/pistoletazo-de-salida-para-fitur-2019\\\/\",\"name\":\"Pistoletazo de salida para FITUR 2019 - COPE Alcoy\",\"isPartOf\":{\"@id\":\"https:\\\/\\\/www.copealcoy.es\\\/es\\\/#website\"},\"datePublished\":\"2019-01-23T20:20:24+00:00\",\"author\":{\"@id\":\"https:\\\/\\\/www.copealcoy.es\\\/es\\\/#\\\/schema\\\/person\\\/e777c87fa024e57d40170af9df39882c\"},\"breadcrumb\":{\"@id\":\"https:\\\/\\\/www.copealcoy.es\\\/es\\\/pistoletazo-de-salida-para-fitur-2019\\\/#breadcrumb\"},\"inLanguage\":\"es\",\"potentialAction\":[{\"@type\":\"ReadAction\",\"target\":[\"https:\\\/\\\/www.copealcoy.es\\\/es\\\/pistoletazo-de-salida-para-fitur-2019\\\/\"]}]},{\"@type\":\"BreadcrumbList\",\"@id\":\"https:\\\/\\\/www.copealcoy.es\\\/es\\\/pistoletazo-de-salida-para-fitur-2019\\\/#breadcrumb\",\"itemListElement\":[{\"@type\":\"ListItem\",\"position\":1,\"name\":\"Portada\",\"item\":\"https:\\\/\\\/www.copealcoy.es\\\/es\\\/\"},{\"@type\":\"ListItem\",\"position\":2,\"name\":\"Pistoletazo de salida para FITUR 2019\"}]},{\"@type\":\"WebSite\",\"@id\":\"https:\\\/\\\/www.copealcoy.es\\\/es\\\/#website\",\"url\":\"https:\\\/\\\/www.copealcoy.es\\\/es\\\/\",\"name\":\"COPE Alcoy\",\"description\":\"Emisora COPE de radio local con emisi\u00f3n online. Pont de Sant Jordi 8-10 03803 Alcoy\",\"potentialAction\":[{\"@type\":\"SearchAction\",\"target\":{\"@type\":\"EntryPoint\",\"urlTemplate\":\"https:\\\/\\\/www.copealcoy.es\\\/es\\\/?s={search_term_string}\"},\"query-input\":{\"@type\":\"PropertyValueSpecification\",\"valueRequired\":true,\"valueName\":\"search_term_string\"}}],\"inLanguage\":\"es\"},{\"@type\":\"Person\",\"@id\":\"https:\\\/\\\/www.copealcoy.es\\\/es\\\/#\\\/schema\\\/person\\\/e777c87fa024e57d40170af9df39882c\",\"name\":\"Cope Alcoy\",\"image\":{\"@type\":\"ImageObject\",\"inLanguage\":\"es\",\"@id\":\"https:\\\/\\\/secure.gravatar.com\\\/avatar\\\/bb65d0283347e303893ba14f0692005417c1e0e690a325a4c5d8bb2b3943ee14?s=96&d=mm&r=g\",\"url\":\"https:\\\/\\\/secure.gravatar.com\\\/avatar\\\/bb65d0283347e303893ba14f0692005417c1e0e690a325a4c5d8bb2b3943ee14?s=96&d=mm&r=g\",\"contentUrl\":\"https:\\\/\\\/secure.gravatar.com\\\/avatar\\\/bb65d0283347e303893ba14f0692005417c1e0e690a325a4c5d8bb2b3943ee14?s=96&d=mm&r=g\",\"caption\":\"Cope Alcoy\"}}]}<\/script>\n<!-- \/ Yoast SEO plugin. -->","yoast_head_json":{"title":"Pistoletazo de salida para FITUR 2019 - COPE Alcoy","robots":{"index":"index","follow":"follow","max-snippet":"max-snippet:-1","max-image-preview":"max-image-preview:large","max-video-preview":"max-video-preview:-1"},"canonical":"https:\/\/www.copealcoy.es\/es\/pistoletazo-de-salida-para-fitur-2019\/","og_locale":"es_ES","og_type":"article","og_title":"Pistoletazo de salida para FITUR 2019 - COPE Alcoy","og_description":"La Feria Internacional del Turismo, FITUR, ha arrancado este mi\u00e9rcoles en Madrid. El Patronato Costa Blanca tiene previsto desarrollar una...","og_url":"https:\/\/www.copealcoy.es\/es\/pistoletazo-de-salida-para-fitur-2019\/","og_site_name":"COPE Alcoy","article_published_time":"2019-01-23T20:20:24+00:00","og_image":[{"width":960,"height":532,"url":"https:\/\/www.copealcoy.es\/wp-content\/uploads\/2019\/01\/50463146_2387304147970002_7756398984511356928_n-e1548585182964-1.jpg","type":"image\/jpeg"}],"author":"Cope Alcoy","twitter_misc":{"Escrito por":"Cope Alcoy","Tiempo de lectura":"1 minuto"},"schema":{"@context":"https:\/\/schema.org","@graph":[{"@type":"Article","@id":"https:\/\/www.copealcoy.es\/es\/pistoletazo-de-salida-para-fitur-2019\/#article","isPartOf":{"@id":"https:\/\/www.copealcoy.es\/es\/pistoletazo-de-salida-para-fitur-2019\/"},"author":{"name":"Cope Alcoy","@id":"https:\/\/www.copealcoy.es\/es\/#\/schema\/person\/e777c87fa024e57d40170af9df39882c"},"headline":"Pistoletazo de salida para FITUR 2019","datePublished":"2019-01-23T20:20:24+00:00","mainEntityOfPage":{"@id":"https:\/\/www.copealcoy.es\/es\/pistoletazo-de-salida-para-fitur-2019\/"},"wordCount":303,"commentCount":0,"keywords":["2019","de salida","FITUR","pistoletazo"],"articleSection":["Noticias","Portada"],"inLanguage":"es"},{"@type":"WebPage","@id":"https:\/\/www.copealcoy.es\/es\/pistoletazo-de-salida-para-fitur-2019\/","url":"https:\/\/www.copealcoy.es\/es\/pistoletazo-de-salida-para-fitur-2019\/","name":"Pistoletazo de salida para FITUR 2019 - COPE Alcoy","isPartOf":{"@id":"https:\/\/www.copealcoy.es\/es\/#website"},"datePublished":"2019-01-23T20:20:24+00:00","author":{"@id":"https:\/\/www.copealcoy.es\/es\/#\/schema\/person\/e777c87fa024e57d40170af9df39882c"},"breadcrumb":{"@id":"https:\/\/www.copealcoy.es\/es\/pistoletazo-de-salida-para-fitur-2019\/#breadcrumb"},"inLanguage":"es","potentialAction":[{"@type":"ReadAction","target":["https:\/\/www.copealcoy.es\/es\/pistoletazo-de-salida-para-fitur-2019\/"]}]},{"@type":"BreadcrumbList","@id":"https:\/\/www.copealcoy.es\/es\/pistoletazo-de-salida-para-fitur-2019\/#breadcrumb","itemListElement":[{"@type":"ListItem","position":1,"name":"Portada","item":"https:\/\/www.copealcoy.es\/es\/"},{"@type":"ListItem","position":2,"name":"Pistoletazo de salida para FITUR 2019"}]},{"@type":"WebSite","@id":"https:\/\/www.copealcoy.es\/es\/#website","url":"https:\/\/www.copealcoy.es\/es\/","name":"COPE Alcoy","description":"Emisora COPE de radio local con emisi\u00f3n online. Pont de Sant Jordi 8-10 03803 Alcoy","potentialAction":[{"@type":"SearchAction","target":{"@type":"EntryPoint","urlTemplate":"https:\/\/www.copealcoy.es\/es\/?s={search_term_string}"},"query-input":{"@type":"PropertyValueSpecification","valueRequired":true,"valueName":"search_term_string"}}],"inLanguage":"es"},{"@type":"Person","@id":"https:\/\/www.copealcoy.es\/es\/#\/schema\/person\/e777c87fa024e57d40170af9df39882c","name":"Cope Alcoy","image":{"@type":"ImageObject","inLanguage":"es","@id":"https:\/\/secure.gravatar.com\/avatar\/bb65d0283347e303893ba14f0692005417c1e0e690a325a4c5d8bb2b3943ee14?s=96&d=mm&r=g","url":"https:\/\/secure.gravatar.com\/avatar\/bb65d0283347e303893ba14f0692005417c1e0e690a325a4c5d8bb2b3943ee14?s=96&d=mm&r=g","contentUrl":"https:\/\/secure.gravatar.com\/avatar\/bb65d0283347e303893ba14f0692005417c1e0e690a325a4c5d8bb2b3943ee14?s=96&d=mm&r=g","caption":"Cope Alcoy"}}]}},"_links":{"self":[{"href":"https:\/\/www.copealcoy.es\/es\/wp-json\/wp\/v2\/posts\/48536","targetHints":{"allow":["GET"]}}],"collection":[{"href":"https:\/\/www.copealcoy.es\/es\/wp-json\/wp\/v2\/posts"}],"about":[{"href":"https:\/\/www.copealcoy.es\/es\/wp-json\/wp\/v2\/types\/post"}],"author":[{"embeddable":true,"href":"https:\/\/www.copealcoy.es\/es\/wp-json\/wp\/v2\/users\/1"}],"replies":[{"embeddable":true,"href":"https:\/\/www.copealcoy.es\/es\/wp-json\/wp\/v2\/comments?post=48536"}],"version-history":[{"count":0,"href":"https:\/\/www.copealcoy.es\/es\/wp-json\/wp\/v2\/posts\/48536\/revisions"}],"wp:attachment":[{"href":"https:\/\/www.copealcoy.es\/es\/wp-json\/wp\/v2\/media?parent=48536"}],"wp:term":[{"taxonomy":"category","embeddable":true,"href":"https:\/\/www.copealcoy.es\/es\/wp-json\/wp\/v2\/categories?post=48536"},{"taxonomy":"post_tag","embeddable":true,"href":"https:\/\/www.copealcoy.es\/es\/wp-json\/wp\/v2\/tags?post=48536"}],"curies":[{"name":"wp","href":"https:\/\/api.w.org\/{rel}","templated":true}]}}