{"id":48533,"date":"2019-01-23T16:09:27","date_gmt":"2019-01-23T16:09:27","guid":{"rendered":"https:\/\/copealcoi.es\/?p=48533"},"modified":"2019-01-23T16:09:27","modified_gmt":"2019-01-23T16:09:27","slug":"nueva-iluminacion-para-el-salon-de-actos-del-centre-social-real-blanc","status":"publish","type":"post","link":"https:\/\/www.copealcoy.es\/es\/nueva-iluminacion-para-el-salon-de-actos-del-centre-social-real-blanc\/","title":{"rendered":"Nueva iluminaci\u00f3n para el sal\u00f3n de actos del Centre Social Real Blanc"},"content":{"rendered":"<p style=\"text-align: justify;\">El <strong>Ayuntamiento de Cocentaina<\/strong>, mediante la concejal\u00eda de Bienestar Social, iniciar\u00e1 durante los pr\u00f3ximos d\u00edas los trabajos para <strong>mejorar la iluminaci\u00f3n<\/strong> en el sal\u00f3n de actos del Centro Social Real Blanc. El consistorio asegura que esta actuaci\u00f3n <strong>supondr\u00e1 un incremento notable del bienestar y la\u00a0 comodidad<\/strong>, tanto de los ponentes como los asistentes y usuarios de esta infraestructura.<\/p>\n<p style=\"text-align: justify;\">La alcaldesa de la Villa Condal, <strong>Mireia Estepa<\/strong>, valora <strong>la importancia de este proyecto<\/strong> &#8220;<em>son peque\u00f1as acciones presupuestarias pero que repercuten directamente sobre la ciudadan\u00eda, que al final es la que hace uso de estas instalaciones y quien se las ha de encontrar en el mejor estado posible de conservaci\u00f3n, limpieza y comodidad<\/em>&#8220;, subraya.<\/p>\n<p style=\"text-align: justify;\">Desde el Ayuntamiento contestano se van a destinar <strong>un total de 6.500 euros a esta actuaci\u00f3n<\/strong> que permitir\u00e1 mejorar la iluminaci\u00f3n del sal\u00f3n de actos del Centre Social.<\/p>\n","protected":false},"excerpt":{"rendered":"<p>El Ayuntamiento de Cocentaina, mediante la concejal\u00eda de Bienestar Social, iniciar\u00e1 durante los pr\u00f3ximos d\u00edas los trabajos para mejorar la&#8230;<\/p>\n","protected":false},"author":1,"featured_media":0,"comment_status":"open","ping_status":"open","sticky":false,"template":"","format":"standard","meta":{"footnotes":""},"categories":[98,75],"tags":[4411,2487,8264],"class_list":["post-48533","post","type-post","status-publish","format-standard","hentry","category-comarcas","category-noticias","tag-centre-social-real-blanc","tag-nueva-iluminacion","tag-salon-de-actis"],"yoast_head":"<!-- This site is optimized with the Yoast SEO plugin v27.3 - https:\/\/yoast.com\/product\/yoast-seo-wordpress\/ -->\n<title>Nueva iluminaci\u00f3n para el sal\u00f3n de actos del Centre Social Real Blanc - COPE Alcoy<\/title>\n<meta name=\"robots\" content=\"index, follow, max-snippet:-1, max-image-preview:large, max-video-preview:-1\" \/>\n<link rel=\"canonical\" href=\"https:\/\/www.copealcoy.es\/es\/nueva-iluminacion-para-el-salon-de-actos-del-centre-social-real-blanc\/\" \/>\n<meta property=\"og:locale\" content=\"es_ES\" \/>\n<meta property=\"og:type\" content=\"article\" \/>\n<meta property=\"og:title\" content=\"Nueva iluminaci\u00f3n para el sal\u00f3n de actos del Centre Social Real Blanc - COPE Alcoy\" \/>\n<meta property=\"og:description\" content=\"El Ayuntamiento de Cocentaina, mediante la concejal\u00eda de Bienestar Social, iniciar\u00e1 durante los pr\u00f3ximos d\u00edas los trabajos para mejorar la...\" \/>\n<meta property=\"og:url\" content=\"https:\/\/www.copealcoy.es\/es\/nueva-iluminacion-para-el-salon-de-actos-del-centre-social-real-blanc\/\" \/>\n<meta property=\"og:site_name\" content=\"COPE Alcoy\" \/>\n<meta property=\"article:published_time\" content=\"2019-01-23T16:09:27+00:00\" \/>\n<meta property=\"og:image\" content=\"https:\/\/www.copealcoy.es\/wp-content\/uploads\/2019\/01\/centre-social-real-blanc-e1548584111908-1.jpg\" \/>\n\t<meta property=\"og:image:width\" content=\"800\" \/>\n\t<meta property=\"og:image:height\" content=\"450\" \/>\n\t<meta property=\"og:image:type\" content=\"image\/jpeg\" \/>\n<meta name=\"author\" content=\"Cope Alcoy\" \/>\n<meta name=\"twitter:label1\" content=\"Escrito por\" \/>\n\t<meta name=\"twitter:data1\" content=\"Cope Alcoy\" \/>\n\t<meta name=\"twitter:label2\" content=\"Tiempo de lectura\" \/>\n\t<meta name=\"twitter:data2\" content=\"1 minuto\" \/>\n<script type=\"application\/ld+json\" class=\"yoast-schema-graph\">{\"@context\":\"https:\\\/\\\/schema.org\",\"@graph\":[{\"@type\":\"Article\",\"@id\":\"https:\\\/\\\/www.copealcoy.es\\\/es\\\/nueva-iluminacion-para-el-salon-de-actos-del-centre-social-real-blanc\\\/#article\",\"isPartOf\":{\"@id\":\"https:\\\/\\\/www.copealcoy.es\\\/es\\\/nueva-iluminacion-para-el-salon-de-actos-del-centre-social-real-blanc\\\/\"},\"author\":{\"name\":\"Cope Alcoy\",\"@id\":\"https:\\\/\\\/www.copealcoy.es\\\/es\\\/#\\\/schema\\\/person\\\/e777c87fa024e57d40170af9df39882c\"},\"headline\":\"Nueva iluminaci\u00f3n para el sal\u00f3n de actos del Centre Social Real Blanc\",\"datePublished\":\"2019-01-23T16:09:27+00:00\",\"mainEntityOfPage\":{\"@id\":\"https:\\\/\\\/www.copealcoy.es\\\/es\\\/nueva-iluminacion-para-el-salon-de-actos-del-centre-social-real-blanc\\\/\"},\"wordCount\":165,\"commentCount\":0,\"keywords\":[\"Centre Social Real Blanc\",\"Nueva Iluminaci\u00f3n\",\"sal\u00f3n de actis\"],\"articleSection\":[\"Comarcas\",\"Noticias\"],\"inLanguage\":\"es\"},{\"@type\":\"WebPage\",\"@id\":\"https:\\\/\\\/www.copealcoy.es\\\/es\\\/nueva-iluminacion-para-el-salon-de-actos-del-centre-social-real-blanc\\\/\",\"url\":\"https:\\\/\\\/www.copealcoy.es\\\/es\\\/nueva-iluminacion-para-el-salon-de-actos-del-centre-social-real-blanc\\\/\",\"name\":\"Nueva iluminaci\u00f3n para el sal\u00f3n de actos del Centre Social Real Blanc - COPE Alcoy\",\"isPartOf\":{\"@id\":\"https:\\\/\\\/www.copealcoy.es\\\/es\\\/#website\"},\"datePublished\":\"2019-01-23T16:09:27+00:00\",\"author\":{\"@id\":\"https:\\\/\\\/www.copealcoy.es\\\/es\\\/#\\\/schema\\\/person\\\/e777c87fa024e57d40170af9df39882c\"},\"breadcrumb\":{\"@id\":\"https:\\\/\\\/www.copealcoy.es\\\/es\\\/nueva-iluminacion-para-el-salon-de-actos-del-centre-social-real-blanc\\\/#breadcrumb\"},\"inLanguage\":\"es\",\"potentialAction\":[{\"@type\":\"ReadAction\",\"target\":[\"https:\\\/\\\/www.copealcoy.es\\\/es\\\/nueva-iluminacion-para-el-salon-de-actos-del-centre-social-real-blanc\\\/\"]}]},{\"@type\":\"BreadcrumbList\",\"@id\":\"https:\\\/\\\/www.copealcoy.es\\\/es\\\/nueva-iluminacion-para-el-salon-de-actos-del-centre-social-real-blanc\\\/#breadcrumb\",\"itemListElement\":[{\"@type\":\"ListItem\",\"position\":1,\"name\":\"Portada\",\"item\":\"https:\\\/\\\/www.copealcoy.es\\\/es\\\/\"},{\"@type\":\"ListItem\",\"position\":2,\"name\":\"Nueva iluminaci\u00f3n para el sal\u00f3n de actos del Centre Social Real Blanc\"}]},{\"@type\":\"WebSite\",\"@id\":\"https:\\\/\\\/www.copealcoy.es\\\/es\\\/#website\",\"url\":\"https:\\\/\\\/www.copealcoy.es\\\/es\\\/\",\"name\":\"COPE Alcoy\",\"description\":\"Emisora COPE de radio local con emisi\u00f3n online. Pont de Sant Jordi 8-10 03803 Alcoy\",\"potentialAction\":[{\"@type\":\"SearchAction\",\"target\":{\"@type\":\"EntryPoint\",\"urlTemplate\":\"https:\\\/\\\/www.copealcoy.es\\\/es\\\/?s={search_term_string}\"},\"query-input\":{\"@type\":\"PropertyValueSpecification\",\"valueRequired\":true,\"valueName\":\"search_term_string\"}}],\"inLanguage\":\"es\"},{\"@type\":\"Person\",\"@id\":\"https:\\\/\\\/www.copealcoy.es\\\/es\\\/#\\\/schema\\\/person\\\/e777c87fa024e57d40170af9df39882c\",\"name\":\"Cope Alcoy\",\"image\":{\"@type\":\"ImageObject\",\"inLanguage\":\"es\",\"@id\":\"https:\\\/\\\/secure.gravatar.com\\\/avatar\\\/bb65d0283347e303893ba14f0692005417c1e0e690a325a4c5d8bb2b3943ee14?s=96&d=mm&r=g\",\"url\":\"https:\\\/\\\/secure.gravatar.com\\\/avatar\\\/bb65d0283347e303893ba14f0692005417c1e0e690a325a4c5d8bb2b3943ee14?s=96&d=mm&r=g\",\"contentUrl\":\"https:\\\/\\\/secure.gravatar.com\\\/avatar\\\/bb65d0283347e303893ba14f0692005417c1e0e690a325a4c5d8bb2b3943ee14?s=96&d=mm&r=g\",\"caption\":\"Cope Alcoy\"}}]}<\/script>\n<!-- \/ Yoast SEO plugin. -->","yoast_head_json":{"title":"Nueva iluminaci\u00f3n para el sal\u00f3n de actos del Centre Social Real Blanc - COPE Alcoy","robots":{"index":"index","follow":"follow","max-snippet":"max-snippet:-1","max-image-preview":"max-image-preview:large","max-video-preview":"max-video-preview:-1"},"canonical":"https:\/\/www.copealcoy.es\/es\/nueva-iluminacion-para-el-salon-de-actos-del-centre-social-real-blanc\/","og_locale":"es_ES","og_type":"article","og_title":"Nueva iluminaci\u00f3n para el sal\u00f3n de actos del Centre Social Real Blanc - COPE Alcoy","og_description":"El Ayuntamiento de Cocentaina, mediante la concejal\u00eda de Bienestar Social, iniciar\u00e1 durante los pr\u00f3ximos d\u00edas los trabajos para mejorar la...","og_url":"https:\/\/www.copealcoy.es\/es\/nueva-iluminacion-para-el-salon-de-actos-del-centre-social-real-blanc\/","og_site_name":"COPE Alcoy","article_published_time":"2019-01-23T16:09:27+00:00","og_image":[{"width":800,"height":450,"url":"https:\/\/www.copealcoy.es\/wp-content\/uploads\/2019\/01\/centre-social-real-blanc-e1548584111908-1.jpg","type":"image\/jpeg"}],"author":"Cope Alcoy","twitter_misc":{"Escrito por":"Cope Alcoy","Tiempo de lectura":"1 minuto"},"schema":{"@context":"https:\/\/schema.org","@graph":[{"@type":"Article","@id":"https:\/\/www.copealcoy.es\/es\/nueva-iluminacion-para-el-salon-de-actos-del-centre-social-real-blanc\/#article","isPartOf":{"@id":"https:\/\/www.copealcoy.es\/es\/nueva-iluminacion-para-el-salon-de-actos-del-centre-social-real-blanc\/"},"author":{"name":"Cope Alcoy","@id":"https:\/\/www.copealcoy.es\/es\/#\/schema\/person\/e777c87fa024e57d40170af9df39882c"},"headline":"Nueva iluminaci\u00f3n para el sal\u00f3n de actos del Centre Social Real Blanc","datePublished":"2019-01-23T16:09:27+00:00","mainEntityOfPage":{"@id":"https:\/\/www.copealcoy.es\/es\/nueva-iluminacion-para-el-salon-de-actos-del-centre-social-real-blanc\/"},"wordCount":165,"commentCount":0,"keywords":["Centre Social Real Blanc","Nueva Iluminaci\u00f3n","sal\u00f3n de actis"],"articleSection":["Comarcas","Noticias"],"inLanguage":"es"},{"@type":"WebPage","@id":"https:\/\/www.copealcoy.es\/es\/nueva-iluminacion-para-el-salon-de-actos-del-centre-social-real-blanc\/","url":"https:\/\/www.copealcoy.es\/es\/nueva-iluminacion-para-el-salon-de-actos-del-centre-social-real-blanc\/","name":"Nueva iluminaci\u00f3n para el sal\u00f3n de actos del Centre Social Real Blanc - COPE Alcoy","isPartOf":{"@id":"https:\/\/www.copealcoy.es\/es\/#website"},"datePublished":"2019-01-23T16:09:27+00:00","author":{"@id":"https:\/\/www.copealcoy.es\/es\/#\/schema\/person\/e777c87fa024e57d40170af9df39882c"},"breadcrumb":{"@id":"https:\/\/www.copealcoy.es\/es\/nueva-iluminacion-para-el-salon-de-actos-del-centre-social-real-blanc\/#breadcrumb"},"inLanguage":"es","potentialAction":[{"@type":"ReadAction","target":["https:\/\/www.copealcoy.es\/es\/nueva-iluminacion-para-el-salon-de-actos-del-centre-social-real-blanc\/"]}]},{"@type":"BreadcrumbList","@id":"https:\/\/www.copealcoy.es\/es\/nueva-iluminacion-para-el-salon-de-actos-del-centre-social-real-blanc\/#breadcrumb","itemListElement":[{"@type":"ListItem","position":1,"name":"Portada","item":"https:\/\/www.copealcoy.es\/es\/"},{"@type":"ListItem","position":2,"name":"Nueva iluminaci\u00f3n para el sal\u00f3n de actos del Centre Social Real Blanc"}]},{"@type":"WebSite","@id":"https:\/\/www.copealcoy.es\/es\/#website","url":"https:\/\/www.copealcoy.es\/es\/","name":"COPE Alcoy","description":"Emisora COPE de radio local con emisi\u00f3n online. Pont de Sant Jordi 8-10 03803 Alcoy","potentialAction":[{"@type":"SearchAction","target":{"@type":"EntryPoint","urlTemplate":"https:\/\/www.copealcoy.es\/es\/?s={search_term_string}"},"query-input":{"@type":"PropertyValueSpecification","valueRequired":true,"valueName":"search_term_string"}}],"inLanguage":"es"},{"@type":"Person","@id":"https:\/\/www.copealcoy.es\/es\/#\/schema\/person\/e777c87fa024e57d40170af9df39882c","name":"Cope Alcoy","image":{"@type":"ImageObject","inLanguage":"es","@id":"https:\/\/secure.gravatar.com\/avatar\/bb65d0283347e303893ba14f0692005417c1e0e690a325a4c5d8bb2b3943ee14?s=96&d=mm&r=g","url":"https:\/\/secure.gravatar.com\/avatar\/bb65d0283347e303893ba14f0692005417c1e0e690a325a4c5d8bb2b3943ee14?s=96&d=mm&r=g","contentUrl":"https:\/\/secure.gravatar.com\/avatar\/bb65d0283347e303893ba14f0692005417c1e0e690a325a4c5d8bb2b3943ee14?s=96&d=mm&r=g","caption":"Cope Alcoy"}}]}},"_links":{"self":[{"href":"https:\/\/www.copealcoy.es\/es\/wp-json\/wp\/v2\/posts\/48533","targetHints":{"allow":["GET"]}}],"collection":[{"href":"https:\/\/www.copealcoy.es\/es\/wp-json\/wp\/v2\/posts"}],"about":[{"href":"https:\/\/www.copealcoy.es\/es\/wp-json\/wp\/v2\/types\/post"}],"author":[{"embeddable":true,"href":"https:\/\/www.copealcoy.es\/es\/wp-json\/wp\/v2\/users\/1"}],"replies":[{"embeddable":true,"href":"https:\/\/www.copealcoy.es\/es\/wp-json\/wp\/v2\/comments?post=48533"}],"version-history":[{"count":0,"href":"https:\/\/www.copealcoy.es\/es\/wp-json\/wp\/v2\/posts\/48533\/revisions"}],"wp:attachment":[{"href":"https:\/\/www.copealcoy.es\/es\/wp-json\/wp\/v2\/media?parent=48533"}],"wp:term":[{"taxonomy":"category","embeddable":true,"href":"https:\/\/www.copealcoy.es\/es\/wp-json\/wp\/v2\/categories?post=48533"},{"taxonomy":"post_tag","embeddable":true,"href":"https:\/\/www.copealcoy.es\/es\/wp-json\/wp\/v2\/tags?post=48533"}],"curies":[{"name":"wp","href":"https:\/\/api.w.org\/{rel}","templated":true}]}}