{"id":48516,"date":"2019-01-21T18:50:19","date_gmt":"2019-01-21T18:50:19","guid":{"rendered":"https:\/\/copealcoi.es\/?p=48516"},"modified":"2019-01-21T18:50:19","modified_gmt":"2019-01-21T18:50:19","slug":"la-lluvia-condiciona-el-final-de-la-fireta-de-sant-antoni","status":"publish","type":"post","link":"https:\/\/www.copealcoy.es\/es\/la-lluvia-condiciona-el-final-de-la-fireta-de-sant-antoni\/","title":{"rendered":"La lluvia condiciona el final de la Fireta de Sant Antoni"},"content":{"rendered":"<p style=\"text-align: justify;\">Muro cerr\u00f3 en la noche de ayer <strong>otra edici\u00f3n m\u00e1s de la tradicional Fireta de Sant Antoni<\/strong> y lo hizo con el <strong>disparo de un castillo de fuegos artificiales<\/strong> en la Pla\u00e7a del Matzem. La lluvia registrada durante parte de la jornada <strong>afect\u00f3 al n\u00famero de visitantes<\/strong> registrados el fin de semana pero no impidi\u00f3 que se desarrollasen todos los actos previstos. Tan solo <strong>el &#8216;Aplec de Danses&#8217;<\/strong> cambi\u00f3 de ubicaci\u00f3n y se llev\u00f3 a cabo en el Centre Cultural Polivalent.<\/p>\n<p style=\"text-align: justify;\">En la jornada de ayer funcionaron a pleno rendimiento<strong> las exposiciones culturales<\/strong> y tambi\u00e9n estuvieron en marcha <strong>los puestos del Mercado Medieval<\/strong>. Adem\u00e1s en el Centre Cultural se celebr\u00f3 el mencionado <strong>&#8216;Aplec de Danses&#8217;<\/strong> con la participaci\u00f3n de los grupos <strong>Baladre de Muro<\/strong> y el <strong>Grup de Danses Cocentaina<\/strong>. No faltaron los <strong>espect\u00e1culos de animaci\u00f3n en la calle<\/strong> y fue toda una novedad el <strong>volteo manual de las campanas<\/strong> de la parroquia de San Juan Bautista. En este templo se llev\u00f3 a cabo <strong>la misa en honor a San Antonio<\/strong> por la ma\u00f1ana mientras que desde esta iglesia<strong> sali\u00f3 la romer\u00eda<\/strong> por la tarde. Numerosos vecinos <strong>acompa\u00f1aron la imagen del santo<\/strong> hasta la ermita; lugar en el que San Antonio Abad <strong>fue recibido con el volteo de las campanas<\/strong> y el <strong>encendido de una hoguera<\/strong> en la parte trasera del ermitorio. Por \u00faltimo <strong>se bendijeron los animales<\/strong> y se repartieron rollos entre todos los asistentes.<\/p>\n<p style=\"text-align: justify;\">El edil de Cultura en el Ayuntamiento de Muro, <strong>Sergi Silvestre<\/strong>, hac\u00eda un <strong>balance positivo<\/strong> de la Fireta de Sant Antoni<strong> a pesar de los contratiempos<\/strong> generados a causa de la climatolog\u00eda &#8220;<em>hemos tenido que trasladar algunos actos a lugares cubiertos, entre ellos el Aplec de Danses, aunque lo positivo es que todos se han podido llevar a cabo. Respecto al resto del fin de semana estamos muy contentos con la afluencia de gente aunque somos conscientes de que el tiempo ha afectado, pero es algo que no est\u00e1 en nuestra mano y no se puede prever<\/em>&#8220;, asever\u00f3.<\/p>\n<p style=\"text-align: justify;\">Indicar que el s\u00e1bado se desarrollaron actos como <strong>la exhibici\u00f3n de monta y domas de caballos<\/strong>, las partidas de pilota valenciana o la entrega del premio de composici\u00f3n &#8216;Vila de Muro&#8217;. Tambi\u00e9n El Baladre ofreci\u00f3 <strong>el espect\u00e1culo central de la Fireta de Sant Antoni<\/strong> titulado &#8216;Entre el cel i l&#8217;infern&#8217;.<\/p>\n","protected":false},"excerpt":{"rendered":"<p>Muro cerr\u00f3 en la noche de ayer otra edici\u00f3n m\u00e1s de la tradicional Fireta de Sant Antoni y lo hizo&#8230;<\/p>\n","protected":false},"author":1,"featured_media":0,"comment_status":"open","ping_status":"open","sticky":false,"template":"","format":"standard","meta":{"footnotes":""},"categories":[98,75],"tags":[1740,8256,8257,5445],"class_list":["post-48516","post","type-post","status-publish","format-standard","hentry","category-comarcas","category-noticias","tag-fireta-sant-antoni","tag-la-lluvia","tag-no-desluce","tag-recta-final"],"yoast_head":"<!-- This site is optimized with the Yoast SEO plugin v27.3 - https:\/\/yoast.com\/product\/yoast-seo-wordpress\/ -->\n<title>La lluvia condiciona el final de la Fireta de Sant Antoni - COPE Alcoy<\/title>\n<meta name=\"robots\" content=\"index, follow, max-snippet:-1, max-image-preview:large, max-video-preview:-1\" \/>\n<link rel=\"canonical\" href=\"https:\/\/www.copealcoy.es\/es\/la-lluvia-condiciona-el-final-de-la-fireta-de-sant-antoni\/\" \/>\n<meta property=\"og:locale\" content=\"es_ES\" \/>\n<meta property=\"og:type\" content=\"article\" \/>\n<meta property=\"og:title\" content=\"La lluvia condiciona el final de la Fireta de Sant Antoni - COPE Alcoy\" \/>\n<meta property=\"og:description\" content=\"Muro cerr\u00f3 en la noche de ayer otra edici\u00f3n m\u00e1s de la tradicional Fireta de Sant Antoni y lo hizo...\" \/>\n<meta property=\"og:url\" content=\"https:\/\/www.copealcoy.es\/es\/la-lluvia-condiciona-el-final-de-la-fireta-de-sant-antoni\/\" \/>\n<meta property=\"og:site_name\" content=\"COPE Alcoy\" \/>\n<meta property=\"article:published_time\" content=\"2019-01-21T18:50:19+00:00\" \/>\n<meta property=\"og:image\" content=\"https:\/\/www.copealcoy.es\/wp-content\/uploads\/2019\/01\/50658156_2130297120397640_8883432625281171456_n-1.jpg\" \/>\n\t<meta property=\"og:image:width\" content=\"960\" \/>\n\t<meta property=\"og:image:height\" content=\"540\" \/>\n\t<meta property=\"og:image:type\" content=\"image\/jpeg\" \/>\n<meta name=\"author\" content=\"Cope Alcoy\" \/>\n<meta name=\"twitter:label1\" content=\"Escrito por\" \/>\n\t<meta name=\"twitter:data1\" content=\"Cope Alcoy\" \/>\n\t<meta name=\"twitter:label2\" content=\"Tiempo de lectura\" \/>\n\t<meta name=\"twitter:data2\" content=\"2 minutos\" \/>\n<script type=\"application\/ld+json\" class=\"yoast-schema-graph\">{\"@context\":\"https:\\\/\\\/schema.org\",\"@graph\":[{\"@type\":\"Article\",\"@id\":\"https:\\\/\\\/www.copealcoy.es\\\/es\\\/la-lluvia-condiciona-el-final-de-la-fireta-de-sant-antoni\\\/#article\",\"isPartOf\":{\"@id\":\"https:\\\/\\\/www.copealcoy.es\\\/es\\\/la-lluvia-condiciona-el-final-de-la-fireta-de-sant-antoni\\\/\"},\"author\":{\"name\":\"Cope Alcoy\",\"@id\":\"https:\\\/\\\/www.copealcoy.es\\\/es\\\/#\\\/schema\\\/person\\\/e777c87fa024e57d40170af9df39882c\"},\"headline\":\"La lluvia condiciona el final de la Fireta de Sant Antoni\",\"datePublished\":\"2019-01-21T18:50:19+00:00\",\"mainEntityOfPage\":{\"@id\":\"https:\\\/\\\/www.copealcoy.es\\\/es\\\/la-lluvia-condiciona-el-final-de-la-fireta-de-sant-antoni\\\/\"},\"wordCount\":416,\"commentCount\":0,\"keywords\":[\"Fireta Sant Antoni\",\"La lluvia\",\"no desluce\",\"recta final\"],\"articleSection\":[\"Comarcas\",\"Noticias\"],\"inLanguage\":\"es\"},{\"@type\":\"WebPage\",\"@id\":\"https:\\\/\\\/www.copealcoy.es\\\/es\\\/la-lluvia-condiciona-el-final-de-la-fireta-de-sant-antoni\\\/\",\"url\":\"https:\\\/\\\/www.copealcoy.es\\\/es\\\/la-lluvia-condiciona-el-final-de-la-fireta-de-sant-antoni\\\/\",\"name\":\"La lluvia condiciona el final de la Fireta de Sant Antoni - COPE Alcoy\",\"isPartOf\":{\"@id\":\"https:\\\/\\\/www.copealcoy.es\\\/es\\\/#website\"},\"datePublished\":\"2019-01-21T18:50:19+00:00\",\"author\":{\"@id\":\"https:\\\/\\\/www.copealcoy.es\\\/es\\\/#\\\/schema\\\/person\\\/e777c87fa024e57d40170af9df39882c\"},\"breadcrumb\":{\"@id\":\"https:\\\/\\\/www.copealcoy.es\\\/es\\\/la-lluvia-condiciona-el-final-de-la-fireta-de-sant-antoni\\\/#breadcrumb\"},\"inLanguage\":\"es\",\"potentialAction\":[{\"@type\":\"ReadAction\",\"target\":[\"https:\\\/\\\/www.copealcoy.es\\\/es\\\/la-lluvia-condiciona-el-final-de-la-fireta-de-sant-antoni\\\/\"]}]},{\"@type\":\"BreadcrumbList\",\"@id\":\"https:\\\/\\\/www.copealcoy.es\\\/es\\\/la-lluvia-condiciona-el-final-de-la-fireta-de-sant-antoni\\\/#breadcrumb\",\"itemListElement\":[{\"@type\":\"ListItem\",\"position\":1,\"name\":\"Portada\",\"item\":\"https:\\\/\\\/www.copealcoy.es\\\/es\\\/\"},{\"@type\":\"ListItem\",\"position\":2,\"name\":\"La lluvia condiciona el final de la Fireta de Sant Antoni\"}]},{\"@type\":\"WebSite\",\"@id\":\"https:\\\/\\\/www.copealcoy.es\\\/es\\\/#website\",\"url\":\"https:\\\/\\\/www.copealcoy.es\\\/es\\\/\",\"name\":\"COPE Alcoy\",\"description\":\"Emisora COPE de radio local con emisi\u00f3n online. Pont de Sant Jordi 8-10 03803 Alcoy\",\"potentialAction\":[{\"@type\":\"SearchAction\",\"target\":{\"@type\":\"EntryPoint\",\"urlTemplate\":\"https:\\\/\\\/www.copealcoy.es\\\/es\\\/?s={search_term_string}\"},\"query-input\":{\"@type\":\"PropertyValueSpecification\",\"valueRequired\":true,\"valueName\":\"search_term_string\"}}],\"inLanguage\":\"es\"},{\"@type\":\"Person\",\"@id\":\"https:\\\/\\\/www.copealcoy.es\\\/es\\\/#\\\/schema\\\/person\\\/e777c87fa024e57d40170af9df39882c\",\"name\":\"Cope Alcoy\",\"image\":{\"@type\":\"ImageObject\",\"inLanguage\":\"es\",\"@id\":\"https:\\\/\\\/secure.gravatar.com\\\/avatar\\\/bb65d0283347e303893ba14f0692005417c1e0e690a325a4c5d8bb2b3943ee14?s=96&d=mm&r=g\",\"url\":\"https:\\\/\\\/secure.gravatar.com\\\/avatar\\\/bb65d0283347e303893ba14f0692005417c1e0e690a325a4c5d8bb2b3943ee14?s=96&d=mm&r=g\",\"contentUrl\":\"https:\\\/\\\/secure.gravatar.com\\\/avatar\\\/bb65d0283347e303893ba14f0692005417c1e0e690a325a4c5d8bb2b3943ee14?s=96&d=mm&r=g\",\"caption\":\"Cope Alcoy\"}}]}<\/script>\n<!-- \/ Yoast SEO plugin. -->","yoast_head_json":{"title":"La lluvia condiciona el final de la Fireta de Sant Antoni - COPE Alcoy","robots":{"index":"index","follow":"follow","max-snippet":"max-snippet:-1","max-image-preview":"max-image-preview:large","max-video-preview":"max-video-preview:-1"},"canonical":"https:\/\/www.copealcoy.es\/es\/la-lluvia-condiciona-el-final-de-la-fireta-de-sant-antoni\/","og_locale":"es_ES","og_type":"article","og_title":"La lluvia condiciona el final de la Fireta de Sant Antoni - COPE Alcoy","og_description":"Muro cerr\u00f3 en la noche de ayer otra edici\u00f3n m\u00e1s de la tradicional Fireta de Sant Antoni y lo hizo...","og_url":"https:\/\/www.copealcoy.es\/es\/la-lluvia-condiciona-el-final-de-la-fireta-de-sant-antoni\/","og_site_name":"COPE Alcoy","article_published_time":"2019-01-21T18:50:19+00:00","og_image":[{"width":960,"height":540,"url":"https:\/\/www.copealcoy.es\/wp-content\/uploads\/2019\/01\/50658156_2130297120397640_8883432625281171456_n-1.jpg","type":"image\/jpeg"}],"author":"Cope Alcoy","twitter_misc":{"Escrito por":"Cope Alcoy","Tiempo de lectura":"2 minutos"},"schema":{"@context":"https:\/\/schema.org","@graph":[{"@type":"Article","@id":"https:\/\/www.copealcoy.es\/es\/la-lluvia-condiciona-el-final-de-la-fireta-de-sant-antoni\/#article","isPartOf":{"@id":"https:\/\/www.copealcoy.es\/es\/la-lluvia-condiciona-el-final-de-la-fireta-de-sant-antoni\/"},"author":{"name":"Cope Alcoy","@id":"https:\/\/www.copealcoy.es\/es\/#\/schema\/person\/e777c87fa024e57d40170af9df39882c"},"headline":"La lluvia condiciona el final de la Fireta de Sant Antoni","datePublished":"2019-01-21T18:50:19+00:00","mainEntityOfPage":{"@id":"https:\/\/www.copealcoy.es\/es\/la-lluvia-condiciona-el-final-de-la-fireta-de-sant-antoni\/"},"wordCount":416,"commentCount":0,"keywords":["Fireta Sant Antoni","La lluvia","no desluce","recta final"],"articleSection":["Comarcas","Noticias"],"inLanguage":"es"},{"@type":"WebPage","@id":"https:\/\/www.copealcoy.es\/es\/la-lluvia-condiciona-el-final-de-la-fireta-de-sant-antoni\/","url":"https:\/\/www.copealcoy.es\/es\/la-lluvia-condiciona-el-final-de-la-fireta-de-sant-antoni\/","name":"La lluvia condiciona el final de la Fireta de Sant Antoni - COPE Alcoy","isPartOf":{"@id":"https:\/\/www.copealcoy.es\/es\/#website"},"datePublished":"2019-01-21T18:50:19+00:00","author":{"@id":"https:\/\/www.copealcoy.es\/es\/#\/schema\/person\/e777c87fa024e57d40170af9df39882c"},"breadcrumb":{"@id":"https:\/\/www.copealcoy.es\/es\/la-lluvia-condiciona-el-final-de-la-fireta-de-sant-antoni\/#breadcrumb"},"inLanguage":"es","potentialAction":[{"@type":"ReadAction","target":["https:\/\/www.copealcoy.es\/es\/la-lluvia-condiciona-el-final-de-la-fireta-de-sant-antoni\/"]}]},{"@type":"BreadcrumbList","@id":"https:\/\/www.copealcoy.es\/es\/la-lluvia-condiciona-el-final-de-la-fireta-de-sant-antoni\/#breadcrumb","itemListElement":[{"@type":"ListItem","position":1,"name":"Portada","item":"https:\/\/www.copealcoy.es\/es\/"},{"@type":"ListItem","position":2,"name":"La lluvia condiciona el final de la Fireta de Sant Antoni"}]},{"@type":"WebSite","@id":"https:\/\/www.copealcoy.es\/es\/#website","url":"https:\/\/www.copealcoy.es\/es\/","name":"COPE Alcoy","description":"Emisora COPE de radio local con emisi\u00f3n online. Pont de Sant Jordi 8-10 03803 Alcoy","potentialAction":[{"@type":"SearchAction","target":{"@type":"EntryPoint","urlTemplate":"https:\/\/www.copealcoy.es\/es\/?s={search_term_string}"},"query-input":{"@type":"PropertyValueSpecification","valueRequired":true,"valueName":"search_term_string"}}],"inLanguage":"es"},{"@type":"Person","@id":"https:\/\/www.copealcoy.es\/es\/#\/schema\/person\/e777c87fa024e57d40170af9df39882c","name":"Cope Alcoy","image":{"@type":"ImageObject","inLanguage":"es","@id":"https:\/\/secure.gravatar.com\/avatar\/bb65d0283347e303893ba14f0692005417c1e0e690a325a4c5d8bb2b3943ee14?s=96&d=mm&r=g","url":"https:\/\/secure.gravatar.com\/avatar\/bb65d0283347e303893ba14f0692005417c1e0e690a325a4c5d8bb2b3943ee14?s=96&d=mm&r=g","contentUrl":"https:\/\/secure.gravatar.com\/avatar\/bb65d0283347e303893ba14f0692005417c1e0e690a325a4c5d8bb2b3943ee14?s=96&d=mm&r=g","caption":"Cope Alcoy"}}]}},"_links":{"self":[{"href":"https:\/\/www.copealcoy.es\/es\/wp-json\/wp\/v2\/posts\/48516","targetHints":{"allow":["GET"]}}],"collection":[{"href":"https:\/\/www.copealcoy.es\/es\/wp-json\/wp\/v2\/posts"}],"about":[{"href":"https:\/\/www.copealcoy.es\/es\/wp-json\/wp\/v2\/types\/post"}],"author":[{"embeddable":true,"href":"https:\/\/www.copealcoy.es\/es\/wp-json\/wp\/v2\/users\/1"}],"replies":[{"embeddable":true,"href":"https:\/\/www.copealcoy.es\/es\/wp-json\/wp\/v2\/comments?post=48516"}],"version-history":[{"count":0,"href":"https:\/\/www.copealcoy.es\/es\/wp-json\/wp\/v2\/posts\/48516\/revisions"}],"wp:attachment":[{"href":"https:\/\/www.copealcoy.es\/es\/wp-json\/wp\/v2\/media?parent=48516"}],"wp:term":[{"taxonomy":"category","embeddable":true,"href":"https:\/\/www.copealcoy.es\/es\/wp-json\/wp\/v2\/categories?post=48516"},{"taxonomy":"post_tag","embeddable":true,"href":"https:\/\/www.copealcoy.es\/es\/wp-json\/wp\/v2\/tags?post=48516"}],"curies":[{"name":"wp","href":"https:\/\/api.w.org\/{rel}","templated":true}]}}