{"id":48482,"date":"2019-01-15T20:57:26","date_gmt":"2019-01-15T20:57:26","guid":{"rendered":"https:\/\/copealcoi.es\/?p=48482"},"modified":"2019-01-15T20:57:26","modified_gmt":"2019-01-15T20:57:26","slug":"beniarres-ya-es-uno-mas-de-la-mancomunitat","status":"publish","type":"post","link":"https:\/\/www.copealcoy.es\/es\/beniarres-ya-es-uno-mas-de-la-mancomunitat\/","title":{"rendered":"Beniarr\u00e9s ya es uno m\u00e1s de la Mancomunitat"},"content":{"rendered":"<p style=\"text-align: justify;\">El <strong>Ayuntamiento de Beniarr\u00e9s<\/strong>, tras aprobarlo por <strong>unanimidad<\/strong> en su \u00faltima sesi\u00f3n plenaria, se ha adherido a la <strong>Mancomunitat de Municipis de l\u2019Alcoi\u00e0-Comtat<\/strong> y su incorporaci\u00f3n <strong>se har\u00e1 efectiva<\/strong> durante el pr\u00f3ximo mes de febrero.<\/p>\n<p style=\"text-align: justify;\">El alcalde este municipio del Comtat, <strong>Francisco Sell\u00e9s<\/strong>, ha explicado este martes que <strong>las conversaciones<\/strong> con la Mancomunitat se iniciaron antes de las fiestas de Navidad y destac\u00f3 que el acuerdo para la incorporaci\u00f3n se alcanz\u00f3 en los primeros d\u00edas de este a\u00f1o 2019. Adem\u00e1s el primer edil remarc\u00f3 <strong>los beneficios<\/strong> que a su juicio tendr\u00e1 Beniarr\u00e9s con <strong>la adhesi\u00f3n<\/strong> al ente supracomarcal \u201c<em>tendremos acceso a las diferentes actividades culturales que se organizan durante el a\u00f1o, a las acciones en materia de igualdad o servicios sociales, a las pol\u00edticas de empleo y emprendimiento o al transporte universitario que beneficiar\u00e1 tanto a nuestros estudiantes<\/em>\u201d, asever\u00f3. Por su parte el Presidente de la Mancomunitat, <strong>Manolo Gomicia<\/strong>, ha dado <strong>la bienvenida<\/strong> a la poblaci\u00f3n y ha mostrado <strong>su apoyo<\/strong> a Francisco Sell\u00e9s \u201c<em>con estas incorporaciones se consolida una Mancomunidad que cada vez ofrece m\u00e1s servicios en diferentes \u00e1reas como la promoci\u00f3n econ\u00f3mica, los servicios sociales, las comunicaciones e infraestructuras o la cultura<\/em>\u201d, destac\u00f3. Tambi\u00e9n el nuevo gerente de la Manco, <strong>Arnaldo Due\u00f1as<\/strong>, ha incidido en el hecho de <strong>contar con m\u00e1s poblaciones<\/strong> para sumar y mejorar \u201c<em>seguimos trabajando para conseguir que la mayor\u00eda de localidades de l\u2019Alcoi\u00e0 y El Comtat se adhieran<\/em>\u201d, concluy\u00f3.<\/p>\n<p style=\"text-align: justify;\">Indicar que Beniarr\u00e9s se unir\u00e1 a <strong>los trece pueblos<\/strong> que ya integran la Mancomunitat: Agres, Alcoy, Alcoleja, Alfafara, Banyeres de Mariola, Benimarfull, Cocentaina, Gaianes, Gorga, l\u2019Alqueria d\u2019Asnar, l\u2019Orxa, Millena y Muro.<\/p>\n<p style=\"text-align: justify;\"><strong>\u00a0<\/strong><strong>El CEEI y la Manco renuevan el convenio de l\u2019Ag\u00e8ncia Inmpuls<\/strong><\/p>\n<p style=\"text-align: justify;\">La <strong>Mancomunitat y el CEEI<\/strong> renovaron tambi\u00e9n han renovado este martes <strong>el convenio<\/strong> para seguir apoyando a <strong>los emprendedores y empresas<\/strong> de la comarca a trav\u00e9s de <strong>l\u2019<em>Ag\u00e8ncia Inmpuls<\/em><\/strong>.\u00a0 Este servicio se puso en marcha en 2016 y desde entonces ha realizado <strong>m\u00e1s de 200 atenciones<\/strong> individualizadas al mismo tiempo que ha ayudado a poner en marcha <strong>20 empresas<\/strong>. En total, ha tenido <strong>una media de diez atenciones al mes<\/strong> en las localidades que recorre: Muro, Cocentaina y Banyeres de Mariola.<\/p>\n","protected":false},"excerpt":{"rendered":"<p>El Ayuntamiento de Beniarr\u00e9s, tras aprobarlo por unanimidad en su \u00faltima sesi\u00f3n plenaria, se ha adherido a la Mancomunitat de&#8230;<\/p>\n","protected":false},"author":1,"featured_media":0,"comment_status":"open","ping_status":"open","sticky":false,"template":"","format":"standard","meta":{"footnotes":""},"categories":[98,75,125],"tags":[851,6036,5556,1745],"class_list":["post-48482","post","type-post","status-publish","format-standard","hentry","category-comarcas","category-noticias","category-portada","tag-beniarres","tag-entra","tag-formar-parte","tag-mancomunitat"],"yoast_head":"<!-- This site is optimized with the Yoast SEO plugin v27.3 - https:\/\/yoast.com\/product\/yoast-seo-wordpress\/ -->\n<title>Beniarr\u00e9s ya es uno m\u00e1s de la Mancomunitat - COPE Alcoy<\/title>\n<meta name=\"robots\" content=\"index, follow, max-snippet:-1, max-image-preview:large, max-video-preview:-1\" \/>\n<link rel=\"canonical\" href=\"https:\/\/www.copealcoy.es\/es\/beniarres-ya-es-uno-mas-de-la-mancomunitat\/\" \/>\n<meta property=\"og:locale\" content=\"es_ES\" \/>\n<meta property=\"og:type\" content=\"article\" \/>\n<meta property=\"og:title\" content=\"Beniarr\u00e9s ya es uno m\u00e1s de la Mancomunitat - COPE Alcoy\" \/>\n<meta property=\"og:description\" content=\"El Ayuntamiento de Beniarr\u00e9s, tras aprobarlo por unanimidad en su \u00faltima sesi\u00f3n plenaria, se ha adherido a la Mancomunitat de...\" \/>\n<meta property=\"og:url\" content=\"https:\/\/www.copealcoy.es\/es\/beniarres-ya-es-uno-mas-de-la-mancomunitat\/\" \/>\n<meta property=\"og:site_name\" content=\"COPE Alcoy\" \/>\n<meta property=\"article:published_time\" content=\"2019-01-15T20:57:26+00:00\" \/>\n<meta property=\"og:image\" content=\"https:\/\/www.copealcoy.es\/wp-content\/uploads\/2019\/01\/11-Arnaldo-Due\u00f1as-junto-a-Mancolo-Gomicia-y-Francisco-Sell\u00e9s-el-martes-Foto-Gabriel-Pascua-1-scaled.jpg\" \/>\n\t<meta property=\"og:image:width\" content=\"2560\" \/>\n\t<meta property=\"og:image:height\" content=\"1480\" \/>\n\t<meta property=\"og:image:type\" content=\"image\/jpeg\" \/>\n<meta name=\"author\" content=\"Cope Alcoy\" \/>\n<meta name=\"twitter:label1\" content=\"Escrito por\" \/>\n\t<meta name=\"twitter:data1\" content=\"Cope Alcoy\" \/>\n\t<meta name=\"twitter:label2\" content=\"Tiempo de lectura\" \/>\n\t<meta name=\"twitter:data2\" content=\"2 minutos\" \/>\n<script type=\"application\/ld+json\" class=\"yoast-schema-graph\">{\"@context\":\"https:\\\/\\\/schema.org\",\"@graph\":[{\"@type\":\"Article\",\"@id\":\"https:\\\/\\\/www.copealcoy.es\\\/es\\\/beniarres-ya-es-uno-mas-de-la-mancomunitat\\\/#article\",\"isPartOf\":{\"@id\":\"https:\\\/\\\/www.copealcoy.es\\\/es\\\/beniarres-ya-es-uno-mas-de-la-mancomunitat\\\/\"},\"author\":{\"name\":\"Cope Alcoy\",\"@id\":\"https:\\\/\\\/www.copealcoy.es\\\/es\\\/#\\\/schema\\\/person\\\/e777c87fa024e57d40170af9df39882c\"},\"headline\":\"Beniarr\u00e9s ya es uno m\u00e1s de la Mancomunitat\",\"datePublished\":\"2019-01-15T20:57:26+00:00\",\"mainEntityOfPage\":{\"@id\":\"https:\\\/\\\/www.copealcoy.es\\\/es\\\/beniarres-ya-es-uno-mas-de-la-mancomunitat\\\/\"},\"wordCount\":400,\"commentCount\":0,\"keywords\":[\"Beniarres\",\"entra\",\"formar parte\",\"Mancomunitat\"],\"articleSection\":[\"Comarcas\",\"Noticias\",\"Portada\"],\"inLanguage\":\"es\"},{\"@type\":\"WebPage\",\"@id\":\"https:\\\/\\\/www.copealcoy.es\\\/es\\\/beniarres-ya-es-uno-mas-de-la-mancomunitat\\\/\",\"url\":\"https:\\\/\\\/www.copealcoy.es\\\/es\\\/beniarres-ya-es-uno-mas-de-la-mancomunitat\\\/\",\"name\":\"Beniarr\u00e9s ya es uno m\u00e1s de la Mancomunitat - COPE Alcoy\",\"isPartOf\":{\"@id\":\"https:\\\/\\\/www.copealcoy.es\\\/es\\\/#website\"},\"datePublished\":\"2019-01-15T20:57:26+00:00\",\"author\":{\"@id\":\"https:\\\/\\\/www.copealcoy.es\\\/es\\\/#\\\/schema\\\/person\\\/e777c87fa024e57d40170af9df39882c\"},\"breadcrumb\":{\"@id\":\"https:\\\/\\\/www.copealcoy.es\\\/es\\\/beniarres-ya-es-uno-mas-de-la-mancomunitat\\\/#breadcrumb\"},\"inLanguage\":\"es\",\"potentialAction\":[{\"@type\":\"ReadAction\",\"target\":[\"https:\\\/\\\/www.copealcoy.es\\\/es\\\/beniarres-ya-es-uno-mas-de-la-mancomunitat\\\/\"]}]},{\"@type\":\"BreadcrumbList\",\"@id\":\"https:\\\/\\\/www.copealcoy.es\\\/es\\\/beniarres-ya-es-uno-mas-de-la-mancomunitat\\\/#breadcrumb\",\"itemListElement\":[{\"@type\":\"ListItem\",\"position\":1,\"name\":\"Portada\",\"item\":\"https:\\\/\\\/www.copealcoy.es\\\/es\\\/\"},{\"@type\":\"ListItem\",\"position\":2,\"name\":\"Beniarr\u00e9s ya es uno m\u00e1s de la Mancomunitat\"}]},{\"@type\":\"WebSite\",\"@id\":\"https:\\\/\\\/www.copealcoy.es\\\/es\\\/#website\",\"url\":\"https:\\\/\\\/www.copealcoy.es\\\/es\\\/\",\"name\":\"COPE Alcoy\",\"description\":\"Emisora COPE de radio local con emisi\u00f3n online. Pont de Sant Jordi 8-10 03803 Alcoy\",\"potentialAction\":[{\"@type\":\"SearchAction\",\"target\":{\"@type\":\"EntryPoint\",\"urlTemplate\":\"https:\\\/\\\/www.copealcoy.es\\\/es\\\/?s={search_term_string}\"},\"query-input\":{\"@type\":\"PropertyValueSpecification\",\"valueRequired\":true,\"valueName\":\"search_term_string\"}}],\"inLanguage\":\"es\"},{\"@type\":\"Person\",\"@id\":\"https:\\\/\\\/www.copealcoy.es\\\/es\\\/#\\\/schema\\\/person\\\/e777c87fa024e57d40170af9df39882c\",\"name\":\"Cope Alcoy\",\"image\":{\"@type\":\"ImageObject\",\"inLanguage\":\"es\",\"@id\":\"https:\\\/\\\/secure.gravatar.com\\\/avatar\\\/bb65d0283347e303893ba14f0692005417c1e0e690a325a4c5d8bb2b3943ee14?s=96&d=mm&r=g\",\"url\":\"https:\\\/\\\/secure.gravatar.com\\\/avatar\\\/bb65d0283347e303893ba14f0692005417c1e0e690a325a4c5d8bb2b3943ee14?s=96&d=mm&r=g\",\"contentUrl\":\"https:\\\/\\\/secure.gravatar.com\\\/avatar\\\/bb65d0283347e303893ba14f0692005417c1e0e690a325a4c5d8bb2b3943ee14?s=96&d=mm&r=g\",\"caption\":\"Cope Alcoy\"}}]}<\/script>\n<!-- \/ Yoast SEO plugin. -->","yoast_head_json":{"title":"Beniarr\u00e9s ya es uno m\u00e1s de la Mancomunitat - COPE Alcoy","robots":{"index":"index","follow":"follow","max-snippet":"max-snippet:-1","max-image-preview":"max-image-preview:large","max-video-preview":"max-video-preview:-1"},"canonical":"https:\/\/www.copealcoy.es\/es\/beniarres-ya-es-uno-mas-de-la-mancomunitat\/","og_locale":"es_ES","og_type":"article","og_title":"Beniarr\u00e9s ya es uno m\u00e1s de la Mancomunitat - COPE Alcoy","og_description":"El Ayuntamiento de Beniarr\u00e9s, tras aprobarlo por unanimidad en su \u00faltima sesi\u00f3n plenaria, se ha adherido a la Mancomunitat de...","og_url":"https:\/\/www.copealcoy.es\/es\/beniarres-ya-es-uno-mas-de-la-mancomunitat\/","og_site_name":"COPE Alcoy","article_published_time":"2019-01-15T20:57:26+00:00","og_image":[{"width":2560,"height":1480,"url":"https:\/\/www.copealcoy.es\/wp-content\/uploads\/2019\/01\/11-Arnaldo-Due\u00f1as-junto-a-Mancolo-Gomicia-y-Francisco-Sell\u00e9s-el-martes-Foto-Gabriel-Pascua-1-scaled.jpg","type":"image\/jpeg"}],"author":"Cope Alcoy","twitter_misc":{"Escrito por":"Cope Alcoy","Tiempo de lectura":"2 minutos"},"schema":{"@context":"https:\/\/schema.org","@graph":[{"@type":"Article","@id":"https:\/\/www.copealcoy.es\/es\/beniarres-ya-es-uno-mas-de-la-mancomunitat\/#article","isPartOf":{"@id":"https:\/\/www.copealcoy.es\/es\/beniarres-ya-es-uno-mas-de-la-mancomunitat\/"},"author":{"name":"Cope Alcoy","@id":"https:\/\/www.copealcoy.es\/es\/#\/schema\/person\/e777c87fa024e57d40170af9df39882c"},"headline":"Beniarr\u00e9s ya es uno m\u00e1s de la Mancomunitat","datePublished":"2019-01-15T20:57:26+00:00","mainEntityOfPage":{"@id":"https:\/\/www.copealcoy.es\/es\/beniarres-ya-es-uno-mas-de-la-mancomunitat\/"},"wordCount":400,"commentCount":0,"keywords":["Beniarres","entra","formar parte","Mancomunitat"],"articleSection":["Comarcas","Noticias","Portada"],"inLanguage":"es"},{"@type":"WebPage","@id":"https:\/\/www.copealcoy.es\/es\/beniarres-ya-es-uno-mas-de-la-mancomunitat\/","url":"https:\/\/www.copealcoy.es\/es\/beniarres-ya-es-uno-mas-de-la-mancomunitat\/","name":"Beniarr\u00e9s ya es uno m\u00e1s de la Mancomunitat - COPE Alcoy","isPartOf":{"@id":"https:\/\/www.copealcoy.es\/es\/#website"},"datePublished":"2019-01-15T20:57:26+00:00","author":{"@id":"https:\/\/www.copealcoy.es\/es\/#\/schema\/person\/e777c87fa024e57d40170af9df39882c"},"breadcrumb":{"@id":"https:\/\/www.copealcoy.es\/es\/beniarres-ya-es-uno-mas-de-la-mancomunitat\/#breadcrumb"},"inLanguage":"es","potentialAction":[{"@type":"ReadAction","target":["https:\/\/www.copealcoy.es\/es\/beniarres-ya-es-uno-mas-de-la-mancomunitat\/"]}]},{"@type":"BreadcrumbList","@id":"https:\/\/www.copealcoy.es\/es\/beniarres-ya-es-uno-mas-de-la-mancomunitat\/#breadcrumb","itemListElement":[{"@type":"ListItem","position":1,"name":"Portada","item":"https:\/\/www.copealcoy.es\/es\/"},{"@type":"ListItem","position":2,"name":"Beniarr\u00e9s ya es uno m\u00e1s de la Mancomunitat"}]},{"@type":"WebSite","@id":"https:\/\/www.copealcoy.es\/es\/#website","url":"https:\/\/www.copealcoy.es\/es\/","name":"COPE Alcoy","description":"Emisora COPE de radio local con emisi\u00f3n online. Pont de Sant Jordi 8-10 03803 Alcoy","potentialAction":[{"@type":"SearchAction","target":{"@type":"EntryPoint","urlTemplate":"https:\/\/www.copealcoy.es\/es\/?s={search_term_string}"},"query-input":{"@type":"PropertyValueSpecification","valueRequired":true,"valueName":"search_term_string"}}],"inLanguage":"es"},{"@type":"Person","@id":"https:\/\/www.copealcoy.es\/es\/#\/schema\/person\/e777c87fa024e57d40170af9df39882c","name":"Cope Alcoy","image":{"@type":"ImageObject","inLanguage":"es","@id":"https:\/\/secure.gravatar.com\/avatar\/bb65d0283347e303893ba14f0692005417c1e0e690a325a4c5d8bb2b3943ee14?s=96&d=mm&r=g","url":"https:\/\/secure.gravatar.com\/avatar\/bb65d0283347e303893ba14f0692005417c1e0e690a325a4c5d8bb2b3943ee14?s=96&d=mm&r=g","contentUrl":"https:\/\/secure.gravatar.com\/avatar\/bb65d0283347e303893ba14f0692005417c1e0e690a325a4c5d8bb2b3943ee14?s=96&d=mm&r=g","caption":"Cope Alcoy"}}]}},"_links":{"self":[{"href":"https:\/\/www.copealcoy.es\/es\/wp-json\/wp\/v2\/posts\/48482","targetHints":{"allow":["GET"]}}],"collection":[{"href":"https:\/\/www.copealcoy.es\/es\/wp-json\/wp\/v2\/posts"}],"about":[{"href":"https:\/\/www.copealcoy.es\/es\/wp-json\/wp\/v2\/types\/post"}],"author":[{"embeddable":true,"href":"https:\/\/www.copealcoy.es\/es\/wp-json\/wp\/v2\/users\/1"}],"replies":[{"embeddable":true,"href":"https:\/\/www.copealcoy.es\/es\/wp-json\/wp\/v2\/comments?post=48482"}],"version-history":[{"count":0,"href":"https:\/\/www.copealcoy.es\/es\/wp-json\/wp\/v2\/posts\/48482\/revisions"}],"wp:attachment":[{"href":"https:\/\/www.copealcoy.es\/es\/wp-json\/wp\/v2\/media?parent=48482"}],"wp:term":[{"taxonomy":"category","embeddable":true,"href":"https:\/\/www.copealcoy.es\/es\/wp-json\/wp\/v2\/categories?post=48482"},{"taxonomy":"post_tag","embeddable":true,"href":"https:\/\/www.copealcoy.es\/es\/wp-json\/wp\/v2\/tags?post=48482"}],"curies":[{"name":"wp","href":"https:\/\/api.w.org\/{rel}","templated":true}]}}