{"id":48462,"date":"2019-01-11T21:45:47","date_gmt":"2019-01-11T21:45:47","guid":{"rendered":"https:\/\/copealcoi.es\/?p=48462"},"modified":"2019-01-11T21:45:47","modified_gmt":"2019-01-11T21:45:47","slug":"igualdad-incrementa-su-plantilla-e-impulsa-nuevas-iniciativas","status":"publish","type":"post","link":"https:\/\/www.copealcoy.es\/es\/igualdad-incrementa-su-plantilla-e-impulsa-nuevas-iniciativas\/","title":{"rendered":"Igualdad incrementa su plantilla e impulsa nuevas iniciativas"},"content":{"rendered":"<p style=\"text-align: justify;\">Alcoy ha editado <strong>una gu\u00eda<\/strong> para <strong>fomentar el lenguaje igualitario<\/strong> en la administraci\u00f3n. De la misma se han editado<strong> 500 ejemplares<\/strong> y est\u00e1 previsto que la publicaci\u00f3n<strong> se reparta tambi\u00e9n en Centros Educativos<\/strong> y otros <strong>servicios p\u00fablicos<\/strong> de la ciudad. La edil de Pol\u00edticas Sociales, <strong>Aroa Mira<\/strong>, valora la importancia de la gu\u00eda y explica tambi\u00e9n que Alcoy <strong>pasar\u00e1 de recibir 24.000 euros a percibir 75.000<\/strong> procedentes de la Conseller\u00eda de Pol\u00edticas Inclusivas para desarrollar <strong>pol\u00edticas en materia de igualdad<\/strong>. Adem\u00e1s el Presupuesto de 2019 prev\u00e9 incrementar <strong>hasta los 17.000 euros<\/strong> la aportaci\u00f3n para este concepto mientras que <strong>Alcoy contar\u00e1 con 27.000 euros<\/strong> del Pacto de Estado Contra la Violencia de G\u00e9nero.<\/p>\n<p style=\"text-align: justify;\">Recordar que <strong>el 30 de enero se convocar\u00e1 la Mesa de Igualdad<\/strong> en la que se abordar\u00e1n cuestiones sobre esta materia con la participaci\u00f3n de diferentes agentes de la ciudad.<\/p>\n","protected":false},"excerpt":{"rendered":"<p>Alcoy ha editado una gu\u00eda para fomentar el lenguaje igualitario en la administraci\u00f3n. De la misma se han editado 500&#8230;<\/p>\n","protected":false},"author":1,"featured_media":48463,"comment_status":"open","ping_status":"open","sticky":false,"template":"","format":"standard","meta":{"footnotes":""},"categories":[97,75,79],"tags":[1018,1174,8231,8232,2428],"class_list":["post-48462","post","type-post","status-publish","format-standard","has-post-thumbnail","hentry","category-alcoy","category-noticias","category-politicayeconomia","tag-igualdad","tag-impulsa","tag-incrementa","tag-nuevas-iniciativas","tag-plantilla"],"yoast_head":"<!-- This site is optimized with the Yoast SEO plugin v27.3 - https:\/\/yoast.com\/product\/yoast-seo-wordpress\/ -->\n<title>Igualdad incrementa su plantilla e impulsa nuevas iniciativas - COPE Alcoy<\/title>\n<meta name=\"robots\" content=\"index, follow, max-snippet:-1, max-image-preview:large, max-video-preview:-1\" \/>\n<link rel=\"canonical\" href=\"https:\/\/www.copealcoy.es\/es\/igualdad-incrementa-su-plantilla-e-impulsa-nuevas-iniciativas\/\" \/>\n<meta property=\"og:locale\" content=\"es_ES\" \/>\n<meta property=\"og:type\" content=\"article\" \/>\n<meta property=\"og:title\" content=\"Igualdad incrementa su plantilla e impulsa nuevas iniciativas - COPE Alcoy\" \/>\n<meta property=\"og:description\" content=\"Alcoy ha editado una gu\u00eda para fomentar el lenguaje igualitario en la administraci\u00f3n. De la misma se han editado 500...\" \/>\n<meta property=\"og:url\" content=\"https:\/\/www.copealcoy.es\/es\/igualdad-incrementa-su-plantilla-e-impulsa-nuevas-iniciativas\/\" \/>\n<meta property=\"og:site_name\" content=\"COPE Alcoy\" \/>\n<meta property=\"article:published_time\" content=\"2019-01-11T21:45:47+00:00\" \/>\n<meta property=\"og:image\" content=\"https:\/\/www.copealcoy.es\/wp-content\/uploads\/2019\/01\/20190110_103321_resized_20190110025029-e1548021015259-1.jpg\" \/>\n\t<meta property=\"og:image:width\" content=\"1008\" \/>\n\t<meta property=\"og:image:height\" content=\"519\" \/>\n\t<meta property=\"og:image:type\" content=\"image\/jpeg\" \/>\n<meta name=\"author\" content=\"Cope Alcoy\" \/>\n<meta name=\"twitter:label1\" content=\"Escrito por\" \/>\n\t<meta name=\"twitter:data1\" content=\"Cope Alcoy\" \/>\n\t<meta name=\"twitter:label2\" content=\"Tiempo de lectura\" \/>\n\t<meta name=\"twitter:data2\" content=\"1 minuto\" \/>\n<script type=\"application\/ld+json\" class=\"yoast-schema-graph\">{\"@context\":\"https:\\\/\\\/schema.org\",\"@graph\":[{\"@type\":\"Article\",\"@id\":\"https:\\\/\\\/www.copealcoy.es\\\/es\\\/igualdad-incrementa-su-plantilla-e-impulsa-nuevas-iniciativas\\\/#article\",\"isPartOf\":{\"@id\":\"https:\\\/\\\/www.copealcoy.es\\\/es\\\/igualdad-incrementa-su-plantilla-e-impulsa-nuevas-iniciativas\\\/\"},\"author\":{\"name\":\"Cope Alcoy\",\"@id\":\"https:\\\/\\\/www.copealcoy.es\\\/es\\\/#\\\/schema\\\/person\\\/e777c87fa024e57d40170af9df39882c\"},\"headline\":\"Igualdad incrementa su plantilla e impulsa nuevas iniciativas\",\"datePublished\":\"2019-01-11T21:45:47+00:00\",\"mainEntityOfPage\":{\"@id\":\"https:\\\/\\\/www.copealcoy.es\\\/es\\\/igualdad-incrementa-su-plantilla-e-impulsa-nuevas-iniciativas\\\/\"},\"wordCount\":159,\"commentCount\":0,\"image\":{\"@id\":\"https:\\\/\\\/www.copealcoy.es\\\/es\\\/igualdad-incrementa-su-plantilla-e-impulsa-nuevas-iniciativas\\\/#primaryimage\"},\"thumbnailUrl\":\"https:\\\/\\\/www.copealcoy.es\\\/wp-content\\\/uploads\\\/2019\\\/01\\\/20190110_103321_resized_20190110025029-e1548021015259-1.jpg\",\"keywords\":[\"Igualdad\",\"impulsa\",\"incrementa\",\"nuevas iniciativas\",\"Plantilla\"],\"articleSection\":[\"Alcoy\",\"Noticias\",\"Pol\u00edtica y Econom\u00eda\"],\"inLanguage\":\"es\"},{\"@type\":\"WebPage\",\"@id\":\"https:\\\/\\\/www.copealcoy.es\\\/es\\\/igualdad-incrementa-su-plantilla-e-impulsa-nuevas-iniciativas\\\/\",\"url\":\"https:\\\/\\\/www.copealcoy.es\\\/es\\\/igualdad-incrementa-su-plantilla-e-impulsa-nuevas-iniciativas\\\/\",\"name\":\"Igualdad incrementa su plantilla e impulsa nuevas iniciativas - COPE Alcoy\",\"isPartOf\":{\"@id\":\"https:\\\/\\\/www.copealcoy.es\\\/es\\\/#website\"},\"primaryImageOfPage\":{\"@id\":\"https:\\\/\\\/www.copealcoy.es\\\/es\\\/igualdad-incrementa-su-plantilla-e-impulsa-nuevas-iniciativas\\\/#primaryimage\"},\"image\":{\"@id\":\"https:\\\/\\\/www.copealcoy.es\\\/es\\\/igualdad-incrementa-su-plantilla-e-impulsa-nuevas-iniciativas\\\/#primaryimage\"},\"thumbnailUrl\":\"https:\\\/\\\/www.copealcoy.es\\\/wp-content\\\/uploads\\\/2019\\\/01\\\/20190110_103321_resized_20190110025029-e1548021015259-1.jpg\",\"datePublished\":\"2019-01-11T21:45:47+00:00\",\"author\":{\"@id\":\"https:\\\/\\\/www.copealcoy.es\\\/es\\\/#\\\/schema\\\/person\\\/e777c87fa024e57d40170af9df39882c\"},\"breadcrumb\":{\"@id\":\"https:\\\/\\\/www.copealcoy.es\\\/es\\\/igualdad-incrementa-su-plantilla-e-impulsa-nuevas-iniciativas\\\/#breadcrumb\"},\"inLanguage\":\"es\",\"potentialAction\":[{\"@type\":\"ReadAction\",\"target\":[\"https:\\\/\\\/www.copealcoy.es\\\/es\\\/igualdad-incrementa-su-plantilla-e-impulsa-nuevas-iniciativas\\\/\"]}]},{\"@type\":\"ImageObject\",\"inLanguage\":\"es\",\"@id\":\"https:\\\/\\\/www.copealcoy.es\\\/es\\\/igualdad-incrementa-su-plantilla-e-impulsa-nuevas-iniciativas\\\/#primaryimage\",\"url\":\"https:\\\/\\\/www.copealcoy.es\\\/wp-content\\\/uploads\\\/2019\\\/01\\\/20190110_103321_resized_20190110025029-e1548021015259-1.jpg\",\"contentUrl\":\"https:\\\/\\\/www.copealcoy.es\\\/wp-content\\\/uploads\\\/2019\\\/01\\\/20190110_103321_resized_20190110025029-e1548021015259-1.jpg\",\"width\":1008,\"height\":519},{\"@type\":\"BreadcrumbList\",\"@id\":\"https:\\\/\\\/www.copealcoy.es\\\/es\\\/igualdad-incrementa-su-plantilla-e-impulsa-nuevas-iniciativas\\\/#breadcrumb\",\"itemListElement\":[{\"@type\":\"ListItem\",\"position\":1,\"name\":\"Portada\",\"item\":\"https:\\\/\\\/www.copealcoy.es\\\/es\\\/\"},{\"@type\":\"ListItem\",\"position\":2,\"name\":\"Igualdad incrementa su plantilla e impulsa nuevas iniciativas\"}]},{\"@type\":\"WebSite\",\"@id\":\"https:\\\/\\\/www.copealcoy.es\\\/es\\\/#website\",\"url\":\"https:\\\/\\\/www.copealcoy.es\\\/es\\\/\",\"name\":\"COPE Alcoy\",\"description\":\"Emisora COPE de radio local con emisi\u00f3n online. Pont de Sant Jordi 8-10 03803 Alcoy\",\"potentialAction\":[{\"@type\":\"SearchAction\",\"target\":{\"@type\":\"EntryPoint\",\"urlTemplate\":\"https:\\\/\\\/www.copealcoy.es\\\/es\\\/?s={search_term_string}\"},\"query-input\":{\"@type\":\"PropertyValueSpecification\",\"valueRequired\":true,\"valueName\":\"search_term_string\"}}],\"inLanguage\":\"es\"},{\"@type\":\"Person\",\"@id\":\"https:\\\/\\\/www.copealcoy.es\\\/es\\\/#\\\/schema\\\/person\\\/e777c87fa024e57d40170af9df39882c\",\"name\":\"Cope Alcoy\",\"image\":{\"@type\":\"ImageObject\",\"inLanguage\":\"es\",\"@id\":\"https:\\\/\\\/secure.gravatar.com\\\/avatar\\\/bb65d0283347e303893ba14f0692005417c1e0e690a325a4c5d8bb2b3943ee14?s=96&d=mm&r=g\",\"url\":\"https:\\\/\\\/secure.gravatar.com\\\/avatar\\\/bb65d0283347e303893ba14f0692005417c1e0e690a325a4c5d8bb2b3943ee14?s=96&d=mm&r=g\",\"contentUrl\":\"https:\\\/\\\/secure.gravatar.com\\\/avatar\\\/bb65d0283347e303893ba14f0692005417c1e0e690a325a4c5d8bb2b3943ee14?s=96&d=mm&r=g\",\"caption\":\"Cope Alcoy\"}}]}<\/script>\n<!-- \/ Yoast SEO plugin. -->","yoast_head_json":{"title":"Igualdad incrementa su plantilla e impulsa nuevas iniciativas - COPE Alcoy","robots":{"index":"index","follow":"follow","max-snippet":"max-snippet:-1","max-image-preview":"max-image-preview:large","max-video-preview":"max-video-preview:-1"},"canonical":"https:\/\/www.copealcoy.es\/es\/igualdad-incrementa-su-plantilla-e-impulsa-nuevas-iniciativas\/","og_locale":"es_ES","og_type":"article","og_title":"Igualdad incrementa su plantilla e impulsa nuevas iniciativas - COPE Alcoy","og_description":"Alcoy ha editado una gu\u00eda para fomentar el lenguaje igualitario en la administraci\u00f3n. De la misma se han editado 500...","og_url":"https:\/\/www.copealcoy.es\/es\/igualdad-incrementa-su-plantilla-e-impulsa-nuevas-iniciativas\/","og_site_name":"COPE Alcoy","article_published_time":"2019-01-11T21:45:47+00:00","og_image":[{"width":1008,"height":519,"url":"https:\/\/www.copealcoy.es\/wp-content\/uploads\/2019\/01\/20190110_103321_resized_20190110025029-e1548021015259-1.jpg","type":"image\/jpeg"}],"author":"Cope Alcoy","twitter_misc":{"Escrito por":"Cope Alcoy","Tiempo de lectura":"1 minuto"},"schema":{"@context":"https:\/\/schema.org","@graph":[{"@type":"Article","@id":"https:\/\/www.copealcoy.es\/es\/igualdad-incrementa-su-plantilla-e-impulsa-nuevas-iniciativas\/#article","isPartOf":{"@id":"https:\/\/www.copealcoy.es\/es\/igualdad-incrementa-su-plantilla-e-impulsa-nuevas-iniciativas\/"},"author":{"name":"Cope Alcoy","@id":"https:\/\/www.copealcoy.es\/es\/#\/schema\/person\/e777c87fa024e57d40170af9df39882c"},"headline":"Igualdad incrementa su plantilla e impulsa nuevas iniciativas","datePublished":"2019-01-11T21:45:47+00:00","mainEntityOfPage":{"@id":"https:\/\/www.copealcoy.es\/es\/igualdad-incrementa-su-plantilla-e-impulsa-nuevas-iniciativas\/"},"wordCount":159,"commentCount":0,"image":{"@id":"https:\/\/www.copealcoy.es\/es\/igualdad-incrementa-su-plantilla-e-impulsa-nuevas-iniciativas\/#primaryimage"},"thumbnailUrl":"https:\/\/www.copealcoy.es\/wp-content\/uploads\/2019\/01\/20190110_103321_resized_20190110025029-e1548021015259-1.jpg","keywords":["Igualdad","impulsa","incrementa","nuevas iniciativas","Plantilla"],"articleSection":["Alcoy","Noticias","Pol\u00edtica y Econom\u00eda"],"inLanguage":"es"},{"@type":"WebPage","@id":"https:\/\/www.copealcoy.es\/es\/igualdad-incrementa-su-plantilla-e-impulsa-nuevas-iniciativas\/","url":"https:\/\/www.copealcoy.es\/es\/igualdad-incrementa-su-plantilla-e-impulsa-nuevas-iniciativas\/","name":"Igualdad incrementa su plantilla e impulsa nuevas iniciativas - COPE Alcoy","isPartOf":{"@id":"https:\/\/www.copealcoy.es\/es\/#website"},"primaryImageOfPage":{"@id":"https:\/\/www.copealcoy.es\/es\/igualdad-incrementa-su-plantilla-e-impulsa-nuevas-iniciativas\/#primaryimage"},"image":{"@id":"https:\/\/www.copealcoy.es\/es\/igualdad-incrementa-su-plantilla-e-impulsa-nuevas-iniciativas\/#primaryimage"},"thumbnailUrl":"https:\/\/www.copealcoy.es\/wp-content\/uploads\/2019\/01\/20190110_103321_resized_20190110025029-e1548021015259-1.jpg","datePublished":"2019-01-11T21:45:47+00:00","author":{"@id":"https:\/\/www.copealcoy.es\/es\/#\/schema\/person\/e777c87fa024e57d40170af9df39882c"},"breadcrumb":{"@id":"https:\/\/www.copealcoy.es\/es\/igualdad-incrementa-su-plantilla-e-impulsa-nuevas-iniciativas\/#breadcrumb"},"inLanguage":"es","potentialAction":[{"@type":"ReadAction","target":["https:\/\/www.copealcoy.es\/es\/igualdad-incrementa-su-plantilla-e-impulsa-nuevas-iniciativas\/"]}]},{"@type":"ImageObject","inLanguage":"es","@id":"https:\/\/www.copealcoy.es\/es\/igualdad-incrementa-su-plantilla-e-impulsa-nuevas-iniciativas\/#primaryimage","url":"https:\/\/www.copealcoy.es\/wp-content\/uploads\/2019\/01\/20190110_103321_resized_20190110025029-e1548021015259-1.jpg","contentUrl":"https:\/\/www.copealcoy.es\/wp-content\/uploads\/2019\/01\/20190110_103321_resized_20190110025029-e1548021015259-1.jpg","width":1008,"height":519},{"@type":"BreadcrumbList","@id":"https:\/\/www.copealcoy.es\/es\/igualdad-incrementa-su-plantilla-e-impulsa-nuevas-iniciativas\/#breadcrumb","itemListElement":[{"@type":"ListItem","position":1,"name":"Portada","item":"https:\/\/www.copealcoy.es\/es\/"},{"@type":"ListItem","position":2,"name":"Igualdad incrementa su plantilla e impulsa nuevas iniciativas"}]},{"@type":"WebSite","@id":"https:\/\/www.copealcoy.es\/es\/#website","url":"https:\/\/www.copealcoy.es\/es\/","name":"COPE Alcoy","description":"Emisora COPE de radio local con emisi\u00f3n online. Pont de Sant Jordi 8-10 03803 Alcoy","potentialAction":[{"@type":"SearchAction","target":{"@type":"EntryPoint","urlTemplate":"https:\/\/www.copealcoy.es\/es\/?s={search_term_string}"},"query-input":{"@type":"PropertyValueSpecification","valueRequired":true,"valueName":"search_term_string"}}],"inLanguage":"es"},{"@type":"Person","@id":"https:\/\/www.copealcoy.es\/es\/#\/schema\/person\/e777c87fa024e57d40170af9df39882c","name":"Cope Alcoy","image":{"@type":"ImageObject","inLanguage":"es","@id":"https:\/\/secure.gravatar.com\/avatar\/bb65d0283347e303893ba14f0692005417c1e0e690a325a4c5d8bb2b3943ee14?s=96&d=mm&r=g","url":"https:\/\/secure.gravatar.com\/avatar\/bb65d0283347e303893ba14f0692005417c1e0e690a325a4c5d8bb2b3943ee14?s=96&d=mm&r=g","contentUrl":"https:\/\/secure.gravatar.com\/avatar\/bb65d0283347e303893ba14f0692005417c1e0e690a325a4c5d8bb2b3943ee14?s=96&d=mm&r=g","caption":"Cope Alcoy"}}]}},"_links":{"self":[{"href":"https:\/\/www.copealcoy.es\/es\/wp-json\/wp\/v2\/posts\/48462","targetHints":{"allow":["GET"]}}],"collection":[{"href":"https:\/\/www.copealcoy.es\/es\/wp-json\/wp\/v2\/posts"}],"about":[{"href":"https:\/\/www.copealcoy.es\/es\/wp-json\/wp\/v2\/types\/post"}],"author":[{"embeddable":true,"href":"https:\/\/www.copealcoy.es\/es\/wp-json\/wp\/v2\/users\/1"}],"replies":[{"embeddable":true,"href":"https:\/\/www.copealcoy.es\/es\/wp-json\/wp\/v2\/comments?post=48462"}],"version-history":[{"count":0,"href":"https:\/\/www.copealcoy.es\/es\/wp-json\/wp\/v2\/posts\/48462\/revisions"}],"wp:featuredmedia":[{"embeddable":true,"href":"https:\/\/www.copealcoy.es\/es\/wp-json\/wp\/v2\/media\/48463"}],"wp:attachment":[{"href":"https:\/\/www.copealcoy.es\/es\/wp-json\/wp\/v2\/media?parent=48462"}],"wp:term":[{"taxonomy":"category","embeddable":true,"href":"https:\/\/www.copealcoy.es\/es\/wp-json\/wp\/v2\/categories?post=48462"},{"taxonomy":"post_tag","embeddable":true,"href":"https:\/\/www.copealcoy.es\/es\/wp-json\/wp\/v2\/tags?post=48462"}],"curies":[{"name":"wp","href":"https:\/\/api.w.org\/{rel}","templated":true}]}}