{"id":48454,"date":"2019-01-10T21:19:30","date_gmt":"2019-01-10T21:19:30","guid":{"rendered":"https:\/\/copealcoi.es\/?p=48454"},"modified":"2019-01-10T21:19:30","modified_gmt":"2019-01-10T21:19:30","slug":"estefania-blanes-numero-1-de-eu-a-les-corts-por-alicante","status":"publish","type":"post","link":"https:\/\/www.copealcoy.es\/es\/estefania-blanes-numero-1-de-eu-a-les-corts-por-alicante\/","title":{"rendered":"Estefan\u00eda Blanes, n\u00famero 1 de EU a les Corts por Alicante"},"content":{"rendered":"<p style=\"text-align: justify;\">La<strong> actual portavoz<\/strong> de Guanyar Alcoi, <strong>Estefan\u00eda Blanes<\/strong>, anunciaba ayer que ser\u00e1 <strong>la n\u00famero 1 por Alicante<\/strong> en la candidatura de EU para <strong>las Elecciones Auton\u00f3micas<\/strong> del pr\u00f3ximo mes de mayo. Blanes afronta el reto con <strong>ilusi\u00f3n<\/strong> y destaca que el objetivo de Esquerra Unida es <strong>volver a tener representaci\u00f3n en Les Corts<\/strong>. Adem\u00e1s asegura que all\u00ed <strong>trasladar\u00e1 las principales reivindicaciones de la zona<\/strong> en materia de sanidad, educaci\u00f3n, pol\u00edticas sociales o infraestructuras. En este \u00faltimo caso hizo menci\u00f3n a la necesidad de que <strong>se acometan mejoras<\/strong> <strong>urgentes<\/strong> en el transporte p\u00fablico y en la l\u00ednea de tren Alcoy-X\u00e0tiva. Blanes hizo este anuncio acompa\u00f1ada de la Coordinadora de EUPV, <strong>Rosa P\u00e9rez Garijo<\/strong>.<\/p>\n<p style=\"text-align: justify;\">Indicar que Esquerra Unida <strong>todav\u00eda est\u00e1 en proceso de negociaci\u00f3n con Podemos<\/strong> para crear <strong>una confluencia<\/strong> de cara a los comicios. Por el momento <strong>no hay acuerdo<\/strong> ya que EU no comparte la propuesta de absorci\u00f3n que contempla la formaci\u00f3n morada.<\/p>\n","protected":false},"excerpt":{"rendered":"<p>La actual portavoz de Guanyar Alcoi, Estefan\u00eda Blanes, anunciaba ayer que ser\u00e1 la n\u00famero 1 por Alicante en la candidatura&#8230;<\/p>\n","protected":false},"author":1,"featured_media":0,"comment_status":"open","ping_status":"open","sticky":false,"template":"","format":"standard","meta":{"footnotes":""},"categories":[744,75],"tags":[269,8227,1881,421,8228],"class_list":["post-48454","post","type-post","status-publish","format-standard","hentry","category-elecciones","category-noticias","tag-alicante","tag-corts","tag-estefania-blanes","tag-eu","tag-numero-1"],"yoast_head":"<!-- This site is optimized with the Yoast SEO plugin v27.3 - https:\/\/yoast.com\/product\/yoast-seo-wordpress\/ -->\n<title>Estefan\u00eda Blanes, n\u00famero 1 de EU a les Corts por Alicante - COPE Alcoy<\/title>\n<meta name=\"robots\" content=\"index, follow, max-snippet:-1, max-image-preview:large, max-video-preview:-1\" \/>\n<link rel=\"canonical\" href=\"https:\/\/www.copealcoy.es\/es\/estefania-blanes-numero-1-de-eu-a-les-corts-por-alicante\/\" \/>\n<meta property=\"og:locale\" content=\"es_ES\" \/>\n<meta property=\"og:type\" content=\"article\" \/>\n<meta property=\"og:title\" content=\"Estefan\u00eda Blanes, n\u00famero 1 de EU a les Corts por Alicante - COPE Alcoy\" \/>\n<meta property=\"og:description\" content=\"La actual portavoz de Guanyar Alcoi, Estefan\u00eda Blanes, anunciaba ayer que ser\u00e1 la n\u00famero 1 por Alicante en la candidatura...\" \/>\n<meta property=\"og:url\" content=\"https:\/\/www.copealcoy.es\/es\/estefania-blanes-numero-1-de-eu-a-les-corts-por-alicante\/\" \/>\n<meta property=\"og:site_name\" content=\"COPE Alcoy\" \/>\n<meta property=\"article:published_time\" content=\"2019-01-10T21:19:30+00:00\" \/>\n<meta property=\"og:image\" content=\"https:\/\/www.copealcoy.es\/wp-content\/uploads\/2019\/01\/IMG_5176-e1548019731502-1-scaled.jpg\" \/>\n\t<meta property=\"og:image:width\" content=\"2560\" \/>\n\t<meta property=\"og:image:height\" content=\"1539\" \/>\n\t<meta property=\"og:image:type\" content=\"image\/jpeg\" \/>\n<meta name=\"author\" content=\"Cope Alcoy\" \/>\n<meta name=\"twitter:label1\" content=\"Escrito por\" \/>\n\t<meta name=\"twitter:data1\" content=\"Cope Alcoy\" \/>\n\t<meta name=\"twitter:label2\" content=\"Tiempo de lectura\" \/>\n\t<meta name=\"twitter:data2\" content=\"1 minuto\" \/>\n<script type=\"application\/ld+json\" class=\"yoast-schema-graph\">{\"@context\":\"https:\\\/\\\/schema.org\",\"@graph\":[{\"@type\":\"Article\",\"@id\":\"https:\\\/\\\/www.copealcoy.es\\\/es\\\/estefania-blanes-numero-1-de-eu-a-les-corts-por-alicante\\\/#article\",\"isPartOf\":{\"@id\":\"https:\\\/\\\/www.copealcoy.es\\\/es\\\/estefania-blanes-numero-1-de-eu-a-les-corts-por-alicante\\\/\"},\"author\":{\"name\":\"Cope Alcoy\",\"@id\":\"https:\\\/\\\/www.copealcoy.es\\\/es\\\/#\\\/schema\\\/person\\\/e777c87fa024e57d40170af9df39882c\"},\"headline\":\"Estefan\u00eda Blanes, n\u00famero 1 de EU a les Corts por Alicante\",\"datePublished\":\"2019-01-10T21:19:30+00:00\",\"mainEntityOfPage\":{\"@id\":\"https:\\\/\\\/www.copealcoy.es\\\/es\\\/estefania-blanes-numero-1-de-eu-a-les-corts-por-alicante\\\/\"},\"wordCount\":183,\"commentCount\":0,\"keywords\":[\"Alicante\",\"Corts\",\"Estefan\u00eda Blanes\",\"EU\",\"n\u00famero 1\"],\"articleSection\":[\"Elecciones\",\"Noticias\"],\"inLanguage\":\"es\"},{\"@type\":\"WebPage\",\"@id\":\"https:\\\/\\\/www.copealcoy.es\\\/es\\\/estefania-blanes-numero-1-de-eu-a-les-corts-por-alicante\\\/\",\"url\":\"https:\\\/\\\/www.copealcoy.es\\\/es\\\/estefania-blanes-numero-1-de-eu-a-les-corts-por-alicante\\\/\",\"name\":\"Estefan\u00eda Blanes, n\u00famero 1 de EU a les Corts por Alicante - COPE Alcoy\",\"isPartOf\":{\"@id\":\"https:\\\/\\\/www.copealcoy.es\\\/es\\\/#website\"},\"datePublished\":\"2019-01-10T21:19:30+00:00\",\"author\":{\"@id\":\"https:\\\/\\\/www.copealcoy.es\\\/es\\\/#\\\/schema\\\/person\\\/e777c87fa024e57d40170af9df39882c\"},\"breadcrumb\":{\"@id\":\"https:\\\/\\\/www.copealcoy.es\\\/es\\\/estefania-blanes-numero-1-de-eu-a-les-corts-por-alicante\\\/#breadcrumb\"},\"inLanguage\":\"es\",\"potentialAction\":[{\"@type\":\"ReadAction\",\"target\":[\"https:\\\/\\\/www.copealcoy.es\\\/es\\\/estefania-blanes-numero-1-de-eu-a-les-corts-por-alicante\\\/\"]}]},{\"@type\":\"BreadcrumbList\",\"@id\":\"https:\\\/\\\/www.copealcoy.es\\\/es\\\/estefania-blanes-numero-1-de-eu-a-les-corts-por-alicante\\\/#breadcrumb\",\"itemListElement\":[{\"@type\":\"ListItem\",\"position\":1,\"name\":\"Portada\",\"item\":\"https:\\\/\\\/www.copealcoy.es\\\/es\\\/\"},{\"@type\":\"ListItem\",\"position\":2,\"name\":\"Estefan\u00eda Blanes, n\u00famero 1 de EU a les Corts por Alicante\"}]},{\"@type\":\"WebSite\",\"@id\":\"https:\\\/\\\/www.copealcoy.es\\\/es\\\/#website\",\"url\":\"https:\\\/\\\/www.copealcoy.es\\\/es\\\/\",\"name\":\"COPE Alcoy\",\"description\":\"Emisora COPE de radio local con emisi\u00f3n online. Pont de Sant Jordi 8-10 03803 Alcoy\",\"potentialAction\":[{\"@type\":\"SearchAction\",\"target\":{\"@type\":\"EntryPoint\",\"urlTemplate\":\"https:\\\/\\\/www.copealcoy.es\\\/es\\\/?s={search_term_string}\"},\"query-input\":{\"@type\":\"PropertyValueSpecification\",\"valueRequired\":true,\"valueName\":\"search_term_string\"}}],\"inLanguage\":\"es\"},{\"@type\":\"Person\",\"@id\":\"https:\\\/\\\/www.copealcoy.es\\\/es\\\/#\\\/schema\\\/person\\\/e777c87fa024e57d40170af9df39882c\",\"name\":\"Cope Alcoy\",\"image\":{\"@type\":\"ImageObject\",\"inLanguage\":\"es\",\"@id\":\"https:\\\/\\\/secure.gravatar.com\\\/avatar\\\/bb65d0283347e303893ba14f0692005417c1e0e690a325a4c5d8bb2b3943ee14?s=96&d=mm&r=g\",\"url\":\"https:\\\/\\\/secure.gravatar.com\\\/avatar\\\/bb65d0283347e303893ba14f0692005417c1e0e690a325a4c5d8bb2b3943ee14?s=96&d=mm&r=g\",\"contentUrl\":\"https:\\\/\\\/secure.gravatar.com\\\/avatar\\\/bb65d0283347e303893ba14f0692005417c1e0e690a325a4c5d8bb2b3943ee14?s=96&d=mm&r=g\",\"caption\":\"Cope Alcoy\"}}]}<\/script>\n<!-- \/ Yoast SEO plugin. -->","yoast_head_json":{"title":"Estefan\u00eda Blanes, n\u00famero 1 de EU a les Corts por Alicante - COPE Alcoy","robots":{"index":"index","follow":"follow","max-snippet":"max-snippet:-1","max-image-preview":"max-image-preview:large","max-video-preview":"max-video-preview:-1"},"canonical":"https:\/\/www.copealcoy.es\/es\/estefania-blanes-numero-1-de-eu-a-les-corts-por-alicante\/","og_locale":"es_ES","og_type":"article","og_title":"Estefan\u00eda Blanes, n\u00famero 1 de EU a les Corts por Alicante - COPE Alcoy","og_description":"La actual portavoz de Guanyar Alcoi, Estefan\u00eda Blanes, anunciaba ayer que ser\u00e1 la n\u00famero 1 por Alicante en la candidatura...","og_url":"https:\/\/www.copealcoy.es\/es\/estefania-blanes-numero-1-de-eu-a-les-corts-por-alicante\/","og_site_name":"COPE Alcoy","article_published_time":"2019-01-10T21:19:30+00:00","og_image":[{"width":2560,"height":1539,"url":"https:\/\/www.copealcoy.es\/wp-content\/uploads\/2019\/01\/IMG_5176-e1548019731502-1-scaled.jpg","type":"image\/jpeg"}],"author":"Cope Alcoy","twitter_misc":{"Escrito por":"Cope Alcoy","Tiempo de lectura":"1 minuto"},"schema":{"@context":"https:\/\/schema.org","@graph":[{"@type":"Article","@id":"https:\/\/www.copealcoy.es\/es\/estefania-blanes-numero-1-de-eu-a-les-corts-por-alicante\/#article","isPartOf":{"@id":"https:\/\/www.copealcoy.es\/es\/estefania-blanes-numero-1-de-eu-a-les-corts-por-alicante\/"},"author":{"name":"Cope Alcoy","@id":"https:\/\/www.copealcoy.es\/es\/#\/schema\/person\/e777c87fa024e57d40170af9df39882c"},"headline":"Estefan\u00eda Blanes, n\u00famero 1 de EU a les Corts por Alicante","datePublished":"2019-01-10T21:19:30+00:00","mainEntityOfPage":{"@id":"https:\/\/www.copealcoy.es\/es\/estefania-blanes-numero-1-de-eu-a-les-corts-por-alicante\/"},"wordCount":183,"commentCount":0,"keywords":["Alicante","Corts","Estefan\u00eda Blanes","EU","n\u00famero 1"],"articleSection":["Elecciones","Noticias"],"inLanguage":"es"},{"@type":"WebPage","@id":"https:\/\/www.copealcoy.es\/es\/estefania-blanes-numero-1-de-eu-a-les-corts-por-alicante\/","url":"https:\/\/www.copealcoy.es\/es\/estefania-blanes-numero-1-de-eu-a-les-corts-por-alicante\/","name":"Estefan\u00eda Blanes, n\u00famero 1 de EU a les Corts por Alicante - COPE Alcoy","isPartOf":{"@id":"https:\/\/www.copealcoy.es\/es\/#website"},"datePublished":"2019-01-10T21:19:30+00:00","author":{"@id":"https:\/\/www.copealcoy.es\/es\/#\/schema\/person\/e777c87fa024e57d40170af9df39882c"},"breadcrumb":{"@id":"https:\/\/www.copealcoy.es\/es\/estefania-blanes-numero-1-de-eu-a-les-corts-por-alicante\/#breadcrumb"},"inLanguage":"es","potentialAction":[{"@type":"ReadAction","target":["https:\/\/www.copealcoy.es\/es\/estefania-blanes-numero-1-de-eu-a-les-corts-por-alicante\/"]}]},{"@type":"BreadcrumbList","@id":"https:\/\/www.copealcoy.es\/es\/estefania-blanes-numero-1-de-eu-a-les-corts-por-alicante\/#breadcrumb","itemListElement":[{"@type":"ListItem","position":1,"name":"Portada","item":"https:\/\/www.copealcoy.es\/es\/"},{"@type":"ListItem","position":2,"name":"Estefan\u00eda Blanes, n\u00famero 1 de EU a les Corts por Alicante"}]},{"@type":"WebSite","@id":"https:\/\/www.copealcoy.es\/es\/#website","url":"https:\/\/www.copealcoy.es\/es\/","name":"COPE Alcoy","description":"Emisora COPE de radio local con emisi\u00f3n online. Pont de Sant Jordi 8-10 03803 Alcoy","potentialAction":[{"@type":"SearchAction","target":{"@type":"EntryPoint","urlTemplate":"https:\/\/www.copealcoy.es\/es\/?s={search_term_string}"},"query-input":{"@type":"PropertyValueSpecification","valueRequired":true,"valueName":"search_term_string"}}],"inLanguage":"es"},{"@type":"Person","@id":"https:\/\/www.copealcoy.es\/es\/#\/schema\/person\/e777c87fa024e57d40170af9df39882c","name":"Cope Alcoy","image":{"@type":"ImageObject","inLanguage":"es","@id":"https:\/\/secure.gravatar.com\/avatar\/bb65d0283347e303893ba14f0692005417c1e0e690a325a4c5d8bb2b3943ee14?s=96&d=mm&r=g","url":"https:\/\/secure.gravatar.com\/avatar\/bb65d0283347e303893ba14f0692005417c1e0e690a325a4c5d8bb2b3943ee14?s=96&d=mm&r=g","contentUrl":"https:\/\/secure.gravatar.com\/avatar\/bb65d0283347e303893ba14f0692005417c1e0e690a325a4c5d8bb2b3943ee14?s=96&d=mm&r=g","caption":"Cope Alcoy"}}]}},"_links":{"self":[{"href":"https:\/\/www.copealcoy.es\/es\/wp-json\/wp\/v2\/posts\/48454","targetHints":{"allow":["GET"]}}],"collection":[{"href":"https:\/\/www.copealcoy.es\/es\/wp-json\/wp\/v2\/posts"}],"about":[{"href":"https:\/\/www.copealcoy.es\/es\/wp-json\/wp\/v2\/types\/post"}],"author":[{"embeddable":true,"href":"https:\/\/www.copealcoy.es\/es\/wp-json\/wp\/v2\/users\/1"}],"replies":[{"embeddable":true,"href":"https:\/\/www.copealcoy.es\/es\/wp-json\/wp\/v2\/comments?post=48454"}],"version-history":[{"count":0,"href":"https:\/\/www.copealcoy.es\/es\/wp-json\/wp\/v2\/posts\/48454\/revisions"}],"wp:attachment":[{"href":"https:\/\/www.copealcoy.es\/es\/wp-json\/wp\/v2\/media?parent=48454"}],"wp:term":[{"taxonomy":"category","embeddable":true,"href":"https:\/\/www.copealcoy.es\/es\/wp-json\/wp\/v2\/categories?post=48454"},{"taxonomy":"post_tag","embeddable":true,"href":"https:\/\/www.copealcoy.es\/es\/wp-json\/wp\/v2\/tags?post=48454"}],"curies":[{"name":"wp","href":"https:\/\/api.w.org\/{rel}","templated":true}]}}