{"id":48441,"date":"2019-01-09T17:25:24","date_gmt":"2019-01-09T17:25:24","guid":{"rendered":"https:\/\/copealcoi.es\/?p=48441"},"modified":"2019-01-09T17:25:24","modified_gmt":"2019-01-09T17:25:24","slug":"el-textil-arranca-el-ano-en-la-feria-de-frankfurt","status":"publish","type":"post","link":"https:\/\/www.copealcoy.es\/es\/el-textil-arranca-el-ano-en-la-feria-de-frankfurt\/","title":{"rendered":"El textil arranca el a\u00f1o en la Feria de Frankfurt"},"content":{"rendered":"<p style=\"text-align: justify;\">La\u00a0<strong>Feria Heimtextil de Frankfurt<\/strong>\u00a0arranc\u00f3 ayer y espera que hasta el <strong>pr\u00f3ximo viernes 11 de enero<\/strong> <strong>70.000 profesionales de 140 pa\u00edses<\/strong> la visiten.<\/p>\n<p style=\"text-align: justify;\">El certamen <strong>re\u00fane a m\u00e1s de 3.000 expositores de 65 pa\u00edses<\/strong>, siendo <strong>Espa\u00f1a<\/strong> el <strong>tercer pa\u00eds europeo<\/strong> con mayor presencia, despu\u00e9s de Alemania e Italia. Bajo el paraguas de\u00a0<strong>Home Textil from Spain\u00a0<\/strong>participan <strong>123 firmas espa\u00f1olas<\/strong>, <strong>80 de ellas valencianas<\/strong> y <strong>60 de las comarcas centrales<\/strong> de la Comunitat. Estas se localizan principalmente en las comarcas de\u00a0<strong>l&#8217;Alcoi\u00e0, El Comtat y la Vall d&#8217;Albaida<\/strong><strong>,\u00a0<\/strong>destacando en importancia <strong>poblaciones<\/strong> como Alcoy, Ontinyent, Banyeres, Cocentaina, Bocairent, Muro y Albaida.<\/p>\n<p style=\"text-align: justify;\">El Conseller de Econom\u00eda, <strong>Rafael Climent<\/strong>, ha visitado la Feria y ha recordado que <strong>seg\u00fan los datos del tercer trimestre de 2018\u00a0<\/strong>el textil proporciona <strong>empleo directo<\/strong> a cerca de<strong> 20.000 personas<\/strong>, lo que supone un <strong>aumento anual del 2,8%<\/strong> de personas empleadas. Adem\u00e1s ha detallado <strong>las ayudas<\/strong> que el Gobierno Auton\u00f3mico dar\u00e1 al sector en este <strong>reci\u00e9n estrenado 2019<\/strong> &#8220;<em>hemos notado entre los empresarios un optimismo generalizado tras los \u00faltimos cuatro a\u00f1os de crecimiento sostenido. Con estas ayudas queremos que se modernice la maquinaria, se mejore en dise\u00f1o, en calidad, de cara al exigente mercado internacional<\/em>&#8220;, afirma.<\/p>\n<p style=\"text-align: justify;\">Por su parte la Directora General del IVACE, <strong>Julia Company<\/strong>, asever\u00f3 en la visita al evento que el mismo<strong> est\u00e1 considerado<\/strong> como &#8220;<em>la feria m\u00e1s importante del textil-hogar e IVACE ha querido estar con las 80 empresas valencianas presentes con un stand conjunto con ATEVAL<\/em>&#8220;, matiz\u00f3.<\/p>\n<p style=\"text-align: justify;\">Indicar que en la Feria Heimtextil se destac\u00f3 que <strong>las exportaciones del textil-hogar valenciano<\/strong> en 2017 alcanzaron <strong>los 294 millones de euros<\/strong> y consolidaron a la Comunitat Valenciana como <strong>la segunda comunidad<\/strong> <strong>exportadora<\/strong> con un <strong>22%<\/strong> del total de Espa\u00f1a. Los datos entre enero y octubre de 2018 reflejan <strong>una cifra de exportaciones de 256,8 millones<\/strong>, lo que representa <strong>un aumento anual del 4,9%<\/strong> respecto al mismo periodo del a\u00f1o anterior, y superior a la media nacional. El principal destino <strong>es Francia<\/strong>, con cerca del 20%, Italia, Alemania y Reino Unido, aunque tambi\u00e9n destacan por su dinamismo los mercados de Corea del Sur y Emiratos \u00c1rabes Unidos.<\/p>\n","protected":false},"excerpt":{"rendered":"<p>La\u00a0Feria Heimtextil de Frankfurt\u00a0arranc\u00f3 ayer y espera que hasta el pr\u00f3ximo viernes 11 de enero 70.000 profesionales de 140 pa\u00edses&#8230;<\/p>\n","protected":false},"author":1,"featured_media":48442,"comment_status":"open","ping_status":"open","sticky":false,"template":"","format":"standard","meta":{"footnotes":""},"categories":[75,79,125],"tags":[280,1131,8219,1429],"class_list":["post-48441","post","type-post","status-publish","format-standard","has-post-thumbnail","hentry","category-noticias","category-politicayeconomia","category-portada","tag-ano","tag-arranca","tag-feria-de-frankfurt","tag-textil"],"yoast_head":"<!-- This site is optimized with the Yoast SEO plugin v27.3 - https:\/\/yoast.com\/product\/yoast-seo-wordpress\/ -->\n<title>El textil arranca el a\u00f1o en la Feria de Frankfurt - COPE Alcoy<\/title>\n<meta name=\"robots\" content=\"index, follow, max-snippet:-1, max-image-preview:large, max-video-preview:-1\" \/>\n<link rel=\"canonical\" href=\"https:\/\/www.copealcoy.es\/es\/el-textil-arranca-el-ano-en-la-feria-de-frankfurt\/\" \/>\n<meta property=\"og:locale\" content=\"es_ES\" \/>\n<meta property=\"og:type\" content=\"article\" \/>\n<meta property=\"og:title\" content=\"El textil arranca el a\u00f1o en la Feria de Frankfurt - COPE Alcoy\" \/>\n<meta property=\"og:description\" content=\"La\u00a0Feria Heimtextil de Frankfurt\u00a0arranc\u00f3 ayer y espera que hasta el pr\u00f3ximo viernes 11 de enero 70.000 profesionales de 140 pa\u00edses...\" \/>\n<meta property=\"og:url\" content=\"https:\/\/www.copealcoy.es\/es\/el-textil-arranca-el-ano-en-la-feria-de-frankfurt\/\" \/>\n<meta property=\"og:site_name\" content=\"COPE Alcoy\" \/>\n<meta property=\"article:published_time\" content=\"2019-01-09T17:25:24+00:00\" \/>\n<meta property=\"og:image\" content=\"https:\/\/www.copealcoy.es\/wp-content\/uploads\/2019\/01\/img_34014-1.jpg\" \/>\n\t<meta property=\"og:image:width\" content=\"670\" \/>\n\t<meta property=\"og:image:height\" content=\"377\" \/>\n\t<meta property=\"og:image:type\" content=\"image\/jpeg\" \/>\n<meta name=\"author\" content=\"Cope Alcoy\" \/>\n<meta name=\"twitter:label1\" content=\"Escrito por\" \/>\n\t<meta name=\"twitter:data1\" content=\"Cope Alcoy\" \/>\n\t<meta name=\"twitter:label2\" content=\"Tiempo de lectura\" \/>\n\t<meta name=\"twitter:data2\" content=\"2 minutos\" \/>\n<script type=\"application\/ld+json\" class=\"yoast-schema-graph\">{\"@context\":\"https:\\\/\\\/schema.org\",\"@graph\":[{\"@type\":\"Article\",\"@id\":\"https:\\\/\\\/www.copealcoy.es\\\/es\\\/el-textil-arranca-el-ano-en-la-feria-de-frankfurt\\\/#article\",\"isPartOf\":{\"@id\":\"https:\\\/\\\/www.copealcoy.es\\\/es\\\/el-textil-arranca-el-ano-en-la-feria-de-frankfurt\\\/\"},\"author\":{\"name\":\"Cope Alcoy\",\"@id\":\"https:\\\/\\\/www.copealcoy.es\\\/es\\\/#\\\/schema\\\/person\\\/e777c87fa024e57d40170af9df39882c\"},\"headline\":\"El textil arranca el a\u00f1o en la Feria de Frankfurt\",\"datePublished\":\"2019-01-09T17:25:24+00:00\",\"mainEntityOfPage\":{\"@id\":\"https:\\\/\\\/www.copealcoy.es\\\/es\\\/el-textil-arranca-el-ano-en-la-feria-de-frankfurt\\\/\"},\"wordCount\":366,\"commentCount\":0,\"image\":{\"@id\":\"https:\\\/\\\/www.copealcoy.es\\\/es\\\/el-textil-arranca-el-ano-en-la-feria-de-frankfurt\\\/#primaryimage\"},\"thumbnailUrl\":\"https:\\\/\\\/www.copealcoy.es\\\/wp-content\\\/uploads\\\/2019\\\/01\\\/img_34014-1.jpg\",\"keywords\":[\"a\u00f1o\",\"arranca\",\"Feria de Frankfurt\",\"Textil\"],\"articleSection\":[\"Noticias\",\"Pol\u00edtica y Econom\u00eda\",\"Portada\"],\"inLanguage\":\"es\"},{\"@type\":\"WebPage\",\"@id\":\"https:\\\/\\\/www.copealcoy.es\\\/es\\\/el-textil-arranca-el-ano-en-la-feria-de-frankfurt\\\/\",\"url\":\"https:\\\/\\\/www.copealcoy.es\\\/es\\\/el-textil-arranca-el-ano-en-la-feria-de-frankfurt\\\/\",\"name\":\"El textil arranca el a\u00f1o en la Feria de Frankfurt - COPE Alcoy\",\"isPartOf\":{\"@id\":\"https:\\\/\\\/www.copealcoy.es\\\/es\\\/#website\"},\"primaryImageOfPage\":{\"@id\":\"https:\\\/\\\/www.copealcoy.es\\\/es\\\/el-textil-arranca-el-ano-en-la-feria-de-frankfurt\\\/#primaryimage\"},\"image\":{\"@id\":\"https:\\\/\\\/www.copealcoy.es\\\/es\\\/el-textil-arranca-el-ano-en-la-feria-de-frankfurt\\\/#primaryimage\"},\"thumbnailUrl\":\"https:\\\/\\\/www.copealcoy.es\\\/wp-content\\\/uploads\\\/2019\\\/01\\\/img_34014-1.jpg\",\"datePublished\":\"2019-01-09T17:25:24+00:00\",\"author\":{\"@id\":\"https:\\\/\\\/www.copealcoy.es\\\/es\\\/#\\\/schema\\\/person\\\/e777c87fa024e57d40170af9df39882c\"},\"breadcrumb\":{\"@id\":\"https:\\\/\\\/www.copealcoy.es\\\/es\\\/el-textil-arranca-el-ano-en-la-feria-de-frankfurt\\\/#breadcrumb\"},\"inLanguage\":\"es\",\"potentialAction\":[{\"@type\":\"ReadAction\",\"target\":[\"https:\\\/\\\/www.copealcoy.es\\\/es\\\/el-textil-arranca-el-ano-en-la-feria-de-frankfurt\\\/\"]}]},{\"@type\":\"ImageObject\",\"inLanguage\":\"es\",\"@id\":\"https:\\\/\\\/www.copealcoy.es\\\/es\\\/el-textil-arranca-el-ano-en-la-feria-de-frankfurt\\\/#primaryimage\",\"url\":\"https:\\\/\\\/www.copealcoy.es\\\/wp-content\\\/uploads\\\/2019\\\/01\\\/img_34014-1.jpg\",\"contentUrl\":\"https:\\\/\\\/www.copealcoy.es\\\/wp-content\\\/uploads\\\/2019\\\/01\\\/img_34014-1.jpg\",\"width\":670,\"height\":377,\"caption\":\"El Conseller Climent durante su visita a la Feria \\\/ Foto: GVA\"},{\"@type\":\"BreadcrumbList\",\"@id\":\"https:\\\/\\\/www.copealcoy.es\\\/es\\\/el-textil-arranca-el-ano-en-la-feria-de-frankfurt\\\/#breadcrumb\",\"itemListElement\":[{\"@type\":\"ListItem\",\"position\":1,\"name\":\"Portada\",\"item\":\"https:\\\/\\\/www.copealcoy.es\\\/es\\\/\"},{\"@type\":\"ListItem\",\"position\":2,\"name\":\"El textil arranca el a\u00f1o en la Feria de Frankfurt\"}]},{\"@type\":\"WebSite\",\"@id\":\"https:\\\/\\\/www.copealcoy.es\\\/es\\\/#website\",\"url\":\"https:\\\/\\\/www.copealcoy.es\\\/es\\\/\",\"name\":\"COPE Alcoy\",\"description\":\"Emisora COPE de radio local con emisi\u00f3n online. Pont de Sant Jordi 8-10 03803 Alcoy\",\"potentialAction\":[{\"@type\":\"SearchAction\",\"target\":{\"@type\":\"EntryPoint\",\"urlTemplate\":\"https:\\\/\\\/www.copealcoy.es\\\/es\\\/?s={search_term_string}\"},\"query-input\":{\"@type\":\"PropertyValueSpecification\",\"valueRequired\":true,\"valueName\":\"search_term_string\"}}],\"inLanguage\":\"es\"},{\"@type\":\"Person\",\"@id\":\"https:\\\/\\\/www.copealcoy.es\\\/es\\\/#\\\/schema\\\/person\\\/e777c87fa024e57d40170af9df39882c\",\"name\":\"Cope Alcoy\",\"image\":{\"@type\":\"ImageObject\",\"inLanguage\":\"es\",\"@id\":\"https:\\\/\\\/secure.gravatar.com\\\/avatar\\\/bb65d0283347e303893ba14f0692005417c1e0e690a325a4c5d8bb2b3943ee14?s=96&d=mm&r=g\",\"url\":\"https:\\\/\\\/secure.gravatar.com\\\/avatar\\\/bb65d0283347e303893ba14f0692005417c1e0e690a325a4c5d8bb2b3943ee14?s=96&d=mm&r=g\",\"contentUrl\":\"https:\\\/\\\/secure.gravatar.com\\\/avatar\\\/bb65d0283347e303893ba14f0692005417c1e0e690a325a4c5d8bb2b3943ee14?s=96&d=mm&r=g\",\"caption\":\"Cope Alcoy\"}}]}<\/script>\n<!-- \/ Yoast SEO plugin. -->","yoast_head_json":{"title":"El textil arranca el a\u00f1o en la Feria de Frankfurt - COPE Alcoy","robots":{"index":"index","follow":"follow","max-snippet":"max-snippet:-1","max-image-preview":"max-image-preview:large","max-video-preview":"max-video-preview:-1"},"canonical":"https:\/\/www.copealcoy.es\/es\/el-textil-arranca-el-ano-en-la-feria-de-frankfurt\/","og_locale":"es_ES","og_type":"article","og_title":"El textil arranca el a\u00f1o en la Feria de Frankfurt - COPE Alcoy","og_description":"La\u00a0Feria Heimtextil de Frankfurt\u00a0arranc\u00f3 ayer y espera que hasta el pr\u00f3ximo viernes 11 de enero 70.000 profesionales de 140 pa\u00edses...","og_url":"https:\/\/www.copealcoy.es\/es\/el-textil-arranca-el-ano-en-la-feria-de-frankfurt\/","og_site_name":"COPE Alcoy","article_published_time":"2019-01-09T17:25:24+00:00","og_image":[{"width":670,"height":377,"url":"https:\/\/www.copealcoy.es\/wp-content\/uploads\/2019\/01\/img_34014-1.jpg","type":"image\/jpeg"}],"author":"Cope Alcoy","twitter_misc":{"Escrito por":"Cope Alcoy","Tiempo de lectura":"2 minutos"},"schema":{"@context":"https:\/\/schema.org","@graph":[{"@type":"Article","@id":"https:\/\/www.copealcoy.es\/es\/el-textil-arranca-el-ano-en-la-feria-de-frankfurt\/#article","isPartOf":{"@id":"https:\/\/www.copealcoy.es\/es\/el-textil-arranca-el-ano-en-la-feria-de-frankfurt\/"},"author":{"name":"Cope Alcoy","@id":"https:\/\/www.copealcoy.es\/es\/#\/schema\/person\/e777c87fa024e57d40170af9df39882c"},"headline":"El textil arranca el a\u00f1o en la Feria de Frankfurt","datePublished":"2019-01-09T17:25:24+00:00","mainEntityOfPage":{"@id":"https:\/\/www.copealcoy.es\/es\/el-textil-arranca-el-ano-en-la-feria-de-frankfurt\/"},"wordCount":366,"commentCount":0,"image":{"@id":"https:\/\/www.copealcoy.es\/es\/el-textil-arranca-el-ano-en-la-feria-de-frankfurt\/#primaryimage"},"thumbnailUrl":"https:\/\/www.copealcoy.es\/wp-content\/uploads\/2019\/01\/img_34014-1.jpg","keywords":["a\u00f1o","arranca","Feria de Frankfurt","Textil"],"articleSection":["Noticias","Pol\u00edtica y Econom\u00eda","Portada"],"inLanguage":"es"},{"@type":"WebPage","@id":"https:\/\/www.copealcoy.es\/es\/el-textil-arranca-el-ano-en-la-feria-de-frankfurt\/","url":"https:\/\/www.copealcoy.es\/es\/el-textil-arranca-el-ano-en-la-feria-de-frankfurt\/","name":"El textil arranca el a\u00f1o en la Feria de Frankfurt - COPE Alcoy","isPartOf":{"@id":"https:\/\/www.copealcoy.es\/es\/#website"},"primaryImageOfPage":{"@id":"https:\/\/www.copealcoy.es\/es\/el-textil-arranca-el-ano-en-la-feria-de-frankfurt\/#primaryimage"},"image":{"@id":"https:\/\/www.copealcoy.es\/es\/el-textil-arranca-el-ano-en-la-feria-de-frankfurt\/#primaryimage"},"thumbnailUrl":"https:\/\/www.copealcoy.es\/wp-content\/uploads\/2019\/01\/img_34014-1.jpg","datePublished":"2019-01-09T17:25:24+00:00","author":{"@id":"https:\/\/www.copealcoy.es\/es\/#\/schema\/person\/e777c87fa024e57d40170af9df39882c"},"breadcrumb":{"@id":"https:\/\/www.copealcoy.es\/es\/el-textil-arranca-el-ano-en-la-feria-de-frankfurt\/#breadcrumb"},"inLanguage":"es","potentialAction":[{"@type":"ReadAction","target":["https:\/\/www.copealcoy.es\/es\/el-textil-arranca-el-ano-en-la-feria-de-frankfurt\/"]}]},{"@type":"ImageObject","inLanguage":"es","@id":"https:\/\/www.copealcoy.es\/es\/el-textil-arranca-el-ano-en-la-feria-de-frankfurt\/#primaryimage","url":"https:\/\/www.copealcoy.es\/wp-content\/uploads\/2019\/01\/img_34014-1.jpg","contentUrl":"https:\/\/www.copealcoy.es\/wp-content\/uploads\/2019\/01\/img_34014-1.jpg","width":670,"height":377,"caption":"El Conseller Climent durante su visita a la Feria \/ Foto: GVA"},{"@type":"BreadcrumbList","@id":"https:\/\/www.copealcoy.es\/es\/el-textil-arranca-el-ano-en-la-feria-de-frankfurt\/#breadcrumb","itemListElement":[{"@type":"ListItem","position":1,"name":"Portada","item":"https:\/\/www.copealcoy.es\/es\/"},{"@type":"ListItem","position":2,"name":"El textil arranca el a\u00f1o en la Feria de Frankfurt"}]},{"@type":"WebSite","@id":"https:\/\/www.copealcoy.es\/es\/#website","url":"https:\/\/www.copealcoy.es\/es\/","name":"COPE Alcoy","description":"Emisora COPE de radio local con emisi\u00f3n online. Pont de Sant Jordi 8-10 03803 Alcoy","potentialAction":[{"@type":"SearchAction","target":{"@type":"EntryPoint","urlTemplate":"https:\/\/www.copealcoy.es\/es\/?s={search_term_string}"},"query-input":{"@type":"PropertyValueSpecification","valueRequired":true,"valueName":"search_term_string"}}],"inLanguage":"es"},{"@type":"Person","@id":"https:\/\/www.copealcoy.es\/es\/#\/schema\/person\/e777c87fa024e57d40170af9df39882c","name":"Cope Alcoy","image":{"@type":"ImageObject","inLanguage":"es","@id":"https:\/\/secure.gravatar.com\/avatar\/bb65d0283347e303893ba14f0692005417c1e0e690a325a4c5d8bb2b3943ee14?s=96&d=mm&r=g","url":"https:\/\/secure.gravatar.com\/avatar\/bb65d0283347e303893ba14f0692005417c1e0e690a325a4c5d8bb2b3943ee14?s=96&d=mm&r=g","contentUrl":"https:\/\/secure.gravatar.com\/avatar\/bb65d0283347e303893ba14f0692005417c1e0e690a325a4c5d8bb2b3943ee14?s=96&d=mm&r=g","caption":"Cope Alcoy"}}]}},"_links":{"self":[{"href":"https:\/\/www.copealcoy.es\/es\/wp-json\/wp\/v2\/posts\/48441","targetHints":{"allow":["GET"]}}],"collection":[{"href":"https:\/\/www.copealcoy.es\/es\/wp-json\/wp\/v2\/posts"}],"about":[{"href":"https:\/\/www.copealcoy.es\/es\/wp-json\/wp\/v2\/types\/post"}],"author":[{"embeddable":true,"href":"https:\/\/www.copealcoy.es\/es\/wp-json\/wp\/v2\/users\/1"}],"replies":[{"embeddable":true,"href":"https:\/\/www.copealcoy.es\/es\/wp-json\/wp\/v2\/comments?post=48441"}],"version-history":[{"count":0,"href":"https:\/\/www.copealcoy.es\/es\/wp-json\/wp\/v2\/posts\/48441\/revisions"}],"wp:featuredmedia":[{"embeddable":true,"href":"https:\/\/www.copealcoy.es\/es\/wp-json\/wp\/v2\/media\/48442"}],"wp:attachment":[{"href":"https:\/\/www.copealcoy.es\/es\/wp-json\/wp\/v2\/media?parent=48441"}],"wp:term":[{"taxonomy":"category","embeddable":true,"href":"https:\/\/www.copealcoy.es\/es\/wp-json\/wp\/v2\/categories?post=48441"},{"taxonomy":"post_tag","embeddable":true,"href":"https:\/\/www.copealcoy.es\/es\/wp-json\/wp\/v2\/tags?post=48441"}],"curies":[{"name":"wp","href":"https:\/\/api.w.org\/{rel}","templated":true}]}}