{"id":48374,"date":"2019-01-02T19:36:31","date_gmt":"2019-01-02T19:36:31","guid":{"rendered":"https:\/\/copealcoi.es\/?p=48374"},"modified":"2019-01-02T19:36:31","modified_gmt":"2019-01-02T19:36:31","slug":"musica-y-efectos-de-luz-para-recibir-al-2019","status":"publish","type":"post","link":"https:\/\/www.copealcoy.es\/es\/musica-y-efectos-de-luz-para-recibir-al-2019\/","title":{"rendered":"M\u00fasica y efectos de luz para recibir al 2019"},"content":{"rendered":"<p style=\"text-align: justify;\">Alcoy recibi\u00f3 el lunes, con todos los honores, al <strong>reci\u00e9n estrenado 2019<\/strong> y lo hizo con una <strong>gran fiesta<\/strong> en la Plaza de Espa\u00f1a. Centenares de personas <strong>se comieron las doce uvas<\/strong> al comp\u00e1s de las campanadas del reloj de la iglesia de Santa Mar\u00eda y disfrutaron de <strong>la m\u00fasica<\/strong> que pincharon diferentes DJ&#8217;s. Adem\u00e1s no falt\u00f3 <strong>un gran espect\u00e1culo de luz<\/strong> que hizo las delicias de todos los presentes en la c\u00e9ntrica plaza a pesar de las bajas temperaturas que empezaron a darse durante la madrugada. Tambi\u00e9n se desarroll\u00f3, con gran participaci\u00f3n, <strong>el habitual concurso de disfraces<\/strong>.\u00a0El concejal de Fiestas, <strong>Ra\u00fcl Llopis<\/strong>, ha expresado su satisfacci\u00f3n por la gran respuesta que ha tenido la Fiesta de Cap d&#8217;Any.<\/p>\n","protected":false},"excerpt":{"rendered":"<p>Alcoy recibi\u00f3 el lunes, con todos los honores, al reci\u00e9n estrenado 2019 y lo hizo con una gran fiesta en&#8230;<\/p>\n","protected":false},"author":1,"featured_media":48375,"comment_status":"open","ping_status":"open","sticky":false,"template":"","format":"standard","meta":{"footnotes":""},"categories":[97,78,75],"tags":[5994,8187,377,4802],"class_list":["post-48374","post","type-post","status-publish","format-standard","has-post-thumbnail","hentry","category-alcoy","category-fiestaycultura","category-noticias","tag-5994","tag-efectos-de-luz","tag-musica","tag-recibir"],"yoast_head":"<!-- This site is optimized with the Yoast SEO plugin v27.3 - https:\/\/yoast.com\/product\/yoast-seo-wordpress\/ -->\n<title>M\u00fasica y efectos de luz para recibir al 2019 - COPE Alcoy<\/title>\n<meta name=\"robots\" content=\"index, follow, max-snippet:-1, max-image-preview:large, max-video-preview:-1\" \/>\n<link rel=\"canonical\" href=\"https:\/\/www.copealcoy.es\/es\/musica-y-efectos-de-luz-para-recibir-al-2019\/\" \/>\n<meta property=\"og:locale\" content=\"es_ES\" \/>\n<meta property=\"og:type\" content=\"article\" \/>\n<meta property=\"og:title\" content=\"M\u00fasica y efectos de luz para recibir al 2019 - COPE Alcoy\" \/>\n<meta property=\"og:description\" content=\"Alcoy recibi\u00f3 el lunes, con todos los honores, al reci\u00e9n estrenado 2019 y lo hizo con una gran fiesta en...\" \/>\n<meta property=\"og:url\" content=\"https:\/\/www.copealcoy.es\/es\/musica-y-efectos-de-luz-para-recibir-al-2019\/\" \/>\n<meta property=\"og:site_name\" content=\"COPE Alcoy\" \/>\n<meta property=\"article:published_time\" content=\"2019-01-02T19:36:31+00:00\" \/>\n<meta property=\"og:image\" content=\"https:\/\/www.copealcoy.es\/wp-content\/uploads\/2019\/01\/49485836_10218520031980180_1813785777390223360_n-e1547321890479-1.jpg\" \/>\n\t<meta property=\"og:image:width\" content=\"888\" \/>\n\t<meta property=\"og:image:height\" content=\"477\" \/>\n\t<meta property=\"og:image:type\" content=\"image\/jpeg\" \/>\n<meta name=\"author\" content=\"Cope Alcoy\" \/>\n<meta name=\"twitter:label1\" content=\"Escrito por\" \/>\n\t<meta name=\"twitter:data1\" content=\"Cope Alcoy\" \/>\n\t<meta name=\"twitter:label2\" content=\"Tiempo de lectura\" \/>\n\t<meta name=\"twitter:data2\" content=\"1 minuto\" \/>\n<script type=\"application\/ld+json\" class=\"yoast-schema-graph\">{\"@context\":\"https:\\\/\\\/schema.org\",\"@graph\":[{\"@type\":\"Article\",\"@id\":\"https:\\\/\\\/www.copealcoy.es\\\/es\\\/musica-y-efectos-de-luz-para-recibir-al-2019\\\/#article\",\"isPartOf\":{\"@id\":\"https:\\\/\\\/www.copealcoy.es\\\/es\\\/musica-y-efectos-de-luz-para-recibir-al-2019\\\/\"},\"author\":{\"name\":\"Cope Alcoy\",\"@id\":\"https:\\\/\\\/www.copealcoy.es\\\/es\\\/#\\\/schema\\\/person\\\/e777c87fa024e57d40170af9df39882c\"},\"headline\":\"M\u00fasica y efectos de luz para recibir al 2019\",\"datePublished\":\"2019-01-02T19:36:31+00:00\",\"mainEntityOfPage\":{\"@id\":\"https:\\\/\\\/www.copealcoy.es\\\/es\\\/musica-y-efectos-de-luz-para-recibir-al-2019\\\/\"},\"wordCount\":142,\"commentCount\":0,\"image\":{\"@id\":\"https:\\\/\\\/www.copealcoy.es\\\/es\\\/musica-y-efectos-de-luz-para-recibir-al-2019\\\/#primaryimage\"},\"thumbnailUrl\":\"https:\\\/\\\/www.copealcoy.es\\\/wp-content\\\/uploads\\\/2019\\\/01\\\/49485836_10218520031980180_1813785777390223360_n-e1547321890479-1.jpg\",\"keywords\":[\"2019\",\"efectos de luz\",\"M\u00fasica\",\"recibir\"],\"articleSection\":[\"Alcoy\",\"Fiesta y Cultura\",\"Noticias\"],\"inLanguage\":\"es\"},{\"@type\":\"WebPage\",\"@id\":\"https:\\\/\\\/www.copealcoy.es\\\/es\\\/musica-y-efectos-de-luz-para-recibir-al-2019\\\/\",\"url\":\"https:\\\/\\\/www.copealcoy.es\\\/es\\\/musica-y-efectos-de-luz-para-recibir-al-2019\\\/\",\"name\":\"M\u00fasica y efectos de luz para recibir al 2019 - COPE Alcoy\",\"isPartOf\":{\"@id\":\"https:\\\/\\\/www.copealcoy.es\\\/es\\\/#website\"},\"primaryImageOfPage\":{\"@id\":\"https:\\\/\\\/www.copealcoy.es\\\/es\\\/musica-y-efectos-de-luz-para-recibir-al-2019\\\/#primaryimage\"},\"image\":{\"@id\":\"https:\\\/\\\/www.copealcoy.es\\\/es\\\/musica-y-efectos-de-luz-para-recibir-al-2019\\\/#primaryimage\"},\"thumbnailUrl\":\"https:\\\/\\\/www.copealcoy.es\\\/wp-content\\\/uploads\\\/2019\\\/01\\\/49485836_10218520031980180_1813785777390223360_n-e1547321890479-1.jpg\",\"datePublished\":\"2019-01-02T19:36:31+00:00\",\"author\":{\"@id\":\"https:\\\/\\\/www.copealcoy.es\\\/es\\\/#\\\/schema\\\/person\\\/e777c87fa024e57d40170af9df39882c\"},\"breadcrumb\":{\"@id\":\"https:\\\/\\\/www.copealcoy.es\\\/es\\\/musica-y-efectos-de-luz-para-recibir-al-2019\\\/#breadcrumb\"},\"inLanguage\":\"es\",\"potentialAction\":[{\"@type\":\"ReadAction\",\"target\":[\"https:\\\/\\\/www.copealcoy.es\\\/es\\\/musica-y-efectos-de-luz-para-recibir-al-2019\\\/\"]}]},{\"@type\":\"ImageObject\",\"inLanguage\":\"es\",\"@id\":\"https:\\\/\\\/www.copealcoy.es\\\/es\\\/musica-y-efectos-de-luz-para-recibir-al-2019\\\/#primaryimage\",\"url\":\"https:\\\/\\\/www.copealcoy.es\\\/wp-content\\\/uploads\\\/2019\\\/01\\\/49485836_10218520031980180_1813785777390223360_n-e1547321890479-1.jpg\",\"contentUrl\":\"https:\\\/\\\/www.copealcoy.es\\\/wp-content\\\/uploads\\\/2019\\\/01\\\/49485836_10218520031980180_1813785777390223360_n-e1547321890479-1.jpg\",\"width\":888,\"height\":477},{\"@type\":\"BreadcrumbList\",\"@id\":\"https:\\\/\\\/www.copealcoy.es\\\/es\\\/musica-y-efectos-de-luz-para-recibir-al-2019\\\/#breadcrumb\",\"itemListElement\":[{\"@type\":\"ListItem\",\"position\":1,\"name\":\"Portada\",\"item\":\"https:\\\/\\\/www.copealcoy.es\\\/es\\\/\"},{\"@type\":\"ListItem\",\"position\":2,\"name\":\"M\u00fasica y efectos de luz para recibir al 2019\"}]},{\"@type\":\"WebSite\",\"@id\":\"https:\\\/\\\/www.copealcoy.es\\\/es\\\/#website\",\"url\":\"https:\\\/\\\/www.copealcoy.es\\\/es\\\/\",\"name\":\"COPE Alcoy\",\"description\":\"Emisora COPE de radio local con emisi\u00f3n online. Pont de Sant Jordi 8-10 03803 Alcoy\",\"potentialAction\":[{\"@type\":\"SearchAction\",\"target\":{\"@type\":\"EntryPoint\",\"urlTemplate\":\"https:\\\/\\\/www.copealcoy.es\\\/es\\\/?s={search_term_string}\"},\"query-input\":{\"@type\":\"PropertyValueSpecification\",\"valueRequired\":true,\"valueName\":\"search_term_string\"}}],\"inLanguage\":\"es\"},{\"@type\":\"Person\",\"@id\":\"https:\\\/\\\/www.copealcoy.es\\\/es\\\/#\\\/schema\\\/person\\\/e777c87fa024e57d40170af9df39882c\",\"name\":\"Cope Alcoy\",\"image\":{\"@type\":\"ImageObject\",\"inLanguage\":\"es\",\"@id\":\"https:\\\/\\\/secure.gravatar.com\\\/avatar\\\/bb65d0283347e303893ba14f0692005417c1e0e690a325a4c5d8bb2b3943ee14?s=96&d=mm&r=g\",\"url\":\"https:\\\/\\\/secure.gravatar.com\\\/avatar\\\/bb65d0283347e303893ba14f0692005417c1e0e690a325a4c5d8bb2b3943ee14?s=96&d=mm&r=g\",\"contentUrl\":\"https:\\\/\\\/secure.gravatar.com\\\/avatar\\\/bb65d0283347e303893ba14f0692005417c1e0e690a325a4c5d8bb2b3943ee14?s=96&d=mm&r=g\",\"caption\":\"Cope Alcoy\"}}]}<\/script>\n<!-- \/ Yoast SEO plugin. -->","yoast_head_json":{"title":"M\u00fasica y efectos de luz para recibir al 2019 - COPE Alcoy","robots":{"index":"index","follow":"follow","max-snippet":"max-snippet:-1","max-image-preview":"max-image-preview:large","max-video-preview":"max-video-preview:-1"},"canonical":"https:\/\/www.copealcoy.es\/es\/musica-y-efectos-de-luz-para-recibir-al-2019\/","og_locale":"es_ES","og_type":"article","og_title":"M\u00fasica y efectos de luz para recibir al 2019 - COPE Alcoy","og_description":"Alcoy recibi\u00f3 el lunes, con todos los honores, al reci\u00e9n estrenado 2019 y lo hizo con una gran fiesta en...","og_url":"https:\/\/www.copealcoy.es\/es\/musica-y-efectos-de-luz-para-recibir-al-2019\/","og_site_name":"COPE Alcoy","article_published_time":"2019-01-02T19:36:31+00:00","og_image":[{"width":888,"height":477,"url":"https:\/\/www.copealcoy.es\/wp-content\/uploads\/2019\/01\/49485836_10218520031980180_1813785777390223360_n-e1547321890479-1.jpg","type":"image\/jpeg"}],"author":"Cope Alcoy","twitter_misc":{"Escrito por":"Cope Alcoy","Tiempo de lectura":"1 minuto"},"schema":{"@context":"https:\/\/schema.org","@graph":[{"@type":"Article","@id":"https:\/\/www.copealcoy.es\/es\/musica-y-efectos-de-luz-para-recibir-al-2019\/#article","isPartOf":{"@id":"https:\/\/www.copealcoy.es\/es\/musica-y-efectos-de-luz-para-recibir-al-2019\/"},"author":{"name":"Cope Alcoy","@id":"https:\/\/www.copealcoy.es\/es\/#\/schema\/person\/e777c87fa024e57d40170af9df39882c"},"headline":"M\u00fasica y efectos de luz para recibir al 2019","datePublished":"2019-01-02T19:36:31+00:00","mainEntityOfPage":{"@id":"https:\/\/www.copealcoy.es\/es\/musica-y-efectos-de-luz-para-recibir-al-2019\/"},"wordCount":142,"commentCount":0,"image":{"@id":"https:\/\/www.copealcoy.es\/es\/musica-y-efectos-de-luz-para-recibir-al-2019\/#primaryimage"},"thumbnailUrl":"https:\/\/www.copealcoy.es\/wp-content\/uploads\/2019\/01\/49485836_10218520031980180_1813785777390223360_n-e1547321890479-1.jpg","keywords":["2019","efectos de luz","M\u00fasica","recibir"],"articleSection":["Alcoy","Fiesta y Cultura","Noticias"],"inLanguage":"es"},{"@type":"WebPage","@id":"https:\/\/www.copealcoy.es\/es\/musica-y-efectos-de-luz-para-recibir-al-2019\/","url":"https:\/\/www.copealcoy.es\/es\/musica-y-efectos-de-luz-para-recibir-al-2019\/","name":"M\u00fasica y efectos de luz para recibir al 2019 - COPE Alcoy","isPartOf":{"@id":"https:\/\/www.copealcoy.es\/es\/#website"},"primaryImageOfPage":{"@id":"https:\/\/www.copealcoy.es\/es\/musica-y-efectos-de-luz-para-recibir-al-2019\/#primaryimage"},"image":{"@id":"https:\/\/www.copealcoy.es\/es\/musica-y-efectos-de-luz-para-recibir-al-2019\/#primaryimage"},"thumbnailUrl":"https:\/\/www.copealcoy.es\/wp-content\/uploads\/2019\/01\/49485836_10218520031980180_1813785777390223360_n-e1547321890479-1.jpg","datePublished":"2019-01-02T19:36:31+00:00","author":{"@id":"https:\/\/www.copealcoy.es\/es\/#\/schema\/person\/e777c87fa024e57d40170af9df39882c"},"breadcrumb":{"@id":"https:\/\/www.copealcoy.es\/es\/musica-y-efectos-de-luz-para-recibir-al-2019\/#breadcrumb"},"inLanguage":"es","potentialAction":[{"@type":"ReadAction","target":["https:\/\/www.copealcoy.es\/es\/musica-y-efectos-de-luz-para-recibir-al-2019\/"]}]},{"@type":"ImageObject","inLanguage":"es","@id":"https:\/\/www.copealcoy.es\/es\/musica-y-efectos-de-luz-para-recibir-al-2019\/#primaryimage","url":"https:\/\/www.copealcoy.es\/wp-content\/uploads\/2019\/01\/49485836_10218520031980180_1813785777390223360_n-e1547321890479-1.jpg","contentUrl":"https:\/\/www.copealcoy.es\/wp-content\/uploads\/2019\/01\/49485836_10218520031980180_1813785777390223360_n-e1547321890479-1.jpg","width":888,"height":477},{"@type":"BreadcrumbList","@id":"https:\/\/www.copealcoy.es\/es\/musica-y-efectos-de-luz-para-recibir-al-2019\/#breadcrumb","itemListElement":[{"@type":"ListItem","position":1,"name":"Portada","item":"https:\/\/www.copealcoy.es\/es\/"},{"@type":"ListItem","position":2,"name":"M\u00fasica y efectos de luz para recibir al 2019"}]},{"@type":"WebSite","@id":"https:\/\/www.copealcoy.es\/es\/#website","url":"https:\/\/www.copealcoy.es\/es\/","name":"COPE Alcoy","description":"Emisora COPE de radio local con emisi\u00f3n online. Pont de Sant Jordi 8-10 03803 Alcoy","potentialAction":[{"@type":"SearchAction","target":{"@type":"EntryPoint","urlTemplate":"https:\/\/www.copealcoy.es\/es\/?s={search_term_string}"},"query-input":{"@type":"PropertyValueSpecification","valueRequired":true,"valueName":"search_term_string"}}],"inLanguage":"es"},{"@type":"Person","@id":"https:\/\/www.copealcoy.es\/es\/#\/schema\/person\/e777c87fa024e57d40170af9df39882c","name":"Cope Alcoy","image":{"@type":"ImageObject","inLanguage":"es","@id":"https:\/\/secure.gravatar.com\/avatar\/bb65d0283347e303893ba14f0692005417c1e0e690a325a4c5d8bb2b3943ee14?s=96&d=mm&r=g","url":"https:\/\/secure.gravatar.com\/avatar\/bb65d0283347e303893ba14f0692005417c1e0e690a325a4c5d8bb2b3943ee14?s=96&d=mm&r=g","contentUrl":"https:\/\/secure.gravatar.com\/avatar\/bb65d0283347e303893ba14f0692005417c1e0e690a325a4c5d8bb2b3943ee14?s=96&d=mm&r=g","caption":"Cope Alcoy"}}]}},"_links":{"self":[{"href":"https:\/\/www.copealcoy.es\/es\/wp-json\/wp\/v2\/posts\/48374","targetHints":{"allow":["GET"]}}],"collection":[{"href":"https:\/\/www.copealcoy.es\/es\/wp-json\/wp\/v2\/posts"}],"about":[{"href":"https:\/\/www.copealcoy.es\/es\/wp-json\/wp\/v2\/types\/post"}],"author":[{"embeddable":true,"href":"https:\/\/www.copealcoy.es\/es\/wp-json\/wp\/v2\/users\/1"}],"replies":[{"embeddable":true,"href":"https:\/\/www.copealcoy.es\/es\/wp-json\/wp\/v2\/comments?post=48374"}],"version-history":[{"count":0,"href":"https:\/\/www.copealcoy.es\/es\/wp-json\/wp\/v2\/posts\/48374\/revisions"}],"wp:featuredmedia":[{"embeddable":true,"href":"https:\/\/www.copealcoy.es\/es\/wp-json\/wp\/v2\/media\/48375"}],"wp:attachment":[{"href":"https:\/\/www.copealcoy.es\/es\/wp-json\/wp\/v2\/media?parent=48374"}],"wp:term":[{"taxonomy":"category","embeddable":true,"href":"https:\/\/www.copealcoy.es\/es\/wp-json\/wp\/v2\/categories?post=48374"},{"taxonomy":"post_tag","embeddable":true,"href":"https:\/\/www.copealcoy.es\/es\/wp-json\/wp\/v2\/tags?post=48374"}],"curies":[{"name":"wp","href":"https:\/\/api.w.org\/{rel}","templated":true}]}}