{"id":48310,"date":"2018-12-28T22:55:39","date_gmt":"2018-12-28T22:55:39","guid":{"rendered":"https:\/\/copealcoi.es\/?p=48310"},"modified":"2018-12-28T22:55:39","modified_gmt":"2018-12-28T22:55:39","slug":"el-pp-lamenta-que-el-consell-olvide-a-alcoy-en-los-presupuestos-autonomicos","status":"publish","type":"post","link":"https:\/\/www.copealcoy.es\/es\/el-pp-lamenta-que-el-consell-olvide-a-alcoy-en-los-presupuestos-autonomicos\/","title":{"rendered":"El PP lamenta que el Consell olvide a Alcoy en los Presupuestos Auton\u00f3micos"},"content":{"rendered":"<p style=\"text-align: justify;\">El <strong>Partido Popular<\/strong> lamenta que el &#8216;<strong>Govern del Bot\u00e0nic&#8217;<\/strong> no haya incluido en <strong>los Presupuestos de la Generalitat Valenciana<\/strong> para 2019\u00a0<strong>ninguna de las enmiendas<\/strong> que la formaci\u00f3n pol\u00edtica present\u00f3 a las citadas cuentas referidas a <strong>proyectos para Alcoy y el conjunto de las comarcas<\/strong> del Comtat y de l\u2019Alcoi\u00e0. Los populares mencionan, entre ellas, que se haya rechazado <strong>el respaldo econ\u00f3mico<\/strong> desde el \u00e1mbito auton\u00f3mico a la <strong>mejora del tren Alcoy \u2013 X\u00e0tiva<\/strong> e incluso se\u00f1alan que para 2019 <strong>peligran los 35.000 euros<\/strong> que percibe <strong>la Asociaci\u00f3n de San Jorge<\/strong> para equiparar las Fiestas de Moros y Cristianos de Alcoy a las Fallas de Valencia, las Hogueras de Alicante o la Magdalena de Castell\u00f3n. El Diputado Auton\u00f3mico del PP, <strong>Fernando Pastor<\/strong>, se\u00f1ala que adem\u00e1s de estas enmiendas <strong>se contemplaban otras<\/strong> como\u00a0la ampliaci\u00f3n del Hospital Virgen de Los Lirios; el acceso de la A-7 al citado centro sanitario o el desarrollo del Instituto Tecnol\u00f3gico de la Cosm\u00e9tica &#8220;<em>los presupuestos de la Generalitat Valenciana para la provincia de Alicante est\u00e1n pensados m\u00e1s para una campa\u00f1a electoral que a realidades tangibles para los ciudadanos de nuestros pueblos y ciudades. El PSOE y Comprom\u00eds han vivido una campa\u00f1a electoral de cuatro a\u00f1os en la que cada ejercicio repet\u00edan lo mismo del anterior<\/em>&#8220;, matiza.<\/p>\n<p style=\"text-align: justify;\">Por su parte <strong>Pepe C\u00edscar<\/strong>, Presidente del PP en la provincia, se\u00f1ala que <strong>el Consell ha rechazado el 100% de las enmiendas<\/strong> para los Presupuestos Auton\u00f3micos que hab\u00edan defendido los populares en relaci\u00f3n a Alicante pese a contar ahora el Gobierno de la Generalitat con <strong>m\u00e1s recursos econ\u00f3micos<\/strong> que hace cuatro a\u00f1os &#8220;<em>el Bot\u00e0nic somete a la provincia \u00a0a una constante marginaci\u00f3n. La infrafinanciaci\u00f3n del Consell a Alicante se cifra en 372 millones de euros, una cantidad que se refiere a los servicios e infraestructuras que reclaman los municipios de la provincia frente a los o\u00eddos sordos que han mantenido los socialistas y Comprom\u00eds esta legislatura<\/em>&#8220;, destaca.<\/p>\n<p style=\"text-align: justify;\">Finalmente <strong>Quique Ruiz<\/strong>, candidato del PP a la alcald\u00eda de Alcoy, critica <strong>la falta de capacidad del Gobierno Local Socialista<\/strong> para <strong>reivindicar inversiones<\/strong> para la ciudad y asevera que\u00a0el Ejecutivo de Franc\u00e9s <strong>se vanagloria<\/strong> de la llegada a la ciudad de inversiones que al final <strong>son planes gen\u00e9ricos<\/strong> a los que opta toda la Comunitat como por ejemplo \u00a0\u2018Arrus\u2019 &#8220;<em>las inversiones que han llegado a Alcoy solo sirven para la foto de Ximo Puig con Toni Franc\u00e9s y mientras la ciudad permanece paralizada<b>.\u00a0<\/b>Alcoy necesita proyectos revitalizantes para la ciudad, innovadores para sus empresas y de conexi\u00f3n con el exterior<\/em>&#8220;, concluy\u00f3.<\/p>\n<p style=\"text-align: justify;\">Los populares, seg\u00fan han afirmado, presagian que <strong>esta situaci\u00f3n cambiar\u00e1 a partir del mes de junio de 2019<\/strong> cuando Isabel Bonig sea Presidenta de la Generalitat Valenciana y Quique Ruiz alcalde de Alcoy.<\/p>\n","protected":false},"excerpt":{"rendered":"<p>El Partido Popular lamenta que el &#8216;Govern del Bot\u00e0nic&#8217; no haya incluido en los Presupuestos de la Generalitat Valenciana para&#8230;<\/p>\n","protected":false},"author":1,"featured_media":0,"comment_status":"open","ping_status":"open","sticky":false,"template":"","format":"standard","meta":{"footnotes":""},"categories":[97,75,79],"tags":[1494,479,273,8171,227,3397],"class_list":["post-48310","post","type-post","status-publish","format-standard","hentry","category-alcoy","category-noticias","category-politicayeconomia","tag-alcoy","tag-consell","tag-lamenta","tag-olvide","tag-pp","tag-presupuestos-autonomicos"],"yoast_head":"<!-- This site is optimized with the Yoast SEO plugin v27.3 - https:\/\/yoast.com\/product\/yoast-seo-wordpress\/ -->\n<title>El PP lamenta que el Consell olvide a Alcoy en los Presupuestos Auton\u00f3micos - COPE Alcoy<\/title>\n<meta name=\"robots\" content=\"index, follow, max-snippet:-1, max-image-preview:large, max-video-preview:-1\" \/>\n<link rel=\"canonical\" href=\"https:\/\/www.copealcoy.es\/es\/el-pp-lamenta-que-el-consell-olvide-a-alcoy-en-los-presupuestos-autonomicos\/\" \/>\n<meta property=\"og:locale\" content=\"es_ES\" \/>\n<meta property=\"og:type\" content=\"article\" \/>\n<meta property=\"og:title\" content=\"El PP lamenta que el Consell olvide a Alcoy en los Presupuestos Auton\u00f3micos - COPE Alcoy\" \/>\n<meta property=\"og:description\" content=\"El Partido Popular lamenta que el &#8216;Govern del Bot\u00e0nic&#8217; no haya incluido en los Presupuestos de la Generalitat Valenciana para...\" \/>\n<meta property=\"og:url\" content=\"https:\/\/www.copealcoy.es\/es\/el-pp-lamenta-que-el-consell-olvide-a-alcoy-en-los-presupuestos-autonomicos\/\" \/>\n<meta property=\"og:site_name\" content=\"COPE Alcoy\" \/>\n<meta property=\"article:published_time\" content=\"2018-12-28T22:55:39+00:00\" \/>\n<meta property=\"og:image\" content=\"https:\/\/www.copealcoy.es\/wp-content\/uploads\/2018\/12\/IMG_4680-1.jpg\" \/>\n\t<meta property=\"og:image:width\" content=\"961\" \/>\n\t<meta property=\"og:image:height\" content=\"629\" \/>\n\t<meta property=\"og:image:type\" content=\"image\/jpeg\" \/>\n<meta name=\"author\" content=\"Cope Alcoy\" \/>\n<meta name=\"twitter:label1\" content=\"Escrito por\" \/>\n\t<meta name=\"twitter:data1\" content=\"Cope Alcoy\" \/>\n\t<meta name=\"twitter:label2\" content=\"Tiempo de lectura\" \/>\n\t<meta name=\"twitter:data2\" content=\"2 minutos\" \/>\n<script type=\"application\/ld+json\" class=\"yoast-schema-graph\">{\"@context\":\"https:\\\/\\\/schema.org\",\"@graph\":[{\"@type\":\"Article\",\"@id\":\"https:\\\/\\\/www.copealcoy.es\\\/es\\\/el-pp-lamenta-que-el-consell-olvide-a-alcoy-en-los-presupuestos-autonomicos\\\/#article\",\"isPartOf\":{\"@id\":\"https:\\\/\\\/www.copealcoy.es\\\/es\\\/el-pp-lamenta-que-el-consell-olvide-a-alcoy-en-los-presupuestos-autonomicos\\\/\"},\"author\":{\"name\":\"Cope Alcoy\",\"@id\":\"https:\\\/\\\/www.copealcoy.es\\\/es\\\/#\\\/schema\\\/person\\\/e777c87fa024e57d40170af9df39882c\"},\"headline\":\"El PP lamenta que el Consell olvide a Alcoy en los Presupuestos Auton\u00f3micos\",\"datePublished\":\"2018-12-28T22:55:39+00:00\",\"mainEntityOfPage\":{\"@id\":\"https:\\\/\\\/www.copealcoy.es\\\/es\\\/el-pp-lamenta-que-el-consell-olvide-a-alcoy-en-los-presupuestos-autonomicos\\\/\"},\"wordCount\":503,\"commentCount\":0,\"keywords\":[\"Alcoy\",\"Consell\",\"Lamenta\",\"olvide\",\"PP\",\"presupuestos auton\u00f3micos\"],\"articleSection\":[\"Alcoy\",\"Noticias\",\"Pol\u00edtica y Econom\u00eda\"],\"inLanguage\":\"es\"},{\"@type\":\"WebPage\",\"@id\":\"https:\\\/\\\/www.copealcoy.es\\\/es\\\/el-pp-lamenta-que-el-consell-olvide-a-alcoy-en-los-presupuestos-autonomicos\\\/\",\"url\":\"https:\\\/\\\/www.copealcoy.es\\\/es\\\/el-pp-lamenta-que-el-consell-olvide-a-alcoy-en-los-presupuestos-autonomicos\\\/\",\"name\":\"El PP lamenta que el Consell olvide a Alcoy en los Presupuestos Auton\u00f3micos - COPE Alcoy\",\"isPartOf\":{\"@id\":\"https:\\\/\\\/www.copealcoy.es\\\/es\\\/#website\"},\"datePublished\":\"2018-12-28T22:55:39+00:00\",\"author\":{\"@id\":\"https:\\\/\\\/www.copealcoy.es\\\/es\\\/#\\\/schema\\\/person\\\/e777c87fa024e57d40170af9df39882c\"},\"breadcrumb\":{\"@id\":\"https:\\\/\\\/www.copealcoy.es\\\/es\\\/el-pp-lamenta-que-el-consell-olvide-a-alcoy-en-los-presupuestos-autonomicos\\\/#breadcrumb\"},\"inLanguage\":\"es\",\"potentialAction\":[{\"@type\":\"ReadAction\",\"target\":[\"https:\\\/\\\/www.copealcoy.es\\\/es\\\/el-pp-lamenta-que-el-consell-olvide-a-alcoy-en-los-presupuestos-autonomicos\\\/\"]}]},{\"@type\":\"BreadcrumbList\",\"@id\":\"https:\\\/\\\/www.copealcoy.es\\\/es\\\/el-pp-lamenta-que-el-consell-olvide-a-alcoy-en-los-presupuestos-autonomicos\\\/#breadcrumb\",\"itemListElement\":[{\"@type\":\"ListItem\",\"position\":1,\"name\":\"Portada\",\"item\":\"https:\\\/\\\/www.copealcoy.es\\\/es\\\/\"},{\"@type\":\"ListItem\",\"position\":2,\"name\":\"El PP lamenta que el Consell olvide a Alcoy en los Presupuestos Auton\u00f3micos\"}]},{\"@type\":\"WebSite\",\"@id\":\"https:\\\/\\\/www.copealcoy.es\\\/es\\\/#website\",\"url\":\"https:\\\/\\\/www.copealcoy.es\\\/es\\\/\",\"name\":\"COPE Alcoy\",\"description\":\"Emisora COPE de radio local con emisi\u00f3n online. Pont de Sant Jordi 8-10 03803 Alcoy\",\"potentialAction\":[{\"@type\":\"SearchAction\",\"target\":{\"@type\":\"EntryPoint\",\"urlTemplate\":\"https:\\\/\\\/www.copealcoy.es\\\/es\\\/?s={search_term_string}\"},\"query-input\":{\"@type\":\"PropertyValueSpecification\",\"valueRequired\":true,\"valueName\":\"search_term_string\"}}],\"inLanguage\":\"es\"},{\"@type\":\"Person\",\"@id\":\"https:\\\/\\\/www.copealcoy.es\\\/es\\\/#\\\/schema\\\/person\\\/e777c87fa024e57d40170af9df39882c\",\"name\":\"Cope Alcoy\",\"image\":{\"@type\":\"ImageObject\",\"inLanguage\":\"es\",\"@id\":\"https:\\\/\\\/secure.gravatar.com\\\/avatar\\\/bb65d0283347e303893ba14f0692005417c1e0e690a325a4c5d8bb2b3943ee14?s=96&d=mm&r=g\",\"url\":\"https:\\\/\\\/secure.gravatar.com\\\/avatar\\\/bb65d0283347e303893ba14f0692005417c1e0e690a325a4c5d8bb2b3943ee14?s=96&d=mm&r=g\",\"contentUrl\":\"https:\\\/\\\/secure.gravatar.com\\\/avatar\\\/bb65d0283347e303893ba14f0692005417c1e0e690a325a4c5d8bb2b3943ee14?s=96&d=mm&r=g\",\"caption\":\"Cope Alcoy\"}}]}<\/script>\n<!-- \/ Yoast SEO plugin. -->","yoast_head_json":{"title":"El PP lamenta que el Consell olvide a Alcoy en los Presupuestos Auton\u00f3micos - COPE Alcoy","robots":{"index":"index","follow":"follow","max-snippet":"max-snippet:-1","max-image-preview":"max-image-preview:large","max-video-preview":"max-video-preview:-1"},"canonical":"https:\/\/www.copealcoy.es\/es\/el-pp-lamenta-que-el-consell-olvide-a-alcoy-en-los-presupuestos-autonomicos\/","og_locale":"es_ES","og_type":"article","og_title":"El PP lamenta que el Consell olvide a Alcoy en los Presupuestos Auton\u00f3micos - COPE Alcoy","og_description":"El Partido Popular lamenta que el &#8216;Govern del Bot\u00e0nic&#8217; no haya incluido en los Presupuestos de la Generalitat Valenciana para...","og_url":"https:\/\/www.copealcoy.es\/es\/el-pp-lamenta-que-el-consell-olvide-a-alcoy-en-los-presupuestos-autonomicos\/","og_site_name":"COPE Alcoy","article_published_time":"2018-12-28T22:55:39+00:00","og_image":[{"width":961,"height":629,"url":"https:\/\/www.copealcoy.es\/wp-content\/uploads\/2018\/12\/IMG_4680-1.jpg","type":"image\/jpeg"}],"author":"Cope Alcoy","twitter_misc":{"Escrito por":"Cope Alcoy","Tiempo de lectura":"2 minutos"},"schema":{"@context":"https:\/\/schema.org","@graph":[{"@type":"Article","@id":"https:\/\/www.copealcoy.es\/es\/el-pp-lamenta-que-el-consell-olvide-a-alcoy-en-los-presupuestos-autonomicos\/#article","isPartOf":{"@id":"https:\/\/www.copealcoy.es\/es\/el-pp-lamenta-que-el-consell-olvide-a-alcoy-en-los-presupuestos-autonomicos\/"},"author":{"name":"Cope Alcoy","@id":"https:\/\/www.copealcoy.es\/es\/#\/schema\/person\/e777c87fa024e57d40170af9df39882c"},"headline":"El PP lamenta que el Consell olvide a Alcoy en los Presupuestos Auton\u00f3micos","datePublished":"2018-12-28T22:55:39+00:00","mainEntityOfPage":{"@id":"https:\/\/www.copealcoy.es\/es\/el-pp-lamenta-que-el-consell-olvide-a-alcoy-en-los-presupuestos-autonomicos\/"},"wordCount":503,"commentCount":0,"keywords":["Alcoy","Consell","Lamenta","olvide","PP","presupuestos auton\u00f3micos"],"articleSection":["Alcoy","Noticias","Pol\u00edtica y Econom\u00eda"],"inLanguage":"es"},{"@type":"WebPage","@id":"https:\/\/www.copealcoy.es\/es\/el-pp-lamenta-que-el-consell-olvide-a-alcoy-en-los-presupuestos-autonomicos\/","url":"https:\/\/www.copealcoy.es\/es\/el-pp-lamenta-que-el-consell-olvide-a-alcoy-en-los-presupuestos-autonomicos\/","name":"El PP lamenta que el Consell olvide a Alcoy en los Presupuestos Auton\u00f3micos - COPE Alcoy","isPartOf":{"@id":"https:\/\/www.copealcoy.es\/es\/#website"},"datePublished":"2018-12-28T22:55:39+00:00","author":{"@id":"https:\/\/www.copealcoy.es\/es\/#\/schema\/person\/e777c87fa024e57d40170af9df39882c"},"breadcrumb":{"@id":"https:\/\/www.copealcoy.es\/es\/el-pp-lamenta-que-el-consell-olvide-a-alcoy-en-los-presupuestos-autonomicos\/#breadcrumb"},"inLanguage":"es","potentialAction":[{"@type":"ReadAction","target":["https:\/\/www.copealcoy.es\/es\/el-pp-lamenta-que-el-consell-olvide-a-alcoy-en-los-presupuestos-autonomicos\/"]}]},{"@type":"BreadcrumbList","@id":"https:\/\/www.copealcoy.es\/es\/el-pp-lamenta-que-el-consell-olvide-a-alcoy-en-los-presupuestos-autonomicos\/#breadcrumb","itemListElement":[{"@type":"ListItem","position":1,"name":"Portada","item":"https:\/\/www.copealcoy.es\/es\/"},{"@type":"ListItem","position":2,"name":"El PP lamenta que el Consell olvide a Alcoy en los Presupuestos Auton\u00f3micos"}]},{"@type":"WebSite","@id":"https:\/\/www.copealcoy.es\/es\/#website","url":"https:\/\/www.copealcoy.es\/es\/","name":"COPE Alcoy","description":"Emisora COPE de radio local con emisi\u00f3n online. Pont de Sant Jordi 8-10 03803 Alcoy","potentialAction":[{"@type":"SearchAction","target":{"@type":"EntryPoint","urlTemplate":"https:\/\/www.copealcoy.es\/es\/?s={search_term_string}"},"query-input":{"@type":"PropertyValueSpecification","valueRequired":true,"valueName":"search_term_string"}}],"inLanguage":"es"},{"@type":"Person","@id":"https:\/\/www.copealcoy.es\/es\/#\/schema\/person\/e777c87fa024e57d40170af9df39882c","name":"Cope Alcoy","image":{"@type":"ImageObject","inLanguage":"es","@id":"https:\/\/secure.gravatar.com\/avatar\/bb65d0283347e303893ba14f0692005417c1e0e690a325a4c5d8bb2b3943ee14?s=96&d=mm&r=g","url":"https:\/\/secure.gravatar.com\/avatar\/bb65d0283347e303893ba14f0692005417c1e0e690a325a4c5d8bb2b3943ee14?s=96&d=mm&r=g","contentUrl":"https:\/\/secure.gravatar.com\/avatar\/bb65d0283347e303893ba14f0692005417c1e0e690a325a4c5d8bb2b3943ee14?s=96&d=mm&r=g","caption":"Cope Alcoy"}}]}},"_links":{"self":[{"href":"https:\/\/www.copealcoy.es\/es\/wp-json\/wp\/v2\/posts\/48310","targetHints":{"allow":["GET"]}}],"collection":[{"href":"https:\/\/www.copealcoy.es\/es\/wp-json\/wp\/v2\/posts"}],"about":[{"href":"https:\/\/www.copealcoy.es\/es\/wp-json\/wp\/v2\/types\/post"}],"author":[{"embeddable":true,"href":"https:\/\/www.copealcoy.es\/es\/wp-json\/wp\/v2\/users\/1"}],"replies":[{"embeddable":true,"href":"https:\/\/www.copealcoy.es\/es\/wp-json\/wp\/v2\/comments?post=48310"}],"version-history":[{"count":0,"href":"https:\/\/www.copealcoy.es\/es\/wp-json\/wp\/v2\/posts\/48310\/revisions"}],"wp:attachment":[{"href":"https:\/\/www.copealcoy.es\/es\/wp-json\/wp\/v2\/media?parent=48310"}],"wp:term":[{"taxonomy":"category","embeddable":true,"href":"https:\/\/www.copealcoy.es\/es\/wp-json\/wp\/v2\/categories?post=48310"},{"taxonomy":"post_tag","embeddable":true,"href":"https:\/\/www.copealcoy.es\/es\/wp-json\/wp\/v2\/tags?post=48310"}],"curies":[{"name":"wp","href":"https:\/\/api.w.org\/{rel}","templated":true}]}}