{"id":48141,"date":"2018-12-21T15:36:03","date_gmt":"2018-12-21T15:36:03","guid":{"rendered":"https:\/\/copealcoi.es\/?p=48141"},"modified":"2018-12-21T15:36:03","modified_gmt":"2018-12-21T15:36:03","slug":"ray-montava-es-el-candidato-del-pp-a-la-alcaldia-de-cocentaina","status":"publish","type":"post","link":"https:\/\/www.copealcoy.es\/es\/ray-montava-es-el-candidato-del-pp-a-la-alcaldia-de-cocentaina\/","title":{"rendered":"Ray Montava es el candidato del PP a la alcald\u00eda de Cocentaina"},"content":{"rendered":"<p style=\"text-align: justify;\">El <strong>Partido Popular de Cocentaina<\/strong> ha hecho ya p\u00fablico el <strong>nombre del candidato a la alcald\u00eda<\/strong> para las <strong>pr\u00f3ximas elecciones municipales<\/strong> del mes de mayo de 2019. Los populares han apostado por el joven contestano <strong>Ray Montava<\/strong> para <strong>liderar una candidatura<\/strong> con la que la formaci\u00f3n pol\u00edtica aspira a <strong>conseguir liderar el Gobierno Municipal<\/strong> de la Villa Condal. El alcaldable, que ha recibido el apoyo del comit\u00e9 ejecutivo local y del 100% de la organizaci\u00f3n a escala provincial, es adem\u00e1s desde el a\u00f1o 2017 el <strong>presidente del Partido<\/strong> en el municipio.<\/p>\n<p style=\"text-align: justify;\">El candidato se\u00f1ala que <strong>afronta este reto con ilusi\u00f3n<\/strong> y asegura que uno de sus principales objetivos es <strong>hacer ver que existe una oportunidad real<\/strong> para el cambio en Cocentaina &#8220;es necesario contar con todos para hacer crecer un proyecto positivo para Cocentaina&#8221;. Tambi\u00e9n afirma que &#8220;<em>lo m\u00e1s importante es escuchar de primera mano las necesidades de nuestra localidad y dar respuesta a los problemas de los contestanos. Hay que ofrecer soluciones, hablar del pueblo, la gente debe sentir que hay una oportunidad para el cambio en Cocentaina<\/em>&#8220;, asevera.<\/p>\n<p style=\"text-align: justify;\">Indicar que Ray Montava<strong> sustituir\u00e1 al frente del liderazgo del Partido Popular contestano<\/strong> al actual portavoz de la formaci\u00f3n; Rafael Montava.<\/p>\n","protected":false},"excerpt":{"rendered":"<p>El Partido Popular de Cocentaina ha hecho ya p\u00fablico el nombre del candidato a la alcald\u00eda para las pr\u00f3ximas elecciones&#8230;<\/p>\n","protected":false},"author":1,"featured_media":33312,"comment_status":"open","ping_status":"open","sticky":false,"template":"","format":"standard","meta":{"footnotes":""},"categories":[744,75],"tags":[804,6817,132,227,3704],"class_list":["post-48141","post","type-post","status-publish","format-standard","has-post-thumbnail","hentry","category-elecciones","category-noticias","tag-alcaldia","tag-candidato","tag-cocentaina","tag-pp","tag-ray-montava"],"yoast_head":"<!-- This site is optimized with the Yoast SEO plugin v27.3 - https:\/\/yoast.com\/product\/yoast-seo-wordpress\/ -->\n<title>Ray Montava es el candidato del PP a la alcald\u00eda de Cocentaina - COPE Alcoy<\/title>\n<meta name=\"robots\" content=\"index, follow, max-snippet:-1, max-image-preview:large, max-video-preview:-1\" \/>\n<link rel=\"canonical\" href=\"https:\/\/www.copealcoy.es\/es\/ray-montava-es-el-candidato-del-pp-a-la-alcaldia-de-cocentaina\/\" \/>\n<meta property=\"og:locale\" content=\"es_ES\" \/>\n<meta property=\"og:type\" content=\"article\" \/>\n<meta property=\"og:title\" content=\"Ray Montava es el candidato del PP a la alcald\u00eda de Cocentaina - COPE Alcoy\" \/>\n<meta property=\"og:description\" content=\"El Partido Popular de Cocentaina ha hecho ya p\u00fablico el nombre del candidato a la alcald\u00eda para las pr\u00f3ximas elecciones...\" \/>\n<meta property=\"og:url\" content=\"https:\/\/www.copealcoy.es\/es\/ray-montava-es-el-candidato-del-pp-a-la-alcaldia-de-cocentaina\/\" \/>\n<meta property=\"og:site_name\" content=\"COPE Alcoy\" \/>\n<meta property=\"article:published_time\" content=\"2018-12-21T15:36:03+00:00\" \/>\n<meta property=\"og:image\" content=\"https:\/\/www.copealcoy.es\/wp-content\/uploads\/2017\/07\/img_38500.jpg\" \/>\n\t<meta property=\"og:image:width\" content=\"670\" \/>\n\t<meta property=\"og:image:height\" content=\"377\" \/>\n\t<meta property=\"og:image:type\" content=\"image\/jpeg\" \/>\n<meta name=\"author\" content=\"Cope Alcoy\" \/>\n<meta name=\"twitter:label1\" content=\"Escrito por\" \/>\n\t<meta name=\"twitter:data1\" content=\"Cope Alcoy\" \/>\n\t<meta name=\"twitter:label2\" content=\"Tiempo de lectura\" \/>\n\t<meta name=\"twitter:data2\" content=\"1 minuto\" \/>\n<script type=\"application\/ld+json\" class=\"yoast-schema-graph\">{\"@context\":\"https:\\\/\\\/schema.org\",\"@graph\":[{\"@type\":\"Article\",\"@id\":\"https:\\\/\\\/www.copealcoy.es\\\/es\\\/ray-montava-es-el-candidato-del-pp-a-la-alcaldia-de-cocentaina\\\/#article\",\"isPartOf\":{\"@id\":\"https:\\\/\\\/www.copealcoy.es\\\/es\\\/ray-montava-es-el-candidato-del-pp-a-la-alcaldia-de-cocentaina\\\/\"},\"author\":{\"name\":\"Cope Alcoy\",\"@id\":\"https:\\\/\\\/www.copealcoy.es\\\/es\\\/#\\\/schema\\\/person\\\/e777c87fa024e57d40170af9df39882c\"},\"headline\":\"Ray Montava es el candidato del PP a la alcald\u00eda de Cocentaina\",\"datePublished\":\"2018-12-21T15:36:03+00:00\",\"mainEntityOfPage\":{\"@id\":\"https:\\\/\\\/www.copealcoy.es\\\/es\\\/ray-montava-es-el-candidato-del-pp-a-la-alcaldia-de-cocentaina\\\/\"},\"wordCount\":224,\"commentCount\":0,\"image\":{\"@id\":\"https:\\\/\\\/www.copealcoy.es\\\/es\\\/ray-montava-es-el-candidato-del-pp-a-la-alcaldia-de-cocentaina\\\/#primaryimage\"},\"thumbnailUrl\":\"https:\\\/\\\/www.copealcoy.es\\\/wp-content\\\/uploads\\\/2017\\\/07\\\/img_38500.jpg\",\"keywords\":[\"alcald\u00eda\",\"candidato\",\"Cocentaina\",\"PP\",\"Ray Montava\"],\"articleSection\":[\"Elecciones\",\"Noticias\"],\"inLanguage\":\"es\"},{\"@type\":\"WebPage\",\"@id\":\"https:\\\/\\\/www.copealcoy.es\\\/es\\\/ray-montava-es-el-candidato-del-pp-a-la-alcaldia-de-cocentaina\\\/\",\"url\":\"https:\\\/\\\/www.copealcoy.es\\\/es\\\/ray-montava-es-el-candidato-del-pp-a-la-alcaldia-de-cocentaina\\\/\",\"name\":\"Ray Montava es el candidato del PP a la alcald\u00eda de Cocentaina - COPE Alcoy\",\"isPartOf\":{\"@id\":\"https:\\\/\\\/www.copealcoy.es\\\/es\\\/#website\"},\"primaryImageOfPage\":{\"@id\":\"https:\\\/\\\/www.copealcoy.es\\\/es\\\/ray-montava-es-el-candidato-del-pp-a-la-alcaldia-de-cocentaina\\\/#primaryimage\"},\"image\":{\"@id\":\"https:\\\/\\\/www.copealcoy.es\\\/es\\\/ray-montava-es-el-candidato-del-pp-a-la-alcaldia-de-cocentaina\\\/#primaryimage\"},\"thumbnailUrl\":\"https:\\\/\\\/www.copealcoy.es\\\/wp-content\\\/uploads\\\/2017\\\/07\\\/img_38500.jpg\",\"datePublished\":\"2018-12-21T15:36:03+00:00\",\"author\":{\"@id\":\"https:\\\/\\\/www.copealcoy.es\\\/es\\\/#\\\/schema\\\/person\\\/e777c87fa024e57d40170af9df39882c\"},\"breadcrumb\":{\"@id\":\"https:\\\/\\\/www.copealcoy.es\\\/es\\\/ray-montava-es-el-candidato-del-pp-a-la-alcaldia-de-cocentaina\\\/#breadcrumb\"},\"inLanguage\":\"es\",\"potentialAction\":[{\"@type\":\"ReadAction\",\"target\":[\"https:\\\/\\\/www.copealcoy.es\\\/es\\\/ray-montava-es-el-candidato-del-pp-a-la-alcaldia-de-cocentaina\\\/\"]}]},{\"@type\":\"ImageObject\",\"inLanguage\":\"es\",\"@id\":\"https:\\\/\\\/www.copealcoy.es\\\/es\\\/ray-montava-es-el-candidato-del-pp-a-la-alcaldia-de-cocentaina\\\/#primaryimage\",\"url\":\"https:\\\/\\\/www.copealcoy.es\\\/wp-content\\\/uploads\\\/2017\\\/07\\\/img_38500.jpg\",\"contentUrl\":\"https:\\\/\\\/www.copealcoy.es\\\/wp-content\\\/uploads\\\/2017\\\/07\\\/img_38500.jpg\",\"width\":670,\"height\":377},{\"@type\":\"BreadcrumbList\",\"@id\":\"https:\\\/\\\/www.copealcoy.es\\\/es\\\/ray-montava-es-el-candidato-del-pp-a-la-alcaldia-de-cocentaina\\\/#breadcrumb\",\"itemListElement\":[{\"@type\":\"ListItem\",\"position\":1,\"name\":\"Portada\",\"item\":\"https:\\\/\\\/www.copealcoy.es\\\/es\\\/\"},{\"@type\":\"ListItem\",\"position\":2,\"name\":\"Ray Montava es el candidato del PP a la alcald\u00eda de Cocentaina\"}]},{\"@type\":\"WebSite\",\"@id\":\"https:\\\/\\\/www.copealcoy.es\\\/es\\\/#website\",\"url\":\"https:\\\/\\\/www.copealcoy.es\\\/es\\\/\",\"name\":\"COPE Alcoy\",\"description\":\"Emisora COPE de radio local con emisi\u00f3n online. Pont de Sant Jordi 8-10 03803 Alcoy\",\"potentialAction\":[{\"@type\":\"SearchAction\",\"target\":{\"@type\":\"EntryPoint\",\"urlTemplate\":\"https:\\\/\\\/www.copealcoy.es\\\/es\\\/?s={search_term_string}\"},\"query-input\":{\"@type\":\"PropertyValueSpecification\",\"valueRequired\":true,\"valueName\":\"search_term_string\"}}],\"inLanguage\":\"es\"},{\"@type\":\"Person\",\"@id\":\"https:\\\/\\\/www.copealcoy.es\\\/es\\\/#\\\/schema\\\/person\\\/e777c87fa024e57d40170af9df39882c\",\"name\":\"Cope Alcoy\",\"image\":{\"@type\":\"ImageObject\",\"inLanguage\":\"es\",\"@id\":\"https:\\\/\\\/secure.gravatar.com\\\/avatar\\\/bb65d0283347e303893ba14f0692005417c1e0e690a325a4c5d8bb2b3943ee14?s=96&d=mm&r=g\",\"url\":\"https:\\\/\\\/secure.gravatar.com\\\/avatar\\\/bb65d0283347e303893ba14f0692005417c1e0e690a325a4c5d8bb2b3943ee14?s=96&d=mm&r=g\",\"contentUrl\":\"https:\\\/\\\/secure.gravatar.com\\\/avatar\\\/bb65d0283347e303893ba14f0692005417c1e0e690a325a4c5d8bb2b3943ee14?s=96&d=mm&r=g\",\"caption\":\"Cope Alcoy\"}}]}<\/script>\n<!-- \/ Yoast SEO plugin. -->","yoast_head_json":{"title":"Ray Montava es el candidato del PP a la alcald\u00eda de Cocentaina - COPE Alcoy","robots":{"index":"index","follow":"follow","max-snippet":"max-snippet:-1","max-image-preview":"max-image-preview:large","max-video-preview":"max-video-preview:-1"},"canonical":"https:\/\/www.copealcoy.es\/es\/ray-montava-es-el-candidato-del-pp-a-la-alcaldia-de-cocentaina\/","og_locale":"es_ES","og_type":"article","og_title":"Ray Montava es el candidato del PP a la alcald\u00eda de Cocentaina - COPE Alcoy","og_description":"El Partido Popular de Cocentaina ha hecho ya p\u00fablico el nombre del candidato a la alcald\u00eda para las pr\u00f3ximas elecciones...","og_url":"https:\/\/www.copealcoy.es\/es\/ray-montava-es-el-candidato-del-pp-a-la-alcaldia-de-cocentaina\/","og_site_name":"COPE Alcoy","article_published_time":"2018-12-21T15:36:03+00:00","og_image":[{"width":670,"height":377,"url":"https:\/\/www.copealcoy.es\/wp-content\/uploads\/2017\/07\/img_38500.jpg","type":"image\/jpeg"}],"author":"Cope Alcoy","twitter_misc":{"Escrito por":"Cope Alcoy","Tiempo de lectura":"1 minuto"},"schema":{"@context":"https:\/\/schema.org","@graph":[{"@type":"Article","@id":"https:\/\/www.copealcoy.es\/es\/ray-montava-es-el-candidato-del-pp-a-la-alcaldia-de-cocentaina\/#article","isPartOf":{"@id":"https:\/\/www.copealcoy.es\/es\/ray-montava-es-el-candidato-del-pp-a-la-alcaldia-de-cocentaina\/"},"author":{"name":"Cope Alcoy","@id":"https:\/\/www.copealcoy.es\/es\/#\/schema\/person\/e777c87fa024e57d40170af9df39882c"},"headline":"Ray Montava es el candidato del PP a la alcald\u00eda de Cocentaina","datePublished":"2018-12-21T15:36:03+00:00","mainEntityOfPage":{"@id":"https:\/\/www.copealcoy.es\/es\/ray-montava-es-el-candidato-del-pp-a-la-alcaldia-de-cocentaina\/"},"wordCount":224,"commentCount":0,"image":{"@id":"https:\/\/www.copealcoy.es\/es\/ray-montava-es-el-candidato-del-pp-a-la-alcaldia-de-cocentaina\/#primaryimage"},"thumbnailUrl":"https:\/\/www.copealcoy.es\/wp-content\/uploads\/2017\/07\/img_38500.jpg","keywords":["alcald\u00eda","candidato","Cocentaina","PP","Ray Montava"],"articleSection":["Elecciones","Noticias"],"inLanguage":"es"},{"@type":"WebPage","@id":"https:\/\/www.copealcoy.es\/es\/ray-montava-es-el-candidato-del-pp-a-la-alcaldia-de-cocentaina\/","url":"https:\/\/www.copealcoy.es\/es\/ray-montava-es-el-candidato-del-pp-a-la-alcaldia-de-cocentaina\/","name":"Ray Montava es el candidato del PP a la alcald\u00eda de Cocentaina - COPE Alcoy","isPartOf":{"@id":"https:\/\/www.copealcoy.es\/es\/#website"},"primaryImageOfPage":{"@id":"https:\/\/www.copealcoy.es\/es\/ray-montava-es-el-candidato-del-pp-a-la-alcaldia-de-cocentaina\/#primaryimage"},"image":{"@id":"https:\/\/www.copealcoy.es\/es\/ray-montava-es-el-candidato-del-pp-a-la-alcaldia-de-cocentaina\/#primaryimage"},"thumbnailUrl":"https:\/\/www.copealcoy.es\/wp-content\/uploads\/2017\/07\/img_38500.jpg","datePublished":"2018-12-21T15:36:03+00:00","author":{"@id":"https:\/\/www.copealcoy.es\/es\/#\/schema\/person\/e777c87fa024e57d40170af9df39882c"},"breadcrumb":{"@id":"https:\/\/www.copealcoy.es\/es\/ray-montava-es-el-candidato-del-pp-a-la-alcaldia-de-cocentaina\/#breadcrumb"},"inLanguage":"es","potentialAction":[{"@type":"ReadAction","target":["https:\/\/www.copealcoy.es\/es\/ray-montava-es-el-candidato-del-pp-a-la-alcaldia-de-cocentaina\/"]}]},{"@type":"ImageObject","inLanguage":"es","@id":"https:\/\/www.copealcoy.es\/es\/ray-montava-es-el-candidato-del-pp-a-la-alcaldia-de-cocentaina\/#primaryimage","url":"https:\/\/www.copealcoy.es\/wp-content\/uploads\/2017\/07\/img_38500.jpg","contentUrl":"https:\/\/www.copealcoy.es\/wp-content\/uploads\/2017\/07\/img_38500.jpg","width":670,"height":377},{"@type":"BreadcrumbList","@id":"https:\/\/www.copealcoy.es\/es\/ray-montava-es-el-candidato-del-pp-a-la-alcaldia-de-cocentaina\/#breadcrumb","itemListElement":[{"@type":"ListItem","position":1,"name":"Portada","item":"https:\/\/www.copealcoy.es\/es\/"},{"@type":"ListItem","position":2,"name":"Ray Montava es el candidato del PP a la alcald\u00eda de Cocentaina"}]},{"@type":"WebSite","@id":"https:\/\/www.copealcoy.es\/es\/#website","url":"https:\/\/www.copealcoy.es\/es\/","name":"COPE Alcoy","description":"Emisora COPE de radio local con emisi\u00f3n online. Pont de Sant Jordi 8-10 03803 Alcoy","potentialAction":[{"@type":"SearchAction","target":{"@type":"EntryPoint","urlTemplate":"https:\/\/www.copealcoy.es\/es\/?s={search_term_string}"},"query-input":{"@type":"PropertyValueSpecification","valueRequired":true,"valueName":"search_term_string"}}],"inLanguage":"es"},{"@type":"Person","@id":"https:\/\/www.copealcoy.es\/es\/#\/schema\/person\/e777c87fa024e57d40170af9df39882c","name":"Cope Alcoy","image":{"@type":"ImageObject","inLanguage":"es","@id":"https:\/\/secure.gravatar.com\/avatar\/bb65d0283347e303893ba14f0692005417c1e0e690a325a4c5d8bb2b3943ee14?s=96&d=mm&r=g","url":"https:\/\/secure.gravatar.com\/avatar\/bb65d0283347e303893ba14f0692005417c1e0e690a325a4c5d8bb2b3943ee14?s=96&d=mm&r=g","contentUrl":"https:\/\/secure.gravatar.com\/avatar\/bb65d0283347e303893ba14f0692005417c1e0e690a325a4c5d8bb2b3943ee14?s=96&d=mm&r=g","caption":"Cope Alcoy"}}]}},"_links":{"self":[{"href":"https:\/\/www.copealcoy.es\/es\/wp-json\/wp\/v2\/posts\/48141","targetHints":{"allow":["GET"]}}],"collection":[{"href":"https:\/\/www.copealcoy.es\/es\/wp-json\/wp\/v2\/posts"}],"about":[{"href":"https:\/\/www.copealcoy.es\/es\/wp-json\/wp\/v2\/types\/post"}],"author":[{"embeddable":true,"href":"https:\/\/www.copealcoy.es\/es\/wp-json\/wp\/v2\/users\/1"}],"replies":[{"embeddable":true,"href":"https:\/\/www.copealcoy.es\/es\/wp-json\/wp\/v2\/comments?post=48141"}],"version-history":[{"count":0,"href":"https:\/\/www.copealcoy.es\/es\/wp-json\/wp\/v2\/posts\/48141\/revisions"}],"wp:featuredmedia":[{"embeddable":true,"href":"https:\/\/www.copealcoy.es\/es\/wp-json\/wp\/v2\/media\/33312"}],"wp:attachment":[{"href":"https:\/\/www.copealcoy.es\/es\/wp-json\/wp\/v2\/media?parent=48141"}],"wp:term":[{"taxonomy":"category","embeddable":true,"href":"https:\/\/www.copealcoy.es\/es\/wp-json\/wp\/v2\/categories?post=48141"},{"taxonomy":"post_tag","embeddable":true,"href":"https:\/\/www.copealcoy.es\/es\/wp-json\/wp\/v2\/tags?post=48141"}],"curies":[{"name":"wp","href":"https:\/\/api.w.org\/{rel}","templated":true}]}}