{"id":48111,"date":"2018-12-19T15:23:52","date_gmt":"2018-12-19T15:23:52","guid":{"rendered":"https:\/\/copealcoi.es\/?p=48111"},"modified":"2018-12-19T15:23:52","modified_gmt":"2018-12-19T15:23:52","slug":"la-navidad-une-a-la-tradicion-con-el-comercio-local-de-alcoy","status":"publish","type":"post","link":"https:\/\/www.copealcoy.es\/es\/la-navidad-une-a-la-tradicion-con-el-comercio-local-de-alcoy\/","title":{"rendered":"La Navidad une a la tradici\u00f3n con el comercio local de Alcoy"},"content":{"rendered":"<p style=\"text-align: justify;\">Los <strong>comerciantes de Alcoy<\/strong> han lanzado <strong>la campa\u00f1a <\/strong><em><strong>Al Nadal, tradici\u00f3 i comer\u00e7<\/strong>, <\/em>una iniciativa que <strong>persigue dinamizar el comercio local<\/strong> en estas fiestas de Navidad.<\/p>\n<p style=\"text-align: justify;\">Entre las <strong>propuestas contempladas<\/strong> destaca el <strong>reparto de\u00a010.000 chapas con la figura del paje<\/strong> caracter\u00edstico alcoyano y <strong>la entrega de hasta\u00a030.000 cartuchos de palomitas de ma\u00edz<\/strong> en la animaci\u00f3n de calle. La primera fue el d\u00eda 15 en el Centro y a esta le seguir\u00e1n el <strong>21 por la tarde en Santa Rosa<\/strong>, el<strong> 22 por la ma\u00f1ana en la Zona Norte<\/strong> y <strong>por la tarde en el Ensanche<\/strong>. Por \u00faltimo se ha previsto\u00a0<strong> un sorteo<\/strong>, a trav\u00e9s de Facebook, para poder ver el\u00a0Betlem de Tirisiti\u00a0por dentro.<\/p>\n<p style=\"text-align: justify;\">A estas actividades se le suma, tal y como han recordado <strong>Rafael P\u00e9rez<\/strong> (Presidente de ACECA) y <strong>Paco Molt\u00f3<\/strong> (Presidente de la Federaci\u00f3n de Comercio), el <strong>reparto de cromos del Tirisiti<\/strong> con <strong>su correspondiente \u00e1lbum<\/strong> entre los clientes que <strong>hagan sus compras<\/strong> durante esta fechas en los establecimientos pertenecientes a las diferentes asociaciones comerciales. Desde el Ayuntamiento de Alcoy, tal y como ha manifestado <strong>la edil de Comercio Vanessa Molt\u00f3<\/strong>, se da <strong>pleno apoyo a esta campa\u00f1a<\/strong> para incentivar las compras navide\u00f1as.<\/p>\n","protected":false},"excerpt":{"rendered":"<p>Los comerciantes de Alcoy han lanzado la campa\u00f1a Al Nadal, tradici\u00f3 i comer\u00e7, una iniciativa que persigue dinamizar el comercio&#8230;<\/p>\n","protected":false},"author":1,"featured_media":0,"comment_status":"open","ping_status":"open","sticky":false,"template":"","format":"standard","meta":{"footnotes":""},"categories":[97,78,75],"tags":[1494,321,174,413,8126],"class_list":["post-48111","post","type-post","status-publish","format-standard","hentry","category-alcoy","category-fiestaycultura","category-noticias","tag-alcoy","tag-comercio-local","tag-navidad","tag-tradicion","tag-une"],"yoast_head":"<!-- This site is optimized with the Yoast SEO plugin v27.3 - https:\/\/yoast.com\/product\/yoast-seo-wordpress\/ -->\n<title>La Navidad une a la tradici\u00f3n con el comercio local de Alcoy - COPE Alcoy<\/title>\n<meta name=\"robots\" content=\"index, follow, max-snippet:-1, max-image-preview:large, max-video-preview:-1\" \/>\n<link rel=\"canonical\" href=\"https:\/\/www.copealcoy.es\/es\/la-navidad-une-a-la-tradicion-con-el-comercio-local-de-alcoy\/\" \/>\n<meta property=\"og:locale\" content=\"es_ES\" \/>\n<meta property=\"og:type\" content=\"article\" \/>\n<meta property=\"og:title\" content=\"La Navidad une a la tradici\u00f3n con el comercio local de Alcoy - COPE Alcoy\" \/>\n<meta property=\"og:description\" content=\"Los comerciantes de Alcoy han lanzado la campa\u00f1a Al Nadal, tradici\u00f3 i comer\u00e7, una iniciativa que persigue dinamizar el comercio...\" \/>\n<meta property=\"og:url\" content=\"https:\/\/www.copealcoy.es\/es\/la-navidad-une-a-la-tradicion-con-el-comercio-local-de-alcoy\/\" \/>\n<meta property=\"og:site_name\" content=\"COPE Alcoy\" \/>\n<meta property=\"article:published_time\" content=\"2018-12-19T15:23:52+00:00\" \/>\n<meta property=\"og:image\" content=\"https:\/\/www.copealcoy.es\/wp-content\/uploads\/2018\/12\/IMG_4122-1-scaled.jpg\" \/>\n\t<meta property=\"og:image:width\" content=\"2560\" \/>\n\t<meta property=\"og:image:height\" content=\"1707\" \/>\n\t<meta property=\"og:image:type\" content=\"image\/jpeg\" \/>\n<meta name=\"author\" content=\"Cope Alcoy\" \/>\n<meta name=\"twitter:label1\" content=\"Escrito por\" \/>\n\t<meta name=\"twitter:data1\" content=\"Cope Alcoy\" \/>\n\t<meta name=\"twitter:label2\" content=\"Tiempo de lectura\" \/>\n\t<meta name=\"twitter:data2\" content=\"1 minuto\" \/>\n<script type=\"application\/ld+json\" class=\"yoast-schema-graph\">{\"@context\":\"https:\\\/\\\/schema.org\",\"@graph\":[{\"@type\":\"Article\",\"@id\":\"https:\\\/\\\/www.copealcoy.es\\\/es\\\/la-navidad-une-a-la-tradicion-con-el-comercio-local-de-alcoy\\\/#article\",\"isPartOf\":{\"@id\":\"https:\\\/\\\/www.copealcoy.es\\\/es\\\/la-navidad-une-a-la-tradicion-con-el-comercio-local-de-alcoy\\\/\"},\"author\":{\"name\":\"Cope Alcoy\",\"@id\":\"https:\\\/\\\/www.copealcoy.es\\\/es\\\/#\\\/schema\\\/person\\\/e777c87fa024e57d40170af9df39882c\"},\"headline\":\"La Navidad une a la tradici\u00f3n con el comercio local de Alcoy\",\"datePublished\":\"2018-12-19T15:23:52+00:00\",\"mainEntityOfPage\":{\"@id\":\"https:\\\/\\\/www.copealcoy.es\\\/es\\\/la-navidad-une-a-la-tradicion-con-el-comercio-local-de-alcoy\\\/\"},\"wordCount\":219,\"commentCount\":0,\"keywords\":[\"Alcoy\",\"Comercio Local\",\"Navidad\",\"Tradici\u00f3n\",\"une\"],\"articleSection\":[\"Alcoy\",\"Fiesta y Cultura\",\"Noticias\"],\"inLanguage\":\"es\"},{\"@type\":\"WebPage\",\"@id\":\"https:\\\/\\\/www.copealcoy.es\\\/es\\\/la-navidad-une-a-la-tradicion-con-el-comercio-local-de-alcoy\\\/\",\"url\":\"https:\\\/\\\/www.copealcoy.es\\\/es\\\/la-navidad-une-a-la-tradicion-con-el-comercio-local-de-alcoy\\\/\",\"name\":\"La Navidad une a la tradici\u00f3n con el comercio local de Alcoy - COPE Alcoy\",\"isPartOf\":{\"@id\":\"https:\\\/\\\/www.copealcoy.es\\\/es\\\/#website\"},\"datePublished\":\"2018-12-19T15:23:52+00:00\",\"author\":{\"@id\":\"https:\\\/\\\/www.copealcoy.es\\\/es\\\/#\\\/schema\\\/person\\\/e777c87fa024e57d40170af9df39882c\"},\"breadcrumb\":{\"@id\":\"https:\\\/\\\/www.copealcoy.es\\\/es\\\/la-navidad-une-a-la-tradicion-con-el-comercio-local-de-alcoy\\\/#breadcrumb\"},\"inLanguage\":\"es\",\"potentialAction\":[{\"@type\":\"ReadAction\",\"target\":[\"https:\\\/\\\/www.copealcoy.es\\\/es\\\/la-navidad-une-a-la-tradicion-con-el-comercio-local-de-alcoy\\\/\"]}]},{\"@type\":\"BreadcrumbList\",\"@id\":\"https:\\\/\\\/www.copealcoy.es\\\/es\\\/la-navidad-une-a-la-tradicion-con-el-comercio-local-de-alcoy\\\/#breadcrumb\",\"itemListElement\":[{\"@type\":\"ListItem\",\"position\":1,\"name\":\"Portada\",\"item\":\"https:\\\/\\\/www.copealcoy.es\\\/es\\\/\"},{\"@type\":\"ListItem\",\"position\":2,\"name\":\"La Navidad une a la tradici\u00f3n con el comercio local de Alcoy\"}]},{\"@type\":\"WebSite\",\"@id\":\"https:\\\/\\\/www.copealcoy.es\\\/es\\\/#website\",\"url\":\"https:\\\/\\\/www.copealcoy.es\\\/es\\\/\",\"name\":\"COPE Alcoy\",\"description\":\"Emisora COPE de radio local con emisi\u00f3n online. Pont de Sant Jordi 8-10 03803 Alcoy\",\"potentialAction\":[{\"@type\":\"SearchAction\",\"target\":{\"@type\":\"EntryPoint\",\"urlTemplate\":\"https:\\\/\\\/www.copealcoy.es\\\/es\\\/?s={search_term_string}\"},\"query-input\":{\"@type\":\"PropertyValueSpecification\",\"valueRequired\":true,\"valueName\":\"search_term_string\"}}],\"inLanguage\":\"es\"},{\"@type\":\"Person\",\"@id\":\"https:\\\/\\\/www.copealcoy.es\\\/es\\\/#\\\/schema\\\/person\\\/e777c87fa024e57d40170af9df39882c\",\"name\":\"Cope Alcoy\",\"image\":{\"@type\":\"ImageObject\",\"inLanguage\":\"es\",\"@id\":\"https:\\\/\\\/secure.gravatar.com\\\/avatar\\\/bb65d0283347e303893ba14f0692005417c1e0e690a325a4c5d8bb2b3943ee14?s=96&d=mm&r=g\",\"url\":\"https:\\\/\\\/secure.gravatar.com\\\/avatar\\\/bb65d0283347e303893ba14f0692005417c1e0e690a325a4c5d8bb2b3943ee14?s=96&d=mm&r=g\",\"contentUrl\":\"https:\\\/\\\/secure.gravatar.com\\\/avatar\\\/bb65d0283347e303893ba14f0692005417c1e0e690a325a4c5d8bb2b3943ee14?s=96&d=mm&r=g\",\"caption\":\"Cope Alcoy\"}}]}<\/script>\n<!-- \/ Yoast SEO plugin. -->","yoast_head_json":{"title":"La Navidad une a la tradici\u00f3n con el comercio local de Alcoy - COPE Alcoy","robots":{"index":"index","follow":"follow","max-snippet":"max-snippet:-1","max-image-preview":"max-image-preview:large","max-video-preview":"max-video-preview:-1"},"canonical":"https:\/\/www.copealcoy.es\/es\/la-navidad-une-a-la-tradicion-con-el-comercio-local-de-alcoy\/","og_locale":"es_ES","og_type":"article","og_title":"La Navidad une a la tradici\u00f3n con el comercio local de Alcoy - COPE Alcoy","og_description":"Los comerciantes de Alcoy han lanzado la campa\u00f1a Al Nadal, tradici\u00f3 i comer\u00e7, una iniciativa que persigue dinamizar el comercio...","og_url":"https:\/\/www.copealcoy.es\/es\/la-navidad-une-a-la-tradicion-con-el-comercio-local-de-alcoy\/","og_site_name":"COPE Alcoy","article_published_time":"2018-12-19T15:23:52+00:00","og_image":[{"width":2560,"height":1707,"url":"https:\/\/www.copealcoy.es\/wp-content\/uploads\/2018\/12\/IMG_4122-1-scaled.jpg","type":"image\/jpeg"}],"author":"Cope Alcoy","twitter_misc":{"Escrito por":"Cope Alcoy","Tiempo de lectura":"1 minuto"},"schema":{"@context":"https:\/\/schema.org","@graph":[{"@type":"Article","@id":"https:\/\/www.copealcoy.es\/es\/la-navidad-une-a-la-tradicion-con-el-comercio-local-de-alcoy\/#article","isPartOf":{"@id":"https:\/\/www.copealcoy.es\/es\/la-navidad-une-a-la-tradicion-con-el-comercio-local-de-alcoy\/"},"author":{"name":"Cope Alcoy","@id":"https:\/\/www.copealcoy.es\/es\/#\/schema\/person\/e777c87fa024e57d40170af9df39882c"},"headline":"La Navidad une a la tradici\u00f3n con el comercio local de Alcoy","datePublished":"2018-12-19T15:23:52+00:00","mainEntityOfPage":{"@id":"https:\/\/www.copealcoy.es\/es\/la-navidad-une-a-la-tradicion-con-el-comercio-local-de-alcoy\/"},"wordCount":219,"commentCount":0,"keywords":["Alcoy","Comercio Local","Navidad","Tradici\u00f3n","une"],"articleSection":["Alcoy","Fiesta y Cultura","Noticias"],"inLanguage":"es"},{"@type":"WebPage","@id":"https:\/\/www.copealcoy.es\/es\/la-navidad-une-a-la-tradicion-con-el-comercio-local-de-alcoy\/","url":"https:\/\/www.copealcoy.es\/es\/la-navidad-une-a-la-tradicion-con-el-comercio-local-de-alcoy\/","name":"La Navidad une a la tradici\u00f3n con el comercio local de Alcoy - COPE Alcoy","isPartOf":{"@id":"https:\/\/www.copealcoy.es\/es\/#website"},"datePublished":"2018-12-19T15:23:52+00:00","author":{"@id":"https:\/\/www.copealcoy.es\/es\/#\/schema\/person\/e777c87fa024e57d40170af9df39882c"},"breadcrumb":{"@id":"https:\/\/www.copealcoy.es\/es\/la-navidad-une-a-la-tradicion-con-el-comercio-local-de-alcoy\/#breadcrumb"},"inLanguage":"es","potentialAction":[{"@type":"ReadAction","target":["https:\/\/www.copealcoy.es\/es\/la-navidad-une-a-la-tradicion-con-el-comercio-local-de-alcoy\/"]}]},{"@type":"BreadcrumbList","@id":"https:\/\/www.copealcoy.es\/es\/la-navidad-une-a-la-tradicion-con-el-comercio-local-de-alcoy\/#breadcrumb","itemListElement":[{"@type":"ListItem","position":1,"name":"Portada","item":"https:\/\/www.copealcoy.es\/es\/"},{"@type":"ListItem","position":2,"name":"La Navidad une a la tradici\u00f3n con el comercio local de Alcoy"}]},{"@type":"WebSite","@id":"https:\/\/www.copealcoy.es\/es\/#website","url":"https:\/\/www.copealcoy.es\/es\/","name":"COPE Alcoy","description":"Emisora COPE de radio local con emisi\u00f3n online. Pont de Sant Jordi 8-10 03803 Alcoy","potentialAction":[{"@type":"SearchAction","target":{"@type":"EntryPoint","urlTemplate":"https:\/\/www.copealcoy.es\/es\/?s={search_term_string}"},"query-input":{"@type":"PropertyValueSpecification","valueRequired":true,"valueName":"search_term_string"}}],"inLanguage":"es"},{"@type":"Person","@id":"https:\/\/www.copealcoy.es\/es\/#\/schema\/person\/e777c87fa024e57d40170af9df39882c","name":"Cope Alcoy","image":{"@type":"ImageObject","inLanguage":"es","@id":"https:\/\/secure.gravatar.com\/avatar\/bb65d0283347e303893ba14f0692005417c1e0e690a325a4c5d8bb2b3943ee14?s=96&d=mm&r=g","url":"https:\/\/secure.gravatar.com\/avatar\/bb65d0283347e303893ba14f0692005417c1e0e690a325a4c5d8bb2b3943ee14?s=96&d=mm&r=g","contentUrl":"https:\/\/secure.gravatar.com\/avatar\/bb65d0283347e303893ba14f0692005417c1e0e690a325a4c5d8bb2b3943ee14?s=96&d=mm&r=g","caption":"Cope Alcoy"}}]}},"_links":{"self":[{"href":"https:\/\/www.copealcoy.es\/es\/wp-json\/wp\/v2\/posts\/48111","targetHints":{"allow":["GET"]}}],"collection":[{"href":"https:\/\/www.copealcoy.es\/es\/wp-json\/wp\/v2\/posts"}],"about":[{"href":"https:\/\/www.copealcoy.es\/es\/wp-json\/wp\/v2\/types\/post"}],"author":[{"embeddable":true,"href":"https:\/\/www.copealcoy.es\/es\/wp-json\/wp\/v2\/users\/1"}],"replies":[{"embeddable":true,"href":"https:\/\/www.copealcoy.es\/es\/wp-json\/wp\/v2\/comments?post=48111"}],"version-history":[{"count":0,"href":"https:\/\/www.copealcoy.es\/es\/wp-json\/wp\/v2\/posts\/48111\/revisions"}],"wp:attachment":[{"href":"https:\/\/www.copealcoy.es\/es\/wp-json\/wp\/v2\/media?parent=48111"}],"wp:term":[{"taxonomy":"category","embeddable":true,"href":"https:\/\/www.copealcoy.es\/es\/wp-json\/wp\/v2\/categories?post=48111"},{"taxonomy":"post_tag","embeddable":true,"href":"https:\/\/www.copealcoy.es\/es\/wp-json\/wp\/v2\/tags?post=48111"}],"curies":[{"name":"wp","href":"https:\/\/api.w.org\/{rel}","templated":true}]}}