{"id":48087,"date":"2018-12-18T22:09:48","date_gmt":"2018-12-18T22:09:48","guid":{"rendered":"https:\/\/copealcoi.es\/?p=48087"},"modified":"2018-12-18T22:09:48","modified_gmt":"2018-12-18T22:09:48","slug":"ciudadanos-aplaude-que-se-vaya-a-habilitar-un-aparcamiento-en-la-riba","status":"publish","type":"post","link":"https:\/\/www.copealcoy.es\/es\/ciudadanos-aplaude-que-se-vaya-a-habilitar-un-aparcamiento-en-la-riba\/","title":{"rendered":"Ciudadanos aplaude que se vaya a habilitar un aparcamiento en La Riba"},"content":{"rendered":"<p style=\"text-align: justify;\">Ciudadanos <strong>se congratula<\/strong> de que el Ayuntamiento de Alcoy haya cerrado <strong>un acuerdo con la Entidad de Infraestructuras de la Generalitat Valenciana<\/strong> para la creaci\u00f3n de <strong>un aparcamiento<\/strong>, de hasta <strong>400 plazas<\/strong>, en La Riba. Esta zona se sit\u00faa <strong>a espaldas<\/strong> de la calle San Nicol\u00e1s, entre las calles Torre de les Ma\u00e7anes y Sor Elena Picurelli. La formaci\u00f3n naranja recuerda que <strong>plantearon la iniciativa en el pleno de enero de 2017<\/strong> y valoran positivamente que la misma <strong>vaya a ser una realidad<\/strong> &#8220;<em>se trataba de un espacio no autorizado legalmente y en condiciones inapropiadas, e incluso peligrosas, ya que se\u00a0 trata de un lugar muy abancalado, en muy mal estado, con enormes baches y con un tremendo barranco en su parte oeste, con notorio peligro<\/em>&#8220;, indica la concejala; <strong>Maribel S\u00e1nchez<\/strong>.<\/p>\n<p style=\"text-align: justify;\">Por \u00faltimo S\u00e1nchez <strong>pone de manifiesto los beneficios de esta iniciativa<\/strong> &#8220;<em>ya planteamos\u00a0en su d\u00eda esta posibilidad, ya que, en esta zona existe una necesidad evidente de aparcamiento por la proximidad del mercado de San Mateo, as\u00ed como por la inmensa agenda de actos festivos, culturales y recreativos que se celebran durante el a\u00f1o y que propician la llegada al centro de la ciudad de numerosos veh\u00edculos<\/em>&#8220;, concluye.<\/p>\n","protected":false},"excerpt":{"rendered":"<p>Ciudadanos se congratula de que el Ayuntamiento de Alcoy haya cerrado un acuerdo con la Entidad de Infraestructuras de la&#8230;<\/p>\n","protected":false},"author":1,"featured_media":28308,"comment_status":"open","ping_status":"open","sticky":false,"template":"","format":"standard","meta":{"footnotes":""},"categories":[97,75,79],"tags":[146,5852,349,6047,8125],"class_list":["post-48087","post","type-post","status-publish","format-standard","has-post-thumbnail","hentry","category-alcoy","category-noticias","category-politicayeconomia","tag-aparcamiento","tag-aplaude","tag-ciudadanos","tag-habilitar","tag-la-riba"],"yoast_head":"<!-- This site is optimized with the Yoast SEO plugin v27.3 - https:\/\/yoast.com\/product\/yoast-seo-wordpress\/ -->\n<title>Ciudadanos aplaude que se vaya a habilitar un aparcamiento en La Riba - COPE Alcoy<\/title>\n<meta name=\"robots\" content=\"index, follow, max-snippet:-1, max-image-preview:large, max-video-preview:-1\" \/>\n<link rel=\"canonical\" href=\"https:\/\/www.copealcoy.es\/es\/ciudadanos-aplaude-que-se-vaya-a-habilitar-un-aparcamiento-en-la-riba\/\" \/>\n<meta property=\"og:locale\" content=\"es_ES\" \/>\n<meta property=\"og:type\" content=\"article\" \/>\n<meta property=\"og:title\" content=\"Ciudadanos aplaude que se vaya a habilitar un aparcamiento en La Riba - COPE Alcoy\" \/>\n<meta property=\"og:description\" content=\"Ciudadanos se congratula de que el Ayuntamiento de Alcoy haya cerrado un acuerdo con la Entidad de Infraestructuras de la...\" \/>\n<meta property=\"og:url\" content=\"https:\/\/www.copealcoy.es\/es\/ciudadanos-aplaude-que-se-vaya-a-habilitar-un-aparcamiento-en-la-riba\/\" \/>\n<meta property=\"og:site_name\" content=\"COPE Alcoy\" \/>\n<meta property=\"article:published_time\" content=\"2018-12-18T22:09:48+00:00\" \/>\n<meta property=\"og:image\" content=\"https:\/\/www.copealcoy.es\/wp-content\/uploads\/2017\/01\/Captura-de-pantalla-2017-01-25-a-las-17.34.51-e1485362469882.png\" \/>\n\t<meta property=\"og:image:width\" content=\"813\" \/>\n\t<meta property=\"og:image:height\" content=\"431\" \/>\n\t<meta property=\"og:image:type\" content=\"image\/png\" \/>\n<meta name=\"author\" content=\"Cope Alcoy\" \/>\n<meta name=\"twitter:label1\" content=\"Escrito por\" \/>\n\t<meta name=\"twitter:data1\" content=\"Cope Alcoy\" \/>\n\t<meta name=\"twitter:label2\" content=\"Tiempo de lectura\" \/>\n\t<meta name=\"twitter:data2\" content=\"1 minuto\" \/>\n<script type=\"application\/ld+json\" class=\"yoast-schema-graph\">{\"@context\":\"https:\\\/\\\/schema.org\",\"@graph\":[{\"@type\":\"Article\",\"@id\":\"https:\\\/\\\/www.copealcoy.es\\\/es\\\/ciudadanos-aplaude-que-se-vaya-a-habilitar-un-aparcamiento-en-la-riba\\\/#article\",\"isPartOf\":{\"@id\":\"https:\\\/\\\/www.copealcoy.es\\\/es\\\/ciudadanos-aplaude-que-se-vaya-a-habilitar-un-aparcamiento-en-la-riba\\\/\"},\"author\":{\"name\":\"Cope Alcoy\",\"@id\":\"https:\\\/\\\/www.copealcoy.es\\\/es\\\/#\\\/schema\\\/person\\\/e777c87fa024e57d40170af9df39882c\"},\"headline\":\"Ciudadanos aplaude que se vaya a habilitar un aparcamiento en La Riba\",\"datePublished\":\"2018-12-18T22:09:48+00:00\",\"mainEntityOfPage\":{\"@id\":\"https:\\\/\\\/www.copealcoy.es\\\/es\\\/ciudadanos-aplaude-que-se-vaya-a-habilitar-un-aparcamiento-en-la-riba\\\/\"},\"wordCount\":220,\"commentCount\":0,\"image\":{\"@id\":\"https:\\\/\\\/www.copealcoy.es\\\/es\\\/ciudadanos-aplaude-que-se-vaya-a-habilitar-un-aparcamiento-en-la-riba\\\/#primaryimage\"},\"thumbnailUrl\":\"https:\\\/\\\/www.copealcoy.es\\\/wp-content\\\/uploads\\\/2017\\\/01\\\/Captura-de-pantalla-2017-01-25-a-las-17.34.51-e1485362469882.png\",\"keywords\":[\"Aparcamiento\",\"aplaude\",\"Ciudadanos\",\"habilitar\",\"La Riba\"],\"articleSection\":[\"Alcoy\",\"Noticias\",\"Pol\u00edtica y Econom\u00eda\"],\"inLanguage\":\"es\"},{\"@type\":\"WebPage\",\"@id\":\"https:\\\/\\\/www.copealcoy.es\\\/es\\\/ciudadanos-aplaude-que-se-vaya-a-habilitar-un-aparcamiento-en-la-riba\\\/\",\"url\":\"https:\\\/\\\/www.copealcoy.es\\\/es\\\/ciudadanos-aplaude-que-se-vaya-a-habilitar-un-aparcamiento-en-la-riba\\\/\",\"name\":\"Ciudadanos aplaude que se vaya a habilitar un aparcamiento en La Riba - COPE Alcoy\",\"isPartOf\":{\"@id\":\"https:\\\/\\\/www.copealcoy.es\\\/es\\\/#website\"},\"primaryImageOfPage\":{\"@id\":\"https:\\\/\\\/www.copealcoy.es\\\/es\\\/ciudadanos-aplaude-que-se-vaya-a-habilitar-un-aparcamiento-en-la-riba\\\/#primaryimage\"},\"image\":{\"@id\":\"https:\\\/\\\/www.copealcoy.es\\\/es\\\/ciudadanos-aplaude-que-se-vaya-a-habilitar-un-aparcamiento-en-la-riba\\\/#primaryimage\"},\"thumbnailUrl\":\"https:\\\/\\\/www.copealcoy.es\\\/wp-content\\\/uploads\\\/2017\\\/01\\\/Captura-de-pantalla-2017-01-25-a-las-17.34.51-e1485362469882.png\",\"datePublished\":\"2018-12-18T22:09:48+00:00\",\"author\":{\"@id\":\"https:\\\/\\\/www.copealcoy.es\\\/es\\\/#\\\/schema\\\/person\\\/e777c87fa024e57d40170af9df39882c\"},\"breadcrumb\":{\"@id\":\"https:\\\/\\\/www.copealcoy.es\\\/es\\\/ciudadanos-aplaude-que-se-vaya-a-habilitar-un-aparcamiento-en-la-riba\\\/#breadcrumb\"},\"inLanguage\":\"es\",\"potentialAction\":[{\"@type\":\"ReadAction\",\"target\":[\"https:\\\/\\\/www.copealcoy.es\\\/es\\\/ciudadanos-aplaude-que-se-vaya-a-habilitar-un-aparcamiento-en-la-riba\\\/\"]}]},{\"@type\":\"ImageObject\",\"inLanguage\":\"es\",\"@id\":\"https:\\\/\\\/www.copealcoy.es\\\/es\\\/ciudadanos-aplaude-que-se-vaya-a-habilitar-un-aparcamiento-en-la-riba\\\/#primaryimage\",\"url\":\"https:\\\/\\\/www.copealcoy.es\\\/wp-content\\\/uploads\\\/2017\\\/01\\\/Captura-de-pantalla-2017-01-25-a-las-17.34.51-e1485362469882.png\",\"contentUrl\":\"https:\\\/\\\/www.copealcoy.es\\\/wp-content\\\/uploads\\\/2017\\\/01\\\/Captura-de-pantalla-2017-01-25-a-las-17.34.51-e1485362469882.png\",\"width\":813,\"height\":431},{\"@type\":\"BreadcrumbList\",\"@id\":\"https:\\\/\\\/www.copealcoy.es\\\/es\\\/ciudadanos-aplaude-que-se-vaya-a-habilitar-un-aparcamiento-en-la-riba\\\/#breadcrumb\",\"itemListElement\":[{\"@type\":\"ListItem\",\"position\":1,\"name\":\"Portada\",\"item\":\"https:\\\/\\\/www.copealcoy.es\\\/es\\\/\"},{\"@type\":\"ListItem\",\"position\":2,\"name\":\"Ciudadanos aplaude que se vaya a habilitar un aparcamiento en La Riba\"}]},{\"@type\":\"WebSite\",\"@id\":\"https:\\\/\\\/www.copealcoy.es\\\/es\\\/#website\",\"url\":\"https:\\\/\\\/www.copealcoy.es\\\/es\\\/\",\"name\":\"COPE Alcoy\",\"description\":\"Emisora COPE de radio local con emisi\u00f3n online. Pont de Sant Jordi 8-10 03803 Alcoy\",\"potentialAction\":[{\"@type\":\"SearchAction\",\"target\":{\"@type\":\"EntryPoint\",\"urlTemplate\":\"https:\\\/\\\/www.copealcoy.es\\\/es\\\/?s={search_term_string}\"},\"query-input\":{\"@type\":\"PropertyValueSpecification\",\"valueRequired\":true,\"valueName\":\"search_term_string\"}}],\"inLanguage\":\"es\"},{\"@type\":\"Person\",\"@id\":\"https:\\\/\\\/www.copealcoy.es\\\/es\\\/#\\\/schema\\\/person\\\/e777c87fa024e57d40170af9df39882c\",\"name\":\"Cope Alcoy\",\"image\":{\"@type\":\"ImageObject\",\"inLanguage\":\"es\",\"@id\":\"https:\\\/\\\/secure.gravatar.com\\\/avatar\\\/bb65d0283347e303893ba14f0692005417c1e0e690a325a4c5d8bb2b3943ee14?s=96&d=mm&r=g\",\"url\":\"https:\\\/\\\/secure.gravatar.com\\\/avatar\\\/bb65d0283347e303893ba14f0692005417c1e0e690a325a4c5d8bb2b3943ee14?s=96&d=mm&r=g\",\"contentUrl\":\"https:\\\/\\\/secure.gravatar.com\\\/avatar\\\/bb65d0283347e303893ba14f0692005417c1e0e690a325a4c5d8bb2b3943ee14?s=96&d=mm&r=g\",\"caption\":\"Cope Alcoy\"}}]}<\/script>\n<!-- \/ Yoast SEO plugin. -->","yoast_head_json":{"title":"Ciudadanos aplaude que se vaya a habilitar un aparcamiento en La Riba - COPE Alcoy","robots":{"index":"index","follow":"follow","max-snippet":"max-snippet:-1","max-image-preview":"max-image-preview:large","max-video-preview":"max-video-preview:-1"},"canonical":"https:\/\/www.copealcoy.es\/es\/ciudadanos-aplaude-que-se-vaya-a-habilitar-un-aparcamiento-en-la-riba\/","og_locale":"es_ES","og_type":"article","og_title":"Ciudadanos aplaude que se vaya a habilitar un aparcamiento en La Riba - COPE Alcoy","og_description":"Ciudadanos se congratula de que el Ayuntamiento de Alcoy haya cerrado un acuerdo con la Entidad de Infraestructuras de la...","og_url":"https:\/\/www.copealcoy.es\/es\/ciudadanos-aplaude-que-se-vaya-a-habilitar-un-aparcamiento-en-la-riba\/","og_site_name":"COPE Alcoy","article_published_time":"2018-12-18T22:09:48+00:00","og_image":[{"width":813,"height":431,"url":"https:\/\/www.copealcoy.es\/wp-content\/uploads\/2017\/01\/Captura-de-pantalla-2017-01-25-a-las-17.34.51-e1485362469882.png","type":"image\/png"}],"author":"Cope Alcoy","twitter_misc":{"Escrito por":"Cope Alcoy","Tiempo de lectura":"1 minuto"},"schema":{"@context":"https:\/\/schema.org","@graph":[{"@type":"Article","@id":"https:\/\/www.copealcoy.es\/es\/ciudadanos-aplaude-que-se-vaya-a-habilitar-un-aparcamiento-en-la-riba\/#article","isPartOf":{"@id":"https:\/\/www.copealcoy.es\/es\/ciudadanos-aplaude-que-se-vaya-a-habilitar-un-aparcamiento-en-la-riba\/"},"author":{"name":"Cope Alcoy","@id":"https:\/\/www.copealcoy.es\/es\/#\/schema\/person\/e777c87fa024e57d40170af9df39882c"},"headline":"Ciudadanos aplaude que se vaya a habilitar un aparcamiento en La Riba","datePublished":"2018-12-18T22:09:48+00:00","mainEntityOfPage":{"@id":"https:\/\/www.copealcoy.es\/es\/ciudadanos-aplaude-que-se-vaya-a-habilitar-un-aparcamiento-en-la-riba\/"},"wordCount":220,"commentCount":0,"image":{"@id":"https:\/\/www.copealcoy.es\/es\/ciudadanos-aplaude-que-se-vaya-a-habilitar-un-aparcamiento-en-la-riba\/#primaryimage"},"thumbnailUrl":"https:\/\/www.copealcoy.es\/wp-content\/uploads\/2017\/01\/Captura-de-pantalla-2017-01-25-a-las-17.34.51-e1485362469882.png","keywords":["Aparcamiento","aplaude","Ciudadanos","habilitar","La Riba"],"articleSection":["Alcoy","Noticias","Pol\u00edtica y Econom\u00eda"],"inLanguage":"es"},{"@type":"WebPage","@id":"https:\/\/www.copealcoy.es\/es\/ciudadanos-aplaude-que-se-vaya-a-habilitar-un-aparcamiento-en-la-riba\/","url":"https:\/\/www.copealcoy.es\/es\/ciudadanos-aplaude-que-se-vaya-a-habilitar-un-aparcamiento-en-la-riba\/","name":"Ciudadanos aplaude que se vaya a habilitar un aparcamiento en La Riba - COPE Alcoy","isPartOf":{"@id":"https:\/\/www.copealcoy.es\/es\/#website"},"primaryImageOfPage":{"@id":"https:\/\/www.copealcoy.es\/es\/ciudadanos-aplaude-que-se-vaya-a-habilitar-un-aparcamiento-en-la-riba\/#primaryimage"},"image":{"@id":"https:\/\/www.copealcoy.es\/es\/ciudadanos-aplaude-que-se-vaya-a-habilitar-un-aparcamiento-en-la-riba\/#primaryimage"},"thumbnailUrl":"https:\/\/www.copealcoy.es\/wp-content\/uploads\/2017\/01\/Captura-de-pantalla-2017-01-25-a-las-17.34.51-e1485362469882.png","datePublished":"2018-12-18T22:09:48+00:00","author":{"@id":"https:\/\/www.copealcoy.es\/es\/#\/schema\/person\/e777c87fa024e57d40170af9df39882c"},"breadcrumb":{"@id":"https:\/\/www.copealcoy.es\/es\/ciudadanos-aplaude-que-se-vaya-a-habilitar-un-aparcamiento-en-la-riba\/#breadcrumb"},"inLanguage":"es","potentialAction":[{"@type":"ReadAction","target":["https:\/\/www.copealcoy.es\/es\/ciudadanos-aplaude-que-se-vaya-a-habilitar-un-aparcamiento-en-la-riba\/"]}]},{"@type":"ImageObject","inLanguage":"es","@id":"https:\/\/www.copealcoy.es\/es\/ciudadanos-aplaude-que-se-vaya-a-habilitar-un-aparcamiento-en-la-riba\/#primaryimage","url":"https:\/\/www.copealcoy.es\/wp-content\/uploads\/2017\/01\/Captura-de-pantalla-2017-01-25-a-las-17.34.51-e1485362469882.png","contentUrl":"https:\/\/www.copealcoy.es\/wp-content\/uploads\/2017\/01\/Captura-de-pantalla-2017-01-25-a-las-17.34.51-e1485362469882.png","width":813,"height":431},{"@type":"BreadcrumbList","@id":"https:\/\/www.copealcoy.es\/es\/ciudadanos-aplaude-que-se-vaya-a-habilitar-un-aparcamiento-en-la-riba\/#breadcrumb","itemListElement":[{"@type":"ListItem","position":1,"name":"Portada","item":"https:\/\/www.copealcoy.es\/es\/"},{"@type":"ListItem","position":2,"name":"Ciudadanos aplaude que se vaya a habilitar un aparcamiento en La Riba"}]},{"@type":"WebSite","@id":"https:\/\/www.copealcoy.es\/es\/#website","url":"https:\/\/www.copealcoy.es\/es\/","name":"COPE Alcoy","description":"Emisora COPE de radio local con emisi\u00f3n online. Pont de Sant Jordi 8-10 03803 Alcoy","potentialAction":[{"@type":"SearchAction","target":{"@type":"EntryPoint","urlTemplate":"https:\/\/www.copealcoy.es\/es\/?s={search_term_string}"},"query-input":{"@type":"PropertyValueSpecification","valueRequired":true,"valueName":"search_term_string"}}],"inLanguage":"es"},{"@type":"Person","@id":"https:\/\/www.copealcoy.es\/es\/#\/schema\/person\/e777c87fa024e57d40170af9df39882c","name":"Cope Alcoy","image":{"@type":"ImageObject","inLanguage":"es","@id":"https:\/\/secure.gravatar.com\/avatar\/bb65d0283347e303893ba14f0692005417c1e0e690a325a4c5d8bb2b3943ee14?s=96&d=mm&r=g","url":"https:\/\/secure.gravatar.com\/avatar\/bb65d0283347e303893ba14f0692005417c1e0e690a325a4c5d8bb2b3943ee14?s=96&d=mm&r=g","contentUrl":"https:\/\/secure.gravatar.com\/avatar\/bb65d0283347e303893ba14f0692005417c1e0e690a325a4c5d8bb2b3943ee14?s=96&d=mm&r=g","caption":"Cope Alcoy"}}]}},"_links":{"self":[{"href":"https:\/\/www.copealcoy.es\/es\/wp-json\/wp\/v2\/posts\/48087","targetHints":{"allow":["GET"]}}],"collection":[{"href":"https:\/\/www.copealcoy.es\/es\/wp-json\/wp\/v2\/posts"}],"about":[{"href":"https:\/\/www.copealcoy.es\/es\/wp-json\/wp\/v2\/types\/post"}],"author":[{"embeddable":true,"href":"https:\/\/www.copealcoy.es\/es\/wp-json\/wp\/v2\/users\/1"}],"replies":[{"embeddable":true,"href":"https:\/\/www.copealcoy.es\/es\/wp-json\/wp\/v2\/comments?post=48087"}],"version-history":[{"count":0,"href":"https:\/\/www.copealcoy.es\/es\/wp-json\/wp\/v2\/posts\/48087\/revisions"}],"wp:featuredmedia":[{"embeddable":true,"href":"https:\/\/www.copealcoy.es\/es\/wp-json\/wp\/v2\/media\/28308"}],"wp:attachment":[{"href":"https:\/\/www.copealcoy.es\/es\/wp-json\/wp\/v2\/media?parent=48087"}],"wp:term":[{"taxonomy":"category","embeddable":true,"href":"https:\/\/www.copealcoy.es\/es\/wp-json\/wp\/v2\/categories?post=48087"},{"taxonomy":"post_tag","embeddable":true,"href":"https:\/\/www.copealcoy.es\/es\/wp-json\/wp\/v2\/tags?post=48087"}],"curies":[{"name":"wp","href":"https:\/\/api.w.org\/{rel}","templated":true}]}}