{"id":48082,"date":"2018-12-18T21:55:59","date_gmt":"2018-12-18T21:55:59","guid":{"rendered":"https:\/\/copealcoi.es\/?p=48082"},"modified":"2018-12-18T21:55:59","modified_gmt":"2018-12-18T21:55:59","slug":"saul-santonja-asume-la-presidencia-de-telo-teatre-en-cocentaina","status":"publish","type":"post","link":"https:\/\/www.copealcoy.es\/es\/saul-santonja-asume-la-presidencia-de-telo-teatre-en-cocentaina\/","title":{"rendered":"Sa\u00fal Santonja asume la presidencia de Tel\u00f3 Teatre en Cocentaina"},"content":{"rendered":"<p style=\"text-align: justify;\">El <strong>joven dise\u00f1ador<\/strong> contestano <strong>Sa\u00fal Santonja Miralles<\/strong> fue elegido el pasado mes de octubre como <strong>nuevo presidente de Tel\u00f3 Teatre<\/strong> y de esta forma <strong>sustituir\u00e1 en el cargo a Maruja Giner<\/strong>, la cual ha desempa\u00f1ado <strong>esta responsabilidad<\/strong> hasta el momento. Hay que destacar que Sa\u00fal Santonja pertenece a la agrupaci\u00f3n teatral <strong>desde la infancia<\/strong> y ha participado en <strong>gran parte de los montajes<\/strong> que ha puesto en escena la entidad en los \u00faltimos a\u00f1os. Adem\u00e1s ha colaborado con Tel\u00f3 Teatre en <strong>las cuestiones art\u00edsticas<\/strong> que exigen las representaciones e incluso <strong>ha creado algunos de los carteles anunciadores<\/strong> de los diferentes espect\u00e1culos que el colectivo ha mostrado sobre los escenarios de la Villa Condal.<\/p>\n<p style=\"text-align: justify;\">El propio Sa\u00fal Santonja <strong>asume este reto con mucha ilusi\u00f3n<\/strong> y entre los objetivos que se ha marcado para esta nueva etapa destaca <strong>la consolidaci\u00f3n de la cantera<\/strong> para nutrir al grupo de futuros actores \u201c<em>vamos a mantener todas las actividades que se realizan actualmente porque funcionan y queremos difundir m\u00e1s todo lo que hacemos a trav\u00e9s de las plataformas digitales para atraer a todos aquellos que aman el teatro. Nuestra intenci\u00f3n es seguir trabajando con las colegios, en el Teatre a les Escoles, para que los m\u00e1s peque\u00f1os sigan desarrollando su pasi\u00f3n por el teatro cuando son mayores y contin\u00faen en el grupo\u201d,<\/em>\u00a0se\u00f1alaba en COPE ALCOY<em>.<\/em><\/p>\n<p style=\"text-align: justify;\">Indicar que<em>\u00a0<\/em>junto a Sa\u00fal Santonja <strong>forman parte de la nueva Junta Directiva<\/strong> de Tel\u00f3 Teatre <strong>Mari Carmen Segu\u00ed<\/strong> como Secretaria, <strong>Dolo Mart\u00ed<\/strong> en el cargo de Vicepresidenta, <strong>Marga Reche<\/strong> como Vocal y Coordinadora de la Mostra de Teatre, <strong>Laura Cardona<\/strong> asume la Tesorer\u00eda y <strong>Aitor Pascual<\/strong> ser\u00e1 Vocal y Coordinador del Teatre a les Escoles.<\/p>\n","protected":false},"excerpt":{"rendered":"<p>El joven dise\u00f1ador contestano Sa\u00fal Santonja Miralles fue elegido el pasado mes de octubre como nuevo presidente de Tel\u00f3 Teatre&#8230;<\/p>\n","protected":false},"author":1,"featured_media":0,"comment_status":"open","ping_status":"open","sticky":false,"template":"","format":"standard","meta":{"footnotes":""},"categories":[98,75],"tags":[132,1089,2139,630],"class_list":["post-48082","post","type-post","status-publish","format-standard","hentry","category-comarcas","category-noticias","tag-cocentaina","tag-presidencia","tag-saul-santonja","tag-telo-teatre"],"yoast_head":"<!-- This site is optimized with the Yoast SEO plugin v27.3 - https:\/\/yoast.com\/product\/yoast-seo-wordpress\/ -->\n<title>Sa\u00fal Santonja asume la presidencia de Tel\u00f3 Teatre en Cocentaina - COPE Alcoy<\/title>\n<meta name=\"robots\" content=\"index, follow, max-snippet:-1, max-image-preview:large, max-video-preview:-1\" \/>\n<link rel=\"canonical\" href=\"https:\/\/www.copealcoy.es\/es\/saul-santonja-asume-la-presidencia-de-telo-teatre-en-cocentaina\/\" \/>\n<meta property=\"og:locale\" content=\"es_ES\" \/>\n<meta property=\"og:type\" content=\"article\" \/>\n<meta property=\"og:title\" content=\"Sa\u00fal Santonja asume la presidencia de Tel\u00f3 Teatre en Cocentaina - COPE Alcoy\" \/>\n<meta property=\"og:description\" content=\"El joven dise\u00f1ador contestano Sa\u00fal Santonja Miralles fue elegido el pasado mes de octubre como nuevo presidente de Tel\u00f3 Teatre...\" \/>\n<meta property=\"og:url\" content=\"https:\/\/www.copealcoy.es\/es\/saul-santonja-asume-la-presidencia-de-telo-teatre-en-cocentaina\/\" \/>\n<meta property=\"og:site_name\" content=\"COPE Alcoy\" \/>\n<meta property=\"article:published_time\" content=\"2018-12-18T21:55:59+00:00\" \/>\n<meta property=\"og:image\" content=\"https:\/\/www.copealcoy.es\/wp-content\/uploads\/2018\/12\/9-Sa\u00fal-Santonja-en-el-centro-junto-a-los-componentes-de-la-nueva-junta-directiva-1.jpg\" \/>\n\t<meta property=\"og:image:width\" content=\"960\" \/>\n\t<meta property=\"og:image:height\" content=\"531\" \/>\n\t<meta property=\"og:image:type\" content=\"image\/jpeg\" \/>\n<meta name=\"author\" content=\"Cope Alcoy\" \/>\n<meta name=\"twitter:label1\" content=\"Escrito por\" \/>\n\t<meta name=\"twitter:data1\" content=\"Cope Alcoy\" \/>\n\t<meta name=\"twitter:label2\" content=\"Tiempo de lectura\" \/>\n\t<meta name=\"twitter:data2\" content=\"1 minuto\" \/>\n<script type=\"application\/ld+json\" class=\"yoast-schema-graph\">{\"@context\":\"https:\\\/\\\/schema.org\",\"@graph\":[{\"@type\":\"Article\",\"@id\":\"https:\\\/\\\/www.copealcoy.es\\\/es\\\/saul-santonja-asume-la-presidencia-de-telo-teatre-en-cocentaina\\\/#article\",\"isPartOf\":{\"@id\":\"https:\\\/\\\/www.copealcoy.es\\\/es\\\/saul-santonja-asume-la-presidencia-de-telo-teatre-en-cocentaina\\\/\"},\"author\":{\"name\":\"Cope Alcoy\",\"@id\":\"https:\\\/\\\/www.copealcoy.es\\\/es\\\/#\\\/schema\\\/person\\\/e777c87fa024e57d40170af9df39882c\"},\"headline\":\"Sa\u00fal Santonja asume la presidencia de Tel\u00f3 Teatre en Cocentaina\",\"datePublished\":\"2018-12-18T21:55:59+00:00\",\"mainEntityOfPage\":{\"@id\":\"https:\\\/\\\/www.copealcoy.es\\\/es\\\/saul-santonja-asume-la-presidencia-de-telo-teatre-en-cocentaina\\\/\"},\"wordCount\":310,\"commentCount\":0,\"keywords\":[\"Cocentaina\",\"presidencia\",\"Sa\u00fal Santonja\",\"Tel\u00f3 Teatre\"],\"articleSection\":[\"Comarcas\",\"Noticias\"],\"inLanguage\":\"es\"},{\"@type\":\"WebPage\",\"@id\":\"https:\\\/\\\/www.copealcoy.es\\\/es\\\/saul-santonja-asume-la-presidencia-de-telo-teatre-en-cocentaina\\\/\",\"url\":\"https:\\\/\\\/www.copealcoy.es\\\/es\\\/saul-santonja-asume-la-presidencia-de-telo-teatre-en-cocentaina\\\/\",\"name\":\"Sa\u00fal Santonja asume la presidencia de Tel\u00f3 Teatre en Cocentaina - COPE Alcoy\",\"isPartOf\":{\"@id\":\"https:\\\/\\\/www.copealcoy.es\\\/es\\\/#website\"},\"datePublished\":\"2018-12-18T21:55:59+00:00\",\"author\":{\"@id\":\"https:\\\/\\\/www.copealcoy.es\\\/es\\\/#\\\/schema\\\/person\\\/e777c87fa024e57d40170af9df39882c\"},\"breadcrumb\":{\"@id\":\"https:\\\/\\\/www.copealcoy.es\\\/es\\\/saul-santonja-asume-la-presidencia-de-telo-teatre-en-cocentaina\\\/#breadcrumb\"},\"inLanguage\":\"es\",\"potentialAction\":[{\"@type\":\"ReadAction\",\"target\":[\"https:\\\/\\\/www.copealcoy.es\\\/es\\\/saul-santonja-asume-la-presidencia-de-telo-teatre-en-cocentaina\\\/\"]}]},{\"@type\":\"BreadcrumbList\",\"@id\":\"https:\\\/\\\/www.copealcoy.es\\\/es\\\/saul-santonja-asume-la-presidencia-de-telo-teatre-en-cocentaina\\\/#breadcrumb\",\"itemListElement\":[{\"@type\":\"ListItem\",\"position\":1,\"name\":\"Portada\",\"item\":\"https:\\\/\\\/www.copealcoy.es\\\/es\\\/\"},{\"@type\":\"ListItem\",\"position\":2,\"name\":\"Sa\u00fal Santonja asume la presidencia de Tel\u00f3 Teatre en Cocentaina\"}]},{\"@type\":\"WebSite\",\"@id\":\"https:\\\/\\\/www.copealcoy.es\\\/es\\\/#website\",\"url\":\"https:\\\/\\\/www.copealcoy.es\\\/es\\\/\",\"name\":\"COPE Alcoy\",\"description\":\"Emisora COPE de radio local con emisi\u00f3n online. Pont de Sant Jordi 8-10 03803 Alcoy\",\"potentialAction\":[{\"@type\":\"SearchAction\",\"target\":{\"@type\":\"EntryPoint\",\"urlTemplate\":\"https:\\\/\\\/www.copealcoy.es\\\/es\\\/?s={search_term_string}\"},\"query-input\":{\"@type\":\"PropertyValueSpecification\",\"valueRequired\":true,\"valueName\":\"search_term_string\"}}],\"inLanguage\":\"es\"},{\"@type\":\"Person\",\"@id\":\"https:\\\/\\\/www.copealcoy.es\\\/es\\\/#\\\/schema\\\/person\\\/e777c87fa024e57d40170af9df39882c\",\"name\":\"Cope Alcoy\",\"image\":{\"@type\":\"ImageObject\",\"inLanguage\":\"es\",\"@id\":\"https:\\\/\\\/secure.gravatar.com\\\/avatar\\\/bb65d0283347e303893ba14f0692005417c1e0e690a325a4c5d8bb2b3943ee14?s=96&d=mm&r=g\",\"url\":\"https:\\\/\\\/secure.gravatar.com\\\/avatar\\\/bb65d0283347e303893ba14f0692005417c1e0e690a325a4c5d8bb2b3943ee14?s=96&d=mm&r=g\",\"contentUrl\":\"https:\\\/\\\/secure.gravatar.com\\\/avatar\\\/bb65d0283347e303893ba14f0692005417c1e0e690a325a4c5d8bb2b3943ee14?s=96&d=mm&r=g\",\"caption\":\"Cope Alcoy\"}}]}<\/script>\n<!-- \/ Yoast SEO plugin. -->","yoast_head_json":{"title":"Sa\u00fal Santonja asume la presidencia de Tel\u00f3 Teatre en Cocentaina - COPE Alcoy","robots":{"index":"index","follow":"follow","max-snippet":"max-snippet:-1","max-image-preview":"max-image-preview:large","max-video-preview":"max-video-preview:-1"},"canonical":"https:\/\/www.copealcoy.es\/es\/saul-santonja-asume-la-presidencia-de-telo-teatre-en-cocentaina\/","og_locale":"es_ES","og_type":"article","og_title":"Sa\u00fal Santonja asume la presidencia de Tel\u00f3 Teatre en Cocentaina - COPE Alcoy","og_description":"El joven dise\u00f1ador contestano Sa\u00fal Santonja Miralles fue elegido el pasado mes de octubre como nuevo presidente de Tel\u00f3 Teatre...","og_url":"https:\/\/www.copealcoy.es\/es\/saul-santonja-asume-la-presidencia-de-telo-teatre-en-cocentaina\/","og_site_name":"COPE Alcoy","article_published_time":"2018-12-18T21:55:59+00:00","og_image":[{"width":960,"height":531,"url":"https:\/\/www.copealcoy.es\/wp-content\/uploads\/2018\/12\/9-Sa\u00fal-Santonja-en-el-centro-junto-a-los-componentes-de-la-nueva-junta-directiva-1.jpg","type":"image\/jpeg"}],"author":"Cope Alcoy","twitter_misc":{"Escrito por":"Cope Alcoy","Tiempo de lectura":"1 minuto"},"schema":{"@context":"https:\/\/schema.org","@graph":[{"@type":"Article","@id":"https:\/\/www.copealcoy.es\/es\/saul-santonja-asume-la-presidencia-de-telo-teatre-en-cocentaina\/#article","isPartOf":{"@id":"https:\/\/www.copealcoy.es\/es\/saul-santonja-asume-la-presidencia-de-telo-teatre-en-cocentaina\/"},"author":{"name":"Cope Alcoy","@id":"https:\/\/www.copealcoy.es\/es\/#\/schema\/person\/e777c87fa024e57d40170af9df39882c"},"headline":"Sa\u00fal Santonja asume la presidencia de Tel\u00f3 Teatre en Cocentaina","datePublished":"2018-12-18T21:55:59+00:00","mainEntityOfPage":{"@id":"https:\/\/www.copealcoy.es\/es\/saul-santonja-asume-la-presidencia-de-telo-teatre-en-cocentaina\/"},"wordCount":310,"commentCount":0,"keywords":["Cocentaina","presidencia","Sa\u00fal Santonja","Tel\u00f3 Teatre"],"articleSection":["Comarcas","Noticias"],"inLanguage":"es"},{"@type":"WebPage","@id":"https:\/\/www.copealcoy.es\/es\/saul-santonja-asume-la-presidencia-de-telo-teatre-en-cocentaina\/","url":"https:\/\/www.copealcoy.es\/es\/saul-santonja-asume-la-presidencia-de-telo-teatre-en-cocentaina\/","name":"Sa\u00fal Santonja asume la presidencia de Tel\u00f3 Teatre en Cocentaina - COPE Alcoy","isPartOf":{"@id":"https:\/\/www.copealcoy.es\/es\/#website"},"datePublished":"2018-12-18T21:55:59+00:00","author":{"@id":"https:\/\/www.copealcoy.es\/es\/#\/schema\/person\/e777c87fa024e57d40170af9df39882c"},"breadcrumb":{"@id":"https:\/\/www.copealcoy.es\/es\/saul-santonja-asume-la-presidencia-de-telo-teatre-en-cocentaina\/#breadcrumb"},"inLanguage":"es","potentialAction":[{"@type":"ReadAction","target":["https:\/\/www.copealcoy.es\/es\/saul-santonja-asume-la-presidencia-de-telo-teatre-en-cocentaina\/"]}]},{"@type":"BreadcrumbList","@id":"https:\/\/www.copealcoy.es\/es\/saul-santonja-asume-la-presidencia-de-telo-teatre-en-cocentaina\/#breadcrumb","itemListElement":[{"@type":"ListItem","position":1,"name":"Portada","item":"https:\/\/www.copealcoy.es\/es\/"},{"@type":"ListItem","position":2,"name":"Sa\u00fal Santonja asume la presidencia de Tel\u00f3 Teatre en Cocentaina"}]},{"@type":"WebSite","@id":"https:\/\/www.copealcoy.es\/es\/#website","url":"https:\/\/www.copealcoy.es\/es\/","name":"COPE Alcoy","description":"Emisora COPE de radio local con emisi\u00f3n online. Pont de Sant Jordi 8-10 03803 Alcoy","potentialAction":[{"@type":"SearchAction","target":{"@type":"EntryPoint","urlTemplate":"https:\/\/www.copealcoy.es\/es\/?s={search_term_string}"},"query-input":{"@type":"PropertyValueSpecification","valueRequired":true,"valueName":"search_term_string"}}],"inLanguage":"es"},{"@type":"Person","@id":"https:\/\/www.copealcoy.es\/es\/#\/schema\/person\/e777c87fa024e57d40170af9df39882c","name":"Cope Alcoy","image":{"@type":"ImageObject","inLanguage":"es","@id":"https:\/\/secure.gravatar.com\/avatar\/bb65d0283347e303893ba14f0692005417c1e0e690a325a4c5d8bb2b3943ee14?s=96&d=mm&r=g","url":"https:\/\/secure.gravatar.com\/avatar\/bb65d0283347e303893ba14f0692005417c1e0e690a325a4c5d8bb2b3943ee14?s=96&d=mm&r=g","contentUrl":"https:\/\/secure.gravatar.com\/avatar\/bb65d0283347e303893ba14f0692005417c1e0e690a325a4c5d8bb2b3943ee14?s=96&d=mm&r=g","caption":"Cope Alcoy"}}]}},"_links":{"self":[{"href":"https:\/\/www.copealcoy.es\/es\/wp-json\/wp\/v2\/posts\/48082","targetHints":{"allow":["GET"]}}],"collection":[{"href":"https:\/\/www.copealcoy.es\/es\/wp-json\/wp\/v2\/posts"}],"about":[{"href":"https:\/\/www.copealcoy.es\/es\/wp-json\/wp\/v2\/types\/post"}],"author":[{"embeddable":true,"href":"https:\/\/www.copealcoy.es\/es\/wp-json\/wp\/v2\/users\/1"}],"replies":[{"embeddable":true,"href":"https:\/\/www.copealcoy.es\/es\/wp-json\/wp\/v2\/comments?post=48082"}],"version-history":[{"count":0,"href":"https:\/\/www.copealcoy.es\/es\/wp-json\/wp\/v2\/posts\/48082\/revisions"}],"wp:attachment":[{"href":"https:\/\/www.copealcoy.es\/es\/wp-json\/wp\/v2\/media?parent=48082"}],"wp:term":[{"taxonomy":"category","embeddable":true,"href":"https:\/\/www.copealcoy.es\/es\/wp-json\/wp\/v2\/categories?post=48082"},{"taxonomy":"post_tag","embeddable":true,"href":"https:\/\/www.copealcoy.es\/es\/wp-json\/wp\/v2\/tags?post=48082"}],"curies":[{"name":"wp","href":"https:\/\/api.w.org\/{rel}","templated":true}]}}